{"id":15577,"date":"2023-12-15T06:16:27","date_gmt":"2023-12-15T05:16:27","guid":{"rendered":"https:\/\/alcala.salesianos.edu\/colegio\/blog\/2023\/12\/15\/programa-de-navidad-2023\/"},"modified":"2025-08-27T08:47:13","modified_gmt":"2025-08-27T07:47:13","slug":"programa-de-navidad-2023","status":"publish","type":"post","link":"https:\/\/alcala.salesianos.edu\/colegio\/blog\/2023\/12\/15\/programa-de-navidad-2023\/","title":{"rendered":"Programa de Navidad 2023"},"content":{"rendered":"<div id=\"fb-root\"><\/div>\n<p>[et_pb_section fb_built=\u00bb1&#8243; admin_label=\u00bbsection\u00bb _builder_version=\u00bb4.16&#8243; global_colors_info=\u00bb{}\u00bb theme_builder_area=\u00bbpost_content\u00bb][et_pb_row admin_label=\u00bbrow\u00bb _builder_version=\u00bb4.16&#8243; background_size=\u00bbinitial\u00bb background_position=\u00bbtop_left\u00bb background_repeat=\u00bbrepeat\u00bb global_colors_info=\u00bb{}\u00bb theme_builder_area=\u00bbpost_content\u00bb][et_pb_column type=\u00bb4_4&#8243; _builder_version=\u00bb4.16&#8243; custom_padding=\u00bb|||\u00bb global_colors_info=\u00bb{}\u00bb custom_padding__hover=\u00bb|||\u00bb theme_builder_area=\u00bbpost_content\u00bb][et_pb_text _builder_version=\u00bb4.23.1&#8243; _module_preset=\u00bbdefault\u00bb global_colors_info=\u00bb{}\u00bb theme_builder_area=\u00bbpost_content\u00bb][\/et_pb_text][et_pb_text _builder_version=\u00bb4.23.1&#8243; _module_preset=\u00bbdefault\u00bb global_colors_info=\u00bb{}\u00bb theme_builder_area=\u00bbpost_content\u00bb]<\/p>\n<p>La Casa Salesiana de Alcal\u00e1 de Guada\u00edra se prepara para la Navidad con una serie de celebraciones y actos desarrollaremos ante la venida de nuestro Salvador que ahora os desarrollamos:<\/p>\n<ul>\n<li>Del 11 al 21 de diciembre se realizar\u00e1 la campa\u00f1a de solidaridad navide\u00f1a Operaci\u00f3n Kilo. Los j\u00f3venes de ADS I y II conocer\u00e1n la entidad \u00abRopero del Socorro\u00bb mientras los de ADS III y IV desarrollar\u00e1n el mismo d\u00eda la Operaci\u00f3n Potito.<\/li>\n<li>Viernes 15 de diciembre: los alumnos de Educaci\u00f3n Secundaria celebrar\u00e1n una convivencia de adviento.<\/li>\n<li>Domingo 17 de diciembre: Tercer domingo de adviento (Domingo de Gaudete): eucarist\u00edas a las 10,30 h y 12,00 h (CEP)<\/li>\n<li>Martes 19 de diciembre: Gala Salesiana de la Navidad de Educaci\u00f3n Primaria en dos turnos: de 1\u00ba a 3\u00ba a las 17,00 h y de 4\u00ba a 6\u00ba a las 18,00 h en la capilla del Carmen.<\/li>\n<li>Mi\u00e9rcoles 20 de diciembre: Gala Salesiana de la Navidad de Educaci\u00f3n Infantil en dos turnos: los grupos B a las 16,30 h y los grupos A a las 17,30 h. La de Educaci\u00f3n Secundaria ser\u00e1 a las 18,30 h.<\/li>\n<li>Jueves 21 de diciembre: en horario lectivo los alumnos del pirmer ciclo de Primaria realizar\u00e1n el tradicional Bel\u00e9n Viviente. En Infantil tendr\u00e1n la visita del Cartero Real y finalizar\u00e1 la jornada con la visita de los representantes de sus majestades para la entrega de cuentos.<\/li>\n<li>Jueves 21 de diciembre a las 20,00 h: XVI Preg\u00f3n Salesiano de Navidad a cargo de D. Santiago Navarro de la Fuente y presentado por D\u00f1a. Mar Rodr\u00edguez L\u00f3pez.<\/li>\n<li>Viernes 22 de diciembre: Fiesta Escolar de la Navidad.<\/li>\n<li>Domingo 24 de diciembre: Cuarto domingo de adviento: eucarist\u00edas a las 10,30 h y 12,00 h (CEP).<\/li>\n<li>Domingo 24 de diciembre a las 19,00 h: Misa del Gallo.<\/li>\n<li>Lunes 25 de diciembre a las 12,00 h.: solemnidad de la Natividad.<\/li>\n<li>Viernes 5 de enero: entrega de juguetes en nuestra Casa de la Cabalgata de Alcal\u00e1 a los ni\u00f1os beneficiados.<\/li>\n<li>S\u00e1bado 6 de enero: Epifan\u00eda del Se\u00f1or. Eucarist\u00edas a las 10,30 h y 12,00 h.<\/li>\n<li>Domingo 7 de enero: Eucarist\u00eda de Acci\u00f3n de Gracias a las 12,00h.<\/li>\n<\/ul>\n<p>[\/et_pb_text][\/et_pb_column][\/et_pb_row][\/et_pb_section]<\/p>\n","protected":false},"excerpt":{"rendered":"<p>La Casa Salesiana de Alcal\u00e1 de Guada\u00edra se prepara para la Navidad con una serie de celebraciones y actos desarrollaremos ante la venida de nuestro Salvador.<\/p>\n","protected":false},"author":2,"featured_media":0,"comment_status":"closed","ping_status":"open","sticky":false,"template":"","format":"standard","meta":{"_et_pb_use_builder":"on","_et_pb_old_content":"","_et_gb_content_width":"","footnotes":""},"categories":[12,23,19,13,17,14,15,18,16,1],"tags":[],"class_list":["post-15577","post","type-post","status-publish","format-standard","hentry","category-colegio","category-covid","category-escuela-abierta","category-fasa","category-infantil","category-pastoral","category-portada","category-primaria","category-secundaria","category-uncategorized"],"yoast_head":"<!-- This site is optimized with the Yoast SEO plugin v28.3 - https:\/\/yoast.com\/product\/yoast-seo-wordpress\/ -->\n<title>Programa de Navidad 2023 - Colegio Salesiano Alcal\u00e1<\/title>\n<meta name=\"description\" content=\"La Casa Salesiana de Alcal\u00e1 de Guada\u00edra se prepara para la Navidad con una serie de celebraciones y actos que aqu\u00ed desarrollamos.\" \/>\n<meta name=\"robots\" content=\"index, follow, max-snippet:-1, max-image-preview:large, max-video-preview:-1\" \/>\n<link rel=\"canonical\" href=\"https:\/\/alcala.salesianos.edu\/colegio\/blog\/2023\/12\/15\/programa-de-navidad-2023\/\" \/>\n<meta property=\"og:locale\" content=\"es_ES\" \/>\n<meta property=\"og:type\" content=\"article\" \/>\n<meta property=\"og:title\" content=\"Programa de Navidad 2023 - Colegio Salesiano Alcal\u00e1\" \/>\n<meta property=\"og:description\" content=\"La Casa Salesiana de Alcal\u00e1 de Guada\u00edra se prepara para la Navidad con una serie de celebraciones y actos que aqu\u00ed desarrollamos.\" \/>\n<meta property=\"og:url\" content=\"https:\/\/alcala.salesianos.edu\/colegio\/blog\/2023\/12\/15\/programa-de-navidad-2023\/\" \/>\n<meta property=\"og:site_name\" content=\"Colegio Salesiano Alcal\u00e1\" \/>\n<meta property=\"article:published_time\" content=\"2023-12-15T05:16:27+00:00\" \/>\n<meta property=\"article:modified_time\" content=\"2025-08-27T07:47:13+00:00\" \/>\n<meta name=\"author\" content=\"Administrador Web\" \/>\n<meta name=\"twitter:card\" content=\"summary_large_image\" \/>\n<meta name=\"twitter:label1\" content=\"Escrito por\" \/>\n\t<meta name=\"twitter:data1\" content=\"Administrador Web\" \/>\n\t<meta name=\"twitter:label2\" content=\"Tiempo de lectura\" \/>\n\t<meta name=\"twitter:data2\" content=\"1 minuto\" \/>\n<script type=\"application\/ld+json\" class=\"yoast-schema-graph\">{\"@context\":\"https:\\\/\\\/schema.org\",\"@graph\":[{\"@type\":\"Article\",\"@id\":\"https:\\\/\\\/alcala.salesianos.edu\\\/colegio\\\/blog\\\/2023\\\/12\\\/15\\\/programa-de-navidad-2023\\\/#article\",\"isPartOf\":{\"@id\":\"https:\\\/\\\/alcala.salesianos.edu\\\/colegio\\\/blog\\\/2023\\\/12\\\/15\\\/programa-de-navidad-2023\\\/\"},\"author\":{\"name\":\"Administrador Web\",\"@id\":\"https:\\\/\\\/alcala.salesianos.edu\\\/colegio\\\/#\\\/schema\\\/person\\\/afcc24f776dc91fc2bf9afb0998fca77\"},\"headline\":\"Programa de Navidad 2023\",\"datePublished\":\"2023-12-15T05:16:27+00:00\",\"dateModified\":\"2025-08-27T07:47:13+00:00\",\"mainEntityOfPage\":{\"@id\":\"https:\\\/\\\/alcala.salesianos.edu\\\/colegio\\\/blog\\\/2023\\\/12\\\/15\\\/programa-de-navidad-2023\\\/\"},\"wordCount\":462,\"articleSection\":[\"Colegio\",\"covid\",\"Escuela abierta\",\"FASA\",\"Infantil\",\"Pastoral\",\"Portada\",\"Primaria\",\"Secundaria\",\"Uncategorized\"],\"inLanguage\":\"es\"},{\"@type\":\"WebPage\",\"@id\":\"https:\\\/\\\/alcala.salesianos.edu\\\/colegio\\\/blog\\\/2023\\\/12\\\/15\\\/programa-de-navidad-2023\\\/\",\"url\":\"https:\\\/\\\/alcala.salesianos.edu\\\/colegio\\\/blog\\\/2023\\\/12\\\/15\\\/programa-de-navidad-2023\\\/\",\"name\":\"Programa de Navidad 2023 - Colegio Salesiano Alcal\u00e1\",\"isPartOf\":{\"@id\":\"https:\\\/\\\/alcala.salesianos.edu\\\/colegio\\\/#website\"},\"datePublished\":\"2023-12-15T05:16:27+00:00\",\"dateModified\":\"2025-08-27T07:47:13+00:00\",\"author\":{\"@id\":\"https:\\\/\\\/alcala.salesianos.edu\\\/colegio\\\/#\\\/schema\\\/person\\\/afcc24f776dc91fc2bf9afb0998fca77\"},\"description\":\"La Casa Salesiana de Alcal\u00e1 de Guada\u00edra se prepara para la Navidad con una serie de celebraciones y actos que aqu\u00ed desarrollamos.\",\"breadcrumb\":{\"@id\":\"https:\\\/\\\/alcala.salesianos.edu\\\/colegio\\\/blog\\\/2023\\\/12\\\/15\\\/programa-de-navidad-2023\\\/#breadcrumb\"},\"inLanguage\":\"es\",\"potentialAction\":[{\"@type\":\"ReadAction\",\"target\":[\"https:\\\/\\\/alcala.salesianos.edu\\\/colegio\\\/blog\\\/2023\\\/12\\\/15\\\/programa-de-navidad-2023\\\/\"]}]},{\"@type\":\"BreadcrumbList\",\"@id\":\"https:\\\/\\\/alcala.salesianos.edu\\\/colegio\\\/blog\\\/2023\\\/12\\\/15\\\/programa-de-navidad-2023\\\/#breadcrumb\",\"itemListElement\":[{\"@type\":\"ListItem\",\"position\":1,\"name\":\"Portada\",\"item\":\"https:\\\/\\\/alcala.salesianos.edu\\\/colegio\\\/\"},{\"@type\":\"ListItem\",\"position\":2,\"name\":\"Programa de Navidad 2023\"}]},{\"@type\":\"WebSite\",\"@id\":\"https:\\\/\\\/alcala.salesianos.edu\\\/colegio\\\/#website\",\"url\":\"https:\\\/\\\/alcala.salesianos.edu\\\/colegio\\\/\",\"name\":\"Colegio Salesiano Alcal\u00e1\",\"description\":\"P\u00e1gina oficial de Salesianos Alcal\u00e1 de Guadaira\",\"potentialAction\":[{\"@type\":\"SearchAction\",\"target\":{\"@type\":\"EntryPoint\",\"urlTemplate\":\"https:\\\/\\\/alcala.salesianos.edu\\\/colegio\\\/?s={search_term_string}\"},\"query-input\":{\"@type\":\"PropertyValueSpecification\",\"valueRequired\":true,\"valueName\":\"search_term_string\"}}],\"inLanguage\":\"es\"},{\"@type\":\"Person\",\"@id\":\"https:\\\/\\\/alcala.salesianos.edu\\\/colegio\\\/#\\\/schema\\\/person\\\/afcc24f776dc91fc2bf9afb0998fca77\",\"name\":\"Administrador Web\",\"image\":{\"@type\":\"ImageObject\",\"inLanguage\":\"es\",\"@id\":\"https:\\\/\\\/secure.gravatar.com\\\/avatar\\\/bc157e994689bd6da9645c00aa3bc4d55b727915b6652642660db0aef086585f?s=96&d=mm&r=g\",\"url\":\"https:\\\/\\\/secure.gravatar.com\\\/avatar\\\/bc157e994689bd6da9645c00aa3bc4d55b727915b6652642660db0aef086585f?s=96&d=mm&r=g\",\"contentUrl\":\"https:\\\/\\\/secure.gravatar.com\\\/avatar\\\/bc157e994689bd6da9645c00aa3bc4d55b727915b6652642660db0aef086585f?s=96&d=mm&r=g\",\"caption\":\"Administrador Web\"}}]}<\/script>\n<!-- \/ Yoast SEO plugin. -->","yoast_head_json":{"title":"Programa de Navidad 2023 - Colegio Salesiano Alcal\u00e1","description":"La Casa Salesiana de Alcal\u00e1 de Guada\u00edra se prepara para la Navidad con una serie de celebraciones y actos que aqu\u00ed desarrollamos.","robots":{"index":"index","follow":"follow","max-snippet":"max-snippet:-1","max-image-preview":"max-image-preview:large","max-video-preview":"max-video-preview:-1"},"canonical":"https:\/\/alcala.salesianos.edu\/colegio\/blog\/2023\/12\/15\/programa-de-navidad-2023\/","og_locale":"es_ES","og_type":"article","og_title":"Programa de Navidad 2023 - Colegio Salesiano Alcal\u00e1","og_description":"La Casa Salesiana de Alcal\u00e1 de Guada\u00edra se prepara para la Navidad con una serie de celebraciones y actos que aqu\u00ed desarrollamos.","og_url":"https:\/\/alcala.salesianos.edu\/colegio\/blog\/2023\/12\/15\/programa-de-navidad-2023\/","og_site_name":"Colegio Salesiano Alcal\u00e1","article_published_time":"2023-12-15T05:16:27+00:00","article_modified_time":"2025-08-27T07:47:13+00:00","author":"Administrador Web","twitter_card":"summary_large_image","twitter_misc":{"Escrito por":"Administrador Web","Tiempo de lectura":"1 minuto"},"schema":{"@context":"https:\/\/schema.org","@graph":[{"@type":"Article","@id":"https:\/\/alcala.salesianos.edu\/colegio\/blog\/2023\/12\/15\/programa-de-navidad-2023\/#article","isPartOf":{"@id":"https:\/\/alcala.salesianos.edu\/colegio\/blog\/2023\/12\/15\/programa-de-navidad-2023\/"},"author":{"name":"Administrador Web","@id":"https:\/\/alcala.salesianos.edu\/colegio\/#\/schema\/person\/afcc24f776dc91fc2bf9afb0998fca77"},"headline":"Programa de Navidad 2023","datePublished":"2023-12-15T05:16:27+00:00","dateModified":"2025-08-27T07:47:13+00:00","mainEntityOfPage":{"@id":"https:\/\/alcala.salesianos.edu\/colegio\/blog\/2023\/12\/15\/programa-de-navidad-2023\/"},"wordCount":462,"articleSection":["Colegio","covid","Escuela abierta","FASA","Infantil","Pastoral","Portada","Primaria","Secundaria","Uncategorized"],"inLanguage":"es"},{"@type":"WebPage","@id":"https:\/\/alcala.salesianos.edu\/colegio\/blog\/2023\/12\/15\/programa-de-navidad-2023\/","url":"https:\/\/alcala.salesianos.edu\/colegio\/blog\/2023\/12\/15\/programa-de-navidad-2023\/","name":"Programa de Navidad 2023 - Colegio Salesiano Alcal\u00e1","isPartOf":{"@id":"https:\/\/alcala.salesianos.edu\/colegio\/#website"},"datePublished":"2023-12-15T05:16:27+00:00","dateModified":"2025-08-27T07:47:13+00:00","author":{"@id":"https:\/\/alcala.salesianos.edu\/colegio\/#\/schema\/person\/afcc24f776dc91fc2bf9afb0998fca77"},"description":"La Casa Salesiana de Alcal\u00e1 de Guada\u00edra se prepara para la Navidad con una serie de celebraciones y actos que aqu\u00ed desarrollamos.","breadcrumb":{"@id":"https:\/\/alcala.salesianos.edu\/colegio\/blog\/2023\/12\/15\/programa-de-navidad-2023\/#breadcrumb"},"inLanguage":"es","potentialAction":[{"@type":"ReadAction","target":["https:\/\/alcala.salesianos.edu\/colegio\/blog\/2023\/12\/15\/programa-de-navidad-2023\/"]}]},{"@type":"BreadcrumbList","@id":"https:\/\/alcala.salesianos.edu\/colegio\/blog\/2023\/12\/15\/programa-de-navidad-2023\/#breadcrumb","itemListElement":[{"@type":"ListItem","position":1,"name":"Portada","item":"https:\/\/alcala.salesianos.edu\/colegio\/"},{"@type":"ListItem","position":2,"name":"Programa de Navidad 2023"}]},{"@type":"WebSite","@id":"https:\/\/alcala.salesianos.edu\/colegio\/#website","url":"https:\/\/alcala.salesianos.edu\/colegio\/","name":"Colegio Salesiano Alcal\u00e1","description":"P\u00e1gina oficial de Salesianos Alcal\u00e1 de Guadaira","potentialAction":[{"@type":"SearchAction","target":{"@type":"EntryPoint","urlTemplate":"https:\/\/alcala.salesianos.edu\/colegio\/?s={search_term_string}"},"query-input":{"@type":"PropertyValueSpecification","valueRequired":true,"valueName":"search_term_string"}}],"inLanguage":"es"},{"@type":"Person","@id":"https:\/\/alcala.salesianos.edu\/colegio\/#\/schema\/person\/afcc24f776dc91fc2bf9afb0998fca77","name":"Administrador Web","image":{"@type":"ImageObject","inLanguage":"es","@id":"https:\/\/secure.gravatar.com\/avatar\/bc157e994689bd6da9645c00aa3bc4d55b727915b6652642660db0aef086585f?s=96&d=mm&r=g","url":"https:\/\/secure.gravatar.com\/avatar\/bc157e994689bd6da9645c00aa3bc4d55b727915b6652642660db0aef086585f?s=96&d=mm&r=g","contentUrl":"https:\/\/secure.gravatar.com\/avatar\/bc157e994689bd6da9645c00aa3bc4d55b727915b6652642660db0aef086585f?s=96&d=mm&r=g","caption":"Administrador Web"}}]}},"_links":{"self":[{"href":"https:\/\/alcala.salesianos.edu\/colegio\/wp-json\/wp\/v2\/posts\/15577","targetHints":{"allow":["GET"]}}],"collection":[{"href":"https:\/\/alcala.salesianos.edu\/colegio\/wp-json\/wp\/v2\/posts"}],"about":[{"href":"https:\/\/alcala.salesianos.edu\/colegio\/wp-json\/wp\/v2\/types\/post"}],"author":[{"embeddable":true,"href":"https:\/\/alcala.salesianos.edu\/colegio\/wp-json\/wp\/v2\/users\/2"}],"replies":[{"embeddable":true,"href":"https:\/\/alcala.salesianos.edu\/colegio\/wp-json\/wp\/v2\/comments?post=15577"}],"version-history":[{"count":2,"href":"https:\/\/alcala.salesianos.edu\/colegio\/wp-json\/wp\/v2\/posts\/15577\/revisions"}],"predecessor-version":[{"id":15585,"href":"https:\/\/alcala.salesianos.edu\/colegio\/wp-json\/wp\/v2\/posts\/15577\/revisions\/15585"}],"wp:attachment":[{"href":"https:\/\/alcala.salesianos.edu\/colegio\/wp-json\/wp\/v2\/media?parent=15577"}],"wp:term":[{"taxonomy":"category","embeddable":true,"href":"https:\/\/alcala.salesianos.edu\/colegio\/wp-json\/wp\/v2\/categories?post=15577"},{"taxonomy":"post_tag","embeddable":true,"href":"https:\/\/alcala.salesianos.edu\/colegio\/wp-json\/wp\/v2\/tags?post=15577"}],"curies":[{"name":"wp","href":"https:\/\/api.w.org\/{rel}","templated":true}]}}