{"id":15399,"date":"2023-11-21T10:46:57","date_gmt":"2023-11-21T09:46:57","guid":{"rendered":"https:\/\/alcala.salesianos.edu\/colegio\/blog\/2023\/11\/21\/comunicado-escolares-navidenos\/"},"modified":"2025-08-27T08:47:16","modified_gmt":"2025-08-27T07:47:16","slug":"comunicado-escolares-navidenos","status":"publish","type":"post","link":"https:\/\/alcala.salesianos.edu\/colegio\/blog\/2023\/11\/21\/comunicado-escolares-navidenos\/","title":{"rendered":"Comunicado sobre actos escolares navide\u00f1os"},"content":{"rendered":"<div id=\"fb-root\"><\/div>\n<p>[et_pb_section fb_built=\u00bb1&#8243; admin_label=\u00bbsection\u00bb _builder_version=\u00bb4.16&#8243; global_colors_info=\u00bb{}\u00bb theme_builder_area=\u00bbpost_content\u00bb][et_pb_row admin_label=\u00bbrow\u00bb _builder_version=\u00bb4.16&#8243; background_size=\u00bbinitial\u00bb background_position=\u00bbtop_left\u00bb background_repeat=\u00bbrepeat\u00bb global_colors_info=\u00bb{}\u00bb theme_builder_area=\u00bbpost_content\u00bb][et_pb_column type=\u00bb4_4&#8243; _builder_version=\u00bb4.16&#8243; custom_padding=\u00bb|||\u00bb global_colors_info=\u00bb{}\u00bb custom_padding__hover=\u00bb|||\u00bb theme_builder_area=\u00bbpost_content\u00bb][et_pb_text _builder_version=\u00bb4.23.1&#8243; _module_preset=\u00bbdefault\u00bb global_colors_info=\u00bb{}\u00bb theme_builder_area=\u00bbpost_content\u00bb]<\/p>\n<p>&nbsp;<\/p>\n<h2>A\/A Padres y madres de alumnos\/a:<\/h2>\n<p><em>\u00a0<\/em><\/p>\n<p><em>\u00a0<\/em><\/p>\n<p>Estimadas familias.<\/p>\n<p>&nbsp;<\/p>\n<p>Nos dirigimos a ustedes para hacerles llegar informaci\u00f3n sobre los actos y la organizaci\u00f3n de los \u00faltimos d\u00edas de diciembre:<\/p>\n<p>&nbsp;<\/p>\n<ol>\n<li><em>Retiro de la Familia <\/em>Tendr\u00e1 lugar el viernes 1 de diciembre, y ser\u00e1 dirigido por<\/li>\n<li>Manuel Hurtado Sol\u00eds, SDB.<\/li>\n<\/ol>\n<h2>2.\u00a0\u00a0\u00a0\u00a0 Entrega\/Publicaci\u00f3n de Notas (martes, 12 de diciembre)<\/h2>\n<ul>\n<li>Educaci\u00f3n Entrega grupal (17:00 h). La tutora realizar\u00e1 una sesi\u00f3n informativa grupal en la que se dar\u00e1 informaci\u00f3n sobre la marcha del curso y elementos pedag\u00f3gicos de inter\u00e9s, as\u00ed como de las pr\u00f3ximas actividades. Las notas se publicar\u00e1n en Qe Familia tras la reuni\u00f3n grupal.<\/li>\n<\/ul>\n<h1>\u25cf\u00a0\u00a0\u00a0\u00a0\u00a0 Educaci\u00f3n Primaria y Secundaria (17:00 h \u2013 19:00 h).<\/h1>\n<ul>\n<li>Las notas de la primera evaluaci\u00f3n de Primaria y E. Secundaria se publicar\u00e1n en Qe el d\u00eda 10 de diciembre.<\/li>\n<li>Los tutores citar\u00e1n a las familias de aquellos alumnos con las que consideren pertinente mantener una tutor\u00eda, as\u00ed como a aquellas familias que no dispongan de Qe<\/li>\n<li>Los tutores legales que deseen mantener una tutor\u00eda el d\u00eda 12, pueden solicitar una cita al No se atender\u00e1 a ninguna familia sin cita previa.<\/li>\n<li>El mi\u00e9rcoles, 13 de diciembre, se le entregar\u00e1 el bolet\u00edn a los alumnos cuyas familias tengan Qe Familia y no hayan mantenido una tutor\u00eda el d\u00eda<\/li>\n<\/ul>\n<p>&nbsp;<\/p>\n<ol start=\"3\">\n<li><em>Gala Salesiana de la Navidad (Recital de villancicos)<\/em>. Tendr\u00e1 lugar el martes 19 y el mi\u00e9rcoles 20 de diciembre en la capilla. Los horarios de los recitales son los siguientes:<\/li>\n<\/ol>\n<p>&nbsp;<\/p>\n<h1>Martes, 19 de diciembre<\/h1>\n<p><em><u>EP<\/u><\/em><\/p>\n<p>17:00 h 1\u00ba-3\u00ba<\/p>\n<p>18:00 h 4\u00ba-6\u00ba<\/p>\n<h1>Mi\u00e9rcoles, 20 de diciembre<\/h1>\n<p><em><u>Infantil<\/u><\/em><\/p>\n<p>16.30 h Infantil B 17:30 h Infantil A <em><u>ESO<\/u><\/em><\/p>\n<p>18:30 h<\/p>\n<p>&nbsp;<\/p>\n<p>&nbsp;<\/p>\n<ol start=\"4\">\n<li><em>Celebraci\u00f3n de Bendici\u00f3n del Ni\u00f1o Jes\u00fas (E. Infantil)<\/em>. Se realizar\u00e1 el pr\u00f3ximo lunes, 4 de diciembre, seg\u00fan el siguiente horario:<\/li>\n<\/ol>\n<h1>\u25cf\u00a0\u00a0\u00a0\u00a0\u00a0 09:15 h, 3 a\u00f1os.<\/h1>\n<ul>\n<li>10:15 h, 5 a\u00f1os.<\/li>\n<\/ul>\n<h1>\u25cf\u00a0\u00a0\u00a0\u00a0\u00a0 11:45 h, 4 a\u00f1os.<\/h1>\n<p>&nbsp;<\/p>\n<p><strong>\u00a0<\/strong><\/p>\n<p><strong>\u00a0<\/strong><\/p>\n<ol start=\"5\">\n<li><strong><em>XV Preg\u00f3n de la Navidad<\/em>. Tendr\u00e1 lugar el jueves, 21 de diciembre, a las 20:00 horas en la Capilla Salesiana Nuestra Se\u00f1ora del Carmen y correr\u00e1 a cargo de D. Santiago Navarro de la <\/strong><\/li>\n<\/ol>\n<p><strong>\u00a0<\/strong><\/p>\n<ol start=\"6\">\n<li><strong><em>Vacaciones de Navidad. <\/em>El per\u00edodo vacacional comprende los d\u00edas 23 de diciembre a 7 de enero, ambos<\/strong><\/li>\n<\/ol>\n<p>&nbsp;<\/p>\n<ol start=\"7\">\n<li><strong>Servicios complementarios. Las actividades de tarde, <em>Escuel@bierta y el comedor escolar <\/em>funcionar\u00e1n con normalidad hasta el <em><u>jueves 21 de diciembre<\/u><\/em>. Estos servicios se reanudar\u00e1n el lunes 8 de enero de<\/strong><\/li>\n<\/ol>\n<p>&nbsp;<\/p>\n<p><strong>Sin otro particular, me despido de ustedes invit\u00e1ndoles a participar de los diferentes actos navide\u00f1os.<\/strong><\/p>\n<p>&nbsp;<\/p>\n<p>&nbsp;<\/p>\n<p><strong>Mateo Barrera Mac\u00edas\u00a0\u00a0\u00a0\u00a0\u00a0\u00a0\u00a0\u00a0\u00a0\u00a0\u00a0\u00a0\u00a0\u00a0\u00a0\u00a0\u00a0\u00a0\u00a0\u00a0\u00a0\u00a0\u00a0\u00a0\u00a0\u00a0\u00a0\u00a0\u00a0\u00a0\u00a0\u00a0\u00a0\u00a0\u00a0\u00a0\u00a0\u00a0\u00a0\u00a0\u00a0\u00a0\u00a0\u00a0\u00a0\u00a0 Jos\u00e9 Antonio \u00c1lvarez Paulino <\/strong><\/p>\n<p><strong>Director de Centro\u00a0\u00a0\u00a0\u00a0\u00a0\u00a0\u00a0\u00a0\u00a0\u00a0\u00a0\u00a0\u00a0\u00a0 \u00a0 \u00a0 \u00a0 \u00a0 \u00a0 \u00a0 \u00a0 \u00a0 \u00a0 \u00a0 \u00a0 \u00a0 \u00a0 \u00a0 \u00a0 \u00a0 \u00a0 \u00a0 \u00a0 \u00a0 Director Titular<\/strong><\/p>\n<p>[\/et_pb_text][et_pb_button button_text=\u00bbDescargue le comunicado\u00bb _builder_version=\u00bb4.23.1&#8243; _module_preset=\u00bbdefault\u00bb theme_builder_area=\u00bbpost_content\u00bb button_url=\u00bbhttps:\/\/alcala.salesianos.edu\/wp-content\/uploads\/2023\/11\/comunicaciondiciembre2324.pdf\u00bb url_new_window=\u00bbon\u00bb hover_enabled=\u00bb0&#8243; sticky_enabled=\u00bb0&#8243;][\/et_pb_button][\/et_pb_column][\/et_pb_row][\/et_pb_section]<\/p>\n","protected":false},"excerpt":{"rendered":"<p>Comunicado de los directores de nuestra Casa referente a los distintos actos y celebraciones escolares que realizaremos el pr\u00f3ximo mes de diciembre como viene siendo tradicional.<\/p>\n","protected":false},"author":2,"featured_media":0,"comment_status":"closed","ping_status":"open","sticky":false,"template":"","format":"standard","meta":{"_et_pb_use_builder":"on","_et_pb_old_content":"","_et_gb_content_width":"","footnotes":""},"categories":[12,23,19,13,17,14,15,18,16,1],"tags":[],"class_list":["post-15399","post","type-post","status-publish","format-standard","hentry","category-colegio","category-covid","category-escuela-abierta","category-fasa","category-infantil","category-pastoral","category-portada","category-primaria","category-secundaria","category-uncategorized"],"yoast_head":"<!-- This site is optimized with the Yoast SEO plugin v28.3 - https:\/\/yoast.com\/product\/yoast-seo-wordpress\/ -->\n<title>Comunicado sobre actos escolares navide\u00f1os - Colegio Salesiano Alcal\u00e1<\/title>\n<meta name=\"robots\" content=\"index, follow, max-snippet:-1, max-image-preview:large, max-video-preview:-1\" \/>\n<link rel=\"canonical\" href=\"https:\/\/alcala.salesianos.edu\/colegio\/blog\/2023\/11\/21\/comunicado-escolares-navidenos\/\" \/>\n<meta property=\"og:locale\" content=\"es_ES\" \/>\n<meta property=\"og:type\" content=\"article\" \/>\n<meta property=\"og:title\" content=\"Comunicado sobre actos escolares navide\u00f1os - Colegio Salesiano Alcal\u00e1\" \/>\n<meta property=\"og:description\" content=\"Comunicado de los directores de nuestra Casa referente a los distintos actos y celebraciones escolares que realizaremos el pr\u00f3ximo mes de diciembre como viene siendo tradicional.\" \/>\n<meta property=\"og:url\" content=\"https:\/\/alcala.salesianos.edu\/colegio\/blog\/2023\/11\/21\/comunicado-escolares-navidenos\/\" \/>\n<meta property=\"og:site_name\" content=\"Colegio Salesiano Alcal\u00e1\" \/>\n<meta property=\"article:published_time\" content=\"2023-11-21T09:46:57+00:00\" \/>\n<meta property=\"article:modified_time\" content=\"2025-08-27T07:47:16+00:00\" \/>\n<meta name=\"author\" content=\"Administrador Web\" \/>\n<meta name=\"twitter:card\" content=\"summary_large_image\" \/>\n<meta name=\"twitter:label1\" content=\"Escrito por\" \/>\n\t<meta name=\"twitter:data1\" content=\"Administrador Web\" \/>\n<script type=\"application\/ld+json\" class=\"yoast-schema-graph\">{\"@context\":\"https:\\\/\\\/schema.org\",\"@graph\":[{\"@type\":\"Article\",\"@id\":\"https:\\\/\\\/alcala.salesianos.edu\\\/colegio\\\/blog\\\/2023\\\/11\\\/21\\\/comunicado-escolares-navidenos\\\/#article\",\"isPartOf\":{\"@id\":\"https:\\\/\\\/alcala.salesianos.edu\\\/colegio\\\/blog\\\/2023\\\/11\\\/21\\\/comunicado-escolares-navidenos\\\/\"},\"author\":{\"name\":\"Administrador Web\",\"@id\":\"https:\\\/\\\/alcala.salesianos.edu\\\/colegio\\\/#\\\/schema\\\/person\\\/afcc24f776dc91fc2bf9afb0998fca77\"},\"headline\":\"Comunicado sobre actos escolares navide\u00f1os\",\"datePublished\":\"2023-11-21T09:46:57+00:00\",\"dateModified\":\"2025-08-27T07:47:16+00:00\",\"mainEntityOfPage\":{\"@id\":\"https:\\\/\\\/alcala.salesianos.edu\\\/colegio\\\/blog\\\/2023\\\/11\\\/21\\\/comunicado-escolares-navidenos\\\/\"},\"wordCount\":569,\"articleSection\":[\"Colegio\",\"covid\",\"Escuela abierta\",\"FASA\",\"Infantil\",\"Pastoral\",\"Portada\",\"Primaria\",\"Secundaria\",\"Uncategorized\"],\"inLanguage\":\"es\"},{\"@type\":\"WebPage\",\"@id\":\"https:\\\/\\\/alcala.salesianos.edu\\\/colegio\\\/blog\\\/2023\\\/11\\\/21\\\/comunicado-escolares-navidenos\\\/\",\"url\":\"https:\\\/\\\/alcala.salesianos.edu\\\/colegio\\\/blog\\\/2023\\\/11\\\/21\\\/comunicado-escolares-navidenos\\\/\",\"name\":\"Comunicado sobre actos escolares navide\u00f1os - Colegio Salesiano Alcal\u00e1\",\"isPartOf\":{\"@id\":\"https:\\\/\\\/alcala.salesianos.edu\\\/colegio\\\/#website\"},\"datePublished\":\"2023-11-21T09:46:57+00:00\",\"dateModified\":\"2025-08-27T07:47:16+00:00\",\"author\":{\"@id\":\"https:\\\/\\\/alcala.salesianos.edu\\\/colegio\\\/#\\\/schema\\\/person\\\/afcc24f776dc91fc2bf9afb0998fca77\"},\"breadcrumb\":{\"@id\":\"https:\\\/\\\/alcala.salesianos.edu\\\/colegio\\\/blog\\\/2023\\\/11\\\/21\\\/comunicado-escolares-navidenos\\\/#breadcrumb\"},\"inLanguage\":\"es\",\"potentialAction\":[{\"@type\":\"ReadAction\",\"target\":[\"https:\\\/\\\/alcala.salesianos.edu\\\/colegio\\\/blog\\\/2023\\\/11\\\/21\\\/comunicado-escolares-navidenos\\\/\"]}]},{\"@type\":\"BreadcrumbList\",\"@id\":\"https:\\\/\\\/alcala.salesianos.edu\\\/colegio\\\/blog\\\/2023\\\/11\\\/21\\\/comunicado-escolares-navidenos\\\/#breadcrumb\",\"itemListElement\":[{\"@type\":\"ListItem\",\"position\":1,\"name\":\"Portada\",\"item\":\"https:\\\/\\\/alcala.salesianos.edu\\\/colegio\\\/\"},{\"@type\":\"ListItem\",\"position\":2,\"name\":\"Comunicado sobre actos escolares navide\u00f1os\"}]},{\"@type\":\"WebSite\",\"@id\":\"https:\\\/\\\/alcala.salesianos.edu\\\/colegio\\\/#website\",\"url\":\"https:\\\/\\\/alcala.salesianos.edu\\\/colegio\\\/\",\"name\":\"Colegio Salesiano Alcal\u00e1\",\"description\":\"P\u00e1gina oficial de Salesianos Alcal\u00e1 de Guadaira\",\"potentialAction\":[{\"@type\":\"SearchAction\",\"target\":{\"@type\":\"EntryPoint\",\"urlTemplate\":\"https:\\\/\\\/alcala.salesianos.edu\\\/colegio\\\/?s={search_term_string}\"},\"query-input\":{\"@type\":\"PropertyValueSpecification\",\"valueRequired\":true,\"valueName\":\"search_term_string\"}}],\"inLanguage\":\"es\"},{\"@type\":\"Person\",\"@id\":\"https:\\\/\\\/alcala.salesianos.edu\\\/colegio\\\/#\\\/schema\\\/person\\\/afcc24f776dc91fc2bf9afb0998fca77\",\"name\":\"Administrador Web\",\"image\":{\"@type\":\"ImageObject\",\"inLanguage\":\"es\",\"@id\":\"https:\\\/\\\/secure.gravatar.com\\\/avatar\\\/bc157e994689bd6da9645c00aa3bc4d55b727915b6652642660db0aef086585f?s=96&d=mm&r=g\",\"url\":\"https:\\\/\\\/secure.gravatar.com\\\/avatar\\\/bc157e994689bd6da9645c00aa3bc4d55b727915b6652642660db0aef086585f?s=96&d=mm&r=g\",\"contentUrl\":\"https:\\\/\\\/secure.gravatar.com\\\/avatar\\\/bc157e994689bd6da9645c00aa3bc4d55b727915b6652642660db0aef086585f?s=96&d=mm&r=g\",\"caption\":\"Administrador Web\"}}]}<\/script>\n<!-- \/ Yoast SEO plugin. -->","yoast_head_json":{"title":"Comunicado sobre actos escolares navide\u00f1os - Colegio Salesiano Alcal\u00e1","robots":{"index":"index","follow":"follow","max-snippet":"max-snippet:-1","max-image-preview":"max-image-preview:large","max-video-preview":"max-video-preview:-1"},"canonical":"https:\/\/alcala.salesianos.edu\/colegio\/blog\/2023\/11\/21\/comunicado-escolares-navidenos\/","og_locale":"es_ES","og_type":"article","og_title":"Comunicado sobre actos escolares navide\u00f1os - Colegio Salesiano Alcal\u00e1","og_description":"Comunicado de los directores de nuestra Casa referente a los distintos actos y celebraciones escolares que realizaremos el pr\u00f3ximo mes de diciembre como viene siendo tradicional.","og_url":"https:\/\/alcala.salesianos.edu\/colegio\/blog\/2023\/11\/21\/comunicado-escolares-navidenos\/","og_site_name":"Colegio Salesiano Alcal\u00e1","article_published_time":"2023-11-21T09:46:57+00:00","article_modified_time":"2025-08-27T07:47:16+00:00","author":"Administrador Web","twitter_card":"summary_large_image","twitter_misc":{"Escrito por":"Administrador Web"},"schema":{"@context":"https:\/\/schema.org","@graph":[{"@type":"Article","@id":"https:\/\/alcala.salesianos.edu\/colegio\/blog\/2023\/11\/21\/comunicado-escolares-navidenos\/#article","isPartOf":{"@id":"https:\/\/alcala.salesianos.edu\/colegio\/blog\/2023\/11\/21\/comunicado-escolares-navidenos\/"},"author":{"name":"Administrador Web","@id":"https:\/\/alcala.salesianos.edu\/colegio\/#\/schema\/person\/afcc24f776dc91fc2bf9afb0998fca77"},"headline":"Comunicado sobre actos escolares navide\u00f1os","datePublished":"2023-11-21T09:46:57+00:00","dateModified":"2025-08-27T07:47:16+00:00","mainEntityOfPage":{"@id":"https:\/\/alcala.salesianos.edu\/colegio\/blog\/2023\/11\/21\/comunicado-escolares-navidenos\/"},"wordCount":569,"articleSection":["Colegio","covid","Escuela abierta","FASA","Infantil","Pastoral","Portada","Primaria","Secundaria","Uncategorized"],"inLanguage":"es"},{"@type":"WebPage","@id":"https:\/\/alcala.salesianos.edu\/colegio\/blog\/2023\/11\/21\/comunicado-escolares-navidenos\/","url":"https:\/\/alcala.salesianos.edu\/colegio\/blog\/2023\/11\/21\/comunicado-escolares-navidenos\/","name":"Comunicado sobre actos escolares navide\u00f1os - Colegio Salesiano Alcal\u00e1","isPartOf":{"@id":"https:\/\/alcala.salesianos.edu\/colegio\/#website"},"datePublished":"2023-11-21T09:46:57+00:00","dateModified":"2025-08-27T07:47:16+00:00","author":{"@id":"https:\/\/alcala.salesianos.edu\/colegio\/#\/schema\/person\/afcc24f776dc91fc2bf9afb0998fca77"},"breadcrumb":{"@id":"https:\/\/alcala.salesianos.edu\/colegio\/blog\/2023\/11\/21\/comunicado-escolares-navidenos\/#breadcrumb"},"inLanguage":"es","potentialAction":[{"@type":"ReadAction","target":["https:\/\/alcala.salesianos.edu\/colegio\/blog\/2023\/11\/21\/comunicado-escolares-navidenos\/"]}]},{"@type":"BreadcrumbList","@id":"https:\/\/alcala.salesianos.edu\/colegio\/blog\/2023\/11\/21\/comunicado-escolares-navidenos\/#breadcrumb","itemListElement":[{"@type":"ListItem","position":1,"name":"Portada","item":"https:\/\/alcala.salesianos.edu\/colegio\/"},{"@type":"ListItem","position":2,"name":"Comunicado sobre actos escolares navide\u00f1os"}]},{"@type":"WebSite","@id":"https:\/\/alcala.salesianos.edu\/colegio\/#website","url":"https:\/\/alcala.salesianos.edu\/colegio\/","name":"Colegio Salesiano Alcal\u00e1","description":"P\u00e1gina oficial de Salesianos Alcal\u00e1 de Guadaira","potentialAction":[{"@type":"SearchAction","target":{"@type":"EntryPoint","urlTemplate":"https:\/\/alcala.salesianos.edu\/colegio\/?s={search_term_string}"},"query-input":{"@type":"PropertyValueSpecification","valueRequired":true,"valueName":"search_term_string"}}],"inLanguage":"es"},{"@type":"Person","@id":"https:\/\/alcala.salesianos.edu\/colegio\/#\/schema\/person\/afcc24f776dc91fc2bf9afb0998fca77","name":"Administrador Web","image":{"@type":"ImageObject","inLanguage":"es","@id":"https:\/\/secure.gravatar.com\/avatar\/bc157e994689bd6da9645c00aa3bc4d55b727915b6652642660db0aef086585f?s=96&d=mm&r=g","url":"https:\/\/secure.gravatar.com\/avatar\/bc157e994689bd6da9645c00aa3bc4d55b727915b6652642660db0aef086585f?s=96&d=mm&r=g","contentUrl":"https:\/\/secure.gravatar.com\/avatar\/bc157e994689bd6da9645c00aa3bc4d55b727915b6652642660db0aef086585f?s=96&d=mm&r=g","caption":"Administrador Web"}}]}},"_links":{"self":[{"href":"https:\/\/alcala.salesianos.edu\/colegio\/wp-json\/wp\/v2\/posts\/15399","targetHints":{"allow":["GET"]}}],"collection":[{"href":"https:\/\/alcala.salesianos.edu\/colegio\/wp-json\/wp\/v2\/posts"}],"about":[{"href":"https:\/\/alcala.salesianos.edu\/colegio\/wp-json\/wp\/v2\/types\/post"}],"author":[{"embeddable":true,"href":"https:\/\/alcala.salesianos.edu\/colegio\/wp-json\/wp\/v2\/users\/2"}],"replies":[{"embeddable":true,"href":"https:\/\/alcala.salesianos.edu\/colegio\/wp-json\/wp\/v2\/comments?post=15399"}],"version-history":[{"count":1,"href":"https:\/\/alcala.salesianos.edu\/colegio\/wp-json\/wp\/v2\/posts\/15399\/revisions"}],"predecessor-version":[{"id":15412,"href":"https:\/\/alcala.salesianos.edu\/colegio\/wp-json\/wp\/v2\/posts\/15399\/revisions\/15412"}],"wp:attachment":[{"href":"https:\/\/alcala.salesianos.edu\/colegio\/wp-json\/wp\/v2\/media?parent=15399"}],"wp:term":[{"taxonomy":"category","embeddable":true,"href":"https:\/\/alcala.salesianos.edu\/colegio\/wp-json\/wp\/v2\/categories?post=15399"},{"taxonomy":"post_tag","embeddable":true,"href":"https:\/\/alcala.salesianos.edu\/colegio\/wp-json\/wp\/v2\/tags?post=15399"}],"curies":[{"name":"wp","href":"https:\/\/api.w.org\/{rel}","templated":true}]}}