{"id":15328,"date":"2023-09-09T16:49:59","date_gmt":"2023-09-09T15:49:59","guid":{"rendered":"https:\/\/alcala.salesianos.edu\/colegio\/blog\/2023\/09\/09\/entradas-y-salidas-al-centro-2\/"},"modified":"2025-08-27T08:47:17","modified_gmt":"2025-08-27T07:47:17","slug":"entradas-y-salidas-al-centro-2","status":"publish","type":"post","link":"https:\/\/alcala.salesianos.edu\/colegio\/blog\/2023\/09\/09\/entradas-y-salidas-al-centro-2\/","title":{"rendered":"Entradas y salidas al centro"},"content":{"rendered":"<div id=\"fb-root\"><\/div>\n<p>[et_pb_section fb_built=\u00bb1&#8243; admin_label=\u00bbsection\u00bb _builder_version=\u00bb4.16&#8243; global_colors_info=\u00bb{}\u00bb][et_pb_row admin_label=\u00bbrow\u00bb _builder_version=\u00bb4.16&#8243; background_size=\u00bbinitial\u00bb background_position=\u00bbtop_left\u00bb background_repeat=\u00bbrepeat\u00bb global_colors_info=\u00bb{}\u00bb][et_pb_column type=\u00bb4_4&#8243; _builder_version=\u00bb4.16&#8243; custom_padding=\u00bb|||\u00bb global_colors_info=\u00bb{}\u00bb custom_padding__hover=\u00bb|||\u00bb][et_pb_text _builder_version=\u00bb4.22.1&#8243; _module_preset=\u00bbdefault\u00bb hover_enabled=\u00bb0&#8243; sticky_enabled=\u00bb0&#8243;]<\/p>\n<h1>E. INFANTIL.<\/h1>\n<p>&nbsp;<\/p>\n<p><u>Entrada<\/u>: los alumnos entrar\u00e1n por el t\u00fanel a las 8:55 h acompa\u00f1ados de sus padres, formar\u00e1n frente a la puerta de sus clases y esperar\u00e1n a ser atendidos por la maestra. En el caso de los alumnos de 5 a\u00f1os, sus maestras los recibir\u00e1n en las clases del final del pasillo (como en el curso 22\/23).<\/p>\n<p>&nbsp;<\/p>\n<p><u>Salida<\/u>: la puerta del t\u00fanel se abrir\u00e1 a las 13:55 h y los padres podr\u00e1n acceder al patio a recoger a sus hijos en el mismo lugar en el que se realiz\u00f3 la entrada.<\/p>\n<p>&nbsp;<\/p>\n<h1>E. PRIMARIA.<\/h1>\n<p><strong>\u00a0<\/strong><\/p>\n<p><u>Entrada<\/u>: los alumnos entrar\u00e1n por la puerta del t\u00fanel desde las 8:50 h hasta las 9:00 h y pasar al patio de M\u00aa Auxiliadora, donde tendr\u00e1n los Buenos D\u00edas.<\/p>\n<p>&nbsp;<\/p>\n<p><u>Salida<\/u>:<\/p>\n<p>&nbsp;<\/p>\n<ul>\n<li>1\u00ba y 2\u00ba de Ser\u00e1n recogidos por sus padres en sus clases. La puerta se abrir\u00e1 a las 13:55 h.<\/li>\n<li>3\u00ba y 4\u00ba de Los maestros acompa\u00f1ar\u00e1n a los alumnos hasta la salida del t\u00fanel. No se entregar\u00e1 a ning\u00fan alumno en el patio del colegio.<\/li>\n<li>5\u00ba y 6\u00ba de Los alumnos saldr\u00e1n por la puerta principal del colegio.<\/li>\n<\/ul>\n<p>&nbsp;<\/p>\n<h1>E. SECUNDARIA.<\/h1>\n<p><strong>\u00a0<\/strong><\/p>\n<p><u>Entrada<\/u>: tendr\u00e1 lugar por la puerta del t\u00fanel de 8:25 h a 8:30 h.<\/p>\n<p>&nbsp;<\/p>\n<p><u>Salida<\/u>: se realizar\u00e1 por la puerta del t\u00fanel y por la principal.<\/p>\n<p>&nbsp;<\/p>\n<h1>CAPILLA.<\/h1>\n<p><strong>\u00a0<\/strong><\/p>\n<p>En todos los casos, la Capilla permanecer\u00e1 abierta para poder tener un momento de oraci\u00f3n antes de entrar. Tras dicho momento, los alumnos (solo EP y ESO) podr\u00e1n acceder al colegio por la puerta que da al patio de M\u00aa Auxiliadora.<\/p>\n<p>&nbsp;<\/p>\n<p>[\/et_pb_text][\/et_pb_column][\/et_pb_row][\/et_pb_section]<\/p>\n","protected":false},"excerpt":{"rendered":"<p>En el siguiente enlace pueden acceder de los distintos horarios y accesos de nuestros alumnos durante el presente curso 2023\/2024 detallado por las distintas etapas educativas.<\/p>\n","protected":false},"author":2,"featured_media":0,"comment_status":"closed","ping_status":"open","sticky":false,"template":"","format":"standard","meta":{"_et_pb_use_builder":"on","_et_pb_old_content":"","_et_gb_content_width":"","footnotes":""},"categories":[12,23,19,13,17,14,15,18,16,1],"tags":[],"class_list":["post-15328","post","type-post","status-publish","format-standard","hentry","category-colegio","category-covid","category-escuela-abierta","category-fasa","category-infantil","category-pastoral","category-portada","category-primaria","category-secundaria","category-uncategorized"],"yoast_head":"<!-- This site is optimized with the Yoast SEO plugin v28.3 - https:\/\/yoast.com\/product\/yoast-seo-wordpress\/ -->\n<title>Entradas y salidas al centro - Colegio Salesiano Alcal\u00e1<\/title>\n<meta name=\"description\" content=\"En el siguiente enlace pueden acceder de los distintos horarios y accesos de nuestros alumnos durante el presente curso 2023\/2024.\" \/>\n<meta name=\"robots\" content=\"index, follow, max-snippet:-1, max-image-preview:large, max-video-preview:-1\" \/>\n<link rel=\"canonical\" href=\"https:\/\/alcala.salesianos.edu\/colegio\/blog\/2023\/09\/09\/entradas-y-salidas-al-centro-2\/\" \/>\n<meta property=\"og:locale\" content=\"es_ES\" \/>\n<meta property=\"og:type\" content=\"article\" \/>\n<meta property=\"og:title\" content=\"Entradas y salidas al centro - Colegio Salesiano Alcal\u00e1\" \/>\n<meta property=\"og:description\" content=\"En el siguiente enlace pueden acceder de los distintos horarios y accesos de nuestros alumnos durante el presente curso 2023\/2024.\" \/>\n<meta property=\"og:url\" content=\"https:\/\/alcala.salesianos.edu\/colegio\/blog\/2023\/09\/09\/entradas-y-salidas-al-centro-2\/\" \/>\n<meta property=\"og:site_name\" content=\"Colegio Salesiano Alcal\u00e1\" \/>\n<meta property=\"article:published_time\" content=\"2023-09-09T15:49:59+00:00\" \/>\n<meta property=\"article:modified_time\" content=\"2025-08-27T07:47:17+00:00\" \/>\n<meta name=\"author\" content=\"Administrador Web\" \/>\n<meta name=\"twitter:card\" content=\"summary_large_image\" \/>\n<meta name=\"twitter:label1\" content=\"Escrito por\" \/>\n\t<meta name=\"twitter:data1\" content=\"Administrador Web\" \/>\n\t<meta name=\"twitter:label2\" content=\"Tiempo de lectura\" \/>\n\t<meta name=\"twitter:data2\" content=\"2 minutos\" \/>\n<script type=\"application\/ld+json\" class=\"yoast-schema-graph\">{\"@context\":\"https:\\\/\\\/schema.org\",\"@graph\":[{\"@type\":\"Article\",\"@id\":\"https:\\\/\\\/alcala.salesianos.edu\\\/colegio\\\/blog\\\/2023\\\/09\\\/09\\\/entradas-y-salidas-al-centro-2\\\/#article\",\"isPartOf\":{\"@id\":\"https:\\\/\\\/alcala.salesianos.edu\\\/colegio\\\/blog\\\/2023\\\/09\\\/09\\\/entradas-y-salidas-al-centro-2\\\/\"},\"author\":{\"name\":\"Administrador Web\",\"@id\":\"https:\\\/\\\/alcala.salesianos.edu\\\/colegio\\\/#\\\/schema\\\/person\\\/afcc24f776dc91fc2bf9afb0998fca77\"},\"headline\":\"Entradas y salidas al centro\",\"datePublished\":\"2023-09-09T15:49:59+00:00\",\"dateModified\":\"2025-08-27T07:47:17+00:00\",\"mainEntityOfPage\":{\"@id\":\"https:\\\/\\\/alcala.salesianos.edu\\\/colegio\\\/blog\\\/2023\\\/09\\\/09\\\/entradas-y-salidas-al-centro-2\\\/\"},\"wordCount\":347,\"articleSection\":[\"Colegio\",\"covid\",\"Escuela abierta\",\"FASA\",\"Infantil\",\"Pastoral\",\"Portada\",\"Primaria\",\"Secundaria\",\"Uncategorized\"],\"inLanguage\":\"es\"},{\"@type\":\"WebPage\",\"@id\":\"https:\\\/\\\/alcala.salesianos.edu\\\/colegio\\\/blog\\\/2023\\\/09\\\/09\\\/entradas-y-salidas-al-centro-2\\\/\",\"url\":\"https:\\\/\\\/alcala.salesianos.edu\\\/colegio\\\/blog\\\/2023\\\/09\\\/09\\\/entradas-y-salidas-al-centro-2\\\/\",\"name\":\"Entradas y salidas al centro - Colegio Salesiano Alcal\u00e1\",\"isPartOf\":{\"@id\":\"https:\\\/\\\/alcala.salesianos.edu\\\/colegio\\\/#website\"},\"datePublished\":\"2023-09-09T15:49:59+00:00\",\"dateModified\":\"2025-08-27T07:47:17+00:00\",\"author\":{\"@id\":\"https:\\\/\\\/alcala.salesianos.edu\\\/colegio\\\/#\\\/schema\\\/person\\\/afcc24f776dc91fc2bf9afb0998fca77\"},\"description\":\"En el siguiente enlace pueden acceder de los distintos horarios y accesos de nuestros alumnos durante el presente curso 2023\\\/2024.\",\"breadcrumb\":{\"@id\":\"https:\\\/\\\/alcala.salesianos.edu\\\/colegio\\\/blog\\\/2023\\\/09\\\/09\\\/entradas-y-salidas-al-centro-2\\\/#breadcrumb\"},\"inLanguage\":\"es\",\"potentialAction\":[{\"@type\":\"ReadAction\",\"target\":[\"https:\\\/\\\/alcala.salesianos.edu\\\/colegio\\\/blog\\\/2023\\\/09\\\/09\\\/entradas-y-salidas-al-centro-2\\\/\"]}]},{\"@type\":\"BreadcrumbList\",\"@id\":\"https:\\\/\\\/alcala.salesianos.edu\\\/colegio\\\/blog\\\/2023\\\/09\\\/09\\\/entradas-y-salidas-al-centro-2\\\/#breadcrumb\",\"itemListElement\":[{\"@type\":\"ListItem\",\"position\":1,\"name\":\"Portada\",\"item\":\"https:\\\/\\\/alcala.salesianos.edu\\\/colegio\\\/\"},{\"@type\":\"ListItem\",\"position\":2,\"name\":\"Entradas y salidas al centro\"}]},{\"@type\":\"WebSite\",\"@id\":\"https:\\\/\\\/alcala.salesianos.edu\\\/colegio\\\/#website\",\"url\":\"https:\\\/\\\/alcala.salesianos.edu\\\/colegio\\\/\",\"name\":\"Colegio Salesiano Alcal\u00e1\",\"description\":\"P\u00e1gina oficial de Salesianos Alcal\u00e1 de Guadaira\",\"potentialAction\":[{\"@type\":\"SearchAction\",\"target\":{\"@type\":\"EntryPoint\",\"urlTemplate\":\"https:\\\/\\\/alcala.salesianos.edu\\\/colegio\\\/?s={search_term_string}\"},\"query-input\":{\"@type\":\"PropertyValueSpecification\",\"valueRequired\":true,\"valueName\":\"search_term_string\"}}],\"inLanguage\":\"es\"},{\"@type\":\"Person\",\"@id\":\"https:\\\/\\\/alcala.salesianos.edu\\\/colegio\\\/#\\\/schema\\\/person\\\/afcc24f776dc91fc2bf9afb0998fca77\",\"name\":\"Administrador Web\",\"image\":{\"@type\":\"ImageObject\",\"inLanguage\":\"es\",\"@id\":\"https:\\\/\\\/secure.gravatar.com\\\/avatar\\\/bc157e994689bd6da9645c00aa3bc4d55b727915b6652642660db0aef086585f?s=96&d=mm&r=g\",\"url\":\"https:\\\/\\\/secure.gravatar.com\\\/avatar\\\/bc157e994689bd6da9645c00aa3bc4d55b727915b6652642660db0aef086585f?s=96&d=mm&r=g\",\"contentUrl\":\"https:\\\/\\\/secure.gravatar.com\\\/avatar\\\/bc157e994689bd6da9645c00aa3bc4d55b727915b6652642660db0aef086585f?s=96&d=mm&r=g\",\"caption\":\"Administrador Web\"}}]}<\/script>\n<!-- \/ Yoast SEO plugin. -->","yoast_head_json":{"title":"Entradas y salidas al centro - Colegio Salesiano Alcal\u00e1","description":"En el siguiente enlace pueden acceder de los distintos horarios y accesos de nuestros alumnos durante el presente curso 2023\/2024.","robots":{"index":"index","follow":"follow","max-snippet":"max-snippet:-1","max-image-preview":"max-image-preview:large","max-video-preview":"max-video-preview:-1"},"canonical":"https:\/\/alcala.salesianos.edu\/colegio\/blog\/2023\/09\/09\/entradas-y-salidas-al-centro-2\/","og_locale":"es_ES","og_type":"article","og_title":"Entradas y salidas al centro - Colegio Salesiano Alcal\u00e1","og_description":"En el siguiente enlace pueden acceder de los distintos horarios y accesos de nuestros alumnos durante el presente curso 2023\/2024.","og_url":"https:\/\/alcala.salesianos.edu\/colegio\/blog\/2023\/09\/09\/entradas-y-salidas-al-centro-2\/","og_site_name":"Colegio Salesiano Alcal\u00e1","article_published_time":"2023-09-09T15:49:59+00:00","article_modified_time":"2025-08-27T07:47:17+00:00","author":"Administrador Web","twitter_card":"summary_large_image","twitter_misc":{"Escrito por":"Administrador Web","Tiempo de lectura":"2 minutos"},"schema":{"@context":"https:\/\/schema.org","@graph":[{"@type":"Article","@id":"https:\/\/alcala.salesianos.edu\/colegio\/blog\/2023\/09\/09\/entradas-y-salidas-al-centro-2\/#article","isPartOf":{"@id":"https:\/\/alcala.salesianos.edu\/colegio\/blog\/2023\/09\/09\/entradas-y-salidas-al-centro-2\/"},"author":{"name":"Administrador Web","@id":"https:\/\/alcala.salesianos.edu\/colegio\/#\/schema\/person\/afcc24f776dc91fc2bf9afb0998fca77"},"headline":"Entradas y salidas al centro","datePublished":"2023-09-09T15:49:59+00:00","dateModified":"2025-08-27T07:47:17+00:00","mainEntityOfPage":{"@id":"https:\/\/alcala.salesianos.edu\/colegio\/blog\/2023\/09\/09\/entradas-y-salidas-al-centro-2\/"},"wordCount":347,"articleSection":["Colegio","covid","Escuela abierta","FASA","Infantil","Pastoral","Portada","Primaria","Secundaria","Uncategorized"],"inLanguage":"es"},{"@type":"WebPage","@id":"https:\/\/alcala.salesianos.edu\/colegio\/blog\/2023\/09\/09\/entradas-y-salidas-al-centro-2\/","url":"https:\/\/alcala.salesianos.edu\/colegio\/blog\/2023\/09\/09\/entradas-y-salidas-al-centro-2\/","name":"Entradas y salidas al centro - Colegio Salesiano Alcal\u00e1","isPartOf":{"@id":"https:\/\/alcala.salesianos.edu\/colegio\/#website"},"datePublished":"2023-09-09T15:49:59+00:00","dateModified":"2025-08-27T07:47:17+00:00","author":{"@id":"https:\/\/alcala.salesianos.edu\/colegio\/#\/schema\/person\/afcc24f776dc91fc2bf9afb0998fca77"},"description":"En el siguiente enlace pueden acceder de los distintos horarios y accesos de nuestros alumnos durante el presente curso 2023\/2024.","breadcrumb":{"@id":"https:\/\/alcala.salesianos.edu\/colegio\/blog\/2023\/09\/09\/entradas-y-salidas-al-centro-2\/#breadcrumb"},"inLanguage":"es","potentialAction":[{"@type":"ReadAction","target":["https:\/\/alcala.salesianos.edu\/colegio\/blog\/2023\/09\/09\/entradas-y-salidas-al-centro-2\/"]}]},{"@type":"BreadcrumbList","@id":"https:\/\/alcala.salesianos.edu\/colegio\/blog\/2023\/09\/09\/entradas-y-salidas-al-centro-2\/#breadcrumb","itemListElement":[{"@type":"ListItem","position":1,"name":"Portada","item":"https:\/\/alcala.salesianos.edu\/colegio\/"},{"@type":"ListItem","position":2,"name":"Entradas y salidas al centro"}]},{"@type":"WebSite","@id":"https:\/\/alcala.salesianos.edu\/colegio\/#website","url":"https:\/\/alcala.salesianos.edu\/colegio\/","name":"Colegio Salesiano Alcal\u00e1","description":"P\u00e1gina oficial de Salesianos Alcal\u00e1 de Guadaira","potentialAction":[{"@type":"SearchAction","target":{"@type":"EntryPoint","urlTemplate":"https:\/\/alcala.salesianos.edu\/colegio\/?s={search_term_string}"},"query-input":{"@type":"PropertyValueSpecification","valueRequired":true,"valueName":"search_term_string"}}],"inLanguage":"es"},{"@type":"Person","@id":"https:\/\/alcala.salesianos.edu\/colegio\/#\/schema\/person\/afcc24f776dc91fc2bf9afb0998fca77","name":"Administrador Web","image":{"@type":"ImageObject","inLanguage":"es","@id":"https:\/\/secure.gravatar.com\/avatar\/bc157e994689bd6da9645c00aa3bc4d55b727915b6652642660db0aef086585f?s=96&d=mm&r=g","url":"https:\/\/secure.gravatar.com\/avatar\/bc157e994689bd6da9645c00aa3bc4d55b727915b6652642660db0aef086585f?s=96&d=mm&r=g","contentUrl":"https:\/\/secure.gravatar.com\/avatar\/bc157e994689bd6da9645c00aa3bc4d55b727915b6652642660db0aef086585f?s=96&d=mm&r=g","caption":"Administrador Web"}}]}},"_links":{"self":[{"href":"https:\/\/alcala.salesianos.edu\/colegio\/wp-json\/wp\/v2\/posts\/15328","targetHints":{"allow":["GET"]}}],"collection":[{"href":"https:\/\/alcala.salesianos.edu\/colegio\/wp-json\/wp\/v2\/posts"}],"about":[{"href":"https:\/\/alcala.salesianos.edu\/colegio\/wp-json\/wp\/v2\/types\/post"}],"author":[{"embeddable":true,"href":"https:\/\/alcala.salesianos.edu\/colegio\/wp-json\/wp\/v2\/users\/2"}],"replies":[{"embeddable":true,"href":"https:\/\/alcala.salesianos.edu\/colegio\/wp-json\/wp\/v2\/comments?post=15328"}],"version-history":[{"count":1,"href":"https:\/\/alcala.salesianos.edu\/colegio\/wp-json\/wp\/v2\/posts\/15328\/revisions"}],"predecessor-version":[{"id":16609,"href":"https:\/\/alcala.salesianos.edu\/colegio\/wp-json\/wp\/v2\/posts\/15328\/revisions\/16609"}],"wp:attachment":[{"href":"https:\/\/alcala.salesianos.edu\/colegio\/wp-json\/wp\/v2\/media?parent=15328"}],"wp:term":[{"taxonomy":"category","embeddable":true,"href":"https:\/\/alcala.salesianos.edu\/colegio\/wp-json\/wp\/v2\/categories?post=15328"},{"taxonomy":"post_tag","embeddable":true,"href":"https:\/\/alcala.salesianos.edu\/colegio\/wp-json\/wp\/v2\/tags?post=15328"}],"curies":[{"name":"wp","href":"https:\/\/api.w.org\/{rel}","templated":true}]}}