{"id":15312,"date":"2023-08-30T17:01:38","date_gmt":"2023-08-30T16:01:38","guid":{"rendered":"https:\/\/alcala.salesianos.edu\/colegio\/blog\/2023\/08\/30\/comunicacion-inicio-curso-5\/"},"modified":"2025-08-27T08:47:19","modified_gmt":"2025-08-27T07:47:19","slug":"comunicacion-inicio-curso-5","status":"publish","type":"post","link":"https:\/\/alcala.salesianos.edu\/colegio\/blog\/2023\/08\/30\/comunicacion-inicio-curso-5\/","title":{"rendered":"Comunicaci\u00f3n &#8211; Inicio de curso"},"content":{"rendered":"<div id=\"fb-root\"><\/div>\n\n[et_pb_section fb_built=\u00bb1&#8243; admin_label=\u00bbsection\u00bb _builder_version=\u00bb4.16&#8243; global_colors_info=\u00bb{}\u00bb][et_pb_row admin_label=\u00bbrow\u00bb _builder_version=\u00bb4.16&#8243; background_size=\u00bbinitial\u00bb background_position=\u00bbtop_left\u00bb background_repeat=\u00bbrepeat\u00bb global_colors_info=\u00bb{}\u00bb][et_pb_column type=\u00bb4_4&#8243; _builder_version=\u00bb4.16&#8243; custom_padding=\u00bb|||\u00bb global_colors_info=\u00bb{}\u00bb custom_padding__hover=\u00bb|||\u00bb][et_pb_text _builder_version=\u00bb4.22.1&#8243; _module_preset=\u00bbdefault\u00bb hover_enabled=\u00bb0&#8243; global_colors_info=\u00bb{}\u00bb sticky_enabled=\u00bb0&#8243;]<p>Estimadas familias, reciban un cordial saludo.<\/p>\n<p>&nbsp;<\/p>\n<p>Les damos la bienvenida a este nuevo curso 2023\/24. Esperamos y deseamos que se encuentren bien de salud y que hayan podido disfrutar del verano.<\/p>\n<p>&nbsp;<\/p>\n<p>A continuaci\u00f3n, les facilitamos informaci\u00f3n de inter\u00e9s relativa al inicio de curso.<\/p>\n<p>&nbsp;<\/p>\n<h1>SESIONES INFORMATIVAS DE INICIO DE CURSO.<\/h1>\n<p>&nbsp;<\/p>\n<p>Mantendremos un primer contacto con todas las familias antes de empezar las clases.<\/p>\n<p>&nbsp;<\/p>\n<ul>\n<li>En un primer momento les informaremos de cuestiones de inter\u00e9s com\u00fan para todo el Tendr\u00e1 lugar en el teatro. Esta informaci\u00f3n ser\u00e1 la misma para todos los niveles educativos.<\/li>\n<li>En un segundo momento, 30 minutos m\u00e1s tarde, los tutores\/as les transmitir\u00e1n la informaci\u00f3n propia del curso de sus hijos\/as.<\/li>\n<\/ul>\n<p>&nbsp;<\/p>\n<table style=\"height: 153px;\" width=\"967\">\n<tbody>\n<tr>\n<td style=\"width: 230.733px; text-align: center;\"><strong>Cursos<\/strong><\/td>\n<td style=\"width: 207.983px; text-align: center;\"><strong>D\u00eda<\/strong><\/td>\n<td style=\"width: 250.15px; text-align: center;\"><strong>Informaci\u00f3n General<\/strong><\/td>\n<td style=\"width: 250.133px; text-align: center;\"><strong>Informaci\u00f3n Tutorial<\/strong><\/td>\n<\/tr>\n<tr>\n<td style=\"width: 230.733px; text-align: center;\"><strong>E. Infantil<\/strong><\/td>\n<td style=\"width: 207.983px; text-align: center;\">7 de septiembre<\/td>\n<td style=\"width: 250.15px; text-align: center;\">18:00 h<\/td>\n<td style=\"width: 250.133px; text-align: center;\">18:30 h<\/td>\n<\/tr>\n<tr>\n<td style=\"width: 230.733px; text-align: center;\"><strong>E. Primaria (1\u00ba-3\u00ba)<\/strong><\/td>\n<td style=\"width: 207.983px; text-align: center;\">7 de septiembre<\/td>\n<td style=\"width: 250.15px; text-align: center;\">18:45 h<\/td>\n<td style=\"width: 250.133px; text-align: center;\">19:15 h<\/td>\n<\/tr>\n<tr>\n<td style=\"width: 230.733px; text-align: center;\"><strong>E. Primaria (4\u00ba-6\u00ba)<\/strong><\/td>\n<td style=\"width: 207.983px; text-align: center;\">7 de septiembre<\/td>\n<td style=\"width: 250.15px; text-align: center;\">19:30 h<\/td>\n<td style=\"width: 250.133px; text-align: center;\">20:00 h<\/td>\n<\/tr>\n<tr>\n<td style=\"width: 230.733px; text-align: center;\"><strong>E. Secundaria<\/strong><\/td>\n<td style=\"width: 207.983px; text-align: center;\">14 de septiembre<\/td>\n<td style=\"width: 250.15px; text-align: center;\">19:00 h<\/td>\n<td style=\"width: 250.133px; text-align: center;\">19:30 h<\/td>\n<\/tr>\n<\/tbody>\n<\/table>\n<p>&nbsp;<\/p>\n<h1>COMIENZO DEL CURSO.<\/h1>\n<p>&nbsp;<\/p>\n<p>A continuaci\u00f3n, les damos a conocer el inicio de curso en cada nivel y el horario del primer d\u00eda de clase.<\/p>\n<p>&nbsp;<\/p>\n<h2>EDUCACI\u00d3N INFANTIL.<\/h2>\n<p>&nbsp;<\/p>\n<h3>\u00b7\u00a0\u00a0\u00a0\u00a0\u00a0\u00a0 3 a\u00f1os.<\/h3>\n<p>&nbsp;<\/p>\n<ul>\n<li><strong>Turno I<\/strong>: 11 de septiembre de 9:00 h a 10:00<\/li>\n<li><strong>Turno II<\/strong>: 11 de septiembre de 10:15 h a 11:15<\/li>\n<li>Las tutoras dar\u00e1n m\u00e1s informaci\u00f3n sobre los turnos de los grupos en la sesi\u00f3n<\/li>\n<\/ul>\n<p>&nbsp;<\/p>\n<h3>\u00b7\u00a0\u00a0\u00a0\u00a0\u00a0\u00a0 4 y 5 a\u00f1os.<\/h3>\n<p>&nbsp;<\/p>\n<ul>\n<li>11 de septiembre de 12:30 h a 14:00<\/li>\n<\/ul>\n<p>&nbsp;<\/p>\n<h2>EDUCACI\u00d3N PRIMARIA.<\/h2>\n<p>&nbsp;<\/p>\n<ul>\n<li><strong>Toda la etapa<\/strong>: 11 de septiembre de 12:00 a 14:00.<\/li>\n<\/ul>\n<p>&nbsp;<\/p>\n<h2>EDUCACI\u00d3N SECUNDARIA.<\/h2>\n<p>&nbsp;<\/p>\n<ul>\n<li><strong>Toda la etapa<\/strong>: 15 de septiembre de 13:00 a 15:00.<\/li>\n<\/ul>\n<p>&nbsp;<\/p>\n<p>A partir del segundo d\u00eda el horario ser\u00e1 el habitual del curso:<\/p>\n<ul>\n<li><strong>Educaci\u00f3n Infantil: 9:00-14:00<\/strong><\/li>\n<li><strong>Educaci\u00f3n Primaria: 9:00-14:00<\/strong><\/li>\n<li><strong>Educaci\u00f3n Secundaria: 8:30-15:00<\/strong>.<\/li>\n<\/ul>\n<p>&nbsp;<\/p>\n<h1>ENTRADAS Y SALIDAS.<\/h1>\n<p>&nbsp;<\/p>\n<p>Se realizar\u00e1 por la puerta del t\u00fanel de la calle Mairena. En la reuni\u00f3n inicial se explicar\u00e1 con detalle el procedimiento.<\/p>\n<p>&nbsp;<\/p>\n<h1>SERVICIOS COMPLEMENTARIOS.<\/h1>\n<p>&nbsp;<\/p>\n<h2>AULA MATINAL.<\/h2>\n<p>Estar\u00e1 en funcionamiento desde el 12 de septiembre. Su horario ser\u00e1 desde las 7:30 h hasta la hora de entrada al colegio.<\/p>\n<p>&nbsp;<\/p>\n<h2>COMEDOR ESCOLAR.<\/h2>\n<p>Comenzar\u00e1 su servicio el d\u00eda 12 de septiembre.<\/p>\n<p>&nbsp;<\/p>\n<h2>ACTIVIDADES DE TARDE.<\/h2>\n<p>Contamos con una amplia oferta para complementar la formaci\u00f3n de nuestros alumnos\/as, deportes, idiomas, rob\u00f3tica,\u2026 Pueden ampliar informaci\u00f3n en nuestra <u><a href=\"https:\/\/alcala.salesianos.edu\/colegio\/actividadesdetarde\/\">web.<\/a><\/u><\/p>\n<p>&nbsp;<\/p>\n<p>Si desean hacer uso de cualquiera de los servicios, no duden en ponerse en contacto con la Secretar\u00eda del Centro.<\/p>\n<p>&nbsp;<\/p>\n<p>Podr\u00e1n encontrar esta informaci\u00f3n tambi\u00e9n en nuestra <u><a href=\"https:\/\/alcala.salesianos.edu\/\">web. <\/a><\/u>Seguiremos en contacto a trav\u00e9s de nuestros canales habituales de comunicaci\u00f3n, Qualitas Educativa y <u><a href=\"https:\/\/alcala.salesianos.edu\/\">https:\/\/alcala.salesianos.edu\/.<\/a><\/u><\/p>\n<p>&nbsp;<\/p>\n<p>Sin otro particular, dese\u00e1ndoles un feliz comienzo de curso, pedimos a Mar\u00eda Auxiliadora por su protecci\u00f3n y la de sus seres queridos.<\/p>\n<p>&nbsp;<\/p>\n<p>&nbsp;<\/p>\n<p>Mateo Barrera Mac\u00edas\u00a0\u00a0\u00a0\u00a0\u00a0\u00a0\u00a0\u00a0\u00a0\u00a0\u00a0\u00a0\u00a0\u00a0\u00a0\u00a0\u00a0\u00a0\u00a0\u00a0\u00a0\u00a0\u00a0\u00a0\u00a0\u00a0\u00a0\u00a0\u00a0\u00a0\u00a0\u00a0\u00a0\u00a0\u00a0\u00a0\u00a0\u00a0\u00a0\u00a0\u00a0\u00a0\u00a0\u00a0\u00a0\u00a0\u00a0\u00a0\u00a0\u00a0\u00a0\u00a0\u00a0\u00a0\u00a0\u00a0\u00a0\u00a0\u00a0\u00a0 Jos\u00e9 Antonio \u00c1lvarez Paulino<\/p>\n<p>Director de Centro\u00a0\u00a0\u00a0\u00a0\u00a0\u00a0\u00a0\u00a0\u00a0\u00a0\u00a0\u00a0\u00a0\u00a0\u00a0\u00a0\u00a0\u00a0\u00a0\u00a0\u00a0\u00a0\u00a0\u00a0\u00a0\u00a0\u00a0\u00a0\u00a0\u00a0 \u00a0 \u00a0 \u00a0 \u00a0 \u00a0 \u00a0 \u00a0 \u00a0 \u00a0 \u00a0 \u00a0 \u00a0 \u00a0 \u00a0 \u00a0 \u00a0 \u00a0 \u00a0\u00a0 Director Titular<\/p>[\/et_pb_text][\/et_pb_column][\/et_pb_row][\/et_pb_section]\n","protected":false},"excerpt":{"rendered":"<p>Les damos la bienvenida a este nuevo curso 2023 &#8211; 2024.  A continuaci\u00f3n, en el siguiente espacio web les facilitamos informaci\u00f3n de inter\u00e9s relativa al inicio de curso. <\/p>\n","protected":false},"author":2,"featured_media":0,"comment_status":"closed","ping_status":"open","sticky":false,"template":"","format":"standard","meta":{"_et_pb_use_builder":"on","_et_pb_old_content":"","_et_gb_content_width":"","footnotes":""},"categories":[12,23,19,13,17,14,15,18,16,1],"tags":[],"class_list":["post-15312","post","type-post","status-publish","format-standard","hentry","category-colegio","category-covid","category-escuela-abierta","category-fasa","category-infantil","category-pastoral","category-portada","category-primaria","category-secundaria","category-uncategorized"],"yoast_head":"<!-- This site is optimized with the Yoast SEO plugin v28.3 - https:\/\/yoast.com\/product\/yoast-seo-wordpress\/ -->\n<title>Comunicaci\u00f3n &#8211; Inicio de curso - Colegio Salesiano Alcal\u00e1<\/title>\n<meta name=\"robots\" content=\"index, follow, max-snippet:-1, max-image-preview:large, max-video-preview:-1\" \/>\n<link rel=\"canonical\" href=\"https:\/\/alcala.salesianos.edu\/colegio\/blog\/2023\/08\/30\/comunicacion-inicio-curso-5\/\" \/>\n<meta property=\"og:locale\" content=\"es_ES\" \/>\n<meta property=\"og:type\" content=\"article\" \/>\n<meta property=\"og:title\" content=\"Comunicaci\u00f3n &#8211; Inicio de curso - Colegio Salesiano Alcal\u00e1\" \/>\n<meta property=\"og:description\" content=\"Les damos la bienvenida a este nuevo curso 2023 - 2024. A continuaci\u00f3n, en el siguiente espacio web les facilitamos informaci\u00f3n de inter\u00e9s relativa al inicio de curso.\" \/>\n<meta property=\"og:url\" content=\"https:\/\/alcala.salesianos.edu\/colegio\/blog\/2023\/08\/30\/comunicacion-inicio-curso-5\/\" \/>\n<meta property=\"og:site_name\" content=\"Colegio Salesiano Alcal\u00e1\" \/>\n<meta property=\"article:published_time\" content=\"2023-08-30T16:01:38+00:00\" \/>\n<meta property=\"article:modified_time\" content=\"2025-08-27T07:47:19+00:00\" \/>\n<meta name=\"author\" content=\"Administrador Web\" \/>\n<meta name=\"twitter:card\" content=\"summary_large_image\" \/>\n<meta name=\"twitter:label1\" content=\"Escrito por\" \/>\n\t<meta name=\"twitter:data1\" content=\"Administrador Web\" \/>\n\t<meta name=\"twitter:label2\" content=\"Tiempo de lectura\" \/>\n\t<meta name=\"twitter:data2\" content=\"3 minutos\" \/>\n<script type=\"application\/ld+json\" class=\"yoast-schema-graph\">{\"@context\":\"https:\\\/\\\/schema.org\",\"@graph\":[{\"@type\":\"Article\",\"@id\":\"https:\\\/\\\/alcala.salesianos.edu\\\/colegio\\\/blog\\\/2023\\\/08\\\/30\\\/comunicacion-inicio-curso-5\\\/#article\",\"isPartOf\":{\"@id\":\"https:\\\/\\\/alcala.salesianos.edu\\\/colegio\\\/blog\\\/2023\\\/08\\\/30\\\/comunicacion-inicio-curso-5\\\/\"},\"author\":{\"name\":\"Administrador Web\",\"@id\":\"https:\\\/\\\/alcala.salesianos.edu\\\/colegio\\\/#\\\/schema\\\/person\\\/afcc24f776dc91fc2bf9afb0998fca77\"},\"headline\":\"Comunicaci\u00f3n &#8211; Inicio de curso\",\"datePublished\":\"2023-08-30T16:01:38+00:00\",\"dateModified\":\"2025-08-27T07:47:19+00:00\",\"mainEntityOfPage\":{\"@id\":\"https:\\\/\\\/alcala.salesianos.edu\\\/colegio\\\/blog\\\/2023\\\/08\\\/30\\\/comunicacion-inicio-curso-5\\\/\"},\"wordCount\":558,\"articleSection\":[\"Colegio\",\"covid\",\"Escuela abierta\",\"FASA\",\"Infantil\",\"Pastoral\",\"Portada\",\"Primaria\",\"Secundaria\",\"Uncategorized\"],\"inLanguage\":\"es\"},{\"@type\":\"WebPage\",\"@id\":\"https:\\\/\\\/alcala.salesianos.edu\\\/colegio\\\/blog\\\/2023\\\/08\\\/30\\\/comunicacion-inicio-curso-5\\\/\",\"url\":\"https:\\\/\\\/alcala.salesianos.edu\\\/colegio\\\/blog\\\/2023\\\/08\\\/30\\\/comunicacion-inicio-curso-5\\\/\",\"name\":\"Comunicaci\u00f3n &#8211; Inicio de curso - Colegio Salesiano Alcal\u00e1\",\"isPartOf\":{\"@id\":\"https:\\\/\\\/alcala.salesianos.edu\\\/colegio\\\/#website\"},\"datePublished\":\"2023-08-30T16:01:38+00:00\",\"dateModified\":\"2025-08-27T07:47:19+00:00\",\"author\":{\"@id\":\"https:\\\/\\\/alcala.salesianos.edu\\\/colegio\\\/#\\\/schema\\\/person\\\/afcc24f776dc91fc2bf9afb0998fca77\"},\"breadcrumb\":{\"@id\":\"https:\\\/\\\/alcala.salesianos.edu\\\/colegio\\\/blog\\\/2023\\\/08\\\/30\\\/comunicacion-inicio-curso-5\\\/#breadcrumb\"},\"inLanguage\":\"es\",\"potentialAction\":[{\"@type\":\"ReadAction\",\"target\":[\"https:\\\/\\\/alcala.salesianos.edu\\\/colegio\\\/blog\\\/2023\\\/08\\\/30\\\/comunicacion-inicio-curso-5\\\/\"]}]},{\"@type\":\"BreadcrumbList\",\"@id\":\"https:\\\/\\\/alcala.salesianos.edu\\\/colegio\\\/blog\\\/2023\\\/08\\\/30\\\/comunicacion-inicio-curso-5\\\/#breadcrumb\",\"itemListElement\":[{\"@type\":\"ListItem\",\"position\":1,\"name\":\"Portada\",\"item\":\"https:\\\/\\\/alcala.salesianos.edu\\\/colegio\\\/\"},{\"@type\":\"ListItem\",\"position\":2,\"name\":\"Comunicaci\u00f3n &#8211; Inicio de curso\"}]},{\"@type\":\"WebSite\",\"@id\":\"https:\\\/\\\/alcala.salesianos.edu\\\/colegio\\\/#website\",\"url\":\"https:\\\/\\\/alcala.salesianos.edu\\\/colegio\\\/\",\"name\":\"Colegio Salesiano Alcal\u00e1\",\"description\":\"P\u00e1gina oficial de Salesianos Alcal\u00e1 de Guadaira\",\"potentialAction\":[{\"@type\":\"SearchAction\",\"target\":{\"@type\":\"EntryPoint\",\"urlTemplate\":\"https:\\\/\\\/alcala.salesianos.edu\\\/colegio\\\/?s={search_term_string}\"},\"query-input\":{\"@type\":\"PropertyValueSpecification\",\"valueRequired\":true,\"valueName\":\"search_term_string\"}}],\"inLanguage\":\"es\"},{\"@type\":\"Person\",\"@id\":\"https:\\\/\\\/alcala.salesianos.edu\\\/colegio\\\/#\\\/schema\\\/person\\\/afcc24f776dc91fc2bf9afb0998fca77\",\"name\":\"Administrador Web\",\"image\":{\"@type\":\"ImageObject\",\"inLanguage\":\"es\",\"@id\":\"https:\\\/\\\/secure.gravatar.com\\\/avatar\\\/bc157e994689bd6da9645c00aa3bc4d55b727915b6652642660db0aef086585f?s=96&d=mm&r=g\",\"url\":\"https:\\\/\\\/secure.gravatar.com\\\/avatar\\\/bc157e994689bd6da9645c00aa3bc4d55b727915b6652642660db0aef086585f?s=96&d=mm&r=g\",\"contentUrl\":\"https:\\\/\\\/secure.gravatar.com\\\/avatar\\\/bc157e994689bd6da9645c00aa3bc4d55b727915b6652642660db0aef086585f?s=96&d=mm&r=g\",\"caption\":\"Administrador Web\"}}]}<\/script>\n<!-- \/ Yoast SEO plugin. -->","yoast_head_json":{"title":"Comunicaci\u00f3n &#8211; Inicio de curso - Colegio Salesiano Alcal\u00e1","robots":{"index":"index","follow":"follow","max-snippet":"max-snippet:-1","max-image-preview":"max-image-preview:large","max-video-preview":"max-video-preview:-1"},"canonical":"https:\/\/alcala.salesianos.edu\/colegio\/blog\/2023\/08\/30\/comunicacion-inicio-curso-5\/","og_locale":"es_ES","og_type":"article","og_title":"Comunicaci\u00f3n &#8211; Inicio de curso - Colegio Salesiano Alcal\u00e1","og_description":"Les damos la bienvenida a este nuevo curso 2023 - 2024. A continuaci\u00f3n, en el siguiente espacio web les facilitamos informaci\u00f3n de inter\u00e9s relativa al inicio de curso.","og_url":"https:\/\/alcala.salesianos.edu\/colegio\/blog\/2023\/08\/30\/comunicacion-inicio-curso-5\/","og_site_name":"Colegio Salesiano Alcal\u00e1","article_published_time":"2023-08-30T16:01:38+00:00","article_modified_time":"2025-08-27T07:47:19+00:00","author":"Administrador Web","twitter_card":"summary_large_image","twitter_misc":{"Escrito por":"Administrador Web","Tiempo de lectura":"3 minutos"},"schema":{"@context":"https:\/\/schema.org","@graph":[{"@type":"Article","@id":"https:\/\/alcala.salesianos.edu\/colegio\/blog\/2023\/08\/30\/comunicacion-inicio-curso-5\/#article","isPartOf":{"@id":"https:\/\/alcala.salesianos.edu\/colegio\/blog\/2023\/08\/30\/comunicacion-inicio-curso-5\/"},"author":{"name":"Administrador Web","@id":"https:\/\/alcala.salesianos.edu\/colegio\/#\/schema\/person\/afcc24f776dc91fc2bf9afb0998fca77"},"headline":"Comunicaci\u00f3n &#8211; Inicio de curso","datePublished":"2023-08-30T16:01:38+00:00","dateModified":"2025-08-27T07:47:19+00:00","mainEntityOfPage":{"@id":"https:\/\/alcala.salesianos.edu\/colegio\/blog\/2023\/08\/30\/comunicacion-inicio-curso-5\/"},"wordCount":558,"articleSection":["Colegio","covid","Escuela abierta","FASA","Infantil","Pastoral","Portada","Primaria","Secundaria","Uncategorized"],"inLanguage":"es"},{"@type":"WebPage","@id":"https:\/\/alcala.salesianos.edu\/colegio\/blog\/2023\/08\/30\/comunicacion-inicio-curso-5\/","url":"https:\/\/alcala.salesianos.edu\/colegio\/blog\/2023\/08\/30\/comunicacion-inicio-curso-5\/","name":"Comunicaci\u00f3n &#8211; Inicio de curso - Colegio Salesiano Alcal\u00e1","isPartOf":{"@id":"https:\/\/alcala.salesianos.edu\/colegio\/#website"},"datePublished":"2023-08-30T16:01:38+00:00","dateModified":"2025-08-27T07:47:19+00:00","author":{"@id":"https:\/\/alcala.salesianos.edu\/colegio\/#\/schema\/person\/afcc24f776dc91fc2bf9afb0998fca77"},"breadcrumb":{"@id":"https:\/\/alcala.salesianos.edu\/colegio\/blog\/2023\/08\/30\/comunicacion-inicio-curso-5\/#breadcrumb"},"inLanguage":"es","potentialAction":[{"@type":"ReadAction","target":["https:\/\/alcala.salesianos.edu\/colegio\/blog\/2023\/08\/30\/comunicacion-inicio-curso-5\/"]}]},{"@type":"BreadcrumbList","@id":"https:\/\/alcala.salesianos.edu\/colegio\/blog\/2023\/08\/30\/comunicacion-inicio-curso-5\/#breadcrumb","itemListElement":[{"@type":"ListItem","position":1,"name":"Portada","item":"https:\/\/alcala.salesianos.edu\/colegio\/"},{"@type":"ListItem","position":2,"name":"Comunicaci\u00f3n &#8211; Inicio de curso"}]},{"@type":"WebSite","@id":"https:\/\/alcala.salesianos.edu\/colegio\/#website","url":"https:\/\/alcala.salesianos.edu\/colegio\/","name":"Colegio Salesiano Alcal\u00e1","description":"P\u00e1gina oficial de Salesianos Alcal\u00e1 de Guadaira","potentialAction":[{"@type":"SearchAction","target":{"@type":"EntryPoint","urlTemplate":"https:\/\/alcala.salesianos.edu\/colegio\/?s={search_term_string}"},"query-input":{"@type":"PropertyValueSpecification","valueRequired":true,"valueName":"search_term_string"}}],"inLanguage":"es"},{"@type":"Person","@id":"https:\/\/alcala.salesianos.edu\/colegio\/#\/schema\/person\/afcc24f776dc91fc2bf9afb0998fca77","name":"Administrador Web","image":{"@type":"ImageObject","inLanguage":"es","@id":"https:\/\/secure.gravatar.com\/avatar\/bc157e994689bd6da9645c00aa3bc4d55b727915b6652642660db0aef086585f?s=96&d=mm&r=g","url":"https:\/\/secure.gravatar.com\/avatar\/bc157e994689bd6da9645c00aa3bc4d55b727915b6652642660db0aef086585f?s=96&d=mm&r=g","contentUrl":"https:\/\/secure.gravatar.com\/avatar\/bc157e994689bd6da9645c00aa3bc4d55b727915b6652642660db0aef086585f?s=96&d=mm&r=g","caption":"Administrador Web"}}]}},"_links":{"self":[{"href":"https:\/\/alcala.salesianos.edu\/colegio\/wp-json\/wp\/v2\/posts\/15312","targetHints":{"allow":["GET"]}}],"collection":[{"href":"https:\/\/alcala.salesianos.edu\/colegio\/wp-json\/wp\/v2\/posts"}],"about":[{"href":"https:\/\/alcala.salesianos.edu\/colegio\/wp-json\/wp\/v2\/types\/post"}],"author":[{"embeddable":true,"href":"https:\/\/alcala.salesianos.edu\/colegio\/wp-json\/wp\/v2\/users\/2"}],"replies":[{"embeddable":true,"href":"https:\/\/alcala.salesianos.edu\/colegio\/wp-json\/wp\/v2\/comments?post=15312"}],"version-history":[{"count":1,"href":"https:\/\/alcala.salesianos.edu\/colegio\/wp-json\/wp\/v2\/posts\/15312\/revisions"}],"predecessor-version":[{"id":15318,"href":"https:\/\/alcala.salesianos.edu\/colegio\/wp-json\/wp\/v2\/posts\/15312\/revisions\/15318"}],"wp:attachment":[{"href":"https:\/\/alcala.salesianos.edu\/colegio\/wp-json\/wp\/v2\/media?parent=15312"}],"wp:term":[{"taxonomy":"category","embeddable":true,"href":"https:\/\/alcala.salesianos.edu\/colegio\/wp-json\/wp\/v2\/categories?post=15312"},{"taxonomy":"post_tag","embeddable":true,"href":"https:\/\/alcala.salesianos.edu\/colegio\/wp-json\/wp\/v2\/tags?post=15312"}],"curies":[{"name":"wp","href":"https:\/\/api.w.org\/{rel}","templated":true}]}}