{"id":15285,"date":"2023-08-06T17:07:16","date_gmt":"2023-08-06T16:07:16","guid":{"rendered":"https:\/\/alcala.salesianos.edu\/colegio\/blog\/2023\/08\/06\/antonio-gonzalez-pregonero-de-la-semana-santa-de-alcala-2024-3\/"},"modified":"2025-08-27T08:47:21","modified_gmt":"2025-08-27T07:47:21","slug":"antonio-gonzalez-pregonero-de-la-semana-santa-de-alcala-2024-3","status":"publish","type":"post","link":"https:\/\/alcala.salesianos.edu\/colegio\/blog\/2023\/08\/06\/antonio-gonzalez-pregonero-de-la-semana-santa-de-alcala-2024-3\/","title":{"rendered":"Antonio Gonz\u00e1lez pregonero de la Semana Santa de Alcal\u00e1 2024"},"content":{"rendered":"<div id=\"fb-root\"><\/div>\n<p>[et_pb_section fb_built=\u00bb1&#8243; admin_label=\u00bbsection\u00bb _builder_version=\u00bb4.16&#8243; global_colors_info=\u00bb{}\u00bb][et_pb_row admin_label=\u00bbrow\u00bb _builder_version=\u00bb4.16&#8243; background_size=\u00bbinitial\u00bb background_position=\u00bbtop_left\u00bb background_repeat=\u00bbrepeat\u00bb global_colors_info=\u00bb{}\u00bb][et_pb_column type=\u00bb4_4&#8243; _builder_version=\u00bb4.16&#8243; custom_padding=\u00bb|||\u00bb global_colors_info=\u00bb{}\u00bb custom_padding__hover=\u00bb|||\u00bb][et_pb_text _builder_version=\u00bb4.21.0&#8243; _module_preset=\u00bbdefault\u00bb hover_enabled=\u00bb0&#8243; sticky_enabled=\u00bb0&#8243;]<\/p>\n<p>El Consejo General de Hermandades y Cofrad\u00edas de nuestra localidad nombr\u00f3, a nuestro querido docente y salesiano cooperador, Don Antonio Gonz\u00e1lez Rodr\u00edguez, pregonero de la Semana Santa 2024.<\/p>\n<p>Don Antonio es educador comprometido de nuestra Casa. Tambi\u00e9n ha sido presidente la Asociaci\u00f3n de Mar\u00eda Auxiliadora y es hermano de la Hermandad del Rosario de nuestra Comunidad Educativa.<\/p>\n<p>A parte de su misi\u00f3n Pastoral en nuestra Casa, es una persona comprometida con la Evangelizaci\u00f3n de nuestra ciudad, ya que ha sido Comisionado de la Hermandad del Santo Entierro y miembro de varias Juntas de Gobierno de la sevillana Hermandad de los Servitas. En la actualidad es hermano de las Hermandades del Santo Entierro, Rosario, Servitas de Sevilla, Mar\u00eda Auxiliadora, Virgen del \u00c1guila, Roc\u00edo de Sevilla y Amargura.<\/p>\n<p>La Comunidad Educativa felicita a nuestro educador y maestro por su designaci\u00f3n y deseamos que el Preg\u00f3n de Semana Santa 2024 est\u00e9 lleno de momentos emotivos que ayuden a transmitir el mensaje evang\u00e9lico que promueve en nuestra Casa.<\/p>\n<p>\u00a1Enhorabuena!<\/p>\n<p>&nbsp;<\/p>\n<p>[\/et_pb_text][\/et_pb_column][\/et_pb_row][\/et_pb_section]<\/p>\n","protected":false},"excerpt":{"rendered":"<p>El Consejo General de Hermandades y Cofrad\u00edas nombr\u00f3, a nuestro querido docente y salesiano cooperador, Don Antonio Gonz\u00e1lez Rodr\u00edguez, pregonero de la Semana Santa 2024. <\/p>\n","protected":false},"author":2,"featured_media":15283,"comment_status":"closed","ping_status":"open","sticky":false,"template":"","format":"standard","meta":{"_et_pb_use_builder":"on","_et_pb_old_content":"","_et_gb_content_width":"","footnotes":""},"categories":[12,23,19,13,17,14,15,18,16,1],"tags":[],"class_list":["post-15285","post","type-post","status-publish","format-standard","has-post-thumbnail","hentry","category-colegio","category-covid","category-escuela-abierta","category-fasa","category-infantil","category-pastoral","category-portada","category-primaria","category-secundaria","category-uncategorized"],"yoast_head":"<!-- This site is optimized with the Yoast SEO plugin v28.3 - https:\/\/yoast.com\/product\/yoast-seo-wordpress\/ -->\n<title>Antonio Gonz\u00e1lez pregonero de la Semana Santa de Alcal\u00e1 2024 - Colegio Salesiano Alcal\u00e1<\/title>\n<meta name=\"robots\" content=\"index, follow, max-snippet:-1, max-image-preview:large, max-video-preview:-1\" \/>\n<link rel=\"canonical\" href=\"https:\/\/alcala.salesianos.edu\/colegio\/blog\/2023\/08\/06\/antonio-gonzalez-pregonero-de-la-semana-santa-de-alcala-2024-3\/\" \/>\n<meta property=\"og:locale\" content=\"es_ES\" \/>\n<meta property=\"og:type\" content=\"article\" \/>\n<meta property=\"og:title\" content=\"Antonio Gonz\u00e1lez pregonero de la Semana Santa de Alcal\u00e1 2024 - Colegio Salesiano Alcal\u00e1\" \/>\n<meta property=\"og:description\" content=\"El Consejo General de Hermandades y Cofrad\u00edas nombr\u00f3, a nuestro querido docente y salesiano cooperador, Don Antonio Gonz\u00e1lez Rodr\u00edguez, pregonero de la Semana Santa 2024.\" \/>\n<meta property=\"og:url\" content=\"https:\/\/alcala.salesianos.edu\/colegio\/blog\/2023\/08\/06\/antonio-gonzalez-pregonero-de-la-semana-santa-de-alcala-2024-3\/\" \/>\n<meta property=\"og:site_name\" content=\"Colegio Salesiano Alcal\u00e1\" \/>\n<meta property=\"article:published_time\" content=\"2023-08-06T16:07:16+00:00\" \/>\n<meta property=\"article:modified_time\" content=\"2025-08-27T07:47:21+00:00\" \/>\n<meta property=\"og:image\" content=\"https:\/\/alcala.salesianos.edu\/colegio\/wp-content\/uploads\/sites\/2\/2023\/08\/adma.jpg\" \/>\n\t<meta property=\"og:image:width\" content=\"600\" \/>\n\t<meta property=\"og:image:height\" content=\"900\" \/>\n\t<meta property=\"og:image:type\" content=\"image\/jpeg\" \/>\n<meta name=\"author\" content=\"Administrador Web\" \/>\n<meta name=\"twitter:card\" content=\"summary_large_image\" \/>\n<meta name=\"twitter:label1\" content=\"Escrito por\" \/>\n\t<meta name=\"twitter:data1\" content=\"Administrador Web\" \/>\n\t<meta name=\"twitter:label2\" content=\"Tiempo de lectura\" \/>\n\t<meta name=\"twitter:data2\" content=\"1 minuto\" \/>\n<script type=\"application\/ld+json\" class=\"yoast-schema-graph\">{\"@context\":\"https:\\\/\\\/schema.org\",\"@graph\":[{\"@type\":\"Article\",\"@id\":\"https:\\\/\\\/alcala.salesianos.edu\\\/colegio\\\/blog\\\/2023\\\/08\\\/06\\\/antonio-gonzalez-pregonero-de-la-semana-santa-de-alcala-2024-3\\\/#article\",\"isPartOf\":{\"@id\":\"https:\\\/\\\/alcala.salesianos.edu\\\/colegio\\\/blog\\\/2023\\\/08\\\/06\\\/antonio-gonzalez-pregonero-de-la-semana-santa-de-alcala-2024-3\\\/\"},\"author\":{\"name\":\"Administrador Web\",\"@id\":\"https:\\\/\\\/alcala.salesianos.edu\\\/colegio\\\/#\\\/schema\\\/person\\\/afcc24f776dc91fc2bf9afb0998fca77\"},\"headline\":\"Antonio Gonz\u00e1lez pregonero de la Semana Santa de Alcal\u00e1 2024\",\"datePublished\":\"2023-08-06T16:07:16+00:00\",\"dateModified\":\"2025-08-27T07:47:21+00:00\",\"mainEntityOfPage\":{\"@id\":\"https:\\\/\\\/alcala.salesianos.edu\\\/colegio\\\/blog\\\/2023\\\/08\\\/06\\\/antonio-gonzalez-pregonero-de-la-semana-santa-de-alcala-2024-3\\\/\"},\"wordCount\":259,\"image\":{\"@id\":\"https:\\\/\\\/alcala.salesianos.edu\\\/colegio\\\/blog\\\/2023\\\/08\\\/06\\\/antonio-gonzalez-pregonero-de-la-semana-santa-de-alcala-2024-3\\\/#primaryimage\"},\"thumbnailUrl\":\"https:\\\/\\\/alcala.salesianos.edu\\\/colegio\\\/wp-content\\\/uploads\\\/sites\\\/2\\\/2023\\\/08\\\/adma.jpg\",\"articleSection\":[\"Colegio\",\"covid\",\"Escuela abierta\",\"FASA\",\"Infantil\",\"Pastoral\",\"Portada\",\"Primaria\",\"Secundaria\",\"Uncategorized\"],\"inLanguage\":\"es\"},{\"@type\":\"WebPage\",\"@id\":\"https:\\\/\\\/alcala.salesianos.edu\\\/colegio\\\/blog\\\/2023\\\/08\\\/06\\\/antonio-gonzalez-pregonero-de-la-semana-santa-de-alcala-2024-3\\\/\",\"url\":\"https:\\\/\\\/alcala.salesianos.edu\\\/colegio\\\/blog\\\/2023\\\/08\\\/06\\\/antonio-gonzalez-pregonero-de-la-semana-santa-de-alcala-2024-3\\\/\",\"name\":\"Antonio Gonz\u00e1lez pregonero de la Semana Santa de Alcal\u00e1 2024 - Colegio Salesiano Alcal\u00e1\",\"isPartOf\":{\"@id\":\"https:\\\/\\\/alcala.salesianos.edu\\\/colegio\\\/#website\"},\"primaryImageOfPage\":{\"@id\":\"https:\\\/\\\/alcala.salesianos.edu\\\/colegio\\\/blog\\\/2023\\\/08\\\/06\\\/antonio-gonzalez-pregonero-de-la-semana-santa-de-alcala-2024-3\\\/#primaryimage\"},\"image\":{\"@id\":\"https:\\\/\\\/alcala.salesianos.edu\\\/colegio\\\/blog\\\/2023\\\/08\\\/06\\\/antonio-gonzalez-pregonero-de-la-semana-santa-de-alcala-2024-3\\\/#primaryimage\"},\"thumbnailUrl\":\"https:\\\/\\\/alcala.salesianos.edu\\\/colegio\\\/wp-content\\\/uploads\\\/sites\\\/2\\\/2023\\\/08\\\/adma.jpg\",\"datePublished\":\"2023-08-06T16:07:16+00:00\",\"dateModified\":\"2025-08-27T07:47:21+00:00\",\"author\":{\"@id\":\"https:\\\/\\\/alcala.salesianos.edu\\\/colegio\\\/#\\\/schema\\\/person\\\/afcc24f776dc91fc2bf9afb0998fca77\"},\"breadcrumb\":{\"@id\":\"https:\\\/\\\/alcala.salesianos.edu\\\/colegio\\\/blog\\\/2023\\\/08\\\/06\\\/antonio-gonzalez-pregonero-de-la-semana-santa-de-alcala-2024-3\\\/#breadcrumb\"},\"inLanguage\":\"es\",\"potentialAction\":[{\"@type\":\"ReadAction\",\"target\":[\"https:\\\/\\\/alcala.salesianos.edu\\\/colegio\\\/blog\\\/2023\\\/08\\\/06\\\/antonio-gonzalez-pregonero-de-la-semana-santa-de-alcala-2024-3\\\/\"]}]},{\"@type\":\"ImageObject\",\"inLanguage\":\"es\",\"@id\":\"https:\\\/\\\/alcala.salesianos.edu\\\/colegio\\\/blog\\\/2023\\\/08\\\/06\\\/antonio-gonzalez-pregonero-de-la-semana-santa-de-alcala-2024-3\\\/#primaryimage\",\"url\":\"https:\\\/\\\/alcala.salesianos.edu\\\/colegio\\\/wp-content\\\/uploads\\\/sites\\\/2\\\/2023\\\/08\\\/adma.jpg\",\"contentUrl\":\"https:\\\/\\\/alcala.salesianos.edu\\\/colegio\\\/wp-content\\\/uploads\\\/sites\\\/2\\\/2023\\\/08\\\/adma.jpg\",\"width\":600,\"height\":900},{\"@type\":\"BreadcrumbList\",\"@id\":\"https:\\\/\\\/alcala.salesianos.edu\\\/colegio\\\/blog\\\/2023\\\/08\\\/06\\\/antonio-gonzalez-pregonero-de-la-semana-santa-de-alcala-2024-3\\\/#breadcrumb\",\"itemListElement\":[{\"@type\":\"ListItem\",\"position\":1,\"name\":\"Portada\",\"item\":\"https:\\\/\\\/alcala.salesianos.edu\\\/colegio\\\/\"},{\"@type\":\"ListItem\",\"position\":2,\"name\":\"Antonio Gonz\u00e1lez pregonero de la Semana Santa de Alcal\u00e1 2024\"}]},{\"@type\":\"WebSite\",\"@id\":\"https:\\\/\\\/alcala.salesianos.edu\\\/colegio\\\/#website\",\"url\":\"https:\\\/\\\/alcala.salesianos.edu\\\/colegio\\\/\",\"name\":\"Colegio Salesiano Alcal\u00e1\",\"description\":\"P\u00e1gina oficial de Salesianos Alcal\u00e1 de Guadaira\",\"potentialAction\":[{\"@type\":\"SearchAction\",\"target\":{\"@type\":\"EntryPoint\",\"urlTemplate\":\"https:\\\/\\\/alcala.salesianos.edu\\\/colegio\\\/?s={search_term_string}\"},\"query-input\":{\"@type\":\"PropertyValueSpecification\",\"valueRequired\":true,\"valueName\":\"search_term_string\"}}],\"inLanguage\":\"es\"},{\"@type\":\"Person\",\"@id\":\"https:\\\/\\\/alcala.salesianos.edu\\\/colegio\\\/#\\\/schema\\\/person\\\/afcc24f776dc91fc2bf9afb0998fca77\",\"name\":\"Administrador Web\",\"image\":{\"@type\":\"ImageObject\",\"inLanguage\":\"es\",\"@id\":\"https:\\\/\\\/secure.gravatar.com\\\/avatar\\\/bc157e994689bd6da9645c00aa3bc4d55b727915b6652642660db0aef086585f?s=96&d=mm&r=g\",\"url\":\"https:\\\/\\\/secure.gravatar.com\\\/avatar\\\/bc157e994689bd6da9645c00aa3bc4d55b727915b6652642660db0aef086585f?s=96&d=mm&r=g\",\"contentUrl\":\"https:\\\/\\\/secure.gravatar.com\\\/avatar\\\/bc157e994689bd6da9645c00aa3bc4d55b727915b6652642660db0aef086585f?s=96&d=mm&r=g\",\"caption\":\"Administrador Web\"}}]}<\/script>\n<!-- \/ Yoast SEO plugin. -->","yoast_head_json":{"title":"Antonio Gonz\u00e1lez pregonero de la Semana Santa de Alcal\u00e1 2024 - Colegio Salesiano Alcal\u00e1","robots":{"index":"index","follow":"follow","max-snippet":"max-snippet:-1","max-image-preview":"max-image-preview:large","max-video-preview":"max-video-preview:-1"},"canonical":"https:\/\/alcala.salesianos.edu\/colegio\/blog\/2023\/08\/06\/antonio-gonzalez-pregonero-de-la-semana-santa-de-alcala-2024-3\/","og_locale":"es_ES","og_type":"article","og_title":"Antonio Gonz\u00e1lez pregonero de la Semana Santa de Alcal\u00e1 2024 - Colegio Salesiano Alcal\u00e1","og_description":"El Consejo General de Hermandades y Cofrad\u00edas nombr\u00f3, a nuestro querido docente y salesiano cooperador, Don Antonio Gonz\u00e1lez Rodr\u00edguez, pregonero de la Semana Santa 2024.","og_url":"https:\/\/alcala.salesianos.edu\/colegio\/blog\/2023\/08\/06\/antonio-gonzalez-pregonero-de-la-semana-santa-de-alcala-2024-3\/","og_site_name":"Colegio Salesiano Alcal\u00e1","article_published_time":"2023-08-06T16:07:16+00:00","article_modified_time":"2025-08-27T07:47:21+00:00","og_image":[{"width":600,"height":900,"url":"https:\/\/alcala.salesianos.edu\/colegio\/wp-content\/uploads\/sites\/2\/2023\/08\/adma.jpg","type":"image\/jpeg"}],"author":"Administrador Web","twitter_card":"summary_large_image","twitter_misc":{"Escrito por":"Administrador Web","Tiempo de lectura":"1 minuto"},"schema":{"@context":"https:\/\/schema.org","@graph":[{"@type":"Article","@id":"https:\/\/alcala.salesianos.edu\/colegio\/blog\/2023\/08\/06\/antonio-gonzalez-pregonero-de-la-semana-santa-de-alcala-2024-3\/#article","isPartOf":{"@id":"https:\/\/alcala.salesianos.edu\/colegio\/blog\/2023\/08\/06\/antonio-gonzalez-pregonero-de-la-semana-santa-de-alcala-2024-3\/"},"author":{"name":"Administrador Web","@id":"https:\/\/alcala.salesianos.edu\/colegio\/#\/schema\/person\/afcc24f776dc91fc2bf9afb0998fca77"},"headline":"Antonio Gonz\u00e1lez pregonero de la Semana Santa de Alcal\u00e1 2024","datePublished":"2023-08-06T16:07:16+00:00","dateModified":"2025-08-27T07:47:21+00:00","mainEntityOfPage":{"@id":"https:\/\/alcala.salesianos.edu\/colegio\/blog\/2023\/08\/06\/antonio-gonzalez-pregonero-de-la-semana-santa-de-alcala-2024-3\/"},"wordCount":259,"image":{"@id":"https:\/\/alcala.salesianos.edu\/colegio\/blog\/2023\/08\/06\/antonio-gonzalez-pregonero-de-la-semana-santa-de-alcala-2024-3\/#primaryimage"},"thumbnailUrl":"https:\/\/alcala.salesianos.edu\/colegio\/wp-content\/uploads\/sites\/2\/2023\/08\/adma.jpg","articleSection":["Colegio","covid","Escuela abierta","FASA","Infantil","Pastoral","Portada","Primaria","Secundaria","Uncategorized"],"inLanguage":"es"},{"@type":"WebPage","@id":"https:\/\/alcala.salesianos.edu\/colegio\/blog\/2023\/08\/06\/antonio-gonzalez-pregonero-de-la-semana-santa-de-alcala-2024-3\/","url":"https:\/\/alcala.salesianos.edu\/colegio\/blog\/2023\/08\/06\/antonio-gonzalez-pregonero-de-la-semana-santa-de-alcala-2024-3\/","name":"Antonio Gonz\u00e1lez pregonero de la Semana Santa de Alcal\u00e1 2024 - Colegio Salesiano Alcal\u00e1","isPartOf":{"@id":"https:\/\/alcala.salesianos.edu\/colegio\/#website"},"primaryImageOfPage":{"@id":"https:\/\/alcala.salesianos.edu\/colegio\/blog\/2023\/08\/06\/antonio-gonzalez-pregonero-de-la-semana-santa-de-alcala-2024-3\/#primaryimage"},"image":{"@id":"https:\/\/alcala.salesianos.edu\/colegio\/blog\/2023\/08\/06\/antonio-gonzalez-pregonero-de-la-semana-santa-de-alcala-2024-3\/#primaryimage"},"thumbnailUrl":"https:\/\/alcala.salesianos.edu\/colegio\/wp-content\/uploads\/sites\/2\/2023\/08\/adma.jpg","datePublished":"2023-08-06T16:07:16+00:00","dateModified":"2025-08-27T07:47:21+00:00","author":{"@id":"https:\/\/alcala.salesianos.edu\/colegio\/#\/schema\/person\/afcc24f776dc91fc2bf9afb0998fca77"},"breadcrumb":{"@id":"https:\/\/alcala.salesianos.edu\/colegio\/blog\/2023\/08\/06\/antonio-gonzalez-pregonero-de-la-semana-santa-de-alcala-2024-3\/#breadcrumb"},"inLanguage":"es","potentialAction":[{"@type":"ReadAction","target":["https:\/\/alcala.salesianos.edu\/colegio\/blog\/2023\/08\/06\/antonio-gonzalez-pregonero-de-la-semana-santa-de-alcala-2024-3\/"]}]},{"@type":"ImageObject","inLanguage":"es","@id":"https:\/\/alcala.salesianos.edu\/colegio\/blog\/2023\/08\/06\/antonio-gonzalez-pregonero-de-la-semana-santa-de-alcala-2024-3\/#primaryimage","url":"https:\/\/alcala.salesianos.edu\/colegio\/wp-content\/uploads\/sites\/2\/2023\/08\/adma.jpg","contentUrl":"https:\/\/alcala.salesianos.edu\/colegio\/wp-content\/uploads\/sites\/2\/2023\/08\/adma.jpg","width":600,"height":900},{"@type":"BreadcrumbList","@id":"https:\/\/alcala.salesianos.edu\/colegio\/blog\/2023\/08\/06\/antonio-gonzalez-pregonero-de-la-semana-santa-de-alcala-2024-3\/#breadcrumb","itemListElement":[{"@type":"ListItem","position":1,"name":"Portada","item":"https:\/\/alcala.salesianos.edu\/colegio\/"},{"@type":"ListItem","position":2,"name":"Antonio Gonz\u00e1lez pregonero de la Semana Santa de Alcal\u00e1 2024"}]},{"@type":"WebSite","@id":"https:\/\/alcala.salesianos.edu\/colegio\/#website","url":"https:\/\/alcala.salesianos.edu\/colegio\/","name":"Colegio Salesiano Alcal\u00e1","description":"P\u00e1gina oficial de Salesianos Alcal\u00e1 de Guadaira","potentialAction":[{"@type":"SearchAction","target":{"@type":"EntryPoint","urlTemplate":"https:\/\/alcala.salesianos.edu\/colegio\/?s={search_term_string}"},"query-input":{"@type":"PropertyValueSpecification","valueRequired":true,"valueName":"search_term_string"}}],"inLanguage":"es"},{"@type":"Person","@id":"https:\/\/alcala.salesianos.edu\/colegio\/#\/schema\/person\/afcc24f776dc91fc2bf9afb0998fca77","name":"Administrador Web","image":{"@type":"ImageObject","inLanguage":"es","@id":"https:\/\/secure.gravatar.com\/avatar\/bc157e994689bd6da9645c00aa3bc4d55b727915b6652642660db0aef086585f?s=96&d=mm&r=g","url":"https:\/\/secure.gravatar.com\/avatar\/bc157e994689bd6da9645c00aa3bc4d55b727915b6652642660db0aef086585f?s=96&d=mm&r=g","contentUrl":"https:\/\/secure.gravatar.com\/avatar\/bc157e994689bd6da9645c00aa3bc4d55b727915b6652642660db0aef086585f?s=96&d=mm&r=g","caption":"Administrador Web"}}]}},"_links":{"self":[{"href":"https:\/\/alcala.salesianos.edu\/colegio\/wp-json\/wp\/v2\/posts\/15285","targetHints":{"allow":["GET"]}}],"collection":[{"href":"https:\/\/alcala.salesianos.edu\/colegio\/wp-json\/wp\/v2\/posts"}],"about":[{"href":"https:\/\/alcala.salesianos.edu\/colegio\/wp-json\/wp\/v2\/types\/post"}],"author":[{"embeddable":true,"href":"https:\/\/alcala.salesianos.edu\/colegio\/wp-json\/wp\/v2\/users\/2"}],"replies":[{"embeddable":true,"href":"https:\/\/alcala.salesianos.edu\/colegio\/wp-json\/wp\/v2\/comments?post=15285"}],"version-history":[{"count":1,"href":"https:\/\/alcala.salesianos.edu\/colegio\/wp-json\/wp\/v2\/posts\/15285\/revisions"}],"predecessor-version":[{"id":16612,"href":"https:\/\/alcala.salesianos.edu\/colegio\/wp-json\/wp\/v2\/posts\/15285\/revisions\/16612"}],"wp:featuredmedia":[{"embeddable":true,"href":"https:\/\/alcala.salesianos.edu\/colegio\/wp-json\/wp\/v2\/media\/15283"}],"wp:attachment":[{"href":"https:\/\/alcala.salesianos.edu\/colegio\/wp-json\/wp\/v2\/media?parent=15285"}],"wp:term":[{"taxonomy":"category","embeddable":true,"href":"https:\/\/alcala.salesianos.edu\/colegio\/wp-json\/wp\/v2\/categories?post=15285"},{"taxonomy":"post_tag","embeddable":true,"href":"https:\/\/alcala.salesianos.edu\/colegio\/wp-json\/wp\/v2\/tags?post=15285"}],"curies":[{"name":"wp","href":"https:\/\/api.w.org\/{rel}","templated":true}]}}