{"id":15228,"date":"2023-06-09T07:22:10","date_gmt":"2023-06-09T06:22:10","guid":{"rendered":"https:\/\/alcala.salesianos.edu\/colegio\/blog\/2023\/06\/09\/musical-don-bosco-2\/"},"modified":"2025-08-27T08:47:22","modified_gmt":"2025-08-27T07:47:22","slug":"musical-don-bosco-2","status":"publish","type":"post","link":"https:\/\/alcala.salesianos.edu\/colegio\/blog\/2023\/06\/09\/musical-don-bosco-2\/","title":{"rendered":"\u00c9xito del musical Don Bosco de nuestra Casa"},"content":{"rendered":"<div id=\"fb-root\"><\/div>\n<p>[et_pb_section fb_built=\u00bb1&#8243; admin_label=\u00bbsection\u00bb _builder_version=\u00bb4.16&#8243; global_colors_info=\u00bb{}\u00bb][et_pb_row admin_label=\u00bbrow\u00bb _builder_version=\u00bb4.16&#8243; background_size=\u00bbinitial\u00bb background_position=\u00bbtop_left\u00bb background_repeat=\u00bbrepeat\u00bb global_colors_info=\u00bb{}\u00bb][et_pb_column type=\u00bb4_4&#8243; _builder_version=\u00bb4.16&#8243; custom_padding=\u00bb|||\u00bb global_colors_info=\u00bb{}\u00bb custom_padding__hover=\u00bb|||\u00bb][et_pb_text _builder_version=\u00bb4.21.0&#8243; _module_preset=\u00bbdefault\u00bb hover_enabled=\u00bb0&#8243; sticky_enabled=\u00bb0&#8243;]<\/p>\n<p>Enhorabuena a todos los participantes en el musical de Don Bosco que se represent\u00f3 en el Teatro Guti\u00e9rrez de Alba de Alcal\u00e1 de Guada\u00edra. Fue un evento emocionante y lleno de alegr\u00eda salesiana que logr\u00f3 transmitir la vida y los valores de Don Bosco a todos los espectadores.<\/p>\n<p>Bajo la direcci\u00f3n de Don Julio \u00c1lvarez, un profesor jubilado del colegio y amante del teatro, el elenco compuesto por profesores, antiguos alumnos y alumnos de primaria y secundaria del colegio salesiano de Alcal\u00e1, trabajaron arduamente durante muchos d\u00edas de ensayo y largas tardes de preparaci\u00f3n.<\/p>\n<p>La obra represent\u00f3 los pasajes m\u00e1s significativos de la vida de Don Bosco, desde las dificultades econ\u00f3micas de su familia y sus problemas con su hermano Antonio, hasta su encuentro con Don Caloso, el sue\u00f1o de los 9 a\u00f1os, el milagro de las casta\u00f1as, la ayuda de la marquesa de Barolo, la protecci\u00f3n de Gris, el perro que siempre aparec\u00eda cuando lo necesitaba, los paseos con los ni\u00f1os de la c\u00e1rcel para que pudieran disfrutar de tardes de libertad, los comienzos del oratorio con Bartolom\u00e9 Garelli y Pinardi, y la entrega de Mam\u00e1 Margarita a la obra de su hijo.<\/p>\n<p>El esfuerzo y la dedicaci\u00f3n de todos los participantes se reflejaron en la actuaci\u00f3n, donde cantaron, bailaron y actuaron como verdaderos artistas. Los aplausos y las felicitaciones por parte de los espectadores fueron una prueba del \u00e9xito de la representaci\u00f3n.<\/p>\n<p>Una vez m\u00e1s, enhorabuena a todos los involucrados en este maravilloso musical de Don Bosco. Vuestra pasi\u00f3n y dedicaci\u00f3n han dejado una huella duradera en la comunidad y han difundido los valores salesianos a trav\u00e9s del arte.<\/p>\n<p>[\/et_pb_text][\/et_pb_column][\/et_pb_row][et_pb_row _builder_version=\u00bb4.21.0&#8243; _module_preset=\u00bbdefault\u00bb][et_pb_column _builder_version=\u00bb4.21.0&#8243; _module_preset=\u00bbdefault\u00bb type=\u00bb4_4&#8243;][et_pb_gallery _builder_version=\u00bb4.21.0&#8243; _module_preset=\u00bbdefault\u00bb gallery_ids=\u00bb11439,11438,11437,11436,11435,11434,11433&#8243; show_title_and_caption=\u00bboff\u00bb hover_enabled=\u00bb0&#8243; sticky_enabled=\u00bb0&#8243;][\/et_pb_gallery][\/et_pb_column][\/et_pb_row][\/et_pb_section]<\/p>\n","protected":false},"excerpt":{"rendered":"<p>Bajo la direcci\u00f3n de Don Julio \u00c1lvarez, un profesor jubilado del colegio y amante del teatro, el elenco compuesto por profesores, antiguos alumnos y alumnos de primaria y secundaria del colegio salesiano de Alcal\u00e1.<\/p>\n","protected":false},"author":2,"featured_media":0,"comment_status":"closed","ping_status":"open","sticky":false,"template":"","format":"standard","meta":{"_et_pb_use_builder":"on","_et_pb_old_content":"","_et_gb_content_width":"","footnotes":""},"categories":[12,23,13,17,14,15,18,16,1],"tags":[],"class_list":["post-15228","post","type-post","status-publish","format-standard","hentry","category-colegio","category-covid","category-fasa","category-infantil","category-pastoral","category-portada","category-primaria","category-secundaria","category-uncategorized"],"yoast_head":"<!-- This site is optimized with the Yoast SEO plugin v28.3 - https:\/\/yoast.com\/product\/yoast-seo-wordpress\/ -->\n<title>\u00c9xito del musical Don Bosco de nuestra Casa - Colegio Salesiano Alcal\u00e1<\/title>\n<meta name=\"description\" content=\"Bajo la direcci\u00f3n de Don Julio \u00c1lvarez el elenco compuesto por profesores, antiguos alumnos y alumnos de nuestra Casa.\" \/>\n<meta name=\"robots\" content=\"index, follow, max-snippet:-1, max-image-preview:large, max-video-preview:-1\" \/>\n<link rel=\"canonical\" href=\"https:\/\/alcala.salesianos.edu\/colegio\/blog\/2023\/06\/09\/musical-don-bosco-2\/\" \/>\n<meta property=\"og:locale\" content=\"es_ES\" \/>\n<meta property=\"og:type\" content=\"article\" \/>\n<meta property=\"og:title\" content=\"\u00c9xito del musical Don Bosco de nuestra Casa - Colegio Salesiano Alcal\u00e1\" \/>\n<meta property=\"og:description\" content=\"Bajo la direcci\u00f3n de Don Julio \u00c1lvarez el elenco compuesto por profesores, antiguos alumnos y alumnos de nuestra Casa.\" \/>\n<meta property=\"og:url\" content=\"https:\/\/alcala.salesianos.edu\/colegio\/blog\/2023\/06\/09\/musical-don-bosco-2\/\" \/>\n<meta property=\"og:site_name\" content=\"Colegio Salesiano Alcal\u00e1\" \/>\n<meta property=\"article:published_time\" content=\"2023-06-09T06:22:10+00:00\" \/>\n<meta property=\"article:modified_time\" content=\"2025-08-27T07:47:22+00:00\" \/>\n<meta name=\"author\" content=\"Administrador Web\" \/>\n<meta name=\"twitter:card\" content=\"summary_large_image\" \/>\n<meta name=\"twitter:label1\" content=\"Escrito por\" \/>\n\t<meta name=\"twitter:data1\" content=\"Administrador Web\" \/>\n\t<meta name=\"twitter:label2\" content=\"Tiempo de lectura\" \/>\n\t<meta name=\"twitter:data2\" content=\"2 minutos\" \/>\n<script type=\"application\/ld+json\" class=\"yoast-schema-graph\">{\"@context\":\"https:\\\/\\\/schema.org\",\"@graph\":[{\"@type\":\"Article\",\"@id\":\"https:\\\/\\\/alcala.salesianos.edu\\\/colegio\\\/blog\\\/2023\\\/06\\\/09\\\/musical-don-bosco-2\\\/#article\",\"isPartOf\":{\"@id\":\"https:\\\/\\\/alcala.salesianos.edu\\\/colegio\\\/blog\\\/2023\\\/06\\\/09\\\/musical-don-bosco-2\\\/\"},\"author\":{\"name\":\"Administrador Web\",\"@id\":\"https:\\\/\\\/alcala.salesianos.edu\\\/colegio\\\/#\\\/schema\\\/person\\\/afcc24f776dc91fc2bf9afb0998fca77\"},\"headline\":\"\u00c9xito del musical Don Bosco de nuestra Casa\",\"datePublished\":\"2023-06-09T06:22:10+00:00\",\"dateModified\":\"2025-08-27T07:47:22+00:00\",\"mainEntityOfPage\":{\"@id\":\"https:\\\/\\\/alcala.salesianos.edu\\\/colegio\\\/blog\\\/2023\\\/06\\\/09\\\/musical-don-bosco-2\\\/\"},\"wordCount\":417,\"articleSection\":[\"Colegio\",\"covid\",\"FASA\",\"Infantil\",\"Pastoral\",\"Portada\",\"Primaria\",\"Secundaria\",\"Uncategorized\"],\"inLanguage\":\"es\"},{\"@type\":\"WebPage\",\"@id\":\"https:\\\/\\\/alcala.salesianos.edu\\\/colegio\\\/blog\\\/2023\\\/06\\\/09\\\/musical-don-bosco-2\\\/\",\"url\":\"https:\\\/\\\/alcala.salesianos.edu\\\/colegio\\\/blog\\\/2023\\\/06\\\/09\\\/musical-don-bosco-2\\\/\",\"name\":\"\u00c9xito del musical Don Bosco de nuestra Casa - Colegio Salesiano Alcal\u00e1\",\"isPartOf\":{\"@id\":\"https:\\\/\\\/alcala.salesianos.edu\\\/colegio\\\/#website\"},\"datePublished\":\"2023-06-09T06:22:10+00:00\",\"dateModified\":\"2025-08-27T07:47:22+00:00\",\"author\":{\"@id\":\"https:\\\/\\\/alcala.salesianos.edu\\\/colegio\\\/#\\\/schema\\\/person\\\/afcc24f776dc91fc2bf9afb0998fca77\"},\"description\":\"Bajo la direcci\u00f3n de Don Julio \u00c1lvarez el elenco compuesto por profesores, antiguos alumnos y alumnos de nuestra Casa.\",\"breadcrumb\":{\"@id\":\"https:\\\/\\\/alcala.salesianos.edu\\\/colegio\\\/blog\\\/2023\\\/06\\\/09\\\/musical-don-bosco-2\\\/#breadcrumb\"},\"inLanguage\":\"es\",\"potentialAction\":[{\"@type\":\"ReadAction\",\"target\":[\"https:\\\/\\\/alcala.salesianos.edu\\\/colegio\\\/blog\\\/2023\\\/06\\\/09\\\/musical-don-bosco-2\\\/\"]}]},{\"@type\":\"BreadcrumbList\",\"@id\":\"https:\\\/\\\/alcala.salesianos.edu\\\/colegio\\\/blog\\\/2023\\\/06\\\/09\\\/musical-don-bosco-2\\\/#breadcrumb\",\"itemListElement\":[{\"@type\":\"ListItem\",\"position\":1,\"name\":\"Portada\",\"item\":\"https:\\\/\\\/alcala.salesianos.edu\\\/colegio\\\/\"},{\"@type\":\"ListItem\",\"position\":2,\"name\":\"\u00c9xito del musical Don Bosco de nuestra Casa\"}]},{\"@type\":\"WebSite\",\"@id\":\"https:\\\/\\\/alcala.salesianos.edu\\\/colegio\\\/#website\",\"url\":\"https:\\\/\\\/alcala.salesianos.edu\\\/colegio\\\/\",\"name\":\"Colegio Salesiano Alcal\u00e1\",\"description\":\"P\u00e1gina oficial de Salesianos Alcal\u00e1 de Guadaira\",\"potentialAction\":[{\"@type\":\"SearchAction\",\"target\":{\"@type\":\"EntryPoint\",\"urlTemplate\":\"https:\\\/\\\/alcala.salesianos.edu\\\/colegio\\\/?s={search_term_string}\"},\"query-input\":{\"@type\":\"PropertyValueSpecification\",\"valueRequired\":true,\"valueName\":\"search_term_string\"}}],\"inLanguage\":\"es\"},{\"@type\":\"Person\",\"@id\":\"https:\\\/\\\/alcala.salesianos.edu\\\/colegio\\\/#\\\/schema\\\/person\\\/afcc24f776dc91fc2bf9afb0998fca77\",\"name\":\"Administrador Web\",\"image\":{\"@type\":\"ImageObject\",\"inLanguage\":\"es\",\"@id\":\"https:\\\/\\\/secure.gravatar.com\\\/avatar\\\/bc157e994689bd6da9645c00aa3bc4d55b727915b6652642660db0aef086585f?s=96&d=mm&r=g\",\"url\":\"https:\\\/\\\/secure.gravatar.com\\\/avatar\\\/bc157e994689bd6da9645c00aa3bc4d55b727915b6652642660db0aef086585f?s=96&d=mm&r=g\",\"contentUrl\":\"https:\\\/\\\/secure.gravatar.com\\\/avatar\\\/bc157e994689bd6da9645c00aa3bc4d55b727915b6652642660db0aef086585f?s=96&d=mm&r=g\",\"caption\":\"Administrador Web\"}}]}<\/script>\n<!-- \/ Yoast SEO plugin. -->","yoast_head_json":{"title":"\u00c9xito del musical Don Bosco de nuestra Casa - Colegio Salesiano Alcal\u00e1","description":"Bajo la direcci\u00f3n de Don Julio \u00c1lvarez el elenco compuesto por profesores, antiguos alumnos y alumnos de nuestra Casa.","robots":{"index":"index","follow":"follow","max-snippet":"max-snippet:-1","max-image-preview":"max-image-preview:large","max-video-preview":"max-video-preview:-1"},"canonical":"https:\/\/alcala.salesianos.edu\/colegio\/blog\/2023\/06\/09\/musical-don-bosco-2\/","og_locale":"es_ES","og_type":"article","og_title":"\u00c9xito del musical Don Bosco de nuestra Casa - Colegio Salesiano Alcal\u00e1","og_description":"Bajo la direcci\u00f3n de Don Julio \u00c1lvarez el elenco compuesto por profesores, antiguos alumnos y alumnos de nuestra Casa.","og_url":"https:\/\/alcala.salesianos.edu\/colegio\/blog\/2023\/06\/09\/musical-don-bosco-2\/","og_site_name":"Colegio Salesiano Alcal\u00e1","article_published_time":"2023-06-09T06:22:10+00:00","article_modified_time":"2025-08-27T07:47:22+00:00","author":"Administrador Web","twitter_card":"summary_large_image","twitter_misc":{"Escrito por":"Administrador Web","Tiempo de lectura":"2 minutos"},"schema":{"@context":"https:\/\/schema.org","@graph":[{"@type":"Article","@id":"https:\/\/alcala.salesianos.edu\/colegio\/blog\/2023\/06\/09\/musical-don-bosco-2\/#article","isPartOf":{"@id":"https:\/\/alcala.salesianos.edu\/colegio\/blog\/2023\/06\/09\/musical-don-bosco-2\/"},"author":{"name":"Administrador Web","@id":"https:\/\/alcala.salesianos.edu\/colegio\/#\/schema\/person\/afcc24f776dc91fc2bf9afb0998fca77"},"headline":"\u00c9xito del musical Don Bosco de nuestra Casa","datePublished":"2023-06-09T06:22:10+00:00","dateModified":"2025-08-27T07:47:22+00:00","mainEntityOfPage":{"@id":"https:\/\/alcala.salesianos.edu\/colegio\/blog\/2023\/06\/09\/musical-don-bosco-2\/"},"wordCount":417,"articleSection":["Colegio","covid","FASA","Infantil","Pastoral","Portada","Primaria","Secundaria","Uncategorized"],"inLanguage":"es"},{"@type":"WebPage","@id":"https:\/\/alcala.salesianos.edu\/colegio\/blog\/2023\/06\/09\/musical-don-bosco-2\/","url":"https:\/\/alcala.salesianos.edu\/colegio\/blog\/2023\/06\/09\/musical-don-bosco-2\/","name":"\u00c9xito del musical Don Bosco de nuestra Casa - Colegio Salesiano Alcal\u00e1","isPartOf":{"@id":"https:\/\/alcala.salesianos.edu\/colegio\/#website"},"datePublished":"2023-06-09T06:22:10+00:00","dateModified":"2025-08-27T07:47:22+00:00","author":{"@id":"https:\/\/alcala.salesianos.edu\/colegio\/#\/schema\/person\/afcc24f776dc91fc2bf9afb0998fca77"},"description":"Bajo la direcci\u00f3n de Don Julio \u00c1lvarez el elenco compuesto por profesores, antiguos alumnos y alumnos de nuestra Casa.","breadcrumb":{"@id":"https:\/\/alcala.salesianos.edu\/colegio\/blog\/2023\/06\/09\/musical-don-bosco-2\/#breadcrumb"},"inLanguage":"es","potentialAction":[{"@type":"ReadAction","target":["https:\/\/alcala.salesianos.edu\/colegio\/blog\/2023\/06\/09\/musical-don-bosco-2\/"]}]},{"@type":"BreadcrumbList","@id":"https:\/\/alcala.salesianos.edu\/colegio\/blog\/2023\/06\/09\/musical-don-bosco-2\/#breadcrumb","itemListElement":[{"@type":"ListItem","position":1,"name":"Portada","item":"https:\/\/alcala.salesianos.edu\/colegio\/"},{"@type":"ListItem","position":2,"name":"\u00c9xito del musical Don Bosco de nuestra Casa"}]},{"@type":"WebSite","@id":"https:\/\/alcala.salesianos.edu\/colegio\/#website","url":"https:\/\/alcala.salesianos.edu\/colegio\/","name":"Colegio Salesiano Alcal\u00e1","description":"P\u00e1gina oficial de Salesianos Alcal\u00e1 de Guadaira","potentialAction":[{"@type":"SearchAction","target":{"@type":"EntryPoint","urlTemplate":"https:\/\/alcala.salesianos.edu\/colegio\/?s={search_term_string}"},"query-input":{"@type":"PropertyValueSpecification","valueRequired":true,"valueName":"search_term_string"}}],"inLanguage":"es"},{"@type":"Person","@id":"https:\/\/alcala.salesianos.edu\/colegio\/#\/schema\/person\/afcc24f776dc91fc2bf9afb0998fca77","name":"Administrador Web","image":{"@type":"ImageObject","inLanguage":"es","@id":"https:\/\/secure.gravatar.com\/avatar\/bc157e994689bd6da9645c00aa3bc4d55b727915b6652642660db0aef086585f?s=96&d=mm&r=g","url":"https:\/\/secure.gravatar.com\/avatar\/bc157e994689bd6da9645c00aa3bc4d55b727915b6652642660db0aef086585f?s=96&d=mm&r=g","contentUrl":"https:\/\/secure.gravatar.com\/avatar\/bc157e994689bd6da9645c00aa3bc4d55b727915b6652642660db0aef086585f?s=96&d=mm&r=g","caption":"Administrador Web"}}]}},"_links":{"self":[{"href":"https:\/\/alcala.salesianos.edu\/colegio\/wp-json\/wp\/v2\/posts\/15228","targetHints":{"allow":["GET"]}}],"collection":[{"href":"https:\/\/alcala.salesianos.edu\/colegio\/wp-json\/wp\/v2\/posts"}],"about":[{"href":"https:\/\/alcala.salesianos.edu\/colegio\/wp-json\/wp\/v2\/types\/post"}],"author":[{"embeddable":true,"href":"https:\/\/alcala.salesianos.edu\/colegio\/wp-json\/wp\/v2\/users\/2"}],"replies":[{"embeddable":true,"href":"https:\/\/alcala.salesianos.edu\/colegio\/wp-json\/wp\/v2\/comments?post=15228"}],"version-history":[{"count":1,"href":"https:\/\/alcala.salesianos.edu\/colegio\/wp-json\/wp\/v2\/posts\/15228\/revisions"}],"predecessor-version":[{"id":16613,"href":"https:\/\/alcala.salesianos.edu\/colegio\/wp-json\/wp\/v2\/posts\/15228\/revisions\/16613"}],"wp:attachment":[{"href":"https:\/\/alcala.salesianos.edu\/colegio\/wp-json\/wp\/v2\/media?parent=15228"}],"wp:term":[{"taxonomy":"category","embeddable":true,"href":"https:\/\/alcala.salesianos.edu\/colegio\/wp-json\/wp\/v2\/categories?post=15228"},{"taxonomy":"post_tag","embeddable":true,"href":"https:\/\/alcala.salesianos.edu\/colegio\/wp-json\/wp\/v2\/tags?post=15228"}],"curies":[{"name":"wp","href":"https:\/\/api.w.org\/{rel}","templated":true}]}}