{"id":15214,"date":"2023-05-11T15:21:51","date_gmt":"2023-05-11T14:21:51","guid":{"rendered":"https:\/\/alcala.salesianos.edu\/colegio\/blog\/2023\/05\/11\/isidoro-bosco-villalba-hernandez-realiza-la-promesa-como-salesiano-cooperador\/"},"modified":"2025-08-27T08:47:27","modified_gmt":"2025-08-27T07:47:27","slug":"isidoro-bosco-villalba-hernandez-realiza-la-promesa-como-salesiano-cooperador","status":"publish","type":"post","link":"https:\/\/alcala.salesianos.edu\/colegio\/blog\/2023\/05\/11\/isidoro-bosco-villalba-hernandez-realiza-la-promesa-como-salesiano-cooperador\/","title":{"rendered":"Isidoro Bosco Villalba Hern\u00e1ndez realiza la promesa como salesiano cooperador"},"content":{"rendered":"<div id=\"fb-root\"><\/div>\n<p>[et_pb_section fb_built=\u00bb1&#8243; admin_label=\u00bbsection\u00bb _builder_version=\u00bb4.16&#8243; global_colors_info=\u00bb{}\u00bb][et_pb_row admin_label=\u00bbrow\u00bb _builder_version=\u00bb4.16&#8243; background_size=\u00bbinitial\u00bb background_position=\u00bbtop_left\u00bb background_repeat=\u00bbrepeat\u00bb global_colors_info=\u00bb{}\u00bb][et_pb_column type=\u00bb4_4&#8243; _builder_version=\u00bb4.16&#8243; custom_padding=\u00bb|||\u00bb global_colors_info=\u00bb{}\u00bb custom_padding__hover=\u00bb|||\u00bb][et_pb_text _builder_version=\u00bb4.21.0&#8243; _module_preset=\u00bbdefault\u00bb hover_enabled=\u00bb0&#8243; sticky_enabled=\u00bb0&#8243;]<\/p>\n<p>Isidoro Bosco Villalba Hern\u00e1ndez, Coordinador del IEF y docente de nuestro colegio, realiza la promesa como Salesiano Cooperador.<\/p>\n<p><em>La Casa Salesiana de Alcal\u00e1 de Guada\u00edra cuenta con un nuevo Salesiano Cooperador.<\/em><\/p>\n<p>El pasado s\u00e1bado 6 de mayo de 2023, d\u00eda en el que la Iglesia celebra a Santo Domingo Savio, Isidoro Villaba Hern\u00e1ndez realizaba en la Catedral de M\u00e1laga, la promesa como Salesiano Cooperador en el marco de la Asamblea Provincial que se celebra anualmente. En la Eucarist\u00eda, que fue presidida por el Rector Mayor de los Salesianos, don \u00c1ngel Fern\u00e1ndez Artime, Isidoro, como Salesiano Cooperador se comprometi\u00f3 a recorrer el camino elegido sinti\u00e9ndose acompa\u00f1ado por un n\u00famero importante de personas de la Casa y fortalecido por la mediaci\u00f3n de la Iglesia y el poder del Esp\u00edritu.<\/p>\n<p>La Promesa de Salesiano Cooperador es un compromiso de fidelidad a Dios, que llama a vivir el Evangelio de modo concreto en la Familia Salesiana; es tambi\u00e9n compromiso de fidelidad a la Iglesia, que los recibi\u00f3 como hijos, aliment\u00f3 su vida cristiana e invita a participar de manera corresponsable en su misi\u00f3n de salvaci\u00f3n. Y todo bajo el carisma de Don Bosco.<\/p>\n<p>El Rector Mayor estuvo acompa\u00f1ado de Juan Carlos P\u00e9rez Godoy, consejero para la Regi\u00f3n Mediterr\u00e1nea, Charo Ten, Inspectora de las Hijas de Mar\u00eda Auxiliadora, Fernando Miranda, pr\u00f3ximo Provincial para la Inspector\u00eda Mar\u00eda Auxiliadora, Luis Fernando \u00c1lvarez, Delegado para la Familia Salesiana, Antonio Boccia, coordinador mundial de la asociaci\u00f3n, y Borja P\u00e9rez, Consejero Mundial Ib\u00e9rico.<\/p>\n<p><strong>Ser Salesiano Cooperador es una vocaci\u00f3n recibida por Dios.<\/strong><\/p>\n<p>[\/et_pb_text][et_pb_image _builder_version=\u00bb4.21.0&#8243; _module_preset=\u00bbdefault\u00bb title_text=\u00bbWhatsApp Image 2023-05-06 at 20.16.16&#8243; src=\u00bbhttps:\/\/alcala.salesianos.edu\/wp-content\/uploads\/2023\/05\/WhatsApp-Image-2023-05-06-at-20.16.16.jpeg\u00bb hover_enabled=\u00bb0&#8243; sticky_enabled=\u00bb0&#8243;][\/et_pb_image][\/et_pb_column][\/et_pb_row][\/et_pb_section]<\/p>\n","protected":false},"excerpt":{"rendered":"<p>La Casa Salesiana de Alcal\u00e1 de Guada\u00edra cuenta con un nuevo Salesiano Cooperador actualmente es coordinador del IEF y docente de nuestro colegio Ntra. Sra. del \u00c1guila.<\/p>\n","protected":false},"author":2,"featured_media":16360,"comment_status":"closed","ping_status":"open","sticky":false,"template":"","format":"standard","meta":{"_et_pb_use_builder":"on","_et_pb_old_content":"","_et_gb_content_width":"","footnotes":""},"categories":[12,23,13,14,15,18,1],"tags":[],"class_list":["post-15214","post","type-post","status-publish","format-standard","has-post-thumbnail","hentry","category-colegio","category-covid","category-fasa","category-pastoral","category-portada","category-primaria","category-uncategorized"],"yoast_head":"<!-- This site is optimized with the Yoast SEO plugin v28.3 - https:\/\/yoast.com\/product\/yoast-seo-wordpress\/ -->\n<title>Isidoro Bosco Villalba Hern\u00e1ndez realiza la promesa como salesiano cooperador - Colegio Salesiano Alcal\u00e1<\/title>\n<meta name=\"description\" content=\"La Casa Salesiana de Alcal\u00e1 de Guada\u00edra cuenta con un nuevo Salesiano Cooperador.\" \/>\n<meta name=\"robots\" content=\"index, follow, max-snippet:-1, max-image-preview:large, max-video-preview:-1\" \/>\n<link rel=\"canonical\" href=\"https:\/\/alcala.salesianos.edu\/colegio\/blog\/2023\/05\/11\/isidoro-bosco-villalba-hernandez-realiza-la-promesa-como-salesiano-cooperador\/\" \/>\n<meta property=\"og:locale\" content=\"es_ES\" \/>\n<meta property=\"og:type\" content=\"article\" \/>\n<meta property=\"og:title\" content=\"Isidoro Bosco Villalba Hern\u00e1ndez realiza la promesa como salesiano cooperador - Colegio Salesiano Alcal\u00e1\" \/>\n<meta property=\"og:description\" content=\"La Casa Salesiana de Alcal\u00e1 de Guada\u00edra cuenta con un nuevo Salesiano Cooperador.\" \/>\n<meta property=\"og:url\" content=\"https:\/\/alcala.salesianos.edu\/colegio\/blog\/2023\/05\/11\/isidoro-bosco-villalba-hernandez-realiza-la-promesa-como-salesiano-cooperador\/\" \/>\n<meta property=\"og:site_name\" content=\"Colegio Salesiano Alcal\u00e1\" \/>\n<meta property=\"article:published_time\" content=\"2023-05-11T14:21:51+00:00\" \/>\n<meta property=\"article:modified_time\" content=\"2025-08-27T07:47:27+00:00\" \/>\n<meta property=\"og:image\" content=\"https:\/\/alcala.salesianos.edu\/colegio\/wp-content\/uploads\/sites\/2\/2025\/08\/WhatsApp-Image-2023-05-07-at-10.35.21.jpeg\" \/>\n\t<meta property=\"og:image:width\" content=\"2048\" \/>\n\t<meta property=\"og:image:height\" content=\"1536\" \/>\n\t<meta property=\"og:image:type\" content=\"image\/jpeg\" \/>\n<meta name=\"author\" content=\"Administrador Web\" \/>\n<meta name=\"twitter:card\" content=\"summary_large_image\" \/>\n<meta name=\"twitter:label1\" content=\"Escrito por\" \/>\n\t<meta name=\"twitter:data1\" content=\"Administrador Web\" \/>\n<script type=\"application\/ld+json\" class=\"yoast-schema-graph\">{\"@context\":\"https:\\\/\\\/schema.org\",\"@graph\":[{\"@type\":\"Article\",\"@id\":\"https:\\\/\\\/alcala.salesianos.edu\\\/colegio\\\/blog\\\/2023\\\/05\\\/11\\\/isidoro-bosco-villalba-hernandez-realiza-la-promesa-como-salesiano-cooperador\\\/#article\",\"isPartOf\":{\"@id\":\"https:\\\/\\\/alcala.salesianos.edu\\\/colegio\\\/blog\\\/2023\\\/05\\\/11\\\/isidoro-bosco-villalba-hernandez-realiza-la-promesa-como-salesiano-cooperador\\\/\"},\"author\":{\"name\":\"Administrador Web\",\"@id\":\"https:\\\/\\\/alcala.salesianos.edu\\\/colegio\\\/#\\\/schema\\\/person\\\/afcc24f776dc91fc2bf9afb0998fca77\"},\"headline\":\"Isidoro Bosco Villalba Hern\u00e1ndez realiza la promesa como salesiano cooperador\",\"datePublished\":\"2023-05-11T14:21:51+00:00\",\"dateModified\":\"2025-08-27T07:47:27+00:00\",\"mainEntityOfPage\":{\"@id\":\"https:\\\/\\\/alcala.salesianos.edu\\\/colegio\\\/blog\\\/2023\\\/05\\\/11\\\/isidoro-bosco-villalba-hernandez-realiza-la-promesa-como-salesiano-cooperador\\\/\"},\"wordCount\":395,\"image\":{\"@id\":\"https:\\\/\\\/alcala.salesianos.edu\\\/colegio\\\/blog\\\/2023\\\/05\\\/11\\\/isidoro-bosco-villalba-hernandez-realiza-la-promesa-como-salesiano-cooperador\\\/#primaryimage\"},\"thumbnailUrl\":\"https:\\\/\\\/alcala.salesianos.edu\\\/colegio\\\/wp-content\\\/uploads\\\/sites\\\/2\\\/2025\\\/08\\\/WhatsApp-Image-2023-05-07-at-10.35.21.jpeg\",\"articleSection\":[\"Colegio\",\"covid\",\"FASA\",\"Pastoral\",\"Portada\",\"Primaria\",\"Uncategorized\"],\"inLanguage\":\"es\"},{\"@type\":\"WebPage\",\"@id\":\"https:\\\/\\\/alcala.salesianos.edu\\\/colegio\\\/blog\\\/2023\\\/05\\\/11\\\/isidoro-bosco-villalba-hernandez-realiza-la-promesa-como-salesiano-cooperador\\\/\",\"url\":\"https:\\\/\\\/alcala.salesianos.edu\\\/colegio\\\/blog\\\/2023\\\/05\\\/11\\\/isidoro-bosco-villalba-hernandez-realiza-la-promesa-como-salesiano-cooperador\\\/\",\"name\":\"Isidoro Bosco Villalba Hern\u00e1ndez realiza la promesa como salesiano cooperador - Colegio Salesiano Alcal\u00e1\",\"isPartOf\":{\"@id\":\"https:\\\/\\\/alcala.salesianos.edu\\\/colegio\\\/#website\"},\"primaryImageOfPage\":{\"@id\":\"https:\\\/\\\/alcala.salesianos.edu\\\/colegio\\\/blog\\\/2023\\\/05\\\/11\\\/isidoro-bosco-villalba-hernandez-realiza-la-promesa-como-salesiano-cooperador\\\/#primaryimage\"},\"image\":{\"@id\":\"https:\\\/\\\/alcala.salesianos.edu\\\/colegio\\\/blog\\\/2023\\\/05\\\/11\\\/isidoro-bosco-villalba-hernandez-realiza-la-promesa-como-salesiano-cooperador\\\/#primaryimage\"},\"thumbnailUrl\":\"https:\\\/\\\/alcala.salesianos.edu\\\/colegio\\\/wp-content\\\/uploads\\\/sites\\\/2\\\/2025\\\/08\\\/WhatsApp-Image-2023-05-07-at-10.35.21.jpeg\",\"datePublished\":\"2023-05-11T14:21:51+00:00\",\"dateModified\":\"2025-08-27T07:47:27+00:00\",\"author\":{\"@id\":\"https:\\\/\\\/alcala.salesianos.edu\\\/colegio\\\/#\\\/schema\\\/person\\\/afcc24f776dc91fc2bf9afb0998fca77\"},\"description\":\"La Casa Salesiana de Alcal\u00e1 de Guada\u00edra cuenta con un nuevo Salesiano Cooperador.\",\"breadcrumb\":{\"@id\":\"https:\\\/\\\/alcala.salesianos.edu\\\/colegio\\\/blog\\\/2023\\\/05\\\/11\\\/isidoro-bosco-villalba-hernandez-realiza-la-promesa-como-salesiano-cooperador\\\/#breadcrumb\"},\"inLanguage\":\"es\",\"potentialAction\":[{\"@type\":\"ReadAction\",\"target\":[\"https:\\\/\\\/alcala.salesianos.edu\\\/colegio\\\/blog\\\/2023\\\/05\\\/11\\\/isidoro-bosco-villalba-hernandez-realiza-la-promesa-como-salesiano-cooperador\\\/\"]}]},{\"@type\":\"ImageObject\",\"inLanguage\":\"es\",\"@id\":\"https:\\\/\\\/alcala.salesianos.edu\\\/colegio\\\/blog\\\/2023\\\/05\\\/11\\\/isidoro-bosco-villalba-hernandez-realiza-la-promesa-como-salesiano-cooperador\\\/#primaryimage\",\"url\":\"https:\\\/\\\/alcala.salesianos.edu\\\/colegio\\\/wp-content\\\/uploads\\\/sites\\\/2\\\/2025\\\/08\\\/WhatsApp-Image-2023-05-07-at-10.35.21.jpeg\",\"contentUrl\":\"https:\\\/\\\/alcala.salesianos.edu\\\/colegio\\\/wp-content\\\/uploads\\\/sites\\\/2\\\/2025\\\/08\\\/WhatsApp-Image-2023-05-07-at-10.35.21.jpeg\",\"width\":2048,\"height\":1536},{\"@type\":\"BreadcrumbList\",\"@id\":\"https:\\\/\\\/alcala.salesianos.edu\\\/colegio\\\/blog\\\/2023\\\/05\\\/11\\\/isidoro-bosco-villalba-hernandez-realiza-la-promesa-como-salesiano-cooperador\\\/#breadcrumb\",\"itemListElement\":[{\"@type\":\"ListItem\",\"position\":1,\"name\":\"Portada\",\"item\":\"https:\\\/\\\/alcala.salesianos.edu\\\/colegio\\\/\"},{\"@type\":\"ListItem\",\"position\":2,\"name\":\"Isidoro Bosco Villalba Hern\u00e1ndez realiza la promesa como salesiano cooperador\"}]},{\"@type\":\"WebSite\",\"@id\":\"https:\\\/\\\/alcala.salesianos.edu\\\/colegio\\\/#website\",\"url\":\"https:\\\/\\\/alcala.salesianos.edu\\\/colegio\\\/\",\"name\":\"Colegio Salesiano Alcal\u00e1\",\"description\":\"P\u00e1gina oficial de Salesianos Alcal\u00e1 de Guadaira\",\"potentialAction\":[{\"@type\":\"SearchAction\",\"target\":{\"@type\":\"EntryPoint\",\"urlTemplate\":\"https:\\\/\\\/alcala.salesianos.edu\\\/colegio\\\/?s={search_term_string}\"},\"query-input\":{\"@type\":\"PropertyValueSpecification\",\"valueRequired\":true,\"valueName\":\"search_term_string\"}}],\"inLanguage\":\"es\"},{\"@type\":\"Person\",\"@id\":\"https:\\\/\\\/alcala.salesianos.edu\\\/colegio\\\/#\\\/schema\\\/person\\\/afcc24f776dc91fc2bf9afb0998fca77\",\"name\":\"Administrador Web\",\"image\":{\"@type\":\"ImageObject\",\"inLanguage\":\"es\",\"@id\":\"https:\\\/\\\/secure.gravatar.com\\\/avatar\\\/bc157e994689bd6da9645c00aa3bc4d55b727915b6652642660db0aef086585f?s=96&d=mm&r=g\",\"url\":\"https:\\\/\\\/secure.gravatar.com\\\/avatar\\\/bc157e994689bd6da9645c00aa3bc4d55b727915b6652642660db0aef086585f?s=96&d=mm&r=g\",\"contentUrl\":\"https:\\\/\\\/secure.gravatar.com\\\/avatar\\\/bc157e994689bd6da9645c00aa3bc4d55b727915b6652642660db0aef086585f?s=96&d=mm&r=g\",\"caption\":\"Administrador Web\"}}]}<\/script>\n<!-- \/ Yoast SEO plugin. -->","yoast_head_json":{"title":"Isidoro Bosco Villalba Hern\u00e1ndez realiza la promesa como salesiano cooperador - Colegio Salesiano Alcal\u00e1","description":"La Casa Salesiana de Alcal\u00e1 de Guada\u00edra cuenta con un nuevo Salesiano Cooperador.","robots":{"index":"index","follow":"follow","max-snippet":"max-snippet:-1","max-image-preview":"max-image-preview:large","max-video-preview":"max-video-preview:-1"},"canonical":"https:\/\/alcala.salesianos.edu\/colegio\/blog\/2023\/05\/11\/isidoro-bosco-villalba-hernandez-realiza-la-promesa-como-salesiano-cooperador\/","og_locale":"es_ES","og_type":"article","og_title":"Isidoro Bosco Villalba Hern\u00e1ndez realiza la promesa como salesiano cooperador - Colegio Salesiano Alcal\u00e1","og_description":"La Casa Salesiana de Alcal\u00e1 de Guada\u00edra cuenta con un nuevo Salesiano Cooperador.","og_url":"https:\/\/alcala.salesianos.edu\/colegio\/blog\/2023\/05\/11\/isidoro-bosco-villalba-hernandez-realiza-la-promesa-como-salesiano-cooperador\/","og_site_name":"Colegio Salesiano Alcal\u00e1","article_published_time":"2023-05-11T14:21:51+00:00","article_modified_time":"2025-08-27T07:47:27+00:00","og_image":[{"width":2048,"height":1536,"url":"https:\/\/alcala.salesianos.edu\/colegio\/wp-content\/uploads\/sites\/2\/2025\/08\/WhatsApp-Image-2023-05-07-at-10.35.21.jpeg","type":"image\/jpeg"}],"author":"Administrador Web","twitter_card":"summary_large_image","twitter_misc":{"Escrito por":"Administrador Web"},"schema":{"@context":"https:\/\/schema.org","@graph":[{"@type":"Article","@id":"https:\/\/alcala.salesianos.edu\/colegio\/blog\/2023\/05\/11\/isidoro-bosco-villalba-hernandez-realiza-la-promesa-como-salesiano-cooperador\/#article","isPartOf":{"@id":"https:\/\/alcala.salesianos.edu\/colegio\/blog\/2023\/05\/11\/isidoro-bosco-villalba-hernandez-realiza-la-promesa-como-salesiano-cooperador\/"},"author":{"name":"Administrador Web","@id":"https:\/\/alcala.salesianos.edu\/colegio\/#\/schema\/person\/afcc24f776dc91fc2bf9afb0998fca77"},"headline":"Isidoro Bosco Villalba Hern\u00e1ndez realiza la promesa como salesiano cooperador","datePublished":"2023-05-11T14:21:51+00:00","dateModified":"2025-08-27T07:47:27+00:00","mainEntityOfPage":{"@id":"https:\/\/alcala.salesianos.edu\/colegio\/blog\/2023\/05\/11\/isidoro-bosco-villalba-hernandez-realiza-la-promesa-como-salesiano-cooperador\/"},"wordCount":395,"image":{"@id":"https:\/\/alcala.salesianos.edu\/colegio\/blog\/2023\/05\/11\/isidoro-bosco-villalba-hernandez-realiza-la-promesa-como-salesiano-cooperador\/#primaryimage"},"thumbnailUrl":"https:\/\/alcala.salesianos.edu\/colegio\/wp-content\/uploads\/sites\/2\/2025\/08\/WhatsApp-Image-2023-05-07-at-10.35.21.jpeg","articleSection":["Colegio","covid","FASA","Pastoral","Portada","Primaria","Uncategorized"],"inLanguage":"es"},{"@type":"WebPage","@id":"https:\/\/alcala.salesianos.edu\/colegio\/blog\/2023\/05\/11\/isidoro-bosco-villalba-hernandez-realiza-la-promesa-como-salesiano-cooperador\/","url":"https:\/\/alcala.salesianos.edu\/colegio\/blog\/2023\/05\/11\/isidoro-bosco-villalba-hernandez-realiza-la-promesa-como-salesiano-cooperador\/","name":"Isidoro Bosco Villalba Hern\u00e1ndez realiza la promesa como salesiano cooperador - Colegio Salesiano Alcal\u00e1","isPartOf":{"@id":"https:\/\/alcala.salesianos.edu\/colegio\/#website"},"primaryImageOfPage":{"@id":"https:\/\/alcala.salesianos.edu\/colegio\/blog\/2023\/05\/11\/isidoro-bosco-villalba-hernandez-realiza-la-promesa-como-salesiano-cooperador\/#primaryimage"},"image":{"@id":"https:\/\/alcala.salesianos.edu\/colegio\/blog\/2023\/05\/11\/isidoro-bosco-villalba-hernandez-realiza-la-promesa-como-salesiano-cooperador\/#primaryimage"},"thumbnailUrl":"https:\/\/alcala.salesianos.edu\/colegio\/wp-content\/uploads\/sites\/2\/2025\/08\/WhatsApp-Image-2023-05-07-at-10.35.21.jpeg","datePublished":"2023-05-11T14:21:51+00:00","dateModified":"2025-08-27T07:47:27+00:00","author":{"@id":"https:\/\/alcala.salesianos.edu\/colegio\/#\/schema\/person\/afcc24f776dc91fc2bf9afb0998fca77"},"description":"La Casa Salesiana de Alcal\u00e1 de Guada\u00edra cuenta con un nuevo Salesiano Cooperador.","breadcrumb":{"@id":"https:\/\/alcala.salesianos.edu\/colegio\/blog\/2023\/05\/11\/isidoro-bosco-villalba-hernandez-realiza-la-promesa-como-salesiano-cooperador\/#breadcrumb"},"inLanguage":"es","potentialAction":[{"@type":"ReadAction","target":["https:\/\/alcala.salesianos.edu\/colegio\/blog\/2023\/05\/11\/isidoro-bosco-villalba-hernandez-realiza-la-promesa-como-salesiano-cooperador\/"]}]},{"@type":"ImageObject","inLanguage":"es","@id":"https:\/\/alcala.salesianos.edu\/colegio\/blog\/2023\/05\/11\/isidoro-bosco-villalba-hernandez-realiza-la-promesa-como-salesiano-cooperador\/#primaryimage","url":"https:\/\/alcala.salesianos.edu\/colegio\/wp-content\/uploads\/sites\/2\/2025\/08\/WhatsApp-Image-2023-05-07-at-10.35.21.jpeg","contentUrl":"https:\/\/alcala.salesianos.edu\/colegio\/wp-content\/uploads\/sites\/2\/2025\/08\/WhatsApp-Image-2023-05-07-at-10.35.21.jpeg","width":2048,"height":1536},{"@type":"BreadcrumbList","@id":"https:\/\/alcala.salesianos.edu\/colegio\/blog\/2023\/05\/11\/isidoro-bosco-villalba-hernandez-realiza-la-promesa-como-salesiano-cooperador\/#breadcrumb","itemListElement":[{"@type":"ListItem","position":1,"name":"Portada","item":"https:\/\/alcala.salesianos.edu\/colegio\/"},{"@type":"ListItem","position":2,"name":"Isidoro Bosco Villalba Hern\u00e1ndez realiza la promesa como salesiano cooperador"}]},{"@type":"WebSite","@id":"https:\/\/alcala.salesianos.edu\/colegio\/#website","url":"https:\/\/alcala.salesianos.edu\/colegio\/","name":"Colegio Salesiano Alcal\u00e1","description":"P\u00e1gina oficial de Salesianos Alcal\u00e1 de Guadaira","potentialAction":[{"@type":"SearchAction","target":{"@type":"EntryPoint","urlTemplate":"https:\/\/alcala.salesianos.edu\/colegio\/?s={search_term_string}"},"query-input":{"@type":"PropertyValueSpecification","valueRequired":true,"valueName":"search_term_string"}}],"inLanguage":"es"},{"@type":"Person","@id":"https:\/\/alcala.salesianos.edu\/colegio\/#\/schema\/person\/afcc24f776dc91fc2bf9afb0998fca77","name":"Administrador Web","image":{"@type":"ImageObject","inLanguage":"es","@id":"https:\/\/secure.gravatar.com\/avatar\/bc157e994689bd6da9645c00aa3bc4d55b727915b6652642660db0aef086585f?s=96&d=mm&r=g","url":"https:\/\/secure.gravatar.com\/avatar\/bc157e994689bd6da9645c00aa3bc4d55b727915b6652642660db0aef086585f?s=96&d=mm&r=g","contentUrl":"https:\/\/secure.gravatar.com\/avatar\/bc157e994689bd6da9645c00aa3bc4d55b727915b6652642660db0aef086585f?s=96&d=mm&r=g","caption":"Administrador Web"}}]}},"_links":{"self":[{"href":"https:\/\/alcala.salesianos.edu\/colegio\/wp-json\/wp\/v2\/posts\/15214","targetHints":{"allow":["GET"]}}],"collection":[{"href":"https:\/\/alcala.salesianos.edu\/colegio\/wp-json\/wp\/v2\/posts"}],"about":[{"href":"https:\/\/alcala.salesianos.edu\/colegio\/wp-json\/wp\/v2\/types\/post"}],"author":[{"embeddable":true,"href":"https:\/\/alcala.salesianos.edu\/colegio\/wp-json\/wp\/v2\/users\/2"}],"replies":[{"embeddable":true,"href":"https:\/\/alcala.salesianos.edu\/colegio\/wp-json\/wp\/v2\/comments?post=15214"}],"version-history":[{"count":1,"href":"https:\/\/alcala.salesianos.edu\/colegio\/wp-json\/wp\/v2\/posts\/15214\/revisions"}],"predecessor-version":[{"id":15216,"href":"https:\/\/alcala.salesianos.edu\/colegio\/wp-json\/wp\/v2\/posts\/15214\/revisions\/15216"}],"wp:featuredmedia":[{"embeddable":true,"href":"https:\/\/alcala.salesianos.edu\/colegio\/wp-json\/wp\/v2\/media\/16360"}],"wp:attachment":[{"href":"https:\/\/alcala.salesianos.edu\/colegio\/wp-json\/wp\/v2\/media?parent=15214"}],"wp:term":[{"taxonomy":"category","embeddable":true,"href":"https:\/\/alcala.salesianos.edu\/colegio\/wp-json\/wp\/v2\/categories?post=15214"},{"taxonomy":"post_tag","embeddable":true,"href":"https:\/\/alcala.salesianos.edu\/colegio\/wp-json\/wp\/v2\/tags?post=15214"}],"curies":[{"name":"wp","href":"https:\/\/api.w.org\/{rel}","templated":true}]}}