{"id":15212,"date":"2023-05-04T17:36:13","date_gmt":"2023-05-04T16:36:13","guid":{"rendered":"https:\/\/alcala.salesianos.edu\/colegio\/blog\/2023\/05\/04\/nueva-promesa\/"},"modified":"2025-08-27T08:47:27","modified_gmt":"2025-08-27T07:47:27","slug":"nueva-promesa","status":"publish","type":"post","link":"https:\/\/alcala.salesianos.edu\/colegio\/blog\/2023\/05\/04\/nueva-promesa\/","title":{"rendered":"Nueva promesa de Salesiano Cooperador en nuestra Casa"},"content":{"rendered":"<div id=\"fb-root\"><\/div>\n<p>[et_pb_section fb_built=\u00bb1&#8243; admin_label=\u00bbsection\u00bb _builder_version=\u00bb4.16&#8243; global_colors_info=\u00bb{}\u00bb][et_pb_row admin_label=\u00bbrow\u00bb _builder_version=\u00bb4.16&#8243; background_size=\u00bbinitial\u00bb background_position=\u00bbtop_left\u00bb background_repeat=\u00bbrepeat\u00bb global_colors_info=\u00bb{}\u00bb][et_pb_column type=\u00bb4_4&#8243; _builder_version=\u00bb4.16&#8243; custom_padding=\u00bb|||\u00bb global_colors_info=\u00bb{}\u00bb custom_padding__hover=\u00bb|||\u00bb][et_pb_text _builder_version=\u00bb4.21.0&#8243; _module_preset=\u00bbdefault\u00bb hover_enabled=\u00bb0&#8243; sticky_enabled=\u00bb0&#8243;]<\/p>\n<p>El pr\u00f3ximo s\u00e1bado 6 de mayo, festividad de Santo Domingo Savio a las 19 horas, en la Catedral de M\u00e1laga, D. Isidoro Villalba Hern\u00e1ndez, miembro de nuestra comunidad de Alcal\u00e1, realizar\u00e1 la promesa para ser Salesiano Cooperador en presencia del Rector Mayor que se encuentra en Espa\u00f1a realizando visita a algunas Casas de nuestra Inspector\u00eda.<\/p>\n<p>&nbsp;<\/p>\n<p>Tras varios a\u00f1os de formaci\u00f3n, har\u00e1 p\u00fablica su aceptaci\u00f3n de ser signo y portador del Amor de Dios a los j\u00f3venes y seguir en plenitud el carisma de Don Bosco. La promesa que realizar\u00e1 el s\u00e1bado es respuesta a la llamada de Dios.<\/p>\n<p>&nbsp;<\/p>\n<p>El Director Titular de la Casa, D. Jos\u00e9 Antonio \u00c1lvarez Paulino ha comentado a todo el personal del centro educativo las siguientes palabras:<\/p>\n<p>&nbsp;<\/p>\n<p><em>\u201cEs, sin duda, una gracia que Dios concede a nuestra Casa, y que nos tiene que llenar de profunda alegr\u00eda. Damos gracias a Dios por la vocaci\u00f3n de Isidoro, y le agradecemos a \u00e9l su generosidad en la respuesta a la llamada recibida. [\u2026] Pidamos a Jes\u00fas Resucitado, que supo ser fiel al Padre, que ayude a Isidoro a ser fiel al compromiso adquirido, convencidos de que los principales beneficiados de ese compromiso seremos todos nosotros, y los chicos y chicas a los que servimos cada d\u00eda.\u201d<\/em><\/p>\n<p>&nbsp;<\/p>\n<p>&nbsp;<\/p>\n<p>Desde este medio queremos felicitar a Isidoro por su pronta incorporaci\u00f3n a la Asociaci\u00f3n de Salesianos Cooperadores.<\/p>\n<p>\u00a1Felicidades!<\/p>\n<p>[\/et_pb_text][\/et_pb_column][\/et_pb_row][\/et_pb_section]<\/p>\n","protected":false},"excerpt":{"rendered":"<p>D. Isidoro Villalba Hern\u00e1ndez realizar\u00e1 su promesa como salesiano cooperador el pr\u00f3ximo seis de mayo en la catedral de M\u00e1laga ante la presencia del Rector Mayor.<\/p>\n","protected":false},"author":2,"featured_media":0,"comment_status":"closed","ping_status":"open","sticky":false,"template":"","format":"standard","meta":{"_et_pb_use_builder":"on","_et_pb_old_content":"","_et_gb_content_width":"","footnotes":""},"categories":[12,23,13,14,15,18,1],"tags":[],"class_list":["post-15212","post","type-post","status-publish","format-standard","hentry","category-colegio","category-covid","category-fasa","category-pastoral","category-portada","category-primaria","category-uncategorized"],"yoast_head":"<!-- This site is optimized with the Yoast SEO plugin v28.3 - https:\/\/yoast.com\/product\/yoast-seo-wordpress\/ -->\n<title>Nueva promesa de Salesiano Cooperador en nuestra Casa - Colegio Salesiano Alcal\u00e1<\/title>\n<meta name=\"description\" content=\"D. Isidoro Villalba Hern\u00e1ndez realizar\u00e1 su promesa como salesiano cooperador el pr\u00f3ximo seis de mayo en la catedral de M\u00e1laga.\" \/>\n<meta name=\"robots\" content=\"index, follow, max-snippet:-1, max-image-preview:large, max-video-preview:-1\" \/>\n<link rel=\"canonical\" href=\"https:\/\/alcala.salesianos.edu\/colegio\/blog\/2023\/05\/04\/nueva-promesa\/\" \/>\n<meta property=\"og:locale\" content=\"es_ES\" \/>\n<meta property=\"og:type\" content=\"article\" \/>\n<meta property=\"og:title\" content=\"Nueva promesa de Salesiano Cooperador en nuestra Casa - Colegio Salesiano Alcal\u00e1\" \/>\n<meta property=\"og:description\" content=\"D. Isidoro Villalba Hern\u00e1ndez realizar\u00e1 su promesa como salesiano cooperador el pr\u00f3ximo seis de mayo en la catedral de M\u00e1laga.\" \/>\n<meta property=\"og:url\" content=\"https:\/\/alcala.salesianos.edu\/colegio\/blog\/2023\/05\/04\/nueva-promesa\/\" \/>\n<meta property=\"og:site_name\" content=\"Colegio Salesiano Alcal\u00e1\" \/>\n<meta property=\"article:published_time\" content=\"2023-05-04T16:36:13+00:00\" \/>\n<meta property=\"article:modified_time\" content=\"2025-08-27T07:47:27+00:00\" \/>\n<meta name=\"author\" content=\"Administrador Web\" \/>\n<meta name=\"twitter:card\" content=\"summary_large_image\" \/>\n<meta name=\"twitter:label1\" content=\"Escrito por\" \/>\n\t<meta name=\"twitter:data1\" content=\"Administrador Web\" \/>\n<script type=\"application\/ld+json\" class=\"yoast-schema-graph\">{\"@context\":\"https:\\\/\\\/schema.org\",\"@graph\":[{\"@type\":\"Article\",\"@id\":\"https:\\\/\\\/alcala.salesianos.edu\\\/colegio\\\/blog\\\/2023\\\/05\\\/04\\\/nueva-promesa\\\/#article\",\"isPartOf\":{\"@id\":\"https:\\\/\\\/alcala.salesianos.edu\\\/colegio\\\/blog\\\/2023\\\/05\\\/04\\\/nueva-promesa\\\/\"},\"author\":{\"name\":\"Administrador Web\",\"@id\":\"https:\\\/\\\/alcala.salesianos.edu\\\/colegio\\\/#\\\/schema\\\/person\\\/afcc24f776dc91fc2bf9afb0998fca77\"},\"headline\":\"Nueva promesa de Salesiano Cooperador en nuestra Casa\",\"datePublished\":\"2023-05-04T16:36:13+00:00\",\"dateModified\":\"2025-08-27T07:47:27+00:00\",\"mainEntityOfPage\":{\"@id\":\"https:\\\/\\\/alcala.salesianos.edu\\\/colegio\\\/blog\\\/2023\\\/05\\\/04\\\/nueva-promesa\\\/\"},\"wordCount\":326,\"articleSection\":[\"Colegio\",\"covid\",\"FASA\",\"Pastoral\",\"Portada\",\"Primaria\",\"Uncategorized\"],\"inLanguage\":\"es\"},{\"@type\":\"WebPage\",\"@id\":\"https:\\\/\\\/alcala.salesianos.edu\\\/colegio\\\/blog\\\/2023\\\/05\\\/04\\\/nueva-promesa\\\/\",\"url\":\"https:\\\/\\\/alcala.salesianos.edu\\\/colegio\\\/blog\\\/2023\\\/05\\\/04\\\/nueva-promesa\\\/\",\"name\":\"Nueva promesa de Salesiano Cooperador en nuestra Casa - Colegio Salesiano Alcal\u00e1\",\"isPartOf\":{\"@id\":\"https:\\\/\\\/alcala.salesianos.edu\\\/colegio\\\/#website\"},\"datePublished\":\"2023-05-04T16:36:13+00:00\",\"dateModified\":\"2025-08-27T07:47:27+00:00\",\"author\":{\"@id\":\"https:\\\/\\\/alcala.salesianos.edu\\\/colegio\\\/#\\\/schema\\\/person\\\/afcc24f776dc91fc2bf9afb0998fca77\"},\"description\":\"D. Isidoro Villalba Hern\u00e1ndez realizar\u00e1 su promesa como salesiano cooperador el pr\u00f3ximo seis de mayo en la catedral de M\u00e1laga.\",\"breadcrumb\":{\"@id\":\"https:\\\/\\\/alcala.salesianos.edu\\\/colegio\\\/blog\\\/2023\\\/05\\\/04\\\/nueva-promesa\\\/#breadcrumb\"},\"inLanguage\":\"es\",\"potentialAction\":[{\"@type\":\"ReadAction\",\"target\":[\"https:\\\/\\\/alcala.salesianos.edu\\\/colegio\\\/blog\\\/2023\\\/05\\\/04\\\/nueva-promesa\\\/\"]}]},{\"@type\":\"BreadcrumbList\",\"@id\":\"https:\\\/\\\/alcala.salesianos.edu\\\/colegio\\\/blog\\\/2023\\\/05\\\/04\\\/nueva-promesa\\\/#breadcrumb\",\"itemListElement\":[{\"@type\":\"ListItem\",\"position\":1,\"name\":\"Portada\",\"item\":\"https:\\\/\\\/alcala.salesianos.edu\\\/colegio\\\/\"},{\"@type\":\"ListItem\",\"position\":2,\"name\":\"Nueva promesa de Salesiano Cooperador en nuestra Casa\"}]},{\"@type\":\"WebSite\",\"@id\":\"https:\\\/\\\/alcala.salesianos.edu\\\/colegio\\\/#website\",\"url\":\"https:\\\/\\\/alcala.salesianos.edu\\\/colegio\\\/\",\"name\":\"Colegio Salesiano Alcal\u00e1\",\"description\":\"P\u00e1gina oficial de Salesianos Alcal\u00e1 de Guadaira\",\"potentialAction\":[{\"@type\":\"SearchAction\",\"target\":{\"@type\":\"EntryPoint\",\"urlTemplate\":\"https:\\\/\\\/alcala.salesianos.edu\\\/colegio\\\/?s={search_term_string}\"},\"query-input\":{\"@type\":\"PropertyValueSpecification\",\"valueRequired\":true,\"valueName\":\"search_term_string\"}}],\"inLanguage\":\"es\"},{\"@type\":\"Person\",\"@id\":\"https:\\\/\\\/alcala.salesianos.edu\\\/colegio\\\/#\\\/schema\\\/person\\\/afcc24f776dc91fc2bf9afb0998fca77\",\"name\":\"Administrador Web\",\"image\":{\"@type\":\"ImageObject\",\"inLanguage\":\"es\",\"@id\":\"https:\\\/\\\/secure.gravatar.com\\\/avatar\\\/bc157e994689bd6da9645c00aa3bc4d55b727915b6652642660db0aef086585f?s=96&d=mm&r=g\",\"url\":\"https:\\\/\\\/secure.gravatar.com\\\/avatar\\\/bc157e994689bd6da9645c00aa3bc4d55b727915b6652642660db0aef086585f?s=96&d=mm&r=g\",\"contentUrl\":\"https:\\\/\\\/secure.gravatar.com\\\/avatar\\\/bc157e994689bd6da9645c00aa3bc4d55b727915b6652642660db0aef086585f?s=96&d=mm&r=g\",\"caption\":\"Administrador Web\"}}]}<\/script>\n<!-- \/ Yoast SEO plugin. -->","yoast_head_json":{"title":"Nueva promesa de Salesiano Cooperador en nuestra Casa - Colegio Salesiano Alcal\u00e1","description":"D. Isidoro Villalba Hern\u00e1ndez realizar\u00e1 su promesa como salesiano cooperador el pr\u00f3ximo seis de mayo en la catedral de M\u00e1laga.","robots":{"index":"index","follow":"follow","max-snippet":"max-snippet:-1","max-image-preview":"max-image-preview:large","max-video-preview":"max-video-preview:-1"},"canonical":"https:\/\/alcala.salesianos.edu\/colegio\/blog\/2023\/05\/04\/nueva-promesa\/","og_locale":"es_ES","og_type":"article","og_title":"Nueva promesa de Salesiano Cooperador en nuestra Casa - Colegio Salesiano Alcal\u00e1","og_description":"D. Isidoro Villalba Hern\u00e1ndez realizar\u00e1 su promesa como salesiano cooperador el pr\u00f3ximo seis de mayo en la catedral de M\u00e1laga.","og_url":"https:\/\/alcala.salesianos.edu\/colegio\/blog\/2023\/05\/04\/nueva-promesa\/","og_site_name":"Colegio Salesiano Alcal\u00e1","article_published_time":"2023-05-04T16:36:13+00:00","article_modified_time":"2025-08-27T07:47:27+00:00","author":"Administrador Web","twitter_card":"summary_large_image","twitter_misc":{"Escrito por":"Administrador Web"},"schema":{"@context":"https:\/\/schema.org","@graph":[{"@type":"Article","@id":"https:\/\/alcala.salesianos.edu\/colegio\/blog\/2023\/05\/04\/nueva-promesa\/#article","isPartOf":{"@id":"https:\/\/alcala.salesianos.edu\/colegio\/blog\/2023\/05\/04\/nueva-promesa\/"},"author":{"name":"Administrador Web","@id":"https:\/\/alcala.salesianos.edu\/colegio\/#\/schema\/person\/afcc24f776dc91fc2bf9afb0998fca77"},"headline":"Nueva promesa de Salesiano Cooperador en nuestra Casa","datePublished":"2023-05-04T16:36:13+00:00","dateModified":"2025-08-27T07:47:27+00:00","mainEntityOfPage":{"@id":"https:\/\/alcala.salesianos.edu\/colegio\/blog\/2023\/05\/04\/nueva-promesa\/"},"wordCount":326,"articleSection":["Colegio","covid","FASA","Pastoral","Portada","Primaria","Uncategorized"],"inLanguage":"es"},{"@type":"WebPage","@id":"https:\/\/alcala.salesianos.edu\/colegio\/blog\/2023\/05\/04\/nueva-promesa\/","url":"https:\/\/alcala.salesianos.edu\/colegio\/blog\/2023\/05\/04\/nueva-promesa\/","name":"Nueva promesa de Salesiano Cooperador en nuestra Casa - Colegio Salesiano Alcal\u00e1","isPartOf":{"@id":"https:\/\/alcala.salesianos.edu\/colegio\/#website"},"datePublished":"2023-05-04T16:36:13+00:00","dateModified":"2025-08-27T07:47:27+00:00","author":{"@id":"https:\/\/alcala.salesianos.edu\/colegio\/#\/schema\/person\/afcc24f776dc91fc2bf9afb0998fca77"},"description":"D. Isidoro Villalba Hern\u00e1ndez realizar\u00e1 su promesa como salesiano cooperador el pr\u00f3ximo seis de mayo en la catedral de M\u00e1laga.","breadcrumb":{"@id":"https:\/\/alcala.salesianos.edu\/colegio\/blog\/2023\/05\/04\/nueva-promesa\/#breadcrumb"},"inLanguage":"es","potentialAction":[{"@type":"ReadAction","target":["https:\/\/alcala.salesianos.edu\/colegio\/blog\/2023\/05\/04\/nueva-promesa\/"]}]},{"@type":"BreadcrumbList","@id":"https:\/\/alcala.salesianos.edu\/colegio\/blog\/2023\/05\/04\/nueva-promesa\/#breadcrumb","itemListElement":[{"@type":"ListItem","position":1,"name":"Portada","item":"https:\/\/alcala.salesianos.edu\/colegio\/"},{"@type":"ListItem","position":2,"name":"Nueva promesa de Salesiano Cooperador en nuestra Casa"}]},{"@type":"WebSite","@id":"https:\/\/alcala.salesianos.edu\/colegio\/#website","url":"https:\/\/alcala.salesianos.edu\/colegio\/","name":"Colegio Salesiano Alcal\u00e1","description":"P\u00e1gina oficial de Salesianos Alcal\u00e1 de Guadaira","potentialAction":[{"@type":"SearchAction","target":{"@type":"EntryPoint","urlTemplate":"https:\/\/alcala.salesianos.edu\/colegio\/?s={search_term_string}"},"query-input":{"@type":"PropertyValueSpecification","valueRequired":true,"valueName":"search_term_string"}}],"inLanguage":"es"},{"@type":"Person","@id":"https:\/\/alcala.salesianos.edu\/colegio\/#\/schema\/person\/afcc24f776dc91fc2bf9afb0998fca77","name":"Administrador Web","image":{"@type":"ImageObject","inLanguage":"es","@id":"https:\/\/secure.gravatar.com\/avatar\/bc157e994689bd6da9645c00aa3bc4d55b727915b6652642660db0aef086585f?s=96&d=mm&r=g","url":"https:\/\/secure.gravatar.com\/avatar\/bc157e994689bd6da9645c00aa3bc4d55b727915b6652642660db0aef086585f?s=96&d=mm&r=g","contentUrl":"https:\/\/secure.gravatar.com\/avatar\/bc157e994689bd6da9645c00aa3bc4d55b727915b6652642660db0aef086585f?s=96&d=mm&r=g","caption":"Administrador Web"}}]}},"_links":{"self":[{"href":"https:\/\/alcala.salesianos.edu\/colegio\/wp-json\/wp\/v2\/posts\/15212","targetHints":{"allow":["GET"]}}],"collection":[{"href":"https:\/\/alcala.salesianos.edu\/colegio\/wp-json\/wp\/v2\/posts"}],"about":[{"href":"https:\/\/alcala.salesianos.edu\/colegio\/wp-json\/wp\/v2\/types\/post"}],"author":[{"embeddable":true,"href":"https:\/\/alcala.salesianos.edu\/colegio\/wp-json\/wp\/v2\/users\/2"}],"replies":[{"embeddable":true,"href":"https:\/\/alcala.salesianos.edu\/colegio\/wp-json\/wp\/v2\/comments?post=15212"}],"version-history":[{"count":1,"href":"https:\/\/alcala.salesianos.edu\/colegio\/wp-json\/wp\/v2\/posts\/15212\/revisions"}],"predecessor-version":[{"id":16617,"href":"https:\/\/alcala.salesianos.edu\/colegio\/wp-json\/wp\/v2\/posts\/15212\/revisions\/16617"}],"wp:attachment":[{"href":"https:\/\/alcala.salesianos.edu\/colegio\/wp-json\/wp\/v2\/media?parent=15212"}],"wp:term":[{"taxonomy":"category","embeddable":true,"href":"https:\/\/alcala.salesianos.edu\/colegio\/wp-json\/wp\/v2\/categories?post=15212"},{"taxonomy":"post_tag","embeddable":true,"href":"https:\/\/alcala.salesianos.edu\/colegio\/wp-json\/wp\/v2\/tags?post=15212"}],"curies":[{"name":"wp","href":"https:\/\/api.w.org\/{rel}","templated":true}]}}