{"id":15195,"date":"2023-05-01T06:08:17","date_gmt":"2023-05-01T05:08:17","guid":{"rendered":"https:\/\/alcala.salesianos.edu\/colegio\/blog\/2023\/05\/01\/mayo-mes-de-la-alegria\/"},"modified":"2025-08-27T08:47:29","modified_gmt":"2025-08-27T07:47:29","slug":"mayo-mes-de-la-alegria","status":"publish","type":"post","link":"https:\/\/alcala.salesianos.edu\/colegio\/blog\/2023\/05\/01\/mayo-mes-de-la-alegria\/","title":{"rendered":"Mayo, mes de la alegr\u00eda"},"content":{"rendered":"<div id=\"fb-root\"><\/div>\n\n[et_pb_section fb_built=\u00bb1&#8243; admin_label=\u00bbsection\u00bb _builder_version=\u00bb4.16&#8243; global_colors_info=\u00bb{}\u00bb][et_pb_row admin_label=\u00bbrow\u00bb _builder_version=\u00bb4.16&#8243; background_size=\u00bbinitial\u00bb background_position=\u00bbtop_left\u00bb background_repeat=\u00bbrepeat\u00bb global_colors_info=\u00bb{}\u00bb][et_pb_column type=\u00bb4_4&#8243; _builder_version=\u00bb4.16&#8243; custom_padding=\u00bb|||\u00bb global_colors_info=\u00bb{}\u00bb custom_padding__hover=\u00bb|||\u00bb][et_pb_text _builder_version=\u00bb4.20.4&#8243; _module_preset=\u00bbdefault\u00bb hover_enabled=\u00bb0&#8243; sticky_enabled=\u00bb0&#8243;]<p>\u200bHa comenzado el mes de mayo y toda la Comunidad Educativa Pastoral estamos invitados a vivir con alegr\u00eda este mes en torno a Nuestra Madre Mar\u00eda Auxiliadora Coronada. El mi\u00e9rcoles 3 de mayo a las 20,00 h. conmemoraremos el <strong>VI Aniversario de la Coronaci\u00f3n Can\u00f3nica de Mar\u00eda Auxiliadora. <\/strong>Ese mismo d\u00eda, nuestra Madre estar\u00e1 en solemne veneraci\u00f3n.<\/p>\n<p>El d\u00eda 6 de mayo, d\u00eda de Santo Domingo Savio la Asociaci\u00f3n de Salesianos Cooperadores de la Provincia de Mar\u00eda Auxiliadora estar\u00e1 de celebraci\u00f3n en M\u00e1laga durante la <strong>Asamblea Provincial<\/strong> en la que har\u00e1n su promesa ante el <strong>Rector Mayor<\/strong> numerosos nuevos Salesianos Cooperadores, entre los que estar\u00e1 D. Isidoro Villalba de nuestra comunidad.<\/p>\n<p>Nuestro centro educativo continuara preparando para nuestros alumnos un mes cargado de actividades para culminar con la <strong>novena<\/strong> y la <strong>fiesta de Mar\u00eda Auxiliadora<\/strong>. Todas las actividades que se realizar\u00e1n en nuestra Casa estar\u00e1n reflejadas en el programa de Mar\u00eda Auxiliadora que en breve estar\u00e1 disponible para nuestra comunidad.<\/p>\n<p>Deseamos que este mes de mayo podamos vivirlo con intensidad y con alegr\u00eda.<\/p>\n<p><strong>\u00a1Feliz mes de mayo, mes de Mar\u00eda Auxiliadora!<\/strong><\/p>[\/et_pb_text][\/et_pb_column][\/et_pb_row][\/et_pb_section]\n","protected":false},"excerpt":{"rendered":"<p>Ha comenzado el mes de mayo y toda la Comunidad Educativa Pastoral estamos invitados a vivir con alegr\u00eda este mes en torno a Nuestra Madre Mar\u00eda Auxiliadora Coronada.<\/p>\n","protected":false},"author":2,"featured_media":0,"comment_status":"closed","ping_status":"open","sticky":false,"template":"","format":"standard","meta":{"_et_pb_use_builder":"on","_et_pb_old_content":"","_et_gb_content_width":"","footnotes":""},"categories":[12,23,13,17,14,15,18,16,1],"tags":[],"class_list":["post-15195","post","type-post","status-publish","format-standard","hentry","category-colegio","category-covid","category-fasa","category-infantil","category-pastoral","category-portada","category-primaria","category-secundaria","category-uncategorized"],"yoast_head":"<!-- This site is optimized with the Yoast SEO plugin v28.3 - https:\/\/yoast.com\/product\/yoast-seo-wordpress\/ -->\n<title>Mayo, mes de la alegr\u00eda - Colegio Salesiano Alcal\u00e1<\/title>\n<meta name=\"description\" content=\"Estamos todos invitados a vivir con alegr\u00eda durante este mes en torno a Nuestra Madre, Mar\u00eda Auxiliadora Coronada.\" \/>\n<meta name=\"robots\" content=\"index, follow, max-snippet:-1, max-image-preview:large, max-video-preview:-1\" \/>\n<link rel=\"canonical\" href=\"https:\/\/alcala.salesianos.edu\/colegio\/blog\/2023\/05\/01\/mayo-mes-de-la-alegria\/\" \/>\n<meta property=\"og:locale\" content=\"es_ES\" \/>\n<meta property=\"og:type\" content=\"article\" \/>\n<meta property=\"og:title\" content=\"Mayo, mes de la alegr\u00eda - Colegio Salesiano Alcal\u00e1\" \/>\n<meta property=\"og:description\" content=\"Estamos todos invitados a vivir con alegr\u00eda durante este mes en torno a Nuestra Madre, Mar\u00eda Auxiliadora Coronada.\" \/>\n<meta property=\"og:url\" content=\"https:\/\/alcala.salesianos.edu\/colegio\/blog\/2023\/05\/01\/mayo-mes-de-la-alegria\/\" \/>\n<meta property=\"og:site_name\" content=\"Colegio Salesiano Alcal\u00e1\" \/>\n<meta property=\"article:published_time\" content=\"2023-05-01T05:08:17+00:00\" \/>\n<meta property=\"article:modified_time\" content=\"2025-08-27T07:47:29+00:00\" \/>\n<meta name=\"author\" content=\"Administrador Web\" \/>\n<meta name=\"twitter:card\" content=\"summary_large_image\" \/>\n<meta name=\"twitter:label1\" content=\"Escrito por\" \/>\n\t<meta name=\"twitter:data1\" content=\"Administrador Web\" \/>\n\t<meta name=\"twitter:label2\" content=\"Tiempo de lectura\" \/>\n\t<meta name=\"twitter:data2\" content=\"1 minuto\" \/>\n<script type=\"application\/ld+json\" class=\"yoast-schema-graph\">{\"@context\":\"https:\\\/\\\/schema.org\",\"@graph\":[{\"@type\":\"Article\",\"@id\":\"https:\\\/\\\/alcala.salesianos.edu\\\/colegio\\\/blog\\\/2023\\\/05\\\/01\\\/mayo-mes-de-la-alegria\\\/#article\",\"isPartOf\":{\"@id\":\"https:\\\/\\\/alcala.salesianos.edu\\\/colegio\\\/blog\\\/2023\\\/05\\\/01\\\/mayo-mes-de-la-alegria\\\/\"},\"author\":{\"name\":\"Administrador Web\",\"@id\":\"https:\\\/\\\/alcala.salesianos.edu\\\/colegio\\\/#\\\/schema\\\/person\\\/afcc24f776dc91fc2bf9afb0998fca77\"},\"headline\":\"Mayo, mes de la alegr\u00eda\",\"datePublished\":\"2023-05-01T05:08:17+00:00\",\"dateModified\":\"2025-08-27T07:47:29+00:00\",\"mainEntityOfPage\":{\"@id\":\"https:\\\/\\\/alcala.salesianos.edu\\\/colegio\\\/blog\\\/2023\\\/05\\\/01\\\/mayo-mes-de-la-alegria\\\/\"},\"wordCount\":277,\"articleSection\":[\"Colegio\",\"covid\",\"FASA\",\"Infantil\",\"Pastoral\",\"Portada\",\"Primaria\",\"Secundaria\",\"Uncategorized\"],\"inLanguage\":\"es\"},{\"@type\":\"WebPage\",\"@id\":\"https:\\\/\\\/alcala.salesianos.edu\\\/colegio\\\/blog\\\/2023\\\/05\\\/01\\\/mayo-mes-de-la-alegria\\\/\",\"url\":\"https:\\\/\\\/alcala.salesianos.edu\\\/colegio\\\/blog\\\/2023\\\/05\\\/01\\\/mayo-mes-de-la-alegria\\\/\",\"name\":\"Mayo, mes de la alegr\u00eda - Colegio Salesiano Alcal\u00e1\",\"isPartOf\":{\"@id\":\"https:\\\/\\\/alcala.salesianos.edu\\\/colegio\\\/#website\"},\"datePublished\":\"2023-05-01T05:08:17+00:00\",\"dateModified\":\"2025-08-27T07:47:29+00:00\",\"author\":{\"@id\":\"https:\\\/\\\/alcala.salesianos.edu\\\/colegio\\\/#\\\/schema\\\/person\\\/afcc24f776dc91fc2bf9afb0998fca77\"},\"description\":\"Estamos todos invitados a vivir con alegr\u00eda durante este mes en torno a Nuestra Madre, Mar\u00eda Auxiliadora Coronada.\",\"breadcrumb\":{\"@id\":\"https:\\\/\\\/alcala.salesianos.edu\\\/colegio\\\/blog\\\/2023\\\/05\\\/01\\\/mayo-mes-de-la-alegria\\\/#breadcrumb\"},\"inLanguage\":\"es\",\"potentialAction\":[{\"@type\":\"ReadAction\",\"target\":[\"https:\\\/\\\/alcala.salesianos.edu\\\/colegio\\\/blog\\\/2023\\\/05\\\/01\\\/mayo-mes-de-la-alegria\\\/\"]}]},{\"@type\":\"BreadcrumbList\",\"@id\":\"https:\\\/\\\/alcala.salesianos.edu\\\/colegio\\\/blog\\\/2023\\\/05\\\/01\\\/mayo-mes-de-la-alegria\\\/#breadcrumb\",\"itemListElement\":[{\"@type\":\"ListItem\",\"position\":1,\"name\":\"Portada\",\"item\":\"https:\\\/\\\/alcala.salesianos.edu\\\/colegio\\\/\"},{\"@type\":\"ListItem\",\"position\":2,\"name\":\"Mayo, mes de la alegr\u00eda\"}]},{\"@type\":\"WebSite\",\"@id\":\"https:\\\/\\\/alcala.salesianos.edu\\\/colegio\\\/#website\",\"url\":\"https:\\\/\\\/alcala.salesianos.edu\\\/colegio\\\/\",\"name\":\"Colegio Salesiano Alcal\u00e1\",\"description\":\"P\u00e1gina oficial de Salesianos Alcal\u00e1 de Guadaira\",\"potentialAction\":[{\"@type\":\"SearchAction\",\"target\":{\"@type\":\"EntryPoint\",\"urlTemplate\":\"https:\\\/\\\/alcala.salesianos.edu\\\/colegio\\\/?s={search_term_string}\"},\"query-input\":{\"@type\":\"PropertyValueSpecification\",\"valueRequired\":true,\"valueName\":\"search_term_string\"}}],\"inLanguage\":\"es\"},{\"@type\":\"Person\",\"@id\":\"https:\\\/\\\/alcala.salesianos.edu\\\/colegio\\\/#\\\/schema\\\/person\\\/afcc24f776dc91fc2bf9afb0998fca77\",\"name\":\"Administrador Web\",\"image\":{\"@type\":\"ImageObject\",\"inLanguage\":\"es\",\"@id\":\"https:\\\/\\\/secure.gravatar.com\\\/avatar\\\/bc157e994689bd6da9645c00aa3bc4d55b727915b6652642660db0aef086585f?s=96&d=mm&r=g\",\"url\":\"https:\\\/\\\/secure.gravatar.com\\\/avatar\\\/bc157e994689bd6da9645c00aa3bc4d55b727915b6652642660db0aef086585f?s=96&d=mm&r=g\",\"contentUrl\":\"https:\\\/\\\/secure.gravatar.com\\\/avatar\\\/bc157e994689bd6da9645c00aa3bc4d55b727915b6652642660db0aef086585f?s=96&d=mm&r=g\",\"caption\":\"Administrador Web\"}}]}<\/script>\n<!-- \/ Yoast SEO plugin. -->","yoast_head_json":{"title":"Mayo, mes de la alegr\u00eda - Colegio Salesiano Alcal\u00e1","description":"Estamos todos invitados a vivir con alegr\u00eda durante este mes en torno a Nuestra Madre, Mar\u00eda Auxiliadora Coronada.","robots":{"index":"index","follow":"follow","max-snippet":"max-snippet:-1","max-image-preview":"max-image-preview:large","max-video-preview":"max-video-preview:-1"},"canonical":"https:\/\/alcala.salesianos.edu\/colegio\/blog\/2023\/05\/01\/mayo-mes-de-la-alegria\/","og_locale":"es_ES","og_type":"article","og_title":"Mayo, mes de la alegr\u00eda - Colegio Salesiano Alcal\u00e1","og_description":"Estamos todos invitados a vivir con alegr\u00eda durante este mes en torno a Nuestra Madre, Mar\u00eda Auxiliadora Coronada.","og_url":"https:\/\/alcala.salesianos.edu\/colegio\/blog\/2023\/05\/01\/mayo-mes-de-la-alegria\/","og_site_name":"Colegio Salesiano Alcal\u00e1","article_published_time":"2023-05-01T05:08:17+00:00","article_modified_time":"2025-08-27T07:47:29+00:00","author":"Administrador Web","twitter_card":"summary_large_image","twitter_misc":{"Escrito por":"Administrador Web","Tiempo de lectura":"1 minuto"},"schema":{"@context":"https:\/\/schema.org","@graph":[{"@type":"Article","@id":"https:\/\/alcala.salesianos.edu\/colegio\/blog\/2023\/05\/01\/mayo-mes-de-la-alegria\/#article","isPartOf":{"@id":"https:\/\/alcala.salesianos.edu\/colegio\/blog\/2023\/05\/01\/mayo-mes-de-la-alegria\/"},"author":{"name":"Administrador Web","@id":"https:\/\/alcala.salesianos.edu\/colegio\/#\/schema\/person\/afcc24f776dc91fc2bf9afb0998fca77"},"headline":"Mayo, mes de la alegr\u00eda","datePublished":"2023-05-01T05:08:17+00:00","dateModified":"2025-08-27T07:47:29+00:00","mainEntityOfPage":{"@id":"https:\/\/alcala.salesianos.edu\/colegio\/blog\/2023\/05\/01\/mayo-mes-de-la-alegria\/"},"wordCount":277,"articleSection":["Colegio","covid","FASA","Infantil","Pastoral","Portada","Primaria","Secundaria","Uncategorized"],"inLanguage":"es"},{"@type":"WebPage","@id":"https:\/\/alcala.salesianos.edu\/colegio\/blog\/2023\/05\/01\/mayo-mes-de-la-alegria\/","url":"https:\/\/alcala.salesianos.edu\/colegio\/blog\/2023\/05\/01\/mayo-mes-de-la-alegria\/","name":"Mayo, mes de la alegr\u00eda - Colegio Salesiano Alcal\u00e1","isPartOf":{"@id":"https:\/\/alcala.salesianos.edu\/colegio\/#website"},"datePublished":"2023-05-01T05:08:17+00:00","dateModified":"2025-08-27T07:47:29+00:00","author":{"@id":"https:\/\/alcala.salesianos.edu\/colegio\/#\/schema\/person\/afcc24f776dc91fc2bf9afb0998fca77"},"description":"Estamos todos invitados a vivir con alegr\u00eda durante este mes en torno a Nuestra Madre, Mar\u00eda Auxiliadora Coronada.","breadcrumb":{"@id":"https:\/\/alcala.salesianos.edu\/colegio\/blog\/2023\/05\/01\/mayo-mes-de-la-alegria\/#breadcrumb"},"inLanguage":"es","potentialAction":[{"@type":"ReadAction","target":["https:\/\/alcala.salesianos.edu\/colegio\/blog\/2023\/05\/01\/mayo-mes-de-la-alegria\/"]}]},{"@type":"BreadcrumbList","@id":"https:\/\/alcala.salesianos.edu\/colegio\/blog\/2023\/05\/01\/mayo-mes-de-la-alegria\/#breadcrumb","itemListElement":[{"@type":"ListItem","position":1,"name":"Portada","item":"https:\/\/alcala.salesianos.edu\/colegio\/"},{"@type":"ListItem","position":2,"name":"Mayo, mes de la alegr\u00eda"}]},{"@type":"WebSite","@id":"https:\/\/alcala.salesianos.edu\/colegio\/#website","url":"https:\/\/alcala.salesianos.edu\/colegio\/","name":"Colegio Salesiano Alcal\u00e1","description":"P\u00e1gina oficial de Salesianos Alcal\u00e1 de Guadaira","potentialAction":[{"@type":"SearchAction","target":{"@type":"EntryPoint","urlTemplate":"https:\/\/alcala.salesianos.edu\/colegio\/?s={search_term_string}"},"query-input":{"@type":"PropertyValueSpecification","valueRequired":true,"valueName":"search_term_string"}}],"inLanguage":"es"},{"@type":"Person","@id":"https:\/\/alcala.salesianos.edu\/colegio\/#\/schema\/person\/afcc24f776dc91fc2bf9afb0998fca77","name":"Administrador Web","image":{"@type":"ImageObject","inLanguage":"es","@id":"https:\/\/secure.gravatar.com\/avatar\/bc157e994689bd6da9645c00aa3bc4d55b727915b6652642660db0aef086585f?s=96&d=mm&r=g","url":"https:\/\/secure.gravatar.com\/avatar\/bc157e994689bd6da9645c00aa3bc4d55b727915b6652642660db0aef086585f?s=96&d=mm&r=g","contentUrl":"https:\/\/secure.gravatar.com\/avatar\/bc157e994689bd6da9645c00aa3bc4d55b727915b6652642660db0aef086585f?s=96&d=mm&r=g","caption":"Administrador Web"}}]}},"_links":{"self":[{"href":"https:\/\/alcala.salesianos.edu\/colegio\/wp-json\/wp\/v2\/posts\/15195","targetHints":{"allow":["GET"]}}],"collection":[{"href":"https:\/\/alcala.salesianos.edu\/colegio\/wp-json\/wp\/v2\/posts"}],"about":[{"href":"https:\/\/alcala.salesianos.edu\/colegio\/wp-json\/wp\/v2\/types\/post"}],"author":[{"embeddable":true,"href":"https:\/\/alcala.salesianos.edu\/colegio\/wp-json\/wp\/v2\/users\/2"}],"replies":[{"embeddable":true,"href":"https:\/\/alcala.salesianos.edu\/colegio\/wp-json\/wp\/v2\/comments?post=15195"}],"version-history":[{"count":1,"href":"https:\/\/alcala.salesianos.edu\/colegio\/wp-json\/wp\/v2\/posts\/15195\/revisions"}],"predecessor-version":[{"id":15197,"href":"https:\/\/alcala.salesianos.edu\/colegio\/wp-json\/wp\/v2\/posts\/15195\/revisions\/15197"}],"wp:attachment":[{"href":"https:\/\/alcala.salesianos.edu\/colegio\/wp-json\/wp\/v2\/media?parent=15195"}],"wp:term":[{"taxonomy":"category","embeddable":true,"href":"https:\/\/alcala.salesianos.edu\/colegio\/wp-json\/wp\/v2\/categories?post=15195"},{"taxonomy":"post_tag","embeddable":true,"href":"https:\/\/alcala.salesianos.edu\/colegio\/wp-json\/wp\/v2\/tags?post=15195"}],"curies":[{"name":"wp","href":"https:\/\/api.w.org\/{rel}","templated":true}]}}