{"id":15178,"date":"2023-04-19T17:12:09","date_gmt":"2023-04-19T16:12:09","guid":{"rendered":"https:\/\/alcala.salesianos.edu\/colegio\/blog\/2023\/04\/19\/entrega-de-notas-de-tercera-evaluacion-eso\/"},"modified":"2025-08-27T08:47:31","modified_gmt":"2025-08-27T07:47:31","slug":"entrega-de-notas-de-tercera-evaluacion-eso","status":"publish","type":"post","link":"https:\/\/alcala.salesianos.edu\/colegio\/blog\/2023\/04\/19\/entrega-de-notas-de-tercera-evaluacion-eso\/","title":{"rendered":"Entrega de notas de tercera evaluaci\u00f3n ESO"},"content":{"rendered":"<div id=\"fb-root\"><\/div>\n<p>[et_pb_section fb_built=\u00bb1&#8243; admin_label=\u00bbsection\u00bb _builder_version=\u00bb4.16&#8243; global_colors_info=\u00bb{}\u00bb][et_pb_row admin_label=\u00bbrow\u00bb _builder_version=\u00bb4.16&#8243; background_size=\u00bbinitial\u00bb background_position=\u00bbtop_left\u00bb background_repeat=\u00bbrepeat\u00bb global_colors_info=\u00bb{}\u00bb][et_pb_column type=\u00bb4_4&#8243; _builder_version=\u00bb4.16&#8243; custom_padding=\u00bb|||\u00bb global_colors_info=\u00bb{}\u00bb custom_padding__hover=\u00bb|||\u00bb][et_pb_text _builder_version=\u00bb4.20.4&#8243; _module_preset=\u00bbdefault\u00bb hover_enabled=\u00bb0&#8243; sticky_enabled=\u00bb0&#8243;]<\/p>\n<p>Estimadas familias:<\/p>\n<p>Espero que este mensaje les encuentre bien. Quer\u00eda informarles que la entrega de notas correspondiente a la tercera evaluaci\u00f3n del curso escolar 2022-2023 tendr\u00e1 lugar el pr\u00f3ximo d\u00eda 27 de abril a las 18:00 horas en las instalaciones del colegio.<\/p>\n<p>Comenzaremos con una reuni\u00f3n grupal (en el teatro) en la que se tratar\u00e1n diversos temas de inter\u00e9s general para las familias. En esta reuni\u00f3n, se hablar\u00e1 sobre el progreso general de los estudiantes en la tercera evaluaci\u00f3n, los objetivos para la cuarta evaluaci\u00f3n y se presentar\u00e1n las actividades y proyectos que se llevar\u00e1n a cabo en el colegio durante los pr\u00f3ximos meses.<\/p>\n<p>Tras este primer momento, los tutores se reunir\u00e1n con las familias de sus respectivos alumnos para tratar los temas propios del grupo clase y entregar las notas individualizadas.<\/p>\n<p>Por favor, aseg\u00farense de asistir a esta importante reuni\u00f3n y de estar presentes para recoger las notas de sus hijos. Si por alg\u00fan motivo no pueden asistir, por favor comun\u00edquenlo al tutor con antelaci\u00f3n para buscar una soluci\u00f3n alternativa.<\/p>\n<p>Esperamos verles a todos el pr\u00f3ximo 27 de abril a las 18:00 horas en el colegio.<\/p>\n<p>&nbsp;<\/p>\n<p>Atentamente:<\/p>\n<p>Mateo Barrera Mac\u00edas<\/p>\n<p>[\/et_pb_text][\/et_pb_column][\/et_pb_row][\/et_pb_section]<\/p>\n","protected":false},"excerpt":{"rendered":"<p>Entrega de notas correspondiente a la tercera evaluaci\u00f3n del curso escolar 2022-2023 tendr\u00e1 lugar el pr\u00f3ximo d\u00eda 27 de abril a las 18:00 horas en las instalaciones del colegio.<\/p>\n","protected":false},"author":2,"featured_media":14880,"comment_status":"closed","ping_status":"open","sticky":false,"template":"","format":"standard","meta":{"_et_pb_use_builder":"on","_et_pb_old_content":"","_et_gb_content_width":"","footnotes":""},"categories":[12,23,13,14,16,1],"tags":[],"class_list":["post-15178","post","type-post","status-publish","format-standard","has-post-thumbnail","hentry","category-colegio","category-covid","category-fasa","category-pastoral","category-secundaria","category-uncategorized"],"yoast_head":"<!-- This site is optimized with the Yoast SEO plugin v28.3 - https:\/\/yoast.com\/product\/yoast-seo-wordpress\/ -->\n<title>Entrega de notas de tercera evaluaci\u00f3n ESO - Colegio Salesiano Alcal\u00e1<\/title>\n<meta name=\"description\" content=\"Tendr\u00e1 lugar el pr\u00f3ximo d\u00eda 27 de abril a las 18:00 horas en las instalaciones de nuestro centro educativo.\" \/>\n<meta name=\"robots\" content=\"index, follow, max-snippet:-1, max-image-preview:large, max-video-preview:-1\" \/>\n<link rel=\"canonical\" href=\"https:\/\/alcala.salesianos.edu\/colegio\/blog\/2023\/04\/19\/entrega-de-notas-de-tercera-evaluacion-eso\/\" \/>\n<meta property=\"og:locale\" content=\"es_ES\" \/>\n<meta property=\"og:type\" content=\"article\" \/>\n<meta property=\"og:title\" content=\"Entrega de notas de tercera evaluaci\u00f3n ESO - Colegio Salesiano Alcal\u00e1\" \/>\n<meta property=\"og:description\" content=\"Tendr\u00e1 lugar el pr\u00f3ximo d\u00eda 27 de abril a las 18:00 horas en las instalaciones de nuestro centro educativo.\" \/>\n<meta property=\"og:url\" content=\"https:\/\/alcala.salesianos.edu\/colegio\/blog\/2023\/04\/19\/entrega-de-notas-de-tercera-evaluacion-eso\/\" \/>\n<meta property=\"og:site_name\" content=\"Colegio Salesiano Alcal\u00e1\" \/>\n<meta property=\"article:published_time\" content=\"2023-04-19T16:12:09+00:00\" \/>\n<meta property=\"article:modified_time\" content=\"2025-08-27T07:47:31+00:00\" \/>\n<meta property=\"og:image\" content=\"https:\/\/alcala.salesianos.edu\/colegio\/wp-content\/uploads\/sites\/2\/2022\/09\/ALCALAobraVN2.jpg\" \/>\n\t<meta property=\"og:image:width\" content=\"1\" \/>\n\t<meta property=\"og:image:height\" content=\"1\" \/>\n\t<meta property=\"og:image:type\" content=\"image\/jpeg\" \/>\n<meta name=\"author\" content=\"Administrador Web\" \/>\n<meta name=\"twitter:card\" content=\"summary_large_image\" \/>\n<meta name=\"twitter:label1\" content=\"Escrito por\" \/>\n\t<meta name=\"twitter:data1\" content=\"Administrador Web\" \/>\n<script type=\"application\/ld+json\" class=\"yoast-schema-graph\">{\"@context\":\"https:\\\/\\\/schema.org\",\"@graph\":[{\"@type\":\"Article\",\"@id\":\"https:\\\/\\\/alcala.salesianos.edu\\\/colegio\\\/blog\\\/2023\\\/04\\\/19\\\/entrega-de-notas-de-tercera-evaluacion-eso\\\/#article\",\"isPartOf\":{\"@id\":\"https:\\\/\\\/alcala.salesianos.edu\\\/colegio\\\/blog\\\/2023\\\/04\\\/19\\\/entrega-de-notas-de-tercera-evaluacion-eso\\\/\"},\"author\":{\"name\":\"Administrador Web\",\"@id\":\"https:\\\/\\\/alcala.salesianos.edu\\\/colegio\\\/#\\\/schema\\\/person\\\/afcc24f776dc91fc2bf9afb0998fca77\"},\"headline\":\"Entrega de notas de tercera evaluaci\u00f3n ESO\",\"datePublished\":\"2023-04-19T16:12:09+00:00\",\"dateModified\":\"2025-08-27T07:47:31+00:00\",\"mainEntityOfPage\":{\"@id\":\"https:\\\/\\\/alcala.salesianos.edu\\\/colegio\\\/blog\\\/2023\\\/04\\\/19\\\/entrega-de-notas-de-tercera-evaluacion-eso\\\/\"},\"wordCount\":290,\"image\":{\"@id\":\"https:\\\/\\\/alcala.salesianos.edu\\\/colegio\\\/blog\\\/2023\\\/04\\\/19\\\/entrega-de-notas-de-tercera-evaluacion-eso\\\/#primaryimage\"},\"thumbnailUrl\":\"https:\\\/\\\/alcala.salesianos.edu\\\/colegio\\\/wp-content\\\/uploads\\\/sites\\\/2\\\/2022\\\/09\\\/ALCALAobraVN2.jpg\",\"articleSection\":[\"Colegio\",\"covid\",\"FASA\",\"Pastoral\",\"Secundaria\",\"Uncategorized\"],\"inLanguage\":\"es\"},{\"@type\":\"WebPage\",\"@id\":\"https:\\\/\\\/alcala.salesianos.edu\\\/colegio\\\/blog\\\/2023\\\/04\\\/19\\\/entrega-de-notas-de-tercera-evaluacion-eso\\\/\",\"url\":\"https:\\\/\\\/alcala.salesianos.edu\\\/colegio\\\/blog\\\/2023\\\/04\\\/19\\\/entrega-de-notas-de-tercera-evaluacion-eso\\\/\",\"name\":\"Entrega de notas de tercera evaluaci\u00f3n ESO - Colegio Salesiano Alcal\u00e1\",\"isPartOf\":{\"@id\":\"https:\\\/\\\/alcala.salesianos.edu\\\/colegio\\\/#website\"},\"primaryImageOfPage\":{\"@id\":\"https:\\\/\\\/alcala.salesianos.edu\\\/colegio\\\/blog\\\/2023\\\/04\\\/19\\\/entrega-de-notas-de-tercera-evaluacion-eso\\\/#primaryimage\"},\"image\":{\"@id\":\"https:\\\/\\\/alcala.salesianos.edu\\\/colegio\\\/blog\\\/2023\\\/04\\\/19\\\/entrega-de-notas-de-tercera-evaluacion-eso\\\/#primaryimage\"},\"thumbnailUrl\":\"https:\\\/\\\/alcala.salesianos.edu\\\/colegio\\\/wp-content\\\/uploads\\\/sites\\\/2\\\/2022\\\/09\\\/ALCALAobraVN2.jpg\",\"datePublished\":\"2023-04-19T16:12:09+00:00\",\"dateModified\":\"2025-08-27T07:47:31+00:00\",\"author\":{\"@id\":\"https:\\\/\\\/alcala.salesianos.edu\\\/colegio\\\/#\\\/schema\\\/person\\\/afcc24f776dc91fc2bf9afb0998fca77\"},\"description\":\"Tendr\u00e1 lugar el pr\u00f3ximo d\u00eda 27 de abril a las 18:00 horas en las instalaciones de nuestro centro educativo.\",\"breadcrumb\":{\"@id\":\"https:\\\/\\\/alcala.salesianos.edu\\\/colegio\\\/blog\\\/2023\\\/04\\\/19\\\/entrega-de-notas-de-tercera-evaluacion-eso\\\/#breadcrumb\"},\"inLanguage\":\"es\",\"potentialAction\":[{\"@type\":\"ReadAction\",\"target\":[\"https:\\\/\\\/alcala.salesianos.edu\\\/colegio\\\/blog\\\/2023\\\/04\\\/19\\\/entrega-de-notas-de-tercera-evaluacion-eso\\\/\"]}]},{\"@type\":\"ImageObject\",\"inLanguage\":\"es\",\"@id\":\"https:\\\/\\\/alcala.salesianos.edu\\\/colegio\\\/blog\\\/2023\\\/04\\\/19\\\/entrega-de-notas-de-tercera-evaluacion-eso\\\/#primaryimage\",\"url\":\"https:\\\/\\\/alcala.salesianos.edu\\\/colegio\\\/wp-content\\\/uploads\\\/sites\\\/2\\\/2022\\\/09\\\/ALCALAobraVN2.jpg\",\"contentUrl\":\"https:\\\/\\\/alcala.salesianos.edu\\\/colegio\\\/wp-content\\\/uploads\\\/sites\\\/2\\\/2022\\\/09\\\/ALCALAobraVN2.jpg\"},{\"@type\":\"BreadcrumbList\",\"@id\":\"https:\\\/\\\/alcala.salesianos.edu\\\/colegio\\\/blog\\\/2023\\\/04\\\/19\\\/entrega-de-notas-de-tercera-evaluacion-eso\\\/#breadcrumb\",\"itemListElement\":[{\"@type\":\"ListItem\",\"position\":1,\"name\":\"Portada\",\"item\":\"https:\\\/\\\/alcala.salesianos.edu\\\/colegio\\\/\"},{\"@type\":\"ListItem\",\"position\":2,\"name\":\"Entrega de notas de tercera evaluaci\u00f3n ESO\"}]},{\"@type\":\"WebSite\",\"@id\":\"https:\\\/\\\/alcala.salesianos.edu\\\/colegio\\\/#website\",\"url\":\"https:\\\/\\\/alcala.salesianos.edu\\\/colegio\\\/\",\"name\":\"Colegio Salesiano Alcal\u00e1\",\"description\":\"P\u00e1gina oficial de Salesianos Alcal\u00e1 de Guadaira\",\"potentialAction\":[{\"@type\":\"SearchAction\",\"target\":{\"@type\":\"EntryPoint\",\"urlTemplate\":\"https:\\\/\\\/alcala.salesianos.edu\\\/colegio\\\/?s={search_term_string}\"},\"query-input\":{\"@type\":\"PropertyValueSpecification\",\"valueRequired\":true,\"valueName\":\"search_term_string\"}}],\"inLanguage\":\"es\"},{\"@type\":\"Person\",\"@id\":\"https:\\\/\\\/alcala.salesianos.edu\\\/colegio\\\/#\\\/schema\\\/person\\\/afcc24f776dc91fc2bf9afb0998fca77\",\"name\":\"Administrador Web\",\"image\":{\"@type\":\"ImageObject\",\"inLanguage\":\"es\",\"@id\":\"https:\\\/\\\/secure.gravatar.com\\\/avatar\\\/bc157e994689bd6da9645c00aa3bc4d55b727915b6652642660db0aef086585f?s=96&d=mm&r=g\",\"url\":\"https:\\\/\\\/secure.gravatar.com\\\/avatar\\\/bc157e994689bd6da9645c00aa3bc4d55b727915b6652642660db0aef086585f?s=96&d=mm&r=g\",\"contentUrl\":\"https:\\\/\\\/secure.gravatar.com\\\/avatar\\\/bc157e994689bd6da9645c00aa3bc4d55b727915b6652642660db0aef086585f?s=96&d=mm&r=g\",\"caption\":\"Administrador Web\"}}]}<\/script>\n<!-- \/ Yoast SEO plugin. -->","yoast_head_json":{"title":"Entrega de notas de tercera evaluaci\u00f3n ESO - Colegio Salesiano Alcal\u00e1","description":"Tendr\u00e1 lugar el pr\u00f3ximo d\u00eda 27 de abril a las 18:00 horas en las instalaciones de nuestro centro educativo.","robots":{"index":"index","follow":"follow","max-snippet":"max-snippet:-1","max-image-preview":"max-image-preview:large","max-video-preview":"max-video-preview:-1"},"canonical":"https:\/\/alcala.salesianos.edu\/colegio\/blog\/2023\/04\/19\/entrega-de-notas-de-tercera-evaluacion-eso\/","og_locale":"es_ES","og_type":"article","og_title":"Entrega de notas de tercera evaluaci\u00f3n ESO - Colegio Salesiano Alcal\u00e1","og_description":"Tendr\u00e1 lugar el pr\u00f3ximo d\u00eda 27 de abril a las 18:00 horas en las instalaciones de nuestro centro educativo.","og_url":"https:\/\/alcala.salesianos.edu\/colegio\/blog\/2023\/04\/19\/entrega-de-notas-de-tercera-evaluacion-eso\/","og_site_name":"Colegio Salesiano Alcal\u00e1","article_published_time":"2023-04-19T16:12:09+00:00","article_modified_time":"2025-08-27T07:47:31+00:00","og_image":[{"url":"https:\/\/alcala.salesianos.edu\/colegio\/wp-content\/uploads\/sites\/2\/2022\/09\/ALCALAobraVN2.jpg","width":1,"height":1,"type":"image\/jpeg"}],"author":"Administrador Web","twitter_card":"summary_large_image","twitter_misc":{"Escrito por":"Administrador Web"},"schema":{"@context":"https:\/\/schema.org","@graph":[{"@type":"Article","@id":"https:\/\/alcala.salesianos.edu\/colegio\/blog\/2023\/04\/19\/entrega-de-notas-de-tercera-evaluacion-eso\/#article","isPartOf":{"@id":"https:\/\/alcala.salesianos.edu\/colegio\/blog\/2023\/04\/19\/entrega-de-notas-de-tercera-evaluacion-eso\/"},"author":{"name":"Administrador Web","@id":"https:\/\/alcala.salesianos.edu\/colegio\/#\/schema\/person\/afcc24f776dc91fc2bf9afb0998fca77"},"headline":"Entrega de notas de tercera evaluaci\u00f3n ESO","datePublished":"2023-04-19T16:12:09+00:00","dateModified":"2025-08-27T07:47:31+00:00","mainEntityOfPage":{"@id":"https:\/\/alcala.salesianos.edu\/colegio\/blog\/2023\/04\/19\/entrega-de-notas-de-tercera-evaluacion-eso\/"},"wordCount":290,"image":{"@id":"https:\/\/alcala.salesianos.edu\/colegio\/blog\/2023\/04\/19\/entrega-de-notas-de-tercera-evaluacion-eso\/#primaryimage"},"thumbnailUrl":"https:\/\/alcala.salesianos.edu\/colegio\/wp-content\/uploads\/sites\/2\/2022\/09\/ALCALAobraVN2.jpg","articleSection":["Colegio","covid","FASA","Pastoral","Secundaria","Uncategorized"],"inLanguage":"es"},{"@type":"WebPage","@id":"https:\/\/alcala.salesianos.edu\/colegio\/blog\/2023\/04\/19\/entrega-de-notas-de-tercera-evaluacion-eso\/","url":"https:\/\/alcala.salesianos.edu\/colegio\/blog\/2023\/04\/19\/entrega-de-notas-de-tercera-evaluacion-eso\/","name":"Entrega de notas de tercera evaluaci\u00f3n ESO - Colegio Salesiano Alcal\u00e1","isPartOf":{"@id":"https:\/\/alcala.salesianos.edu\/colegio\/#website"},"primaryImageOfPage":{"@id":"https:\/\/alcala.salesianos.edu\/colegio\/blog\/2023\/04\/19\/entrega-de-notas-de-tercera-evaluacion-eso\/#primaryimage"},"image":{"@id":"https:\/\/alcala.salesianos.edu\/colegio\/blog\/2023\/04\/19\/entrega-de-notas-de-tercera-evaluacion-eso\/#primaryimage"},"thumbnailUrl":"https:\/\/alcala.salesianos.edu\/colegio\/wp-content\/uploads\/sites\/2\/2022\/09\/ALCALAobraVN2.jpg","datePublished":"2023-04-19T16:12:09+00:00","dateModified":"2025-08-27T07:47:31+00:00","author":{"@id":"https:\/\/alcala.salesianos.edu\/colegio\/#\/schema\/person\/afcc24f776dc91fc2bf9afb0998fca77"},"description":"Tendr\u00e1 lugar el pr\u00f3ximo d\u00eda 27 de abril a las 18:00 horas en las instalaciones de nuestro centro educativo.","breadcrumb":{"@id":"https:\/\/alcala.salesianos.edu\/colegio\/blog\/2023\/04\/19\/entrega-de-notas-de-tercera-evaluacion-eso\/#breadcrumb"},"inLanguage":"es","potentialAction":[{"@type":"ReadAction","target":["https:\/\/alcala.salesianos.edu\/colegio\/blog\/2023\/04\/19\/entrega-de-notas-de-tercera-evaluacion-eso\/"]}]},{"@type":"ImageObject","inLanguage":"es","@id":"https:\/\/alcala.salesianos.edu\/colegio\/blog\/2023\/04\/19\/entrega-de-notas-de-tercera-evaluacion-eso\/#primaryimage","url":"https:\/\/alcala.salesianos.edu\/colegio\/wp-content\/uploads\/sites\/2\/2022\/09\/ALCALAobraVN2.jpg","contentUrl":"https:\/\/alcala.salesianos.edu\/colegio\/wp-content\/uploads\/sites\/2\/2022\/09\/ALCALAobraVN2.jpg"},{"@type":"BreadcrumbList","@id":"https:\/\/alcala.salesianos.edu\/colegio\/blog\/2023\/04\/19\/entrega-de-notas-de-tercera-evaluacion-eso\/#breadcrumb","itemListElement":[{"@type":"ListItem","position":1,"name":"Portada","item":"https:\/\/alcala.salesianos.edu\/colegio\/"},{"@type":"ListItem","position":2,"name":"Entrega de notas de tercera evaluaci\u00f3n ESO"}]},{"@type":"WebSite","@id":"https:\/\/alcala.salesianos.edu\/colegio\/#website","url":"https:\/\/alcala.salesianos.edu\/colegio\/","name":"Colegio Salesiano Alcal\u00e1","description":"P\u00e1gina oficial de Salesianos Alcal\u00e1 de Guadaira","potentialAction":[{"@type":"SearchAction","target":{"@type":"EntryPoint","urlTemplate":"https:\/\/alcala.salesianos.edu\/colegio\/?s={search_term_string}"},"query-input":{"@type":"PropertyValueSpecification","valueRequired":true,"valueName":"search_term_string"}}],"inLanguage":"es"},{"@type":"Person","@id":"https:\/\/alcala.salesianos.edu\/colegio\/#\/schema\/person\/afcc24f776dc91fc2bf9afb0998fca77","name":"Administrador Web","image":{"@type":"ImageObject","inLanguage":"es","@id":"https:\/\/secure.gravatar.com\/avatar\/bc157e994689bd6da9645c00aa3bc4d55b727915b6652642660db0aef086585f?s=96&d=mm&r=g","url":"https:\/\/secure.gravatar.com\/avatar\/bc157e994689bd6da9645c00aa3bc4d55b727915b6652642660db0aef086585f?s=96&d=mm&r=g","contentUrl":"https:\/\/secure.gravatar.com\/avatar\/bc157e994689bd6da9645c00aa3bc4d55b727915b6652642660db0aef086585f?s=96&d=mm&r=g","caption":"Administrador Web"}}]}},"_links":{"self":[{"href":"https:\/\/alcala.salesianos.edu\/colegio\/wp-json\/wp\/v2\/posts\/15178","targetHints":{"allow":["GET"]}}],"collection":[{"href":"https:\/\/alcala.salesianos.edu\/colegio\/wp-json\/wp\/v2\/posts"}],"about":[{"href":"https:\/\/alcala.salesianos.edu\/colegio\/wp-json\/wp\/v2\/types\/post"}],"author":[{"embeddable":true,"href":"https:\/\/alcala.salesianos.edu\/colegio\/wp-json\/wp\/v2\/users\/2"}],"replies":[{"embeddable":true,"href":"https:\/\/alcala.salesianos.edu\/colegio\/wp-json\/wp\/v2\/comments?post=15178"}],"version-history":[{"count":1,"href":"https:\/\/alcala.salesianos.edu\/colegio\/wp-json\/wp\/v2\/posts\/15178\/revisions"}],"predecessor-version":[{"id":16620,"href":"https:\/\/alcala.salesianos.edu\/colegio\/wp-json\/wp\/v2\/posts\/15178\/revisions\/16620"}],"wp:featuredmedia":[{"embeddable":true,"href":"https:\/\/alcala.salesianos.edu\/colegio\/wp-json\/wp\/v2\/media\/14880"}],"wp:attachment":[{"href":"https:\/\/alcala.salesianos.edu\/colegio\/wp-json\/wp\/v2\/media?parent=15178"}],"wp:term":[{"taxonomy":"category","embeddable":true,"href":"https:\/\/alcala.salesianos.edu\/colegio\/wp-json\/wp\/v2\/categories?post=15178"},{"taxonomy":"post_tag","embeddable":true,"href":"https:\/\/alcala.salesianos.edu\/colegio\/wp-json\/wp\/v2\/tags?post=15178"}],"curies":[{"name":"wp","href":"https:\/\/api.w.org\/{rel}","templated":true}]}}