{"id":15170,"date":"2023-03-31T13:31:35","date_gmt":"2023-03-31T12:31:35","guid":{"rendered":"https:\/\/alcala.salesianos.edu\/colegio\/blog\/2023\/03\/31\/hasta-pronto\/"},"modified":"2025-08-27T08:47:32","modified_gmt":"2025-08-27T07:47:32","slug":"hasta-pronto","status":"publish","type":"post","link":"https:\/\/alcala.salesianos.edu\/colegio\/blog\/2023\/03\/31\/hasta-pronto\/","title":{"rendered":"\u00a1Hasta pronto! Volveremos en Pascua"},"content":{"rendered":"<div id=\"fb-root\"><\/div>\n<p>[et_pb_section fb_built=\u00bb1&#8243; admin_label=\u00bbsection\u00bb _builder_version=\u00bb4.16&#8243; global_colors_info=\u00bb{}\u00bb][et_pb_row admin_label=\u00bbrow\u00bb _builder_version=\u00bb4.16&#8243; background_size=\u00bbinitial\u00bb background_position=\u00bbtop_left\u00bb background_repeat=\u00bbrepeat\u00bb global_colors_info=\u00bb{}\u00bb][et_pb_column type=\u00bb4_4&#8243; _builder_version=\u00bb4.16&#8243; custom_padding=\u00bb|||\u00bb global_colors_info=\u00bb{}\u00bb custom_padding__hover=\u00bb|||\u00bb][et_pb_text _builder_version=\u00bb4.20.2&#8243; _module_preset=\u00bbdefault\u00bb global_colors_info=\u00bb{}\u00bb]<\/p>\n<p>Durante el d\u00eda de hoy, \u00faltimo lectivo de este segundo trimestre, se han celebrado numerosas actividades en todas las etapas con motivo del comienzo de la Semana Santa, la cual desemboca en la celebraci\u00f3n mayor de nosotros los cristianos, la Pascua, Cristo vivo y resucitado.<\/p>\n<p>A primera hora de la ma\u00f1ana se reun\u00edan todos nuestros alumnos para la celebraci\u00f3n del tradicional V\u00eda Crucis escolar, momento de uni\u00f3n y recuerdo para todos nuestros alumnos en el que se han experimentado momentos irrepetibles e inigualables de devoci\u00f3n, fe y sentimientos de hermandad.<\/p>\n<p>Tras el rezo del V\u00eda Crucis, hemos sido testigos de una de las m\u00e1s entra\u00f1ables estampas que podr\u00e1n jam\u00e1s quedarse en nuestro centro, nuestro futuro, los alumnos de Educaci\u00f3n Infantil celebrando su tradicional procesi\u00f3n por cada rinc\u00f3n del colegio. Una emotiva procesi\u00f3n donde todos los alumnos se re\u00fanen en torno a las tradiciones, cultura y, sobre todo, fe de j\u00f3venes y ni\u00f1os ilusionados por su celebraci\u00f3n.<\/p>\n<p>Los alumnos de la etapa de Educaci\u00f3n Primaria han visitado diferentes parroquias de Alcal\u00e1, conociendo as\u00ed diferentes hermandades de nuestro pueblo y, con ellas, sus costumbres e idiosincrasias.<\/p>\n<p>Nuestros j\u00f3venes m\u00e1s mayores, en la etapa de Educaci\u00f3n Secundaria, han vivido momentos de reflexi\u00f3n y retiro, en comunidad, como ya es costumbre, han celebrado la convivencia de cuaresma como broche final a la preparaci\u00f3n de la fiesta mayor de la Iglesia, la Pascua.<\/p>\n<p>Llegamos as\u00ed al final de un tiempo de conversi\u00f3n que nos tiene que llevar al compromiso personal y comunitario, un compromiso que, desde la fe, se hace vida gracias a Cristo Resucitado. Con numerosas actividades y momentos que lo corroboran, deseando a todas las familias un tiempo de Pascua fruct\u00edfero y vivificador.<\/p>\n<p>[\/et_pb_text][\/et_pb_column][\/et_pb_row][et_pb_row _builder_version=\u00bb4.20.2&#8243; _module_preset=\u00bbdefault\u00bb column_structure=\u00bb1_4,1_4,1_4,1_4&#8243;][et_pb_column _builder_version=\u00bb4.20.2&#8243; _module_preset=\u00bbdefault\u00bb type=\u00bb1_4&#8243;][et_pb_image _builder_version=\u00bb4.20.2&#8243; _module_preset=\u00bbdefault\u00bb title_text=\u00bbDisen\u0303o sin ti\u0301tulo(7)\u00bb src=\u00bbhttps:\/\/alcala.salesianos.edu\/wp-content\/uploads\/2023\/03\/Diseno-sin-titulo7.png\u00bb hover_enabled=\u00bb0&#8243; sticky_enabled=\u00bb0&#8243;][\/et_pb_image][\/et_pb_column][et_pb_column _builder_version=\u00bb4.20.2&#8243; _module_preset=\u00bbdefault\u00bb type=\u00bb1_4&#8243;][et_pb_image _builder_version=\u00bb4.20.2&#8243; _module_preset=\u00bbdefault\u00bb title_text=\u00bbDisen\u0303o sin ti\u0301tulo(6)\u00bb src=\u00bbhttps:\/\/alcala.salesianos.edu\/wp-content\/uploads\/2023\/03\/Diseno-sin-titulo6.png\u00bb hover_enabled=\u00bb0&#8243; sticky_enabled=\u00bb0&#8243;][\/et_pb_image][\/et_pb_column][et_pb_column _builder_version=\u00bb4.20.2&#8243; _module_preset=\u00bbdefault\u00bb type=\u00bb1_4&#8243;][et_pb_image _builder_version=\u00bb4.20.2&#8243; _module_preset=\u00bbdefault\u00bb title_text=\u00bbDisen\u0303o sin ti\u0301tulo(5)\u00bb src=\u00bbhttps:\/\/alcala.salesianos.edu\/wp-content\/uploads\/2023\/03\/Diseno-sin-titulo5.png\u00bb hover_enabled=\u00bb0&#8243; sticky_enabled=\u00bb0&#8243;][\/et_pb_image][\/et_pb_column][et_pb_column _builder_version=\u00bb4.20.2&#8243; _module_preset=\u00bbdefault\u00bb type=\u00bb1_4&#8243;][et_pb_image _builder_version=\u00bb4.20.2&#8243; _module_preset=\u00bbdefault\u00bb title_text=\u00bbDisen\u0303o sin ti\u0301tulo(4)\u00bb src=\u00bbhttps:\/\/alcala.salesianos.edu\/wp-content\/uploads\/2023\/03\/Diseno-sin-titulo4.png\u00bb hover_enabled=\u00bb0&#8243; sticky_enabled=\u00bb0&#8243;][\/et_pb_image][\/et_pb_column][\/et_pb_row][\/et_pb_section]<\/p>\n","protected":false},"excerpt":{"rendered":"<p>Durante el d\u00eda de hoy, \u00faltimo lectivo de este segundo trimestre, se han celebrado numerosas actividades en todas las etapas con motivo del comienzo de la Semana Santa.<\/p>\n","protected":false},"author":2,"featured_media":0,"comment_status":"closed","ping_status":"open","sticky":false,"template":"","format":"standard","meta":{"_et_pb_use_builder":"on","_et_pb_old_content":"","_et_gb_content_width":"","footnotes":""},"categories":[12,23,13,17,14,15,18,16,1],"tags":[],"class_list":["post-15170","post","type-post","status-publish","format-standard","hentry","category-colegio","category-covid","category-fasa","category-infantil","category-pastoral","category-portada","category-primaria","category-secundaria","category-uncategorized"],"yoast_head":"<!-- This site is optimized with the Yoast SEO plugin v28.3 - https:\/\/yoast.com\/product\/yoast-seo-wordpress\/ -->\n<title>\u00a1Hasta pronto! Volveremos en Pascua - Colegio Salesiano Alcal\u00e1<\/title>\n<meta name=\"description\" content=\"Durante el d\u00eda de hoy se han celebrado numerosas actividades en todas las etapas con motivo del comienzo de la Semana Santa.\" \/>\n<meta name=\"robots\" content=\"index, follow, max-snippet:-1, max-image-preview:large, max-video-preview:-1\" \/>\n<link rel=\"canonical\" href=\"https:\/\/alcala.salesianos.edu\/colegio\/blog\/2023\/03\/31\/hasta-pronto\/\" \/>\n<meta property=\"og:locale\" content=\"es_ES\" \/>\n<meta property=\"og:type\" content=\"article\" \/>\n<meta property=\"og:title\" content=\"\u00a1Hasta pronto! Volveremos en Pascua - Colegio Salesiano Alcal\u00e1\" \/>\n<meta property=\"og:description\" content=\"Durante el d\u00eda de hoy se han celebrado numerosas actividades en todas las etapas con motivo del comienzo de la Semana Santa.\" \/>\n<meta property=\"og:url\" content=\"https:\/\/alcala.salesianos.edu\/colegio\/blog\/2023\/03\/31\/hasta-pronto\/\" \/>\n<meta property=\"og:site_name\" content=\"Colegio Salesiano Alcal\u00e1\" \/>\n<meta property=\"article:published_time\" content=\"2023-03-31T12:31:35+00:00\" \/>\n<meta property=\"article:modified_time\" content=\"2025-08-27T07:47:32+00:00\" \/>\n<meta name=\"author\" content=\"Administrador Web\" \/>\n<meta name=\"twitter:card\" content=\"summary_large_image\" \/>\n<meta name=\"twitter:label1\" content=\"Escrito por\" \/>\n\t<meta name=\"twitter:data1\" content=\"Administrador Web\" \/>\n<script type=\"application\/ld+json\" class=\"yoast-schema-graph\">{\"@context\":\"https:\\\/\\\/schema.org\",\"@graph\":[{\"@type\":\"Article\",\"@id\":\"https:\\\/\\\/alcala.salesianos.edu\\\/colegio\\\/blog\\\/2023\\\/03\\\/31\\\/hasta-pronto\\\/#article\",\"isPartOf\":{\"@id\":\"https:\\\/\\\/alcala.salesianos.edu\\\/colegio\\\/blog\\\/2023\\\/03\\\/31\\\/hasta-pronto\\\/\"},\"author\":{\"name\":\"Administrador Web\",\"@id\":\"https:\\\/\\\/alcala.salesianos.edu\\\/colegio\\\/#\\\/schema\\\/person\\\/afcc24f776dc91fc2bf9afb0998fca77\"},\"headline\":\"\u00a1Hasta pronto! Volveremos en Pascua\",\"datePublished\":\"2023-03-31T12:31:35+00:00\",\"dateModified\":\"2025-08-27T07:47:32+00:00\",\"mainEntityOfPage\":{\"@id\":\"https:\\\/\\\/alcala.salesianos.edu\\\/colegio\\\/blog\\\/2023\\\/03\\\/31\\\/hasta-pronto\\\/\"},\"wordCount\":570,\"articleSection\":[\"Colegio\",\"covid\",\"FASA\",\"Infantil\",\"Pastoral\",\"Portada\",\"Primaria\",\"Secundaria\",\"Uncategorized\"],\"inLanguage\":\"es\"},{\"@type\":\"WebPage\",\"@id\":\"https:\\\/\\\/alcala.salesianos.edu\\\/colegio\\\/blog\\\/2023\\\/03\\\/31\\\/hasta-pronto\\\/\",\"url\":\"https:\\\/\\\/alcala.salesianos.edu\\\/colegio\\\/blog\\\/2023\\\/03\\\/31\\\/hasta-pronto\\\/\",\"name\":\"\u00a1Hasta pronto! Volveremos en Pascua - Colegio Salesiano Alcal\u00e1\",\"isPartOf\":{\"@id\":\"https:\\\/\\\/alcala.salesianos.edu\\\/colegio\\\/#website\"},\"datePublished\":\"2023-03-31T12:31:35+00:00\",\"dateModified\":\"2025-08-27T07:47:32+00:00\",\"author\":{\"@id\":\"https:\\\/\\\/alcala.salesianos.edu\\\/colegio\\\/#\\\/schema\\\/person\\\/afcc24f776dc91fc2bf9afb0998fca77\"},\"description\":\"Durante el d\u00eda de hoy se han celebrado numerosas actividades en todas las etapas con motivo del comienzo de la Semana Santa.\",\"breadcrumb\":{\"@id\":\"https:\\\/\\\/alcala.salesianos.edu\\\/colegio\\\/blog\\\/2023\\\/03\\\/31\\\/hasta-pronto\\\/#breadcrumb\"},\"inLanguage\":\"es\",\"potentialAction\":[{\"@type\":\"ReadAction\",\"target\":[\"https:\\\/\\\/alcala.salesianos.edu\\\/colegio\\\/blog\\\/2023\\\/03\\\/31\\\/hasta-pronto\\\/\"]}]},{\"@type\":\"BreadcrumbList\",\"@id\":\"https:\\\/\\\/alcala.salesianos.edu\\\/colegio\\\/blog\\\/2023\\\/03\\\/31\\\/hasta-pronto\\\/#breadcrumb\",\"itemListElement\":[{\"@type\":\"ListItem\",\"position\":1,\"name\":\"Portada\",\"item\":\"https:\\\/\\\/alcala.salesianos.edu\\\/colegio\\\/\"},{\"@type\":\"ListItem\",\"position\":2,\"name\":\"\u00a1Hasta pronto! Volveremos en Pascua\"}]},{\"@type\":\"WebSite\",\"@id\":\"https:\\\/\\\/alcala.salesianos.edu\\\/colegio\\\/#website\",\"url\":\"https:\\\/\\\/alcala.salesianos.edu\\\/colegio\\\/\",\"name\":\"Colegio Salesiano Alcal\u00e1\",\"description\":\"P\u00e1gina oficial de Salesianos Alcal\u00e1 de Guadaira\",\"potentialAction\":[{\"@type\":\"SearchAction\",\"target\":{\"@type\":\"EntryPoint\",\"urlTemplate\":\"https:\\\/\\\/alcala.salesianos.edu\\\/colegio\\\/?s={search_term_string}\"},\"query-input\":{\"@type\":\"PropertyValueSpecification\",\"valueRequired\":true,\"valueName\":\"search_term_string\"}}],\"inLanguage\":\"es\"},{\"@type\":\"Person\",\"@id\":\"https:\\\/\\\/alcala.salesianos.edu\\\/colegio\\\/#\\\/schema\\\/person\\\/afcc24f776dc91fc2bf9afb0998fca77\",\"name\":\"Administrador Web\",\"image\":{\"@type\":\"ImageObject\",\"inLanguage\":\"es\",\"@id\":\"https:\\\/\\\/secure.gravatar.com\\\/avatar\\\/bc157e994689bd6da9645c00aa3bc4d55b727915b6652642660db0aef086585f?s=96&d=mm&r=g\",\"url\":\"https:\\\/\\\/secure.gravatar.com\\\/avatar\\\/bc157e994689bd6da9645c00aa3bc4d55b727915b6652642660db0aef086585f?s=96&d=mm&r=g\",\"contentUrl\":\"https:\\\/\\\/secure.gravatar.com\\\/avatar\\\/bc157e994689bd6da9645c00aa3bc4d55b727915b6652642660db0aef086585f?s=96&d=mm&r=g\",\"caption\":\"Administrador Web\"}}]}<\/script>\n<!-- \/ Yoast SEO plugin. -->","yoast_head_json":{"title":"\u00a1Hasta pronto! Volveremos en Pascua - Colegio Salesiano Alcal\u00e1","description":"Durante el d\u00eda de hoy se han celebrado numerosas actividades en todas las etapas con motivo del comienzo de la Semana Santa.","robots":{"index":"index","follow":"follow","max-snippet":"max-snippet:-1","max-image-preview":"max-image-preview:large","max-video-preview":"max-video-preview:-1"},"canonical":"https:\/\/alcala.salesianos.edu\/colegio\/blog\/2023\/03\/31\/hasta-pronto\/","og_locale":"es_ES","og_type":"article","og_title":"\u00a1Hasta pronto! Volveremos en Pascua - Colegio Salesiano Alcal\u00e1","og_description":"Durante el d\u00eda de hoy se han celebrado numerosas actividades en todas las etapas con motivo del comienzo de la Semana Santa.","og_url":"https:\/\/alcala.salesianos.edu\/colegio\/blog\/2023\/03\/31\/hasta-pronto\/","og_site_name":"Colegio Salesiano Alcal\u00e1","article_published_time":"2023-03-31T12:31:35+00:00","article_modified_time":"2025-08-27T07:47:32+00:00","author":"Administrador Web","twitter_card":"summary_large_image","twitter_misc":{"Escrito por":"Administrador Web"},"schema":{"@context":"https:\/\/schema.org","@graph":[{"@type":"Article","@id":"https:\/\/alcala.salesianos.edu\/colegio\/blog\/2023\/03\/31\/hasta-pronto\/#article","isPartOf":{"@id":"https:\/\/alcala.salesianos.edu\/colegio\/blog\/2023\/03\/31\/hasta-pronto\/"},"author":{"name":"Administrador Web","@id":"https:\/\/alcala.salesianos.edu\/colegio\/#\/schema\/person\/afcc24f776dc91fc2bf9afb0998fca77"},"headline":"\u00a1Hasta pronto! Volveremos en Pascua","datePublished":"2023-03-31T12:31:35+00:00","dateModified":"2025-08-27T07:47:32+00:00","mainEntityOfPage":{"@id":"https:\/\/alcala.salesianos.edu\/colegio\/blog\/2023\/03\/31\/hasta-pronto\/"},"wordCount":570,"articleSection":["Colegio","covid","FASA","Infantil","Pastoral","Portada","Primaria","Secundaria","Uncategorized"],"inLanguage":"es"},{"@type":"WebPage","@id":"https:\/\/alcala.salesianos.edu\/colegio\/blog\/2023\/03\/31\/hasta-pronto\/","url":"https:\/\/alcala.salesianos.edu\/colegio\/blog\/2023\/03\/31\/hasta-pronto\/","name":"\u00a1Hasta pronto! Volveremos en Pascua - Colegio Salesiano Alcal\u00e1","isPartOf":{"@id":"https:\/\/alcala.salesianos.edu\/colegio\/#website"},"datePublished":"2023-03-31T12:31:35+00:00","dateModified":"2025-08-27T07:47:32+00:00","author":{"@id":"https:\/\/alcala.salesianos.edu\/colegio\/#\/schema\/person\/afcc24f776dc91fc2bf9afb0998fca77"},"description":"Durante el d\u00eda de hoy se han celebrado numerosas actividades en todas las etapas con motivo del comienzo de la Semana Santa.","breadcrumb":{"@id":"https:\/\/alcala.salesianos.edu\/colegio\/blog\/2023\/03\/31\/hasta-pronto\/#breadcrumb"},"inLanguage":"es","potentialAction":[{"@type":"ReadAction","target":["https:\/\/alcala.salesianos.edu\/colegio\/blog\/2023\/03\/31\/hasta-pronto\/"]}]},{"@type":"BreadcrumbList","@id":"https:\/\/alcala.salesianos.edu\/colegio\/blog\/2023\/03\/31\/hasta-pronto\/#breadcrumb","itemListElement":[{"@type":"ListItem","position":1,"name":"Portada","item":"https:\/\/alcala.salesianos.edu\/colegio\/"},{"@type":"ListItem","position":2,"name":"\u00a1Hasta pronto! Volveremos en Pascua"}]},{"@type":"WebSite","@id":"https:\/\/alcala.salesianos.edu\/colegio\/#website","url":"https:\/\/alcala.salesianos.edu\/colegio\/","name":"Colegio Salesiano Alcal\u00e1","description":"P\u00e1gina oficial de Salesianos Alcal\u00e1 de Guadaira","potentialAction":[{"@type":"SearchAction","target":{"@type":"EntryPoint","urlTemplate":"https:\/\/alcala.salesianos.edu\/colegio\/?s={search_term_string}"},"query-input":{"@type":"PropertyValueSpecification","valueRequired":true,"valueName":"search_term_string"}}],"inLanguage":"es"},{"@type":"Person","@id":"https:\/\/alcala.salesianos.edu\/colegio\/#\/schema\/person\/afcc24f776dc91fc2bf9afb0998fca77","name":"Administrador Web","image":{"@type":"ImageObject","inLanguage":"es","@id":"https:\/\/secure.gravatar.com\/avatar\/bc157e994689bd6da9645c00aa3bc4d55b727915b6652642660db0aef086585f?s=96&d=mm&r=g","url":"https:\/\/secure.gravatar.com\/avatar\/bc157e994689bd6da9645c00aa3bc4d55b727915b6652642660db0aef086585f?s=96&d=mm&r=g","contentUrl":"https:\/\/secure.gravatar.com\/avatar\/bc157e994689bd6da9645c00aa3bc4d55b727915b6652642660db0aef086585f?s=96&d=mm&r=g","caption":"Administrador Web"}}]}},"_links":{"self":[{"href":"https:\/\/alcala.salesianos.edu\/colegio\/wp-json\/wp\/v2\/posts\/15170","targetHints":{"allow":["GET"]}}],"collection":[{"href":"https:\/\/alcala.salesianos.edu\/colegio\/wp-json\/wp\/v2\/posts"}],"about":[{"href":"https:\/\/alcala.salesianos.edu\/colegio\/wp-json\/wp\/v2\/types\/post"}],"author":[{"embeddable":true,"href":"https:\/\/alcala.salesianos.edu\/colegio\/wp-json\/wp\/v2\/users\/2"}],"replies":[{"embeddable":true,"href":"https:\/\/alcala.salesianos.edu\/colegio\/wp-json\/wp\/v2\/comments?post=15170"}],"version-history":[{"count":1,"href":"https:\/\/alcala.salesianos.edu\/colegio\/wp-json\/wp\/v2\/posts\/15170\/revisions"}],"predecessor-version":[{"id":16621,"href":"https:\/\/alcala.salesianos.edu\/colegio\/wp-json\/wp\/v2\/posts\/15170\/revisions\/16621"}],"wp:attachment":[{"href":"https:\/\/alcala.salesianos.edu\/colegio\/wp-json\/wp\/v2\/media?parent=15170"}],"wp:term":[{"taxonomy":"category","embeddable":true,"href":"https:\/\/alcala.salesianos.edu\/colegio\/wp-json\/wp\/v2\/categories?post=15170"},{"taxonomy":"post_tag","embeddable":true,"href":"https:\/\/alcala.salesianos.edu\/colegio\/wp-json\/wp\/v2\/tags?post=15170"}],"curies":[{"name":"wp","href":"https:\/\/api.w.org\/{rel}","templated":true}]}}