{"id":15147,"date":"2023-03-14T08:22:47","date_gmt":"2023-03-14T07:22:47","guid":{"rendered":"https:\/\/alcala.salesianos.edu\/colegio\/blog\/2023\/03\/14\/divulgar\/"},"modified":"2025-08-27T08:47:35","modified_gmt":"2025-08-27T07:47:35","slug":"divulgar","status":"publish","type":"post","link":"https:\/\/alcala.salesianos.edu\/colegio\/blog\/2023\/03\/14\/divulgar\/","title":{"rendered":"Divulgar la ciencia y la tecnolog\u00eda entre los adolescentes"},"content":{"rendered":"<div id=\"fb-root\"><\/div>\n<p>[et_pb_section fb_built=\u00bb1&#8243; admin_label=\u00bbsection\u00bb _builder_version=\u00bb4.16&#8243; global_colors_info=\u00bb{}\u00bb][et_pb_row admin_label=\u00bbrow\u00bb _builder_version=\u00bb4.16&#8243; background_size=\u00bbinitial\u00bb background_position=\u00bbtop_left\u00bb background_repeat=\u00bbrepeat\u00bb global_colors_info=\u00bb{}\u00bb][et_pb_column type=\u00bb4_4&#8243; _builder_version=\u00bb4.16&#8243; custom_padding=\u00bb|||\u00bb global_colors_info=\u00bb{}\u00bb custom_padding__hover=\u00bb|||\u00bb][et_pb_text _builder_version=\u00bb4.20.2&#8243; _module_preset=\u00bbdefault\u00bb hover_enabled=\u00bb0&#8243; sticky_enabled=\u00bb0&#8243;]<\/p>\n<div id=\"post-box\" class=\"et_pb_module et_pb_post_content et_pb_post_content_0_tb_body\">\n<div class=\"et-l et-l--post\">\n<div class=\"et_builder_inner_content et_pb_gutters3\">\n<div class=\"et_pb_section et_pb_section_0 et_section_regular\">\n<div class=\"et_pb_row et_pb_row_0\">\n<div class=\"et_pb_column et_pb_column_4_4 et_pb_column_0  et_pb_css_mix_blend_mode_passthrough et-last-child\">\n<div class=\"et_pb_module et_pb_text et_pb_text_0  et_pb_text_align_justified et_pb_bg_layout_light\">\n<div class=\"et_pb_text_inner\">\n<p>El teatro Guti\u00e9rrez de Alcal\u00e1 acogi\u00f3 el pasado 7 y 8 de marzo las Jornadas EduCiencia destinadas a acercar y divulgar estas ramas del conocimiento de forma atractiva entre los estudiantes de 3\u00ba y 4\u00ba de Educaci\u00f3n Secundaria, Bachillerato y Ciclos de la ciudad. La cita est\u00e1 organizada por el Colegio Salesiano Nuestra Se\u00f1ora del \u00c1guila con la colaboraci\u00f3n municipal y abierto a los distintos IES de Alcal\u00e1.<\/p>\n<p>Esta V Jornada estuvo centrada en la biolog\u00eda, zoolog\u00eda y bot\u00e1nica, y ha sido inaugurada por el concejal de Educaci\u00f3n, Jos\u00e9 Luis Rodr\u00edguez Sarri\u00f3n, quien ha alabado este tipo de iniciativas colaborativas para profundizar en el conocimiento cient\u00edfico de forma atractiva para los j\u00f3venes, especialmente este a\u00f1o para la importancia de cualquier especie en el sostenimiento de los ecosistemas y el medio ambiente. El Ayuntamiento de Alcal\u00e1 de Guada\u00edra destaca como una de sus l\u00edneas de actuaci\u00f3n prioritaria el apoyo a la Educaci\u00f3n, y por ello cada a\u00f1o convoca los Premios al M\u00e9rito Acad\u00e9mico para animar a los j\u00f3venes a continuar su formaci\u00f3n con estudios superiores, y para ayudar a las familias con los gastos que esta nueva etapa supone.<\/p>\n<p>La jornada abri\u00f3 con una divertida charla interactiva con el alumnado del bi\u00f3logo y entom\u00f3logo Jos\u00e9 Manuel Vidal Cordero, quien a trav\u00e9s de una simple hormiga, ha hablado de la importancia de los ecosistemas, la complejidad de sus relaciones y de la interacci\u00f3n con el entorno, de la importancia de la investigaci\u00f3n para el equilibro medioambiental. En esta misma l\u00ednea el mi\u00e9rcoles, el bi\u00f3logo Eduardo Bazo, incidir\u00e1 en la importancia de la divulgaci\u00f3n de las investigaciones cient\u00edficas en bot\u00e1nica, por ejemplo para las orqu\u00eddeas, algunas en peligro de extinci\u00f3n.<\/p>\n<p>La parte interactiva se completa, adem\u00e1s de la disposici\u00f3n de estas conferencias como coloquios, con peque\u00f1as intervenciones sobre temas libres relacionados con la ciencia que los estudiantes organizan con sus tutores y comparten en este evento. Para despertar el inter\u00e9s por la ciencia desde distintas perspectivas que puedan llegar al inter\u00e9s juvenil, se utiliza tambi\u00e9n el arte, con un concurso a nivel provincial de portadas de c\u00f3mics relacionadas con temas cient\u00edficos. Este a\u00f1o se han presentado 40 trabajos, incluso el doble que otras ediciones, de gran calidad.<\/p>\n<p>Con este objetivo de divulgar la ciencia de una forma diferente y m\u00e1s cercana, estas jornadas se han desarrollado con tem\u00e1ticas principales en a\u00f1os anteriores como las matem\u00e1ticas, la astronom\u00eda, la f\u00edsica, la qu\u00edmica, la nutrici\u00f3n, etc\u00e9tera.<\/p>\n<p dir=\"auto\">Adem\u00e1s, este a\u00f1o se mantienen dos espacios complementarios:\u200c<\/p>\n<ul>\n<li>Espacio \u201cJ\u00f3venes divulgadores\u201d, en el que el alumnado de los centros participantes expondr\u00e1n, a modo de microcharlas, algunas novedades del panorama cient\u00edfico<br \/>internacional.<\/li>\n<li>Entrega de los premios del V Concurso de portada de c\u00f3mic \u201cLa ciencia en portada\u201d. Se expondr\u00e1n los mejores trabajos y se dar\u00e1n a conocer los premiados.<\/li>\n<\/ul>\n<\/div>\n<p>Fuente: salesianos.info<\/p>\n<p><a href=\"https:\/\/salesianos.info\/blog\/divulgar-la-ciencia-y-la-tecnologia-entre-los-adolescentes\/\" target=\"_blank\" rel=\"noopener\">https:\/\/salesianos.info\/blog\/divulgar-la-ciencia-y-la-tecnologia-entre-los-adolescentes\/<\/a><\/p>\n<\/div>\n<\/div>\n<\/div>\n<\/div>\n<\/div>\n<\/div>\n<\/div>\n<p>[\/et_pb_text][\/et_pb_column][\/et_pb_row][\/et_pb_section]<\/p>\n","protected":false},"excerpt":{"rendered":"<p>Alcal\u00e1 de Guada\u00edra celebra estos d\u00edas 7 y 8 de marzo las V Jornadas Educiencia organizadas por el Colegio Salesiano con colaboraci\u00f3n municipal y la participaci\u00f3n de los IES locales.<\/p>\n","protected":false},"author":2,"featured_media":0,"comment_status":"closed","ping_status":"open","sticky":false,"template":"","format":"standard","meta":{"_et_pb_use_builder":"on","_et_pb_old_content":"","_et_gb_content_width":"","footnotes":""},"categories":[12,23,19,13,17,15,18,16,1],"tags":[],"class_list":["post-15147","post","type-post","status-publish","format-standard","hentry","category-colegio","category-covid","category-escuela-abierta","category-fasa","category-infantil","category-portada","category-primaria","category-secundaria","category-uncategorized"],"yoast_head":"<!-- This site is optimized with the Yoast SEO plugin v28.3 - https:\/\/yoast.com\/product\/yoast-seo-wordpress\/ -->\n<title>Divulgar la ciencia y la tecnolog\u00eda entre los adolescentes - Colegio Salesiano Alcal\u00e1<\/title>\n<meta name=\"description\" content=\"Alcal\u00e1 de Guada\u00edra celebra estos d\u00edas 7 y 8 de marzo las V Jornadas Educiencia organizadas por el Colegio Salesiano.\" \/>\n<meta name=\"robots\" content=\"index, follow, max-snippet:-1, max-image-preview:large, max-video-preview:-1\" \/>\n<link rel=\"canonical\" href=\"https:\/\/alcala.salesianos.edu\/colegio\/blog\/2023\/03\/14\/divulgar\/\" \/>\n<meta property=\"og:locale\" content=\"es_ES\" \/>\n<meta property=\"og:type\" content=\"article\" \/>\n<meta property=\"og:title\" content=\"Divulgar la ciencia y la tecnolog\u00eda entre los adolescentes - Colegio Salesiano Alcal\u00e1\" \/>\n<meta property=\"og:description\" content=\"Alcal\u00e1 de Guada\u00edra celebra estos d\u00edas 7 y 8 de marzo las V Jornadas Educiencia organizadas por el Colegio Salesiano.\" \/>\n<meta property=\"og:url\" content=\"https:\/\/alcala.salesianos.edu\/colegio\/blog\/2023\/03\/14\/divulgar\/\" \/>\n<meta property=\"og:site_name\" content=\"Colegio Salesiano Alcal\u00e1\" \/>\n<meta property=\"article:published_time\" content=\"2023-03-14T07:22:47+00:00\" \/>\n<meta property=\"article:modified_time\" content=\"2025-08-27T07:47:35+00:00\" \/>\n<meta name=\"author\" content=\"Administrador Web\" \/>\n<meta name=\"twitter:card\" content=\"summary_large_image\" \/>\n<meta name=\"twitter:label1\" content=\"Escrito por\" \/>\n\t<meta name=\"twitter:data1\" content=\"Administrador Web\" \/>\n<script type=\"application\/ld+json\" class=\"yoast-schema-graph\">{\"@context\":\"https:\\\/\\\/schema.org\",\"@graph\":[{\"@type\":\"Article\",\"@id\":\"https:\\\/\\\/alcala.salesianos.edu\\\/colegio\\\/blog\\\/2023\\\/03\\\/14\\\/divulgar\\\/#article\",\"isPartOf\":{\"@id\":\"https:\\\/\\\/alcala.salesianos.edu\\\/colegio\\\/blog\\\/2023\\\/03\\\/14\\\/divulgar\\\/\"},\"author\":{\"name\":\"Administrador Web\",\"@id\":\"https:\\\/\\\/alcala.salesianos.edu\\\/colegio\\\/#\\\/schema\\\/person\\\/afcc24f776dc91fc2bf9afb0998fca77\"},\"headline\":\"Divulgar la ciencia y la tecnolog\u00eda entre los adolescentes\",\"datePublished\":\"2023-03-14T07:22:47+00:00\",\"dateModified\":\"2025-08-27T07:47:35+00:00\",\"mainEntityOfPage\":{\"@id\":\"https:\\\/\\\/alcala.salesianos.edu\\\/colegio\\\/blog\\\/2023\\\/03\\\/14\\\/divulgar\\\/\"},\"wordCount\":604,\"articleSection\":[\"Colegio\",\"covid\",\"Escuela abierta\",\"FASA\",\"Infantil\",\"Portada\",\"Primaria\",\"Secundaria\",\"Uncategorized\"],\"inLanguage\":\"es\"},{\"@type\":\"WebPage\",\"@id\":\"https:\\\/\\\/alcala.salesianos.edu\\\/colegio\\\/blog\\\/2023\\\/03\\\/14\\\/divulgar\\\/\",\"url\":\"https:\\\/\\\/alcala.salesianos.edu\\\/colegio\\\/blog\\\/2023\\\/03\\\/14\\\/divulgar\\\/\",\"name\":\"Divulgar la ciencia y la tecnolog\u00eda entre los adolescentes - Colegio Salesiano Alcal\u00e1\",\"isPartOf\":{\"@id\":\"https:\\\/\\\/alcala.salesianos.edu\\\/colegio\\\/#website\"},\"datePublished\":\"2023-03-14T07:22:47+00:00\",\"dateModified\":\"2025-08-27T07:47:35+00:00\",\"author\":{\"@id\":\"https:\\\/\\\/alcala.salesianos.edu\\\/colegio\\\/#\\\/schema\\\/person\\\/afcc24f776dc91fc2bf9afb0998fca77\"},\"description\":\"Alcal\u00e1 de Guada\u00edra celebra estos d\u00edas 7 y 8 de marzo las V Jornadas Educiencia organizadas por el Colegio Salesiano.\",\"breadcrumb\":{\"@id\":\"https:\\\/\\\/alcala.salesianos.edu\\\/colegio\\\/blog\\\/2023\\\/03\\\/14\\\/divulgar\\\/#breadcrumb\"},\"inLanguage\":\"es\",\"potentialAction\":[{\"@type\":\"ReadAction\",\"target\":[\"https:\\\/\\\/alcala.salesianos.edu\\\/colegio\\\/blog\\\/2023\\\/03\\\/14\\\/divulgar\\\/\"]}]},{\"@type\":\"BreadcrumbList\",\"@id\":\"https:\\\/\\\/alcala.salesianos.edu\\\/colegio\\\/blog\\\/2023\\\/03\\\/14\\\/divulgar\\\/#breadcrumb\",\"itemListElement\":[{\"@type\":\"ListItem\",\"position\":1,\"name\":\"Portada\",\"item\":\"https:\\\/\\\/alcala.salesianos.edu\\\/colegio\\\/\"},{\"@type\":\"ListItem\",\"position\":2,\"name\":\"Divulgar la ciencia y la tecnolog\u00eda entre los adolescentes\"}]},{\"@type\":\"WebSite\",\"@id\":\"https:\\\/\\\/alcala.salesianos.edu\\\/colegio\\\/#website\",\"url\":\"https:\\\/\\\/alcala.salesianos.edu\\\/colegio\\\/\",\"name\":\"Colegio Salesiano Alcal\u00e1\",\"description\":\"P\u00e1gina oficial de Salesianos Alcal\u00e1 de Guadaira\",\"potentialAction\":[{\"@type\":\"SearchAction\",\"target\":{\"@type\":\"EntryPoint\",\"urlTemplate\":\"https:\\\/\\\/alcala.salesianos.edu\\\/colegio\\\/?s={search_term_string}\"},\"query-input\":{\"@type\":\"PropertyValueSpecification\",\"valueRequired\":true,\"valueName\":\"search_term_string\"}}],\"inLanguage\":\"es\"},{\"@type\":\"Person\",\"@id\":\"https:\\\/\\\/alcala.salesianos.edu\\\/colegio\\\/#\\\/schema\\\/person\\\/afcc24f776dc91fc2bf9afb0998fca77\",\"name\":\"Administrador Web\",\"image\":{\"@type\":\"ImageObject\",\"inLanguage\":\"es\",\"@id\":\"https:\\\/\\\/secure.gravatar.com\\\/avatar\\\/bc157e994689bd6da9645c00aa3bc4d55b727915b6652642660db0aef086585f?s=96&d=mm&r=g\",\"url\":\"https:\\\/\\\/secure.gravatar.com\\\/avatar\\\/bc157e994689bd6da9645c00aa3bc4d55b727915b6652642660db0aef086585f?s=96&d=mm&r=g\",\"contentUrl\":\"https:\\\/\\\/secure.gravatar.com\\\/avatar\\\/bc157e994689bd6da9645c00aa3bc4d55b727915b6652642660db0aef086585f?s=96&d=mm&r=g\",\"caption\":\"Administrador Web\"}}]}<\/script>\n<!-- \/ Yoast SEO plugin. -->","yoast_head_json":{"title":"Divulgar la ciencia y la tecnolog\u00eda entre los adolescentes - Colegio Salesiano Alcal\u00e1","description":"Alcal\u00e1 de Guada\u00edra celebra estos d\u00edas 7 y 8 de marzo las V Jornadas Educiencia organizadas por el Colegio Salesiano.","robots":{"index":"index","follow":"follow","max-snippet":"max-snippet:-1","max-image-preview":"max-image-preview:large","max-video-preview":"max-video-preview:-1"},"canonical":"https:\/\/alcala.salesianos.edu\/colegio\/blog\/2023\/03\/14\/divulgar\/","og_locale":"es_ES","og_type":"article","og_title":"Divulgar la ciencia y la tecnolog\u00eda entre los adolescentes - Colegio Salesiano Alcal\u00e1","og_description":"Alcal\u00e1 de Guada\u00edra celebra estos d\u00edas 7 y 8 de marzo las V Jornadas Educiencia organizadas por el Colegio Salesiano.","og_url":"https:\/\/alcala.salesianos.edu\/colegio\/blog\/2023\/03\/14\/divulgar\/","og_site_name":"Colegio Salesiano Alcal\u00e1","article_published_time":"2023-03-14T07:22:47+00:00","article_modified_time":"2025-08-27T07:47:35+00:00","author":"Administrador Web","twitter_card":"summary_large_image","twitter_misc":{"Escrito por":"Administrador Web"},"schema":{"@context":"https:\/\/schema.org","@graph":[{"@type":"Article","@id":"https:\/\/alcala.salesianos.edu\/colegio\/blog\/2023\/03\/14\/divulgar\/#article","isPartOf":{"@id":"https:\/\/alcala.salesianos.edu\/colegio\/blog\/2023\/03\/14\/divulgar\/"},"author":{"name":"Administrador Web","@id":"https:\/\/alcala.salesianos.edu\/colegio\/#\/schema\/person\/afcc24f776dc91fc2bf9afb0998fca77"},"headline":"Divulgar la ciencia y la tecnolog\u00eda entre los adolescentes","datePublished":"2023-03-14T07:22:47+00:00","dateModified":"2025-08-27T07:47:35+00:00","mainEntityOfPage":{"@id":"https:\/\/alcala.salesianos.edu\/colegio\/blog\/2023\/03\/14\/divulgar\/"},"wordCount":604,"articleSection":["Colegio","covid","Escuela abierta","FASA","Infantil","Portada","Primaria","Secundaria","Uncategorized"],"inLanguage":"es"},{"@type":"WebPage","@id":"https:\/\/alcala.salesianos.edu\/colegio\/blog\/2023\/03\/14\/divulgar\/","url":"https:\/\/alcala.salesianos.edu\/colegio\/blog\/2023\/03\/14\/divulgar\/","name":"Divulgar la ciencia y la tecnolog\u00eda entre los adolescentes - Colegio Salesiano Alcal\u00e1","isPartOf":{"@id":"https:\/\/alcala.salesianos.edu\/colegio\/#website"},"datePublished":"2023-03-14T07:22:47+00:00","dateModified":"2025-08-27T07:47:35+00:00","author":{"@id":"https:\/\/alcala.salesianos.edu\/colegio\/#\/schema\/person\/afcc24f776dc91fc2bf9afb0998fca77"},"description":"Alcal\u00e1 de Guada\u00edra celebra estos d\u00edas 7 y 8 de marzo las V Jornadas Educiencia organizadas por el Colegio Salesiano.","breadcrumb":{"@id":"https:\/\/alcala.salesianos.edu\/colegio\/blog\/2023\/03\/14\/divulgar\/#breadcrumb"},"inLanguage":"es","potentialAction":[{"@type":"ReadAction","target":["https:\/\/alcala.salesianos.edu\/colegio\/blog\/2023\/03\/14\/divulgar\/"]}]},{"@type":"BreadcrumbList","@id":"https:\/\/alcala.salesianos.edu\/colegio\/blog\/2023\/03\/14\/divulgar\/#breadcrumb","itemListElement":[{"@type":"ListItem","position":1,"name":"Portada","item":"https:\/\/alcala.salesianos.edu\/colegio\/"},{"@type":"ListItem","position":2,"name":"Divulgar la ciencia y la tecnolog\u00eda entre los adolescentes"}]},{"@type":"WebSite","@id":"https:\/\/alcala.salesianos.edu\/colegio\/#website","url":"https:\/\/alcala.salesianos.edu\/colegio\/","name":"Colegio Salesiano Alcal\u00e1","description":"P\u00e1gina oficial de Salesianos Alcal\u00e1 de Guadaira","potentialAction":[{"@type":"SearchAction","target":{"@type":"EntryPoint","urlTemplate":"https:\/\/alcala.salesianos.edu\/colegio\/?s={search_term_string}"},"query-input":{"@type":"PropertyValueSpecification","valueRequired":true,"valueName":"search_term_string"}}],"inLanguage":"es"},{"@type":"Person","@id":"https:\/\/alcala.salesianos.edu\/colegio\/#\/schema\/person\/afcc24f776dc91fc2bf9afb0998fca77","name":"Administrador Web","image":{"@type":"ImageObject","inLanguage":"es","@id":"https:\/\/secure.gravatar.com\/avatar\/bc157e994689bd6da9645c00aa3bc4d55b727915b6652642660db0aef086585f?s=96&d=mm&r=g","url":"https:\/\/secure.gravatar.com\/avatar\/bc157e994689bd6da9645c00aa3bc4d55b727915b6652642660db0aef086585f?s=96&d=mm&r=g","contentUrl":"https:\/\/secure.gravatar.com\/avatar\/bc157e994689bd6da9645c00aa3bc4d55b727915b6652642660db0aef086585f?s=96&d=mm&r=g","caption":"Administrador Web"}}]}},"_links":{"self":[{"href":"https:\/\/alcala.salesianos.edu\/colegio\/wp-json\/wp\/v2\/posts\/15147","targetHints":{"allow":["GET"]}}],"collection":[{"href":"https:\/\/alcala.salesianos.edu\/colegio\/wp-json\/wp\/v2\/posts"}],"about":[{"href":"https:\/\/alcala.salesianos.edu\/colegio\/wp-json\/wp\/v2\/types\/post"}],"author":[{"embeddable":true,"href":"https:\/\/alcala.salesianos.edu\/colegio\/wp-json\/wp\/v2\/users\/2"}],"replies":[{"embeddable":true,"href":"https:\/\/alcala.salesianos.edu\/colegio\/wp-json\/wp\/v2\/comments?post=15147"}],"version-history":[{"count":1,"href":"https:\/\/alcala.salesianos.edu\/colegio\/wp-json\/wp\/v2\/posts\/15147\/revisions"}],"predecessor-version":[{"id":16622,"href":"https:\/\/alcala.salesianos.edu\/colegio\/wp-json\/wp\/v2\/posts\/15147\/revisions\/16622"}],"wp:attachment":[{"href":"https:\/\/alcala.salesianos.edu\/colegio\/wp-json\/wp\/v2\/media?parent=15147"}],"wp:term":[{"taxonomy":"category","embeddable":true,"href":"https:\/\/alcala.salesianos.edu\/colegio\/wp-json\/wp\/v2\/categories?post=15147"},{"taxonomy":"post_tag","embeddable":true,"href":"https:\/\/alcala.salesianos.edu\/colegio\/wp-json\/wp\/v2\/tags?post=15147"}],"curies":[{"name":"wp","href":"https:\/\/api.w.org\/{rel}","templated":true}]}}