{"id":14928,"date":"2022-12-08T08:36:14","date_gmt":"2022-12-08T07:36:14","guid":{"rendered":"https:\/\/alcala.salesianos.edu\/colegio\/blog\/2022\/12\/08\/dia-de-la-inmaculada-concepcion-2\/"},"modified":"2025-08-27T08:47:46","modified_gmt":"2025-08-27T07:47:46","slug":"dia-de-la-inmaculada-concepcion-2","status":"publish","type":"post","link":"https:\/\/alcala.salesianos.edu\/colegio\/blog\/2022\/12\/08\/dia-de-la-inmaculada-concepcion-2\/","title":{"rendered":"D\u00eda de la Inmaculada Concepci\u00f3n"},"content":{"rendered":"<div id=\"fb-root\"><\/div>\n<p>[et_pb_section fb_built=\u00bb1&#8243; admin_label=\u00bbsection\u00bb _builder_version=\u00bb4.16&#8243; global_colors_info=\u00bb{}\u00bb][et_pb_row admin_label=\u00bbrow\u00bb _builder_version=\u00bb4.16&#8243; background_size=\u00bbinitial\u00bb background_position=\u00bbtop_left\u00bb background_repeat=\u00bbrepeat\u00bb global_colors_info=\u00bb{}\u00bb][et_pb_column type=\u00bb4_4&#8243; _builder_version=\u00bb4.16&#8243; custom_padding=\u00bb|||\u00bb global_colors_info=\u00bb{}\u00bb custom_padding__hover=\u00bb|||\u00bb][et_pb_text _builder_version=\u00bb4.19.1&#8243; _module_preset=\u00bbdefault\u00bb hover_enabled=\u00bb0&#8243; sticky_enabled=\u00bb0&#8243;]<\/p>\n<p>Con un sencillo encuentro entre un joven sacerdote y un chico alba\u00f1il e inmigrante comienza la historia del Oratorio de San Francisco de Sales. Un momento entra\u00f1able para Don Bosco, para sus chicos y para los primeros salesianos, que recuerdan con mucho cari\u00f1o y admiraci\u00f3n. Es un momento carism\u00e1tico que no s\u00f3lo alienta el recuerdo, sino que tambi\u00e9n es motivo para incentivar nuevos encuentros educativos. El recuerdo de este acontecimiento ilumin\u00f3 posteriormente muchos momentos de la vida el Oratorio y de la Congregaci\u00f3n Salesiana.<\/p>\n<p>La Obra salesiana de Alcal\u00e1, en el d\u00eda de hoy recordaremos ese momento coincidiendo con la eucarist\u00eda a las 12,00 h\u00a0 de la Solemnidad de la Inmaculada Concepci\u00f3n de Mar\u00eda. Tras ese momento se bendecir\u00e1 el nacimiento de la Hermandad. <\/p>\n<p>Desde el d\u00eda 1 hasta el 15 de este mes estamos colaborando todos los miembros de la Casa con la tradicional campa\u00f1a navide\u00f1a de la Operaci\u00f3n Kilo.<\/p>\n<p>Nos gustar\u00eda recordar algunos eventos que se realizar\u00e1n en nuestra Casa preparatorios para la llegada de Jes\u00fas el pr\u00f3ximo d\u00eda de Navidad:<\/p>\n<ul>\n<li>XVI Gala Salesiana de la Navidad:\n<ul>\n<li>E. Infantil: d\u00eda 19. Grupos A a las 16,30 h. y grupos B a las 17,30 h. en la capilla.<\/li>\n<li>E. Primaria: d\u00eda 20. De 1\u00ba a 3\u00ba a las 17,00 h y de 4\u00ba a 6\u00ba a las 18,00 h. en la capilla.<\/li>\n<li>E. Secundaria: d\u00eda 19. A las 18,30 h. en la capilla.<\/li>\n<\/ul>\n<\/li>\n<li>Bendici\u00f3n de im\u00e1genes del Ni\u00f1o Jes\u00fas:\n<ul>\n<li>Lunes 19 a las 11,45 h. 5 a\u00f1os.<\/li>\n<li>Lunes 19 a las 12,30 h. 4 a\u00f1os.<\/li>\n<li>Mi\u00e9rcoles 21\u00a0 a las 9,15 h. 3 a\u00f1os<\/li>\n<\/ul>\n<\/li>\n<li>Visita del Cartero Real para los alumnos de infantil el martes 20.<\/li>\n<li>Bel\u00e9n Viviente de E. Primaria el mi\u00e9rcoles 21.\n<ul>\n<li>Representado a los padres del primer ciclo a las 9,45 h.<\/li>\n<\/ul>\n<\/li>\n<li>Presentaci\u00f3n y regalo del cuento de los Reyes Magos de Alcal\u00e1.<\/li>\n<li>XV Preg\u00f3n Salesiano de la Navidad a cargo de D. Jos\u00e9 Manuel Medina Picazo el mi\u00e9rcoles 21 a las 20,00 h.<\/li>\n<li>Eucarist\u00eda del Gallo el 24 de diciembre a las 19,00h.<\/li>\n<li>Solemnidad de la Natividad el 25 de diciembre en las eucarist\u00edas de 10,30 h. y 12,00 h.<\/li>\n<\/ul>\n<p>Os facilitamos a continuaci\u00f3n el programa de Navidad de la Casa.<\/p>\n<p>[\/et_pb_text][et_pb_button _builder_version=\u00bb4.19.1&#8243; _module_preset=\u00bbdefault\u00bb button_text=\u00bbPrograma de Navidad 2022&#8243; button_url=\u00bbhttps:\/\/alcala.salesianos.edu\/wp-content\/uploads\/2022\/12\/Programa-Navidad-2022-Def.pdf\u00bb url_new_window=\u00bbon\u00bb custom_button=\u00bbon\u00bb button_text_size=\u00bb26px\u00bb button_text_color=\u00bb#FFFFFF\u00bb button_bg_color=\u00bb#dc001b\u00bb button_bg_enable_color=\u00bbon\u00bb button_alignment=\u00bbcenter\u00bb hover_enabled=\u00bb0&#8243; sticky_enabled=\u00bb0&#8243;][\/et_pb_button][\/et_pb_column][\/et_pb_row][et_pb_row _builder_version=\u00bb4.19.1&#8243; _module_preset=\u00bbdefault\u00bb column_structure=\u00bb1_3,1_3,1_3&#8243;][et_pb_column _builder_version=\u00bb4.19.1&#8243; _module_preset=\u00bbdefault\u00bb type=\u00bb1_3&#8243;][et_pb_image _builder_version=\u00bb4.19.1&#8243; _module_preset=\u00bbdefault\u00bb title_text=\u00bb2&#8243; src=\u00bbhttps:\/\/alcala.salesianos.edu\/wp-content\/uploads\/2022\/12\/2.png\u00bb hover_enabled=\u00bb0&#8243; sticky_enabled=\u00bb0&#8243;][\/et_pb_image][\/et_pb_column][et_pb_column _builder_version=\u00bb4.19.1&#8243; _module_preset=\u00bbdefault\u00bb type=\u00bb1_3&#8243;][et_pb_image _builder_version=\u00bb4.19.1&#8243; _module_preset=\u00bbdefault\u00bb title_text=\u00bb3&#8243; src=\u00bbhttps:\/\/alcala.salesianos.edu\/wp-content\/uploads\/2022\/12\/3.png\u00bb hover_enabled=\u00bb0&#8243; sticky_enabled=\u00bb0&#8243;][\/et_pb_image][\/et_pb_column][et_pb_column _builder_version=\u00bb4.19.1&#8243; _module_preset=\u00bbdefault\u00bb type=\u00bb1_3&#8243;][et_pb_image _builder_version=\u00bb4.19.1&#8243; _module_preset=\u00bbdefault\u00bb title_text=\u00bb4&#8243; src=\u00bbhttps:\/\/alcala.salesianos.edu\/wp-content\/uploads\/2022\/12\/4.png\u00bb hover_enabled=\u00bb0&#8243; sticky_enabled=\u00bb0&#8243;][\/et_pb_image][\/et_pb_column][\/et_pb_row][\/et_pb_section]<\/p>\n","protected":false},"excerpt":{"rendered":"<p>Un 8 de diciembre la Obra Salesiana comienza con un breve encuentro entre Don Bosco y Bartolom\u00e9 Garelli. Dicho encuentro fue la semilla donde germin\u00f3 toda la Obra.<\/p>\n","protected":false},"author":2,"featured_media":0,"comment_status":"closed","ping_status":"open","sticky":false,"template":"","format":"standard","meta":{"_et_pb_use_builder":"on","_et_pb_old_content":"","_et_gb_content_width":"","footnotes":""},"categories":[12,23,19,13,17,14,15,18,16,1],"tags":[],"class_list":["post-14928","post","type-post","status-publish","format-standard","hentry","category-colegio","category-covid","category-escuela-abierta","category-fasa","category-infantil","category-pastoral","category-portada","category-primaria","category-secundaria","category-uncategorized"],"yoast_head":"<!-- This site is optimized with the Yoast SEO plugin v28.3 - https:\/\/yoast.com\/product\/yoast-seo-wordpress\/ -->\n<title>D\u00eda de la Inmaculada Concepci\u00f3n - Colegio Salesiano Alcal\u00e1<\/title>\n<meta name=\"description\" content=\"Un 8 de diciembre la Obra Salesiana comienza con un breve encuentro entre Don Bosco y Bartolom\u00e9 Garelli en una sacrist\u00eda.\" \/>\n<meta name=\"robots\" content=\"index, follow, max-snippet:-1, max-image-preview:large, max-video-preview:-1\" \/>\n<link rel=\"canonical\" href=\"https:\/\/alcala.salesianos.edu\/colegio\/blog\/2022\/12\/08\/dia-de-la-inmaculada-concepcion-2\/\" \/>\n<meta property=\"og:locale\" content=\"es_ES\" \/>\n<meta property=\"og:type\" content=\"article\" \/>\n<meta property=\"og:title\" content=\"D\u00eda de la Inmaculada Concepci\u00f3n - Colegio Salesiano Alcal\u00e1\" \/>\n<meta property=\"og:description\" content=\"Un 8 de diciembre la Obra Salesiana comienza con un breve encuentro entre Don Bosco y Bartolom\u00e9 Garelli en una sacrist\u00eda.\" \/>\n<meta property=\"og:url\" content=\"https:\/\/alcala.salesianos.edu\/colegio\/blog\/2022\/12\/08\/dia-de-la-inmaculada-concepcion-2\/\" \/>\n<meta property=\"og:site_name\" content=\"Colegio Salesiano Alcal\u00e1\" \/>\n<meta property=\"article:published_time\" content=\"2022-12-08T07:36:14+00:00\" \/>\n<meta property=\"article:modified_time\" content=\"2025-08-27T07:47:46+00:00\" \/>\n<meta name=\"author\" content=\"Administrador Web\" \/>\n<meta name=\"twitter:card\" content=\"summary_large_image\" \/>\n<meta name=\"twitter:label1\" content=\"Escrito por\" \/>\n\t<meta name=\"twitter:data1\" content=\"Administrador Web\" \/>\n<script type=\"application\/ld+json\" class=\"yoast-schema-graph\">{\"@context\":\"https:\\\/\\\/schema.org\",\"@graph\":[{\"@type\":\"Article\",\"@id\":\"https:\\\/\\\/alcala.salesianos.edu\\\/colegio\\\/blog\\\/2022\\\/12\\\/08\\\/dia-de-la-inmaculada-concepcion-2\\\/#article\",\"isPartOf\":{\"@id\":\"https:\\\/\\\/alcala.salesianos.edu\\\/colegio\\\/blog\\\/2022\\\/12\\\/08\\\/dia-de-la-inmaculada-concepcion-2\\\/\"},\"author\":{\"name\":\"Administrador Web\",\"@id\":\"https:\\\/\\\/alcala.salesianos.edu\\\/colegio\\\/#\\\/schema\\\/person\\\/afcc24f776dc91fc2bf9afb0998fca77\"},\"headline\":\"D\u00eda de la Inmaculada Concepci\u00f3n\",\"datePublished\":\"2022-12-08T07:36:14+00:00\",\"dateModified\":\"2025-08-27T07:47:46+00:00\",\"mainEntityOfPage\":{\"@id\":\"https:\\\/\\\/alcala.salesianos.edu\\\/colegio\\\/blog\\\/2022\\\/12\\\/08\\\/dia-de-la-inmaculada-concepcion-2\\\/\"},\"wordCount\":634,\"articleSection\":[\"Colegio\",\"covid\",\"Escuela abierta\",\"FASA\",\"Infantil\",\"Pastoral\",\"Portada\",\"Primaria\",\"Secundaria\",\"Uncategorized\"],\"inLanguage\":\"es\"},{\"@type\":\"WebPage\",\"@id\":\"https:\\\/\\\/alcala.salesianos.edu\\\/colegio\\\/blog\\\/2022\\\/12\\\/08\\\/dia-de-la-inmaculada-concepcion-2\\\/\",\"url\":\"https:\\\/\\\/alcala.salesianos.edu\\\/colegio\\\/blog\\\/2022\\\/12\\\/08\\\/dia-de-la-inmaculada-concepcion-2\\\/\",\"name\":\"D\u00eda de la Inmaculada Concepci\u00f3n - Colegio Salesiano Alcal\u00e1\",\"isPartOf\":{\"@id\":\"https:\\\/\\\/alcala.salesianos.edu\\\/colegio\\\/#website\"},\"datePublished\":\"2022-12-08T07:36:14+00:00\",\"dateModified\":\"2025-08-27T07:47:46+00:00\",\"author\":{\"@id\":\"https:\\\/\\\/alcala.salesianos.edu\\\/colegio\\\/#\\\/schema\\\/person\\\/afcc24f776dc91fc2bf9afb0998fca77\"},\"description\":\"Un 8 de diciembre la Obra Salesiana comienza con un breve encuentro entre Don Bosco y Bartolom\u00e9 Garelli en una sacrist\u00eda.\",\"breadcrumb\":{\"@id\":\"https:\\\/\\\/alcala.salesianos.edu\\\/colegio\\\/blog\\\/2022\\\/12\\\/08\\\/dia-de-la-inmaculada-concepcion-2\\\/#breadcrumb\"},\"inLanguage\":\"es\",\"potentialAction\":[{\"@type\":\"ReadAction\",\"target\":[\"https:\\\/\\\/alcala.salesianos.edu\\\/colegio\\\/blog\\\/2022\\\/12\\\/08\\\/dia-de-la-inmaculada-concepcion-2\\\/\"]}]},{\"@type\":\"BreadcrumbList\",\"@id\":\"https:\\\/\\\/alcala.salesianos.edu\\\/colegio\\\/blog\\\/2022\\\/12\\\/08\\\/dia-de-la-inmaculada-concepcion-2\\\/#breadcrumb\",\"itemListElement\":[{\"@type\":\"ListItem\",\"position\":1,\"name\":\"Portada\",\"item\":\"https:\\\/\\\/alcala.salesianos.edu\\\/colegio\\\/\"},{\"@type\":\"ListItem\",\"position\":2,\"name\":\"D\u00eda de la Inmaculada Concepci\u00f3n\"}]},{\"@type\":\"WebSite\",\"@id\":\"https:\\\/\\\/alcala.salesianos.edu\\\/colegio\\\/#website\",\"url\":\"https:\\\/\\\/alcala.salesianos.edu\\\/colegio\\\/\",\"name\":\"Colegio Salesiano Alcal\u00e1\",\"description\":\"P\u00e1gina oficial de Salesianos Alcal\u00e1 de Guadaira\",\"potentialAction\":[{\"@type\":\"SearchAction\",\"target\":{\"@type\":\"EntryPoint\",\"urlTemplate\":\"https:\\\/\\\/alcala.salesianos.edu\\\/colegio\\\/?s={search_term_string}\"},\"query-input\":{\"@type\":\"PropertyValueSpecification\",\"valueRequired\":true,\"valueName\":\"search_term_string\"}}],\"inLanguage\":\"es\"},{\"@type\":\"Person\",\"@id\":\"https:\\\/\\\/alcala.salesianos.edu\\\/colegio\\\/#\\\/schema\\\/person\\\/afcc24f776dc91fc2bf9afb0998fca77\",\"name\":\"Administrador Web\",\"image\":{\"@type\":\"ImageObject\",\"inLanguage\":\"es\",\"@id\":\"https:\\\/\\\/secure.gravatar.com\\\/avatar\\\/bc157e994689bd6da9645c00aa3bc4d55b727915b6652642660db0aef086585f?s=96&d=mm&r=g\",\"url\":\"https:\\\/\\\/secure.gravatar.com\\\/avatar\\\/bc157e994689bd6da9645c00aa3bc4d55b727915b6652642660db0aef086585f?s=96&d=mm&r=g\",\"contentUrl\":\"https:\\\/\\\/secure.gravatar.com\\\/avatar\\\/bc157e994689bd6da9645c00aa3bc4d55b727915b6652642660db0aef086585f?s=96&d=mm&r=g\",\"caption\":\"Administrador Web\"}}]}<\/script>\n<!-- \/ Yoast SEO plugin. -->","yoast_head_json":{"title":"D\u00eda de la Inmaculada Concepci\u00f3n - Colegio Salesiano Alcal\u00e1","description":"Un 8 de diciembre la Obra Salesiana comienza con un breve encuentro entre Don Bosco y Bartolom\u00e9 Garelli en una sacrist\u00eda.","robots":{"index":"index","follow":"follow","max-snippet":"max-snippet:-1","max-image-preview":"max-image-preview:large","max-video-preview":"max-video-preview:-1"},"canonical":"https:\/\/alcala.salesianos.edu\/colegio\/blog\/2022\/12\/08\/dia-de-la-inmaculada-concepcion-2\/","og_locale":"es_ES","og_type":"article","og_title":"D\u00eda de la Inmaculada Concepci\u00f3n - Colegio Salesiano Alcal\u00e1","og_description":"Un 8 de diciembre la Obra Salesiana comienza con un breve encuentro entre Don Bosco y Bartolom\u00e9 Garelli en una sacrist\u00eda.","og_url":"https:\/\/alcala.salesianos.edu\/colegio\/blog\/2022\/12\/08\/dia-de-la-inmaculada-concepcion-2\/","og_site_name":"Colegio Salesiano Alcal\u00e1","article_published_time":"2022-12-08T07:36:14+00:00","article_modified_time":"2025-08-27T07:47:46+00:00","author":"Administrador Web","twitter_card":"summary_large_image","twitter_misc":{"Escrito por":"Administrador Web"},"schema":{"@context":"https:\/\/schema.org","@graph":[{"@type":"Article","@id":"https:\/\/alcala.salesianos.edu\/colegio\/blog\/2022\/12\/08\/dia-de-la-inmaculada-concepcion-2\/#article","isPartOf":{"@id":"https:\/\/alcala.salesianos.edu\/colegio\/blog\/2022\/12\/08\/dia-de-la-inmaculada-concepcion-2\/"},"author":{"name":"Administrador Web","@id":"https:\/\/alcala.salesianos.edu\/colegio\/#\/schema\/person\/afcc24f776dc91fc2bf9afb0998fca77"},"headline":"D\u00eda de la Inmaculada Concepci\u00f3n","datePublished":"2022-12-08T07:36:14+00:00","dateModified":"2025-08-27T07:47:46+00:00","mainEntityOfPage":{"@id":"https:\/\/alcala.salesianos.edu\/colegio\/blog\/2022\/12\/08\/dia-de-la-inmaculada-concepcion-2\/"},"wordCount":634,"articleSection":["Colegio","covid","Escuela abierta","FASA","Infantil","Pastoral","Portada","Primaria","Secundaria","Uncategorized"],"inLanguage":"es"},{"@type":"WebPage","@id":"https:\/\/alcala.salesianos.edu\/colegio\/blog\/2022\/12\/08\/dia-de-la-inmaculada-concepcion-2\/","url":"https:\/\/alcala.salesianos.edu\/colegio\/blog\/2022\/12\/08\/dia-de-la-inmaculada-concepcion-2\/","name":"D\u00eda de la Inmaculada Concepci\u00f3n - Colegio Salesiano Alcal\u00e1","isPartOf":{"@id":"https:\/\/alcala.salesianos.edu\/colegio\/#website"},"datePublished":"2022-12-08T07:36:14+00:00","dateModified":"2025-08-27T07:47:46+00:00","author":{"@id":"https:\/\/alcala.salesianos.edu\/colegio\/#\/schema\/person\/afcc24f776dc91fc2bf9afb0998fca77"},"description":"Un 8 de diciembre la Obra Salesiana comienza con un breve encuentro entre Don Bosco y Bartolom\u00e9 Garelli en una sacrist\u00eda.","breadcrumb":{"@id":"https:\/\/alcala.salesianos.edu\/colegio\/blog\/2022\/12\/08\/dia-de-la-inmaculada-concepcion-2\/#breadcrumb"},"inLanguage":"es","potentialAction":[{"@type":"ReadAction","target":["https:\/\/alcala.salesianos.edu\/colegio\/blog\/2022\/12\/08\/dia-de-la-inmaculada-concepcion-2\/"]}]},{"@type":"BreadcrumbList","@id":"https:\/\/alcala.salesianos.edu\/colegio\/blog\/2022\/12\/08\/dia-de-la-inmaculada-concepcion-2\/#breadcrumb","itemListElement":[{"@type":"ListItem","position":1,"name":"Portada","item":"https:\/\/alcala.salesianos.edu\/colegio\/"},{"@type":"ListItem","position":2,"name":"D\u00eda de la Inmaculada Concepci\u00f3n"}]},{"@type":"WebSite","@id":"https:\/\/alcala.salesianos.edu\/colegio\/#website","url":"https:\/\/alcala.salesianos.edu\/colegio\/","name":"Colegio Salesiano Alcal\u00e1","description":"P\u00e1gina oficial de Salesianos Alcal\u00e1 de Guadaira","potentialAction":[{"@type":"SearchAction","target":{"@type":"EntryPoint","urlTemplate":"https:\/\/alcala.salesianos.edu\/colegio\/?s={search_term_string}"},"query-input":{"@type":"PropertyValueSpecification","valueRequired":true,"valueName":"search_term_string"}}],"inLanguage":"es"},{"@type":"Person","@id":"https:\/\/alcala.salesianos.edu\/colegio\/#\/schema\/person\/afcc24f776dc91fc2bf9afb0998fca77","name":"Administrador Web","image":{"@type":"ImageObject","inLanguage":"es","@id":"https:\/\/secure.gravatar.com\/avatar\/bc157e994689bd6da9645c00aa3bc4d55b727915b6652642660db0aef086585f?s=96&d=mm&r=g","url":"https:\/\/secure.gravatar.com\/avatar\/bc157e994689bd6da9645c00aa3bc4d55b727915b6652642660db0aef086585f?s=96&d=mm&r=g","contentUrl":"https:\/\/secure.gravatar.com\/avatar\/bc157e994689bd6da9645c00aa3bc4d55b727915b6652642660db0aef086585f?s=96&d=mm&r=g","caption":"Administrador Web"}}]}},"_links":{"self":[{"href":"https:\/\/alcala.salesianos.edu\/colegio\/wp-json\/wp\/v2\/posts\/14928","targetHints":{"allow":["GET"]}}],"collection":[{"href":"https:\/\/alcala.salesianos.edu\/colegio\/wp-json\/wp\/v2\/posts"}],"about":[{"href":"https:\/\/alcala.salesianos.edu\/colegio\/wp-json\/wp\/v2\/types\/post"}],"author":[{"embeddable":true,"href":"https:\/\/alcala.salesianos.edu\/colegio\/wp-json\/wp\/v2\/users\/2"}],"replies":[{"embeddable":true,"href":"https:\/\/alcala.salesianos.edu\/colegio\/wp-json\/wp\/v2\/comments?post=14928"}],"version-history":[{"count":1,"href":"https:\/\/alcala.salesianos.edu\/colegio\/wp-json\/wp\/v2\/posts\/14928\/revisions"}],"predecessor-version":[{"id":16631,"href":"https:\/\/alcala.salesianos.edu\/colegio\/wp-json\/wp\/v2\/posts\/14928\/revisions\/16631"}],"wp:attachment":[{"href":"https:\/\/alcala.salesianos.edu\/colegio\/wp-json\/wp\/v2\/media?parent=14928"}],"wp:term":[{"taxonomy":"category","embeddable":true,"href":"https:\/\/alcala.salesianos.edu\/colegio\/wp-json\/wp\/v2\/categories?post=14928"},{"taxonomy":"post_tag","embeddable":true,"href":"https:\/\/alcala.salesianos.edu\/colegio\/wp-json\/wp\/v2\/tags?post=14928"}],"curies":[{"name":"wp","href":"https:\/\/api.w.org\/{rel}","templated":true}]}}