{"id":14922,"date":"2022-11-24T17:54:05","date_gmt":"2022-11-24T16:54:05","guid":{"rendered":"https:\/\/alcala.salesianos.edu\/colegio\/blog\/2022\/11\/24\/sesion-informativa\/"},"modified":"2025-08-27T08:47:47","modified_gmt":"2025-08-27T07:47:47","slug":"sesion-informativa","status":"publish","type":"post","link":"https:\/\/alcala.salesianos.edu\/colegio\/blog\/2022\/11\/24\/sesion-informativa\/","title":{"rendered":"Sesi\u00f3n informativa de la primera evaluaci\u00f3n"},"content":{"rendered":"<div id=\"fb-root\"><\/div>\n<p>[et_pb_section fb_built=\u00bb1&#8243; admin_label=\u00bbsection\u00bb _builder_version=\u00bb4.16&#8243; global_colors_info=\u00bb{}\u00bb theme_builder_area=\u00bbpost_content\u00bb][et_pb_row admin_label=\u00bbrow\u00bb _builder_version=\u00bb4.16&#8243; background_size=\u00bbinitial\u00bb background_position=\u00bbtop_left\u00bb background_repeat=\u00bbrepeat\u00bb global_colors_info=\u00bb{}\u00bb theme_builder_area=\u00bbpost_content\u00bb][et_pb_column type=\u00bb4_4&#8243; _builder_version=\u00bb4.16&#8243; custom_padding=\u00bb|||\u00bb global_colors_info=\u00bb{}\u00bb custom_padding__hover=\u00bb|||\u00bb theme_builder_area=\u00bbpost_content\u00bb][et_pb_text _builder_version=\u00bb4.19.1&#8243; _module_preset=\u00bbdefault\u00bb global_colors_info=\u00bb{}\u00bb theme_builder_area=\u00bbpost_content\u00bb]<\/p>\n<p>Estimadas Familias.<\/p>\n<p>Nos dirigimos a ustedes para informarles de que el <strong>pr\u00f3ximo d\u00eda 1 de diciembre<\/strong> tendr\u00e1 lugar una sesi\u00f3n informativa grupal con el tutor\/a de su hijo\/a. En dicha reuni\u00f3n se dar\u00e1 informaci\u00f3n acerca de aspectos generales de la Casa y particulares del curso, as\u00ed como de los pr\u00f3ximos eventos previstos. Es una oportunidad de conocer de primera mano el trabajo que se viene realizando con su hijo\/a y c\u00f3mo va a ser el acompa\u00f1amiento que va a recibir en su proceso de crecimiento personal.<\/p>\n<p>Tambi\u00e9n se har\u00e1 entrega del bolet\u00edn de notas a los tutores legales (no se entregar\u00e1n a ninguna otra persona). Las notas ser\u00e1n publicadas en la plataforma Qe 48 h antes.<\/p>\n<p>El horario de las sesiones de notas ser\u00e1 el siguiente:<\/p>\n<p><strong>Educaci\u00f3n Infantil<\/strong>: 17:00 h.<\/p>\n<p><strong>Educaci\u00f3n Primaria:<\/strong> 18:00 h.<\/p>\n<p><strong>Educaci\u00f3n Secundaria:<\/strong> 19:00 h.<\/p>\n<p>Sin otro particular, me despido de ustedes esperando su asistencia.<\/p>\n<p>Atentamente:<\/p>\n<p>Mateo Barrera Mac\u00edas<\/p>\n<p>Director de Centro.<\/p>\n<p>[\/et_pb_text][\/et_pb_column][\/et_pb_row][\/et_pb_section]<\/p>\n","protected":false},"excerpt":{"rendered":"<p>Mensaje del director de centro D. Mateo Barreras informando que la sesi\u00f3n se realizar\u00e1 el pr\u00f3ximo jueves 1 de diciembre por la tarde desde las cinco hasta las siete de la tarde.<\/p>\n","protected":false},"author":2,"featured_media":0,"comment_status":"closed","ping_status":"open","sticky":false,"template":"","format":"standard","meta":{"_et_pb_use_builder":"on","_et_pb_old_content":"","_et_gb_content_width":"","footnotes":""},"categories":[12,23,13,17,15,18,16,1],"tags":[],"class_list":["post-14922","post","type-post","status-publish","format-standard","hentry","category-colegio","category-covid","category-fasa","category-infantil","category-portada","category-primaria","category-secundaria","category-uncategorized"],"yoast_head":"<!-- This site is optimized with the Yoast SEO plugin v28.3 - https:\/\/yoast.com\/product\/yoast-seo-wordpress\/ -->\n<title>Sesi\u00f3n informativa de la primera evaluaci\u00f3n - Colegio Salesiano Alcal\u00e1<\/title>\n<meta name=\"description\" content=\"Mensaje del director de centro D. Mateo Barreras informando que la sesi\u00f3n se realizar\u00e1 el pr\u00f3ximo jueves 1 de diciembre.\" \/>\n<meta name=\"robots\" content=\"index, follow, max-snippet:-1, max-image-preview:large, max-video-preview:-1\" \/>\n<link rel=\"canonical\" href=\"https:\/\/alcala.salesianos.edu\/colegio\/blog\/2022\/11\/24\/sesion-informativa\/\" \/>\n<meta property=\"og:locale\" content=\"es_ES\" \/>\n<meta property=\"og:type\" content=\"article\" \/>\n<meta property=\"og:title\" content=\"Sesi\u00f3n informativa de la primera evaluaci\u00f3n - Colegio Salesiano Alcal\u00e1\" \/>\n<meta property=\"og:description\" content=\"Mensaje del director de centro D. Mateo Barreras informando que la sesi\u00f3n se realizar\u00e1 el pr\u00f3ximo jueves 1 de diciembre.\" \/>\n<meta property=\"og:url\" content=\"https:\/\/alcala.salesianos.edu\/colegio\/blog\/2022\/11\/24\/sesion-informativa\/\" \/>\n<meta property=\"og:site_name\" content=\"Colegio Salesiano Alcal\u00e1\" \/>\n<meta property=\"article:published_time\" content=\"2022-11-24T16:54:05+00:00\" \/>\n<meta property=\"article:modified_time\" content=\"2025-08-27T07:47:47+00:00\" \/>\n<meta name=\"author\" content=\"Administrador Web\" \/>\n<meta name=\"twitter:card\" content=\"summary_large_image\" \/>\n<meta name=\"twitter:label1\" content=\"Escrito por\" \/>\n\t<meta name=\"twitter:data1\" content=\"Administrador Web\" \/>\n<script type=\"application\/ld+json\" class=\"yoast-schema-graph\">{\"@context\":\"https:\\\/\\\/schema.org\",\"@graph\":[{\"@type\":\"Article\",\"@id\":\"https:\\\/\\\/alcala.salesianos.edu\\\/colegio\\\/blog\\\/2022\\\/11\\\/24\\\/sesion-informativa\\\/#article\",\"isPartOf\":{\"@id\":\"https:\\\/\\\/alcala.salesianos.edu\\\/colegio\\\/blog\\\/2022\\\/11\\\/24\\\/sesion-informativa\\\/\"},\"author\":{\"name\":\"Administrador Web\",\"@id\":\"https:\\\/\\\/alcala.salesianos.edu\\\/colegio\\\/#\\\/schema\\\/person\\\/afcc24f776dc91fc2bf9afb0998fca77\"},\"headline\":\"Sesi\u00f3n informativa de la primera evaluaci\u00f3n\",\"datePublished\":\"2022-11-24T16:54:05+00:00\",\"dateModified\":\"2025-08-27T07:47:47+00:00\",\"mainEntityOfPage\":{\"@id\":\"https:\\\/\\\/alcala.salesianos.edu\\\/colegio\\\/blog\\\/2022\\\/11\\\/24\\\/sesion-informativa\\\/\"},\"wordCount\":268,\"articleSection\":[\"Colegio\",\"covid\",\"FASA\",\"Infantil\",\"Portada\",\"Primaria\",\"Secundaria\",\"Uncategorized\"],\"inLanguage\":\"es\"},{\"@type\":\"WebPage\",\"@id\":\"https:\\\/\\\/alcala.salesianos.edu\\\/colegio\\\/blog\\\/2022\\\/11\\\/24\\\/sesion-informativa\\\/\",\"url\":\"https:\\\/\\\/alcala.salesianos.edu\\\/colegio\\\/blog\\\/2022\\\/11\\\/24\\\/sesion-informativa\\\/\",\"name\":\"Sesi\u00f3n informativa de la primera evaluaci\u00f3n - Colegio Salesiano Alcal\u00e1\",\"isPartOf\":{\"@id\":\"https:\\\/\\\/alcala.salesianos.edu\\\/colegio\\\/#website\"},\"datePublished\":\"2022-11-24T16:54:05+00:00\",\"dateModified\":\"2025-08-27T07:47:47+00:00\",\"author\":{\"@id\":\"https:\\\/\\\/alcala.salesianos.edu\\\/colegio\\\/#\\\/schema\\\/person\\\/afcc24f776dc91fc2bf9afb0998fca77\"},\"description\":\"Mensaje del director de centro D. Mateo Barreras informando que la sesi\u00f3n se realizar\u00e1 el pr\u00f3ximo jueves 1 de diciembre.\",\"breadcrumb\":{\"@id\":\"https:\\\/\\\/alcala.salesianos.edu\\\/colegio\\\/blog\\\/2022\\\/11\\\/24\\\/sesion-informativa\\\/#breadcrumb\"},\"inLanguage\":\"es\",\"potentialAction\":[{\"@type\":\"ReadAction\",\"target\":[\"https:\\\/\\\/alcala.salesianos.edu\\\/colegio\\\/blog\\\/2022\\\/11\\\/24\\\/sesion-informativa\\\/\"]}]},{\"@type\":\"BreadcrumbList\",\"@id\":\"https:\\\/\\\/alcala.salesianos.edu\\\/colegio\\\/blog\\\/2022\\\/11\\\/24\\\/sesion-informativa\\\/#breadcrumb\",\"itemListElement\":[{\"@type\":\"ListItem\",\"position\":1,\"name\":\"Portada\",\"item\":\"https:\\\/\\\/alcala.salesianos.edu\\\/colegio\\\/\"},{\"@type\":\"ListItem\",\"position\":2,\"name\":\"Sesi\u00f3n informativa de la primera evaluaci\u00f3n\"}]},{\"@type\":\"WebSite\",\"@id\":\"https:\\\/\\\/alcala.salesianos.edu\\\/colegio\\\/#website\",\"url\":\"https:\\\/\\\/alcala.salesianos.edu\\\/colegio\\\/\",\"name\":\"Colegio Salesiano Alcal\u00e1\",\"description\":\"P\u00e1gina oficial de Salesianos Alcal\u00e1 de Guadaira\",\"potentialAction\":[{\"@type\":\"SearchAction\",\"target\":{\"@type\":\"EntryPoint\",\"urlTemplate\":\"https:\\\/\\\/alcala.salesianos.edu\\\/colegio\\\/?s={search_term_string}\"},\"query-input\":{\"@type\":\"PropertyValueSpecification\",\"valueRequired\":true,\"valueName\":\"search_term_string\"}}],\"inLanguage\":\"es\"},{\"@type\":\"Person\",\"@id\":\"https:\\\/\\\/alcala.salesianos.edu\\\/colegio\\\/#\\\/schema\\\/person\\\/afcc24f776dc91fc2bf9afb0998fca77\",\"name\":\"Administrador Web\",\"image\":{\"@type\":\"ImageObject\",\"inLanguage\":\"es\",\"@id\":\"https:\\\/\\\/secure.gravatar.com\\\/avatar\\\/bc157e994689bd6da9645c00aa3bc4d55b727915b6652642660db0aef086585f?s=96&d=mm&r=g\",\"url\":\"https:\\\/\\\/secure.gravatar.com\\\/avatar\\\/bc157e994689bd6da9645c00aa3bc4d55b727915b6652642660db0aef086585f?s=96&d=mm&r=g\",\"contentUrl\":\"https:\\\/\\\/secure.gravatar.com\\\/avatar\\\/bc157e994689bd6da9645c00aa3bc4d55b727915b6652642660db0aef086585f?s=96&d=mm&r=g\",\"caption\":\"Administrador Web\"}}]}<\/script>\n<!-- \/ Yoast SEO plugin. -->","yoast_head_json":{"title":"Sesi\u00f3n informativa de la primera evaluaci\u00f3n - Colegio Salesiano Alcal\u00e1","description":"Mensaje del director de centro D. Mateo Barreras informando que la sesi\u00f3n se realizar\u00e1 el pr\u00f3ximo jueves 1 de diciembre.","robots":{"index":"index","follow":"follow","max-snippet":"max-snippet:-1","max-image-preview":"max-image-preview:large","max-video-preview":"max-video-preview:-1"},"canonical":"https:\/\/alcala.salesianos.edu\/colegio\/blog\/2022\/11\/24\/sesion-informativa\/","og_locale":"es_ES","og_type":"article","og_title":"Sesi\u00f3n informativa de la primera evaluaci\u00f3n - Colegio Salesiano Alcal\u00e1","og_description":"Mensaje del director de centro D. Mateo Barreras informando que la sesi\u00f3n se realizar\u00e1 el pr\u00f3ximo jueves 1 de diciembre.","og_url":"https:\/\/alcala.salesianos.edu\/colegio\/blog\/2022\/11\/24\/sesion-informativa\/","og_site_name":"Colegio Salesiano Alcal\u00e1","article_published_time":"2022-11-24T16:54:05+00:00","article_modified_time":"2025-08-27T07:47:47+00:00","author":"Administrador Web","twitter_card":"summary_large_image","twitter_misc":{"Escrito por":"Administrador Web"},"schema":{"@context":"https:\/\/schema.org","@graph":[{"@type":"Article","@id":"https:\/\/alcala.salesianos.edu\/colegio\/blog\/2022\/11\/24\/sesion-informativa\/#article","isPartOf":{"@id":"https:\/\/alcala.salesianos.edu\/colegio\/blog\/2022\/11\/24\/sesion-informativa\/"},"author":{"name":"Administrador Web","@id":"https:\/\/alcala.salesianos.edu\/colegio\/#\/schema\/person\/afcc24f776dc91fc2bf9afb0998fca77"},"headline":"Sesi\u00f3n informativa de la primera evaluaci\u00f3n","datePublished":"2022-11-24T16:54:05+00:00","dateModified":"2025-08-27T07:47:47+00:00","mainEntityOfPage":{"@id":"https:\/\/alcala.salesianos.edu\/colegio\/blog\/2022\/11\/24\/sesion-informativa\/"},"wordCount":268,"articleSection":["Colegio","covid","FASA","Infantil","Portada","Primaria","Secundaria","Uncategorized"],"inLanguage":"es"},{"@type":"WebPage","@id":"https:\/\/alcala.salesianos.edu\/colegio\/blog\/2022\/11\/24\/sesion-informativa\/","url":"https:\/\/alcala.salesianos.edu\/colegio\/blog\/2022\/11\/24\/sesion-informativa\/","name":"Sesi\u00f3n informativa de la primera evaluaci\u00f3n - Colegio Salesiano Alcal\u00e1","isPartOf":{"@id":"https:\/\/alcala.salesianos.edu\/colegio\/#website"},"datePublished":"2022-11-24T16:54:05+00:00","dateModified":"2025-08-27T07:47:47+00:00","author":{"@id":"https:\/\/alcala.salesianos.edu\/colegio\/#\/schema\/person\/afcc24f776dc91fc2bf9afb0998fca77"},"description":"Mensaje del director de centro D. Mateo Barreras informando que la sesi\u00f3n se realizar\u00e1 el pr\u00f3ximo jueves 1 de diciembre.","breadcrumb":{"@id":"https:\/\/alcala.salesianos.edu\/colegio\/blog\/2022\/11\/24\/sesion-informativa\/#breadcrumb"},"inLanguage":"es","potentialAction":[{"@type":"ReadAction","target":["https:\/\/alcala.salesianos.edu\/colegio\/blog\/2022\/11\/24\/sesion-informativa\/"]}]},{"@type":"BreadcrumbList","@id":"https:\/\/alcala.salesianos.edu\/colegio\/blog\/2022\/11\/24\/sesion-informativa\/#breadcrumb","itemListElement":[{"@type":"ListItem","position":1,"name":"Portada","item":"https:\/\/alcala.salesianos.edu\/colegio\/"},{"@type":"ListItem","position":2,"name":"Sesi\u00f3n informativa de la primera evaluaci\u00f3n"}]},{"@type":"WebSite","@id":"https:\/\/alcala.salesianos.edu\/colegio\/#website","url":"https:\/\/alcala.salesianos.edu\/colegio\/","name":"Colegio Salesiano Alcal\u00e1","description":"P\u00e1gina oficial de Salesianos Alcal\u00e1 de Guadaira","potentialAction":[{"@type":"SearchAction","target":{"@type":"EntryPoint","urlTemplate":"https:\/\/alcala.salesianos.edu\/colegio\/?s={search_term_string}"},"query-input":{"@type":"PropertyValueSpecification","valueRequired":true,"valueName":"search_term_string"}}],"inLanguage":"es"},{"@type":"Person","@id":"https:\/\/alcala.salesianos.edu\/colegio\/#\/schema\/person\/afcc24f776dc91fc2bf9afb0998fca77","name":"Administrador Web","image":{"@type":"ImageObject","inLanguage":"es","@id":"https:\/\/secure.gravatar.com\/avatar\/bc157e994689bd6da9645c00aa3bc4d55b727915b6652642660db0aef086585f?s=96&d=mm&r=g","url":"https:\/\/secure.gravatar.com\/avatar\/bc157e994689bd6da9645c00aa3bc4d55b727915b6652642660db0aef086585f?s=96&d=mm&r=g","contentUrl":"https:\/\/secure.gravatar.com\/avatar\/bc157e994689bd6da9645c00aa3bc4d55b727915b6652642660db0aef086585f?s=96&d=mm&r=g","caption":"Administrador Web"}}]}},"_links":{"self":[{"href":"https:\/\/alcala.salesianos.edu\/colegio\/wp-json\/wp\/v2\/posts\/14922","targetHints":{"allow":["GET"]}}],"collection":[{"href":"https:\/\/alcala.salesianos.edu\/colegio\/wp-json\/wp\/v2\/posts"}],"about":[{"href":"https:\/\/alcala.salesianos.edu\/colegio\/wp-json\/wp\/v2\/types\/post"}],"author":[{"embeddable":true,"href":"https:\/\/alcala.salesianos.edu\/colegio\/wp-json\/wp\/v2\/users\/2"}],"replies":[{"embeddable":true,"href":"https:\/\/alcala.salesianos.edu\/colegio\/wp-json\/wp\/v2\/comments?post=14922"}],"version-history":[{"count":1,"href":"https:\/\/alcala.salesianos.edu\/colegio\/wp-json\/wp\/v2\/posts\/14922\/revisions"}],"predecessor-version":[{"id":14924,"href":"https:\/\/alcala.salesianos.edu\/colegio\/wp-json\/wp\/v2\/posts\/14922\/revisions\/14924"}],"wp:attachment":[{"href":"https:\/\/alcala.salesianos.edu\/colegio\/wp-json\/wp\/v2\/media?parent=14922"}],"wp:term":[{"taxonomy":"category","embeddable":true,"href":"https:\/\/alcala.salesianos.edu\/colegio\/wp-json\/wp\/v2\/categories?post=14922"},{"taxonomy":"post_tag","embeddable":true,"href":"https:\/\/alcala.salesianos.edu\/colegio\/wp-json\/wp\/v2\/tags?post=14922"}],"curies":[{"name":"wp","href":"https:\/\/api.w.org\/{rel}","templated":true}]}}