{"id":14909,"date":"2022-11-15T19:29:13","date_gmt":"2022-11-15T18:29:13","guid":{"rendered":"https:\/\/alcala.salesianos.edu\/colegio\/blog\/2022\/11\/15\/convocatoria\/"},"modified":"2025-08-27T08:47:48","modified_gmt":"2025-08-27T07:47:48","slug":"convocatoria","status":"publish","type":"post","link":"https:\/\/alcala.salesianos.edu\/colegio\/blog\/2022\/11\/15\/convocatoria\/","title":{"rendered":"Convocatoria de elecciones de padres y madres al Consejo Escolar"},"content":{"rendered":"<div id=\"fb-root\"><\/div>\n<p>[et_pb_section fb_built=\u00bb1&#8243; admin_label=\u00bbsection\u00bb _builder_version=\u00bb4.16&#8243; global_colors_info=\u00bb{}\u00bb][et_pb_row admin_label=\u00bbrow\u00bb _builder_version=\u00bb4.16&#8243; background_size=\u00bbinitial\u00bb background_position=\u00bbtop_left\u00bb background_repeat=\u00bbrepeat\u00bb global_colors_info=\u00bb{}\u00bb][et_pb_column type=\u00bb4_4&#8243; _builder_version=\u00bb4.16&#8243; custom_padding=\u00bb|||\u00bb global_colors_info=\u00bb{}\u00bb custom_padding__hover=\u00bb|||\u00bb][et_pb_text _builder_version=\u00bb4.19.0&#8243; _module_preset=\u00bbdefault\u00bb hover_enabled=\u00bb0&#8243; sticky_enabled=\u00bb0&#8243;]<\/p>\n<ol>\n<li>Mateo Barrera Mac\u00edas, Director del Centro y Presidente de la Junta Electoral del mismo, en virtud de la normativa vigente,<\/li>\n<\/ol>\n<p>DISPONE, en nombre de la Junta Electoral, la CONVOCATORIA de elecciones al CONSEJO ESCOLAR de este Centro, de acuerdo con las siguientes precisiones:<\/p>\n<ol>\n<li>El CENSO ELECTORAL de todos los padres y madres de alumnos\/as estar\u00e1 a disposici\u00f3n de todo aquel que lo desee en la secretar\u00eda del Centro, desde el d\u00eda de la fecha.<\/li>\n<li>RECLAMACIONES. Contra las decisiones de la Junta Electoral sobre aprobaci\u00f3n de los censos electorales, admisi\u00f3n y proclamaci\u00f3n de candidaturas y proclamaci\u00f3n de miembros electos, se podr\u00e1 interponer reclamaci\u00f3n ante la persona titular de la correspondiente Delegaci\u00f3n Provincial de la Consejer\u00eda competente en materia de educaci\u00f3n, cuya resoluci\u00f3n pondr\u00e1 fin a la v\u00eda administrativa.<br \/>Las decisiones de las Mesas electorales se podr\u00e1 presentar reclamaci\u00f3n en el plazo de tres d\u00edas h\u00e1biles ante la Junta Electoral que deber\u00e1 responder en un plazo de cinco d\u00edas, poniendo fin a la v\u00eda administrativa.<\/li>\n<\/ol>\n<ol start=\"3\">\n<li>Las CANDIDATURAS han sido proclamadas y publicadas en la web del Centro el d\u00eda 4 de noviembre las candidaturas provisionales y dadas por definitivas el d\u00eda 9 de noviembre.<\/li>\n<li>El SORTEO de los miembros de la Mesa Electoral fue realizado en dicho Centro, mediante acto p\u00fablico el 11 de noviembre de 2022.<\/li>\n<li>La MESA ELECTORAL ser\u00e1 constituida inmediatamente antes del inicio de las votaciones.<\/li>\n<li>Cada elector\/a deber\u00e1 acreditar su identidad, a la hora de votar, presentando su DNI o documento equivalente.<\/li>\n<li>Los padres, madres y representantes legales del alumnado podr\u00e1n participar en la votaci\u00f3n enviando su voto a la Mesa electoral del centro antes de la realizaci\u00f3n del escrutinio, por correo certificado o entreg\u00e1ndolo al director o directora del centro, que lo custodiar\u00e1 hasta su traslado a la correspondiente Mesa electoral, de conformidad con el art\u00edculo 11 de la Orden de 7 de octubre de 2010. Para garantizar el secreto del voto, la identidad de la persona votante y evitar posibles duplicidades se utilizar\u00e1 el sistema de doble sobre.<\/li>\n<li>LAS VOTACIONES SE REALIZAR\u00c1N EN EL CENTRO EL D\u00cdA 22 DE NOVIEMBRE DESDE LAS 13,40 HORAS A LAS 20,00 HORAS.<\/li>\n<li>Finalizadas las votaciones, se proceder\u00e1 al escrutinio de los votos, que ser\u00e1 p\u00fablico, y una vez realizado, se levantar\u00e1 acta que firmar\u00e1n todos los componentes de la Mesa, en la que se har\u00e1n constar los representantes elegidos por mayor n\u00famero de votos y todos los dem\u00e1s que hayan obtenido votos. Dicha acta ser\u00e1 enviada a la Junta Electoral, a efectos de proclamaci\u00f3n de los distintos candidatos elegidos.<\/li>\n<li>La Junta Electoral del Centro resolver\u00e1 cualquier duda, consulta o reclamaci\u00f3n que pudiera surgir.<\/li>\n<\/ol>\n<p>Alcal\u00e1 de Guada\u00edra a 15 de noviembre de 2022<\/p>\n<p>&nbsp;<\/p>\n<p>[\/et_pb_text][\/et_pb_column][\/et_pb_row][\/et_pb_section]<\/p>\n","protected":false},"excerpt":{"rendered":"<p>Las votaciones se realizar\u00e1n en el centro educativo el d\u00eda 22 de noviembre desde las 13,40 horas a las 20,00 horas. Cada elector\/a deber\u00e1 acreditar su identidad, a la hora de votar, presentando su DNI o documento equivalente.<\/p>\n","protected":false},"author":2,"featured_media":14880,"comment_status":"closed","ping_status":"open","sticky":false,"template":"","format":"standard","meta":{"_et_pb_use_builder":"on","_et_pb_old_content":"","_et_gb_content_width":"","footnotes":""},"categories":[12,23,13,17,14,15,18,16,1],"tags":[],"class_list":["post-14909","post","type-post","status-publish","format-standard","has-post-thumbnail","hentry","category-colegio","category-covid","category-fasa","category-infantil","category-pastoral","category-portada","category-primaria","category-secundaria","category-uncategorized"],"yoast_head":"<!-- This site is optimized with the Yoast SEO plugin v28.3 - https:\/\/yoast.com\/product\/yoast-seo-wordpress\/ -->\n<title>Convocatoria de elecciones de padres y madres al Consejo Escolar - Colegio Salesiano Alcal\u00e1<\/title>\n<meta name=\"description\" content=\"Las votaciones se realizar\u00e1n en el centro educativo el d\u00eda 22 de noviembre desde las 13,40 horas a las 20,00 horas.\" \/>\n<meta name=\"robots\" content=\"index, follow, max-snippet:-1, max-image-preview:large, max-video-preview:-1\" \/>\n<link rel=\"canonical\" href=\"https:\/\/alcala.salesianos.edu\/colegio\/blog\/2022\/11\/15\/convocatoria\/\" \/>\n<meta property=\"og:locale\" content=\"es_ES\" \/>\n<meta property=\"og:type\" content=\"article\" \/>\n<meta property=\"og:title\" content=\"Convocatoria de elecciones de padres y madres al Consejo Escolar - Colegio Salesiano Alcal\u00e1\" \/>\n<meta property=\"og:description\" content=\"Las votaciones se realizar\u00e1n en el centro educativo el d\u00eda 22 de noviembre desde las 13,40 horas a las 20,00 horas.\" \/>\n<meta property=\"og:url\" content=\"https:\/\/alcala.salesianos.edu\/colegio\/blog\/2022\/11\/15\/convocatoria\/\" \/>\n<meta property=\"og:site_name\" content=\"Colegio Salesiano Alcal\u00e1\" \/>\n<meta property=\"article:published_time\" content=\"2022-11-15T18:29:13+00:00\" \/>\n<meta property=\"article:modified_time\" content=\"2025-08-27T07:47:48+00:00\" \/>\n<meta property=\"og:image\" content=\"https:\/\/alcala.salesianos.edu\/colegio\/wp-content\/uploads\/sites\/2\/2022\/09\/ALCALAobraVN2.jpg\" \/>\n\t<meta property=\"og:image:width\" content=\"1\" \/>\n\t<meta property=\"og:image:height\" content=\"1\" \/>\n\t<meta property=\"og:image:type\" content=\"image\/jpeg\" \/>\n<meta name=\"author\" content=\"Administrador Web\" \/>\n<meta name=\"twitter:card\" content=\"summary_large_image\" \/>\n<meta name=\"twitter:label1\" content=\"Escrito por\" \/>\n\t<meta name=\"twitter:data1\" content=\"Administrador Web\" \/>\n<script type=\"application\/ld+json\" class=\"yoast-schema-graph\">{\"@context\":\"https:\\\/\\\/schema.org\",\"@graph\":[{\"@type\":\"Article\",\"@id\":\"https:\\\/\\\/alcala.salesianos.edu\\\/colegio\\\/blog\\\/2022\\\/11\\\/15\\\/convocatoria\\\/#article\",\"isPartOf\":{\"@id\":\"https:\\\/\\\/alcala.salesianos.edu\\\/colegio\\\/blog\\\/2022\\\/11\\\/15\\\/convocatoria\\\/\"},\"author\":{\"name\":\"Administrador Web\",\"@id\":\"https:\\\/\\\/alcala.salesianos.edu\\\/colegio\\\/#\\\/schema\\\/person\\\/afcc24f776dc91fc2bf9afb0998fca77\"},\"headline\":\"Convocatoria de elecciones de padres y madres al Consejo Escolar\",\"datePublished\":\"2022-11-15T18:29:13+00:00\",\"dateModified\":\"2025-08-27T07:47:48+00:00\",\"mainEntityOfPage\":{\"@id\":\"https:\\\/\\\/alcala.salesianos.edu\\\/colegio\\\/blog\\\/2022\\\/11\\\/15\\\/convocatoria\\\/\"},\"wordCount\":552,\"image\":{\"@id\":\"https:\\\/\\\/alcala.salesianos.edu\\\/colegio\\\/blog\\\/2022\\\/11\\\/15\\\/convocatoria\\\/#primaryimage\"},\"thumbnailUrl\":\"https:\\\/\\\/alcala.salesianos.edu\\\/colegio\\\/wp-content\\\/uploads\\\/sites\\\/2\\\/2022\\\/09\\\/ALCALAobraVN2.jpg\",\"articleSection\":[\"Colegio\",\"covid\",\"FASA\",\"Infantil\",\"Pastoral\",\"Portada\",\"Primaria\",\"Secundaria\",\"Uncategorized\"],\"inLanguage\":\"es\"},{\"@type\":\"WebPage\",\"@id\":\"https:\\\/\\\/alcala.salesianos.edu\\\/colegio\\\/blog\\\/2022\\\/11\\\/15\\\/convocatoria\\\/\",\"url\":\"https:\\\/\\\/alcala.salesianos.edu\\\/colegio\\\/blog\\\/2022\\\/11\\\/15\\\/convocatoria\\\/\",\"name\":\"Convocatoria de elecciones de padres y madres al Consejo Escolar - Colegio Salesiano Alcal\u00e1\",\"isPartOf\":{\"@id\":\"https:\\\/\\\/alcala.salesianos.edu\\\/colegio\\\/#website\"},\"primaryImageOfPage\":{\"@id\":\"https:\\\/\\\/alcala.salesianos.edu\\\/colegio\\\/blog\\\/2022\\\/11\\\/15\\\/convocatoria\\\/#primaryimage\"},\"image\":{\"@id\":\"https:\\\/\\\/alcala.salesianos.edu\\\/colegio\\\/blog\\\/2022\\\/11\\\/15\\\/convocatoria\\\/#primaryimage\"},\"thumbnailUrl\":\"https:\\\/\\\/alcala.salesianos.edu\\\/colegio\\\/wp-content\\\/uploads\\\/sites\\\/2\\\/2022\\\/09\\\/ALCALAobraVN2.jpg\",\"datePublished\":\"2022-11-15T18:29:13+00:00\",\"dateModified\":\"2025-08-27T07:47:48+00:00\",\"author\":{\"@id\":\"https:\\\/\\\/alcala.salesianos.edu\\\/colegio\\\/#\\\/schema\\\/person\\\/afcc24f776dc91fc2bf9afb0998fca77\"},\"description\":\"Las votaciones se realizar\u00e1n en el centro educativo el d\u00eda 22 de noviembre desde las 13,40 horas a las 20,00 horas.\",\"breadcrumb\":{\"@id\":\"https:\\\/\\\/alcala.salesianos.edu\\\/colegio\\\/blog\\\/2022\\\/11\\\/15\\\/convocatoria\\\/#breadcrumb\"},\"inLanguage\":\"es\",\"potentialAction\":[{\"@type\":\"ReadAction\",\"target\":[\"https:\\\/\\\/alcala.salesianos.edu\\\/colegio\\\/blog\\\/2022\\\/11\\\/15\\\/convocatoria\\\/\"]}]},{\"@type\":\"ImageObject\",\"inLanguage\":\"es\",\"@id\":\"https:\\\/\\\/alcala.salesianos.edu\\\/colegio\\\/blog\\\/2022\\\/11\\\/15\\\/convocatoria\\\/#primaryimage\",\"url\":\"https:\\\/\\\/alcala.salesianos.edu\\\/colegio\\\/wp-content\\\/uploads\\\/sites\\\/2\\\/2022\\\/09\\\/ALCALAobraVN2.jpg\",\"contentUrl\":\"https:\\\/\\\/alcala.salesianos.edu\\\/colegio\\\/wp-content\\\/uploads\\\/sites\\\/2\\\/2022\\\/09\\\/ALCALAobraVN2.jpg\"},{\"@type\":\"BreadcrumbList\",\"@id\":\"https:\\\/\\\/alcala.salesianos.edu\\\/colegio\\\/blog\\\/2022\\\/11\\\/15\\\/convocatoria\\\/#breadcrumb\",\"itemListElement\":[{\"@type\":\"ListItem\",\"position\":1,\"name\":\"Portada\",\"item\":\"https:\\\/\\\/alcala.salesianos.edu\\\/colegio\\\/\"},{\"@type\":\"ListItem\",\"position\":2,\"name\":\"Convocatoria de elecciones de padres y madres al Consejo Escolar\"}]},{\"@type\":\"WebSite\",\"@id\":\"https:\\\/\\\/alcala.salesianos.edu\\\/colegio\\\/#website\",\"url\":\"https:\\\/\\\/alcala.salesianos.edu\\\/colegio\\\/\",\"name\":\"Colegio Salesiano Alcal\u00e1\",\"description\":\"P\u00e1gina oficial de Salesianos Alcal\u00e1 de Guadaira\",\"potentialAction\":[{\"@type\":\"SearchAction\",\"target\":{\"@type\":\"EntryPoint\",\"urlTemplate\":\"https:\\\/\\\/alcala.salesianos.edu\\\/colegio\\\/?s={search_term_string}\"},\"query-input\":{\"@type\":\"PropertyValueSpecification\",\"valueRequired\":true,\"valueName\":\"search_term_string\"}}],\"inLanguage\":\"es\"},{\"@type\":\"Person\",\"@id\":\"https:\\\/\\\/alcala.salesianos.edu\\\/colegio\\\/#\\\/schema\\\/person\\\/afcc24f776dc91fc2bf9afb0998fca77\",\"name\":\"Administrador Web\",\"image\":{\"@type\":\"ImageObject\",\"inLanguage\":\"es\",\"@id\":\"https:\\\/\\\/secure.gravatar.com\\\/avatar\\\/bc157e994689bd6da9645c00aa3bc4d55b727915b6652642660db0aef086585f?s=96&d=mm&r=g\",\"url\":\"https:\\\/\\\/secure.gravatar.com\\\/avatar\\\/bc157e994689bd6da9645c00aa3bc4d55b727915b6652642660db0aef086585f?s=96&d=mm&r=g\",\"contentUrl\":\"https:\\\/\\\/secure.gravatar.com\\\/avatar\\\/bc157e994689bd6da9645c00aa3bc4d55b727915b6652642660db0aef086585f?s=96&d=mm&r=g\",\"caption\":\"Administrador Web\"}}]}<\/script>\n<!-- \/ Yoast SEO plugin. -->","yoast_head_json":{"title":"Convocatoria de elecciones de padres y madres al Consejo Escolar - Colegio Salesiano Alcal\u00e1","description":"Las votaciones se realizar\u00e1n en el centro educativo el d\u00eda 22 de noviembre desde las 13,40 horas a las 20,00 horas.","robots":{"index":"index","follow":"follow","max-snippet":"max-snippet:-1","max-image-preview":"max-image-preview:large","max-video-preview":"max-video-preview:-1"},"canonical":"https:\/\/alcala.salesianos.edu\/colegio\/blog\/2022\/11\/15\/convocatoria\/","og_locale":"es_ES","og_type":"article","og_title":"Convocatoria de elecciones de padres y madres al Consejo Escolar - Colegio Salesiano Alcal\u00e1","og_description":"Las votaciones se realizar\u00e1n en el centro educativo el d\u00eda 22 de noviembre desde las 13,40 horas a las 20,00 horas.","og_url":"https:\/\/alcala.salesianos.edu\/colegio\/blog\/2022\/11\/15\/convocatoria\/","og_site_name":"Colegio Salesiano Alcal\u00e1","article_published_time":"2022-11-15T18:29:13+00:00","article_modified_time":"2025-08-27T07:47:48+00:00","og_image":[{"url":"https:\/\/alcala.salesianos.edu\/colegio\/wp-content\/uploads\/sites\/2\/2022\/09\/ALCALAobraVN2.jpg","width":1,"height":1,"type":"image\/jpeg"}],"author":"Administrador Web","twitter_card":"summary_large_image","twitter_misc":{"Escrito por":"Administrador Web"},"schema":{"@context":"https:\/\/schema.org","@graph":[{"@type":"Article","@id":"https:\/\/alcala.salesianos.edu\/colegio\/blog\/2022\/11\/15\/convocatoria\/#article","isPartOf":{"@id":"https:\/\/alcala.salesianos.edu\/colegio\/blog\/2022\/11\/15\/convocatoria\/"},"author":{"name":"Administrador Web","@id":"https:\/\/alcala.salesianos.edu\/colegio\/#\/schema\/person\/afcc24f776dc91fc2bf9afb0998fca77"},"headline":"Convocatoria de elecciones de padres y madres al Consejo Escolar","datePublished":"2022-11-15T18:29:13+00:00","dateModified":"2025-08-27T07:47:48+00:00","mainEntityOfPage":{"@id":"https:\/\/alcala.salesianos.edu\/colegio\/blog\/2022\/11\/15\/convocatoria\/"},"wordCount":552,"image":{"@id":"https:\/\/alcala.salesianos.edu\/colegio\/blog\/2022\/11\/15\/convocatoria\/#primaryimage"},"thumbnailUrl":"https:\/\/alcala.salesianos.edu\/colegio\/wp-content\/uploads\/sites\/2\/2022\/09\/ALCALAobraVN2.jpg","articleSection":["Colegio","covid","FASA","Infantil","Pastoral","Portada","Primaria","Secundaria","Uncategorized"],"inLanguage":"es"},{"@type":"WebPage","@id":"https:\/\/alcala.salesianos.edu\/colegio\/blog\/2022\/11\/15\/convocatoria\/","url":"https:\/\/alcala.salesianos.edu\/colegio\/blog\/2022\/11\/15\/convocatoria\/","name":"Convocatoria de elecciones de padres y madres al Consejo Escolar - Colegio Salesiano Alcal\u00e1","isPartOf":{"@id":"https:\/\/alcala.salesianos.edu\/colegio\/#website"},"primaryImageOfPage":{"@id":"https:\/\/alcala.salesianos.edu\/colegio\/blog\/2022\/11\/15\/convocatoria\/#primaryimage"},"image":{"@id":"https:\/\/alcala.salesianos.edu\/colegio\/blog\/2022\/11\/15\/convocatoria\/#primaryimage"},"thumbnailUrl":"https:\/\/alcala.salesianos.edu\/colegio\/wp-content\/uploads\/sites\/2\/2022\/09\/ALCALAobraVN2.jpg","datePublished":"2022-11-15T18:29:13+00:00","dateModified":"2025-08-27T07:47:48+00:00","author":{"@id":"https:\/\/alcala.salesianos.edu\/colegio\/#\/schema\/person\/afcc24f776dc91fc2bf9afb0998fca77"},"description":"Las votaciones se realizar\u00e1n en el centro educativo el d\u00eda 22 de noviembre desde las 13,40 horas a las 20,00 horas.","breadcrumb":{"@id":"https:\/\/alcala.salesianos.edu\/colegio\/blog\/2022\/11\/15\/convocatoria\/#breadcrumb"},"inLanguage":"es","potentialAction":[{"@type":"ReadAction","target":["https:\/\/alcala.salesianos.edu\/colegio\/blog\/2022\/11\/15\/convocatoria\/"]}]},{"@type":"ImageObject","inLanguage":"es","@id":"https:\/\/alcala.salesianos.edu\/colegio\/blog\/2022\/11\/15\/convocatoria\/#primaryimage","url":"https:\/\/alcala.salesianos.edu\/colegio\/wp-content\/uploads\/sites\/2\/2022\/09\/ALCALAobraVN2.jpg","contentUrl":"https:\/\/alcala.salesianos.edu\/colegio\/wp-content\/uploads\/sites\/2\/2022\/09\/ALCALAobraVN2.jpg"},{"@type":"BreadcrumbList","@id":"https:\/\/alcala.salesianos.edu\/colegio\/blog\/2022\/11\/15\/convocatoria\/#breadcrumb","itemListElement":[{"@type":"ListItem","position":1,"name":"Portada","item":"https:\/\/alcala.salesianos.edu\/colegio\/"},{"@type":"ListItem","position":2,"name":"Convocatoria de elecciones de padres y madres al Consejo Escolar"}]},{"@type":"WebSite","@id":"https:\/\/alcala.salesianos.edu\/colegio\/#website","url":"https:\/\/alcala.salesianos.edu\/colegio\/","name":"Colegio Salesiano Alcal\u00e1","description":"P\u00e1gina oficial de Salesianos Alcal\u00e1 de Guadaira","potentialAction":[{"@type":"SearchAction","target":{"@type":"EntryPoint","urlTemplate":"https:\/\/alcala.salesianos.edu\/colegio\/?s={search_term_string}"},"query-input":{"@type":"PropertyValueSpecification","valueRequired":true,"valueName":"search_term_string"}}],"inLanguage":"es"},{"@type":"Person","@id":"https:\/\/alcala.salesianos.edu\/colegio\/#\/schema\/person\/afcc24f776dc91fc2bf9afb0998fca77","name":"Administrador Web","image":{"@type":"ImageObject","inLanguage":"es","@id":"https:\/\/secure.gravatar.com\/avatar\/bc157e994689bd6da9645c00aa3bc4d55b727915b6652642660db0aef086585f?s=96&d=mm&r=g","url":"https:\/\/secure.gravatar.com\/avatar\/bc157e994689bd6da9645c00aa3bc4d55b727915b6652642660db0aef086585f?s=96&d=mm&r=g","contentUrl":"https:\/\/secure.gravatar.com\/avatar\/bc157e994689bd6da9645c00aa3bc4d55b727915b6652642660db0aef086585f?s=96&d=mm&r=g","caption":"Administrador Web"}}]}},"_links":{"self":[{"href":"https:\/\/alcala.salesianos.edu\/colegio\/wp-json\/wp\/v2\/posts\/14909","targetHints":{"allow":["GET"]}}],"collection":[{"href":"https:\/\/alcala.salesianos.edu\/colegio\/wp-json\/wp\/v2\/posts"}],"about":[{"href":"https:\/\/alcala.salesianos.edu\/colegio\/wp-json\/wp\/v2\/types\/post"}],"author":[{"embeddable":true,"href":"https:\/\/alcala.salesianos.edu\/colegio\/wp-json\/wp\/v2\/users\/2"}],"replies":[{"embeddable":true,"href":"https:\/\/alcala.salesianos.edu\/colegio\/wp-json\/wp\/v2\/comments?post=14909"}],"version-history":[{"count":1,"href":"https:\/\/alcala.salesianos.edu\/colegio\/wp-json\/wp\/v2\/posts\/14909\/revisions"}],"predecessor-version":[{"id":16632,"href":"https:\/\/alcala.salesianos.edu\/colegio\/wp-json\/wp\/v2\/posts\/14909\/revisions\/16632"}],"wp:featuredmedia":[{"embeddable":true,"href":"https:\/\/alcala.salesianos.edu\/colegio\/wp-json\/wp\/v2\/media\/14880"}],"wp:attachment":[{"href":"https:\/\/alcala.salesianos.edu\/colegio\/wp-json\/wp\/v2\/media?parent=14909"}],"wp:term":[{"taxonomy":"category","embeddable":true,"href":"https:\/\/alcala.salesianos.edu\/colegio\/wp-json\/wp\/v2\/categories?post=14909"},{"taxonomy":"post_tag","embeddable":true,"href":"https:\/\/alcala.salesianos.edu\/colegio\/wp-json\/wp\/v2\/tags?post=14909"}],"curies":[{"name":"wp","href":"https:\/\/api.w.org\/{rel}","templated":true}]}}