{"id":14906,"date":"2022-11-10T09:42:22","date_gmt":"2022-11-10T08:42:22","guid":{"rendered":"https:\/\/alcala.salesianos.edu\/colegio\/blog\/2022\/11\/10\/anuncio-real-2\/"},"modified":"2025-08-27T08:47:49","modified_gmt":"2025-08-27T07:47:49","slug":"anuncio-real-2","status":"publish","type":"post","link":"https:\/\/alcala.salesianos.edu\/colegio\/blog\/2022\/11\/10\/anuncio-real-2\/","title":{"rendered":"Celebrando el anuncio real"},"content":{"rendered":"<div id=\"fb-root\"><\/div>\n<p>[et_pb_section fb_built=\u00bb1&#8243; admin_label=\u00bbsection\u00bb _builder_version=\u00bb4.16&#8243; global_colors_info=\u00bb{}\u00bb][et_pb_row admin_label=\u00bbrow\u00bb _builder_version=\u00bb4.16&#8243; background_size=\u00bbinitial\u00bb background_position=\u00bbtop_left\u00bb background_repeat=\u00bbrepeat\u00bb global_colors_info=\u00bb{}\u00bb][et_pb_column type=\u00bb4_4&#8243; _builder_version=\u00bb4.16&#8243; custom_padding=\u00bb|||\u00bb global_colors_info=\u00bb{}\u00bb custom_padding__hover=\u00bb|||\u00bb][et_pb_text _builder_version=\u00bb4.19.0&#8243; _module_preset=\u00bbdefault\u00bb hover_enabled=\u00bb0&#8243; sticky_enabled=\u00bb0&#8243;]<\/p>\n<div>\n<div>\n<p>Antiguos alumnos de la Casa representar\u00e1n esta navidad a la Estrella de la Ilusi\u00f3n y al Gran Visir en la cabalgata el d\u00eda 5 de enero.<\/p>\n<p>Como cada a\u00f1o, la Cabalgata de Reyes Magos de nuestro pueblo, en los primeros d\u00edas de noviembre designa a los representantes de SSMM los Reyes Magos, Estrella de la Ilusi\u00f3n y Gran Visir.<\/p>\n<p>El honor y ser salesiano se convierten de nuevo en protagonistas de la navidad cabalgatera con la presencia de Mar\u00eda Portillo P\u00e9rez, Estrella de la Ilusi\u00f3n, y de Luis Fern\u00e1ndez S\u00e1nchez, quien encarnar\u00e1 al Gran Visir en la m\u00e1gica noche del d\u00eda 5 de enero.<\/p>\n<p>Celebramos este anuncio real con la misma ilusi\u00f3n que mostraban Mar\u00eda y Luis en cada momento y lugar de nuestros patios, ambos de mirada limpia y coraz\u00f3n puro, siempre alegres por bandera, como buenos salesianos, honrados ciudadanos y ejemplares cristianos.<\/p>\n<p>Luis, de 18 a\u00f1os, es estudiante de Ingenier\u00eda en la Escuela Superior de Ingenieros de Sevilla. Sus principales aficiones son el p\u00e1del y la nataci\u00f3n. Y, adem\u00e1s, es miembro del grupo joven de la Cabalgata, del cual destaca por su formalidad y su buen sentido del humor.<\/p>\n<p>Por otro lado, Mar\u00eda, con 21 a\u00f1os, es estudiante de 4\u00ba curso del Grado de Fisioterapia en el Centro Universitario San Isidoro de Sevilla, perteneciente a la Universidad Pablo de Olavide. Toda una campeona en el deporte, concretamente en el p\u00e1del, Mar\u00eda es jugadora semi-profesional de p\u00e1del compitiendo en los circuitos profesionales internacionales World Padel Tour, APT Padel Tour y FIP Padel.<\/p>\n<p>J\u00f3venes comprometidos en la sociedad y dispuestos a entregar sus vidas para el servicio y ayuda a los dem\u00e1s, valores de los que Don Bosco est\u00e1 orgulloso y nosotros, la casa salesiana de Alcal\u00e1 de Guada\u00edra tambi\u00e9n, por lo que transmitimos nuestra enhorabuena a las familias y esperamos poder disfrutar muchos momentos en comuni\u00f3n fraterna de Dios y los j\u00f3venes.<\/p>\n<\/div>\n<\/div>\n<p>[\/et_pb_text][\/et_pb_column][\/et_pb_row][\/et_pb_section]<\/p>\n","protected":false},"excerpt":{"rendered":"<p>Luis y Mar\u00eda, antiguos alumnos de la Casa, representar\u00e1n esta navidad a la Estrella de la Ilusi\u00f3n y al Gran Visir en la cabalgata el d\u00eda 5 de enero.<\/p>\n","protected":false},"author":2,"featured_media":0,"comment_status":"closed","ping_status":"open","sticky":false,"template":"","format":"standard","meta":{"_et_pb_use_builder":"on","_et_pb_old_content":"","_et_gb_content_width":"","footnotes":""},"categories":[12,23,13,14,15,1],"tags":[],"class_list":["post-14906","post","type-post","status-publish","format-standard","hentry","category-colegio","category-covid","category-fasa","category-pastoral","category-portada","category-uncategorized"],"yoast_head":"<!-- This site is optimized with the Yoast SEO plugin v28.3 - https:\/\/yoast.com\/product\/yoast-seo-wordpress\/ -->\n<title>Celebrando el anuncio real - Colegio Salesiano Alcal\u00e1<\/title>\n<meta name=\"description\" content=\"Antiguos alumnos de la casa representar\u00e1n esta navidad a la Estrella de la Ilusi\u00f3n y al Gran Visir en la cabalgata el d\u00eda 5 de enero.\" \/>\n<meta name=\"robots\" content=\"index, follow, max-snippet:-1, max-image-preview:large, max-video-preview:-1\" \/>\n<link rel=\"canonical\" href=\"https:\/\/alcala.salesianos.edu\/colegio\/blog\/2022\/11\/10\/anuncio-real-2\/\" \/>\n<meta property=\"og:locale\" content=\"es_ES\" \/>\n<meta property=\"og:type\" content=\"article\" \/>\n<meta property=\"og:title\" content=\"Celebrando el anuncio real - Colegio Salesiano Alcal\u00e1\" \/>\n<meta property=\"og:description\" content=\"Antiguos alumnos de la casa representar\u00e1n esta navidad a la Estrella de la Ilusi\u00f3n y al Gran Visir en la cabalgata el d\u00eda 5 de enero.\" \/>\n<meta property=\"og:url\" content=\"https:\/\/alcala.salesianos.edu\/colegio\/blog\/2022\/11\/10\/anuncio-real-2\/\" \/>\n<meta property=\"og:site_name\" content=\"Colegio Salesiano Alcal\u00e1\" \/>\n<meta property=\"article:published_time\" content=\"2022-11-10T08:42:22+00:00\" \/>\n<meta property=\"article:modified_time\" content=\"2025-08-27T07:47:49+00:00\" \/>\n<meta name=\"author\" content=\"Administrador Web\" \/>\n<meta name=\"twitter:card\" content=\"summary_large_image\" \/>\n<meta name=\"twitter:label1\" content=\"Escrito por\" \/>\n\t<meta name=\"twitter:data1\" content=\"Administrador Web\" \/>\n\t<meta name=\"twitter:label2\" content=\"Tiempo de lectura\" \/>\n\t<meta name=\"twitter:data2\" content=\"2 minutos\" \/>\n<script type=\"application\/ld+json\" class=\"yoast-schema-graph\">{\"@context\":\"https:\\\/\\\/schema.org\",\"@graph\":[{\"@type\":\"Article\",\"@id\":\"https:\\\/\\\/alcala.salesianos.edu\\\/colegio\\\/blog\\\/2022\\\/11\\\/10\\\/anuncio-real-2\\\/#article\",\"isPartOf\":{\"@id\":\"https:\\\/\\\/alcala.salesianos.edu\\\/colegio\\\/blog\\\/2022\\\/11\\\/10\\\/anuncio-real-2\\\/\"},\"author\":{\"name\":\"Administrador Web\",\"@id\":\"https:\\\/\\\/alcala.salesianos.edu\\\/colegio\\\/#\\\/schema\\\/person\\\/afcc24f776dc91fc2bf9afb0998fca77\"},\"headline\":\"Celebrando el anuncio real\",\"datePublished\":\"2022-11-10T08:42:22+00:00\",\"dateModified\":\"2025-08-27T07:47:49+00:00\",\"mainEntityOfPage\":{\"@id\":\"https:\\\/\\\/alcala.salesianos.edu\\\/colegio\\\/blog\\\/2022\\\/11\\\/10\\\/anuncio-real-2\\\/\"},\"wordCount\":416,\"articleSection\":[\"Colegio\",\"covid\",\"FASA\",\"Pastoral\",\"Portada\",\"Uncategorized\"],\"inLanguage\":\"es\"},{\"@type\":\"WebPage\",\"@id\":\"https:\\\/\\\/alcala.salesianos.edu\\\/colegio\\\/blog\\\/2022\\\/11\\\/10\\\/anuncio-real-2\\\/\",\"url\":\"https:\\\/\\\/alcala.salesianos.edu\\\/colegio\\\/blog\\\/2022\\\/11\\\/10\\\/anuncio-real-2\\\/\",\"name\":\"Celebrando el anuncio real - Colegio Salesiano Alcal\u00e1\",\"isPartOf\":{\"@id\":\"https:\\\/\\\/alcala.salesianos.edu\\\/colegio\\\/#website\"},\"datePublished\":\"2022-11-10T08:42:22+00:00\",\"dateModified\":\"2025-08-27T07:47:49+00:00\",\"author\":{\"@id\":\"https:\\\/\\\/alcala.salesianos.edu\\\/colegio\\\/#\\\/schema\\\/person\\\/afcc24f776dc91fc2bf9afb0998fca77\"},\"description\":\"Antiguos alumnos de la casa representar\u00e1n esta navidad a la Estrella de la Ilusi\u00f3n y al Gran Visir en la cabalgata el d\u00eda 5 de enero.\",\"breadcrumb\":{\"@id\":\"https:\\\/\\\/alcala.salesianos.edu\\\/colegio\\\/blog\\\/2022\\\/11\\\/10\\\/anuncio-real-2\\\/#breadcrumb\"},\"inLanguage\":\"es\",\"potentialAction\":[{\"@type\":\"ReadAction\",\"target\":[\"https:\\\/\\\/alcala.salesianos.edu\\\/colegio\\\/blog\\\/2022\\\/11\\\/10\\\/anuncio-real-2\\\/\"]}]},{\"@type\":\"BreadcrumbList\",\"@id\":\"https:\\\/\\\/alcala.salesianos.edu\\\/colegio\\\/blog\\\/2022\\\/11\\\/10\\\/anuncio-real-2\\\/#breadcrumb\",\"itemListElement\":[{\"@type\":\"ListItem\",\"position\":1,\"name\":\"Portada\",\"item\":\"https:\\\/\\\/alcala.salesianos.edu\\\/colegio\\\/\"},{\"@type\":\"ListItem\",\"position\":2,\"name\":\"Celebrando el anuncio real\"}]},{\"@type\":\"WebSite\",\"@id\":\"https:\\\/\\\/alcala.salesianos.edu\\\/colegio\\\/#website\",\"url\":\"https:\\\/\\\/alcala.salesianos.edu\\\/colegio\\\/\",\"name\":\"Colegio Salesiano Alcal\u00e1\",\"description\":\"P\u00e1gina oficial de Salesianos Alcal\u00e1 de Guadaira\",\"potentialAction\":[{\"@type\":\"SearchAction\",\"target\":{\"@type\":\"EntryPoint\",\"urlTemplate\":\"https:\\\/\\\/alcala.salesianos.edu\\\/colegio\\\/?s={search_term_string}\"},\"query-input\":{\"@type\":\"PropertyValueSpecification\",\"valueRequired\":true,\"valueName\":\"search_term_string\"}}],\"inLanguage\":\"es\"},{\"@type\":\"Person\",\"@id\":\"https:\\\/\\\/alcala.salesianos.edu\\\/colegio\\\/#\\\/schema\\\/person\\\/afcc24f776dc91fc2bf9afb0998fca77\",\"name\":\"Administrador Web\",\"image\":{\"@type\":\"ImageObject\",\"inLanguage\":\"es\",\"@id\":\"https:\\\/\\\/secure.gravatar.com\\\/avatar\\\/bc157e994689bd6da9645c00aa3bc4d55b727915b6652642660db0aef086585f?s=96&d=mm&r=g\",\"url\":\"https:\\\/\\\/secure.gravatar.com\\\/avatar\\\/bc157e994689bd6da9645c00aa3bc4d55b727915b6652642660db0aef086585f?s=96&d=mm&r=g\",\"contentUrl\":\"https:\\\/\\\/secure.gravatar.com\\\/avatar\\\/bc157e994689bd6da9645c00aa3bc4d55b727915b6652642660db0aef086585f?s=96&d=mm&r=g\",\"caption\":\"Administrador Web\"}}]}<\/script>\n<!-- \/ Yoast SEO plugin. -->","yoast_head_json":{"title":"Celebrando el anuncio real - Colegio Salesiano Alcal\u00e1","description":"Antiguos alumnos de la casa representar\u00e1n esta navidad a la Estrella de la Ilusi\u00f3n y al Gran Visir en la cabalgata el d\u00eda 5 de enero.","robots":{"index":"index","follow":"follow","max-snippet":"max-snippet:-1","max-image-preview":"max-image-preview:large","max-video-preview":"max-video-preview:-1"},"canonical":"https:\/\/alcala.salesianos.edu\/colegio\/blog\/2022\/11\/10\/anuncio-real-2\/","og_locale":"es_ES","og_type":"article","og_title":"Celebrando el anuncio real - Colegio Salesiano Alcal\u00e1","og_description":"Antiguos alumnos de la casa representar\u00e1n esta navidad a la Estrella de la Ilusi\u00f3n y al Gran Visir en la cabalgata el d\u00eda 5 de enero.","og_url":"https:\/\/alcala.salesianos.edu\/colegio\/blog\/2022\/11\/10\/anuncio-real-2\/","og_site_name":"Colegio Salesiano Alcal\u00e1","article_published_time":"2022-11-10T08:42:22+00:00","article_modified_time":"2025-08-27T07:47:49+00:00","author":"Administrador Web","twitter_card":"summary_large_image","twitter_misc":{"Escrito por":"Administrador Web","Tiempo de lectura":"2 minutos"},"schema":{"@context":"https:\/\/schema.org","@graph":[{"@type":"Article","@id":"https:\/\/alcala.salesianos.edu\/colegio\/blog\/2022\/11\/10\/anuncio-real-2\/#article","isPartOf":{"@id":"https:\/\/alcala.salesianos.edu\/colegio\/blog\/2022\/11\/10\/anuncio-real-2\/"},"author":{"name":"Administrador Web","@id":"https:\/\/alcala.salesianos.edu\/colegio\/#\/schema\/person\/afcc24f776dc91fc2bf9afb0998fca77"},"headline":"Celebrando el anuncio real","datePublished":"2022-11-10T08:42:22+00:00","dateModified":"2025-08-27T07:47:49+00:00","mainEntityOfPage":{"@id":"https:\/\/alcala.salesianos.edu\/colegio\/blog\/2022\/11\/10\/anuncio-real-2\/"},"wordCount":416,"articleSection":["Colegio","covid","FASA","Pastoral","Portada","Uncategorized"],"inLanguage":"es"},{"@type":"WebPage","@id":"https:\/\/alcala.salesianos.edu\/colegio\/blog\/2022\/11\/10\/anuncio-real-2\/","url":"https:\/\/alcala.salesianos.edu\/colegio\/blog\/2022\/11\/10\/anuncio-real-2\/","name":"Celebrando el anuncio real - Colegio Salesiano Alcal\u00e1","isPartOf":{"@id":"https:\/\/alcala.salesianos.edu\/colegio\/#website"},"datePublished":"2022-11-10T08:42:22+00:00","dateModified":"2025-08-27T07:47:49+00:00","author":{"@id":"https:\/\/alcala.salesianos.edu\/colegio\/#\/schema\/person\/afcc24f776dc91fc2bf9afb0998fca77"},"description":"Antiguos alumnos de la casa representar\u00e1n esta navidad a la Estrella de la Ilusi\u00f3n y al Gran Visir en la cabalgata el d\u00eda 5 de enero.","breadcrumb":{"@id":"https:\/\/alcala.salesianos.edu\/colegio\/blog\/2022\/11\/10\/anuncio-real-2\/#breadcrumb"},"inLanguage":"es","potentialAction":[{"@type":"ReadAction","target":["https:\/\/alcala.salesianos.edu\/colegio\/blog\/2022\/11\/10\/anuncio-real-2\/"]}]},{"@type":"BreadcrumbList","@id":"https:\/\/alcala.salesianos.edu\/colegio\/blog\/2022\/11\/10\/anuncio-real-2\/#breadcrumb","itemListElement":[{"@type":"ListItem","position":1,"name":"Portada","item":"https:\/\/alcala.salesianos.edu\/colegio\/"},{"@type":"ListItem","position":2,"name":"Celebrando el anuncio real"}]},{"@type":"WebSite","@id":"https:\/\/alcala.salesianos.edu\/colegio\/#website","url":"https:\/\/alcala.salesianos.edu\/colegio\/","name":"Colegio Salesiano Alcal\u00e1","description":"P\u00e1gina oficial de Salesianos Alcal\u00e1 de Guadaira","potentialAction":[{"@type":"SearchAction","target":{"@type":"EntryPoint","urlTemplate":"https:\/\/alcala.salesianos.edu\/colegio\/?s={search_term_string}"},"query-input":{"@type":"PropertyValueSpecification","valueRequired":true,"valueName":"search_term_string"}}],"inLanguage":"es"},{"@type":"Person","@id":"https:\/\/alcala.salesianos.edu\/colegio\/#\/schema\/person\/afcc24f776dc91fc2bf9afb0998fca77","name":"Administrador Web","image":{"@type":"ImageObject","inLanguage":"es","@id":"https:\/\/secure.gravatar.com\/avatar\/bc157e994689bd6da9645c00aa3bc4d55b727915b6652642660db0aef086585f?s=96&d=mm&r=g","url":"https:\/\/secure.gravatar.com\/avatar\/bc157e994689bd6da9645c00aa3bc4d55b727915b6652642660db0aef086585f?s=96&d=mm&r=g","contentUrl":"https:\/\/secure.gravatar.com\/avatar\/bc157e994689bd6da9645c00aa3bc4d55b727915b6652642660db0aef086585f?s=96&d=mm&r=g","caption":"Administrador Web"}}]}},"_links":{"self":[{"href":"https:\/\/alcala.salesianos.edu\/colegio\/wp-json\/wp\/v2\/posts\/14906","targetHints":{"allow":["GET"]}}],"collection":[{"href":"https:\/\/alcala.salesianos.edu\/colegio\/wp-json\/wp\/v2\/posts"}],"about":[{"href":"https:\/\/alcala.salesianos.edu\/colegio\/wp-json\/wp\/v2\/types\/post"}],"author":[{"embeddable":true,"href":"https:\/\/alcala.salesianos.edu\/colegio\/wp-json\/wp\/v2\/users\/2"}],"replies":[{"embeddable":true,"href":"https:\/\/alcala.salesianos.edu\/colegio\/wp-json\/wp\/v2\/comments?post=14906"}],"version-history":[{"count":1,"href":"https:\/\/alcala.salesianos.edu\/colegio\/wp-json\/wp\/v2\/posts\/14906\/revisions"}],"predecessor-version":[{"id":16633,"href":"https:\/\/alcala.salesianos.edu\/colegio\/wp-json\/wp\/v2\/posts\/14906\/revisions\/16633"}],"wp:attachment":[{"href":"https:\/\/alcala.salesianos.edu\/colegio\/wp-json\/wp\/v2\/media?parent=14906"}],"wp:term":[{"taxonomy":"category","embeddable":true,"href":"https:\/\/alcala.salesianos.edu\/colegio\/wp-json\/wp\/v2\/categories?post=14906"},{"taxonomy":"post_tag","embeddable":true,"href":"https:\/\/alcala.salesianos.edu\/colegio\/wp-json\/wp\/v2\/tags?post=14906"}],"curies":[{"name":"wp","href":"https:\/\/api.w.org\/{rel}","templated":true}]}}