{"id":14891,"date":"2022-10-19T08:32:59","date_gmt":"2022-10-19T07:32:59","guid":{"rendered":"https:\/\/alcala.salesianos.edu\/colegio\/blog\/2022\/10\/19\/viii-gala-de-idiomas-2\/"},"modified":"2025-08-27T08:47:53","modified_gmt":"2025-08-27T07:47:53","slug":"viii-gala-de-idiomas-2","status":"publish","type":"post","link":"https:\/\/alcala.salesianos.edu\/colegio\/blog\/2022\/10\/19\/viii-gala-de-idiomas-2\/","title":{"rendered":"VIII Gala de Idiomas"},"content":{"rendered":"<div id=\"fb-root\"><\/div>\n<p>[et_pb_section fb_built=\u00bb1&#8243; admin_label=\u00bbsection\u00bb _builder_version=\u00bb4.16&#8243; global_colors_info=\u00bb{}\u00bb][et_pb_row admin_label=\u00bbrow\u00bb _builder_version=\u00bb4.16&#8243; background_size=\u00bbinitial\u00bb background_position=\u00bbtop_left\u00bb background_repeat=\u00bbrepeat\u00bb global_colors_info=\u00bb{}\u00bb][et_pb_column type=\u00bb4_4&#8243; _builder_version=\u00bb4.16&#8243; custom_padding=\u00bb|||\u00bb global_colors_info=\u00bb{}\u00bb custom_padding__hover=\u00bb|||\u00bb][et_pb_text _builder_version=\u00bb4.18.0&#8243; _module_preset=\u00bbdefault\u00bb hover_enabled=\u00bb0&#8243; sticky_enabled=\u00bb0&#8243;]<\/p>\n<p>Ayer tuvimos la oportunidad de poder revivir un maravilloso momento que a\u00f1o tras a\u00f1o disfrut\u00e1bamos previo a la pandemia con mucha ilusi\u00f3n; la VIII Gala de Entrega de Certificados de Idiomas. Todo el centro educativo pudimos vivir como m\u00e1s de 100 alumnos recog\u00edan sus certificados de idiomas tanto de ingl\u00e9s como de franc\u00e9s, entregados por nuestro director titular, Don Jos\u00e9 Antonio \u00c1lvarez Paulino, el director de centro Don Mateo Barrera Mac\u00edas, la coordinadora de biling\u00fc\u00edsmo del centro D\u00f1a. Virginia Martag\u00f3n Salguero y la presidenta del AMPA D\u00f1a. Mamen Ollero G\u00f3mez.<\/p>\n<p>Nuestro centro sigue avanzando en la mejora progresiva del nivel competencial en idiomas de nuestro alumnado de manera exitosa.<\/p>\n<p>Todos estos resultados, contin\u00faan animando y apoyando a nuestro alumnado a continuar apostando por su formaci\u00f3n, viviendo en el esp\u00edritu de esfuerzo que Don Bosco nos ense\u00f1\u00f3 y valorando positivamente la Salesianidad y la labor internacional que en cada una de las Casas se realiza d\u00eda tras d\u00eda.<\/p>\n<p>[\/et_pb_text][et_pb_image _builder_version=\u00bb4.18.0&#8243; _module_preset=\u00bbdefault\u00bb title_text=\u00bbIMG_8920&#8243; src=\u00bbhttps:\/\/alcala.salesianos.edu\/wp-content\/uploads\/2022\/10\/IMG_8920-scaled.jpg\u00bb hover_enabled=\u00bb0&#8243; sticky_enabled=\u00bb0&#8243;][\/et_pb_image][\/et_pb_column][\/et_pb_row][\/et_pb_section]<\/p>\n","protected":false},"excerpt":{"rendered":"<p>Revivimos un maravilloso momento que a\u00f1o tras a\u00f1o disfrut\u00e1bamos previo a la pandemia con mucha ilusi\u00f3n; la VIII Gala de Entrega de Certificados de Idiomas.<\/p>\n","protected":false},"author":2,"featured_media":0,"comment_status":"closed","ping_status":"open","sticky":false,"template":"","format":"standard","meta":{"_et_pb_use_builder":"on","_et_pb_old_content":"","_et_gb_content_width":"","footnotes":""},"categories":[12,23,19,13,17,15,18,16,1],"tags":[],"class_list":["post-14891","post","type-post","status-publish","format-standard","hentry","category-colegio","category-covid","category-escuela-abierta","category-fasa","category-infantil","category-portada","category-primaria","category-secundaria","category-uncategorized"],"yoast_head":"<!-- This site is optimized with the Yoast SEO plugin v28.4 - https:\/\/yoast.com\/product\/yoast-seo-wordpress\/ -->\n<title>VIII Gala de Idiomas - Colegio Salesiano Alcal\u00e1<\/title>\n<meta name=\"description\" content=\"Vivimos la VIII Gala de Idiomas en el que nuestros alumnos recibieron sus certificados oficiales de ingl\u00e9s y franc\u00e9s.\" \/>\n<meta name=\"robots\" content=\"index, follow, max-snippet:-1, max-image-preview:large, max-video-preview:-1\" \/>\n<link rel=\"canonical\" href=\"https:\/\/alcala.salesianos.edu\/colegio\/blog\/2022\/10\/19\/viii-gala-de-idiomas-2\/\" \/>\n<meta property=\"og:locale\" content=\"es_ES\" \/>\n<meta property=\"og:type\" content=\"article\" \/>\n<meta property=\"og:title\" content=\"VIII Gala de Idiomas - Colegio Salesiano Alcal\u00e1\" \/>\n<meta property=\"og:description\" content=\"Vivimos la VIII Gala de Idiomas en el que nuestros alumnos recibieron sus certificados oficiales de ingl\u00e9s y franc\u00e9s.\" \/>\n<meta property=\"og:url\" content=\"https:\/\/alcala.salesianos.edu\/colegio\/blog\/2022\/10\/19\/viii-gala-de-idiomas-2\/\" \/>\n<meta property=\"og:site_name\" content=\"Colegio Salesiano Alcal\u00e1\" \/>\n<meta property=\"article:published_time\" content=\"2022-10-19T07:32:59+00:00\" \/>\n<meta property=\"article:modified_time\" content=\"2025-08-27T07:47:53+00:00\" \/>\n<meta name=\"author\" content=\"Administrador Web\" \/>\n<meta name=\"twitter:card\" content=\"summary_large_image\" \/>\n<meta name=\"twitter:label1\" content=\"Escrito por\" \/>\n\t<meta name=\"twitter:data1\" content=\"Administrador Web\" \/>\n\t<meta name=\"twitter:label2\" content=\"Tiempo de lectura\" \/>\n\t<meta name=\"twitter:data2\" content=\"1 minuto\" \/>\n<script type=\"application\/ld+json\" class=\"yoast-schema-graph\">{\"@context\":\"https:\\\/\\\/schema.org\",\"@graph\":[{\"@type\":\"Article\",\"@id\":\"https:\\\/\\\/alcala.salesianos.edu\\\/colegio\\\/blog\\\/2022\\\/10\\\/19\\\/viii-gala-de-idiomas-2\\\/#article\",\"isPartOf\":{\"@id\":\"https:\\\/\\\/alcala.salesianos.edu\\\/colegio\\\/blog\\\/2022\\\/10\\\/19\\\/viii-gala-de-idiomas-2\\\/\"},\"author\":{\"name\":\"Administrador Web\",\"@id\":\"https:\\\/\\\/alcala.salesianos.edu\\\/colegio\\\/#\\\/schema\\\/person\\\/afcc24f776dc91fc2bf9afb0998fca77\"},\"headline\":\"VIII Gala de Idiomas\",\"datePublished\":\"2022-10-19T07:32:59+00:00\",\"dateModified\":\"2025-08-27T07:47:53+00:00\",\"mainEntityOfPage\":{\"@id\":\"https:\\\/\\\/alcala.salesianos.edu\\\/colegio\\\/blog\\\/2022\\\/10\\\/19\\\/viii-gala-de-idiomas-2\\\/\"},\"wordCount\":279,\"articleSection\":[\"Colegio\",\"covid\",\"Escuela abierta\",\"FASA\",\"Infantil\",\"Portada\",\"Primaria\",\"Secundaria\",\"Uncategorized\"],\"inLanguage\":\"es\"},{\"@type\":\"WebPage\",\"@id\":\"https:\\\/\\\/alcala.salesianos.edu\\\/colegio\\\/blog\\\/2022\\\/10\\\/19\\\/viii-gala-de-idiomas-2\\\/\",\"url\":\"https:\\\/\\\/alcala.salesianos.edu\\\/colegio\\\/blog\\\/2022\\\/10\\\/19\\\/viii-gala-de-idiomas-2\\\/\",\"name\":\"VIII Gala de Idiomas - Colegio Salesiano Alcal\u00e1\",\"isPartOf\":{\"@id\":\"https:\\\/\\\/alcala.salesianos.edu\\\/colegio\\\/#website\"},\"datePublished\":\"2022-10-19T07:32:59+00:00\",\"dateModified\":\"2025-08-27T07:47:53+00:00\",\"author\":{\"@id\":\"https:\\\/\\\/alcala.salesianos.edu\\\/colegio\\\/#\\\/schema\\\/person\\\/afcc24f776dc91fc2bf9afb0998fca77\"},\"description\":\"Vivimos la VIII Gala de Idiomas en el que nuestros alumnos recibieron sus certificados oficiales de ingl\u00e9s y franc\u00e9s.\",\"breadcrumb\":{\"@id\":\"https:\\\/\\\/alcala.salesianos.edu\\\/colegio\\\/blog\\\/2022\\\/10\\\/19\\\/viii-gala-de-idiomas-2\\\/#breadcrumb\"},\"inLanguage\":\"es\",\"potentialAction\":[{\"@type\":\"ReadAction\",\"target\":[\"https:\\\/\\\/alcala.salesianos.edu\\\/colegio\\\/blog\\\/2022\\\/10\\\/19\\\/viii-gala-de-idiomas-2\\\/\"]}]},{\"@type\":\"BreadcrumbList\",\"@id\":\"https:\\\/\\\/alcala.salesianos.edu\\\/colegio\\\/blog\\\/2022\\\/10\\\/19\\\/viii-gala-de-idiomas-2\\\/#breadcrumb\",\"itemListElement\":[{\"@type\":\"ListItem\",\"position\":1,\"name\":\"Portada\",\"item\":\"https:\\\/\\\/alcala.salesianos.edu\\\/colegio\\\/\"},{\"@type\":\"ListItem\",\"position\":2,\"name\":\"VIII Gala de Idiomas\"}]},{\"@type\":\"WebSite\",\"@id\":\"https:\\\/\\\/alcala.salesianos.edu\\\/colegio\\\/#website\",\"url\":\"https:\\\/\\\/alcala.salesianos.edu\\\/colegio\\\/\",\"name\":\"Colegio Salesiano Alcal\u00e1\",\"description\":\"P\u00e1gina oficial de Salesianos Alcal\u00e1 de Guadaira\",\"potentialAction\":[{\"@type\":\"SearchAction\",\"target\":{\"@type\":\"EntryPoint\",\"urlTemplate\":\"https:\\\/\\\/alcala.salesianos.edu\\\/colegio\\\/?s={search_term_string}\"},\"query-input\":{\"@type\":\"PropertyValueSpecification\",\"valueRequired\":true,\"valueName\":\"search_term_string\"}}],\"inLanguage\":\"es\"},{\"@type\":\"Person\",\"@id\":\"https:\\\/\\\/alcala.salesianos.edu\\\/colegio\\\/#\\\/schema\\\/person\\\/afcc24f776dc91fc2bf9afb0998fca77\",\"name\":\"Administrador Web\",\"image\":{\"@type\":\"ImageObject\",\"inLanguage\":\"es\",\"@id\":\"https:\\\/\\\/secure.gravatar.com\\\/avatar\\\/bc157e994689bd6da9645c00aa3bc4d55b727915b6652642660db0aef086585f?s=96&d=mm&r=g\",\"url\":\"https:\\\/\\\/secure.gravatar.com\\\/avatar\\\/bc157e994689bd6da9645c00aa3bc4d55b727915b6652642660db0aef086585f?s=96&d=mm&r=g\",\"contentUrl\":\"https:\\\/\\\/secure.gravatar.com\\\/avatar\\\/bc157e994689bd6da9645c00aa3bc4d55b727915b6652642660db0aef086585f?s=96&d=mm&r=g\",\"caption\":\"Administrador Web\"}}]}<\/script>\n<!-- \/ Yoast SEO plugin. -->","yoast_head_json":{"title":"VIII Gala de Idiomas - Colegio Salesiano Alcal\u00e1","description":"Vivimos la VIII Gala de Idiomas en el que nuestros alumnos recibieron sus certificados oficiales de ingl\u00e9s y franc\u00e9s.","robots":{"index":"index","follow":"follow","max-snippet":"max-snippet:-1","max-image-preview":"max-image-preview:large","max-video-preview":"max-video-preview:-1"},"canonical":"https:\/\/alcala.salesianos.edu\/colegio\/blog\/2022\/10\/19\/viii-gala-de-idiomas-2\/","og_locale":"es_ES","og_type":"article","og_title":"VIII Gala de Idiomas - Colegio Salesiano Alcal\u00e1","og_description":"Vivimos la VIII Gala de Idiomas en el que nuestros alumnos recibieron sus certificados oficiales de ingl\u00e9s y franc\u00e9s.","og_url":"https:\/\/alcala.salesianos.edu\/colegio\/blog\/2022\/10\/19\/viii-gala-de-idiomas-2\/","og_site_name":"Colegio Salesiano Alcal\u00e1","article_published_time":"2022-10-19T07:32:59+00:00","article_modified_time":"2025-08-27T07:47:53+00:00","author":"Administrador Web","twitter_card":"summary_large_image","twitter_misc":{"Escrito por":"Administrador Web","Tiempo de lectura":"1 minuto"},"schema":{"@context":"https:\/\/schema.org","@graph":[{"@type":"Article","@id":"https:\/\/alcala.salesianos.edu\/colegio\/blog\/2022\/10\/19\/viii-gala-de-idiomas-2\/#article","isPartOf":{"@id":"https:\/\/alcala.salesianos.edu\/colegio\/blog\/2022\/10\/19\/viii-gala-de-idiomas-2\/"},"author":{"name":"Administrador Web","@id":"https:\/\/alcala.salesianos.edu\/colegio\/#\/schema\/person\/afcc24f776dc91fc2bf9afb0998fca77"},"headline":"VIII Gala de Idiomas","datePublished":"2022-10-19T07:32:59+00:00","dateModified":"2025-08-27T07:47:53+00:00","mainEntityOfPage":{"@id":"https:\/\/alcala.salesianos.edu\/colegio\/blog\/2022\/10\/19\/viii-gala-de-idiomas-2\/"},"wordCount":279,"articleSection":["Colegio","covid","Escuela abierta","FASA","Infantil","Portada","Primaria","Secundaria","Uncategorized"],"inLanguage":"es"},{"@type":"WebPage","@id":"https:\/\/alcala.salesianos.edu\/colegio\/blog\/2022\/10\/19\/viii-gala-de-idiomas-2\/","url":"https:\/\/alcala.salesianos.edu\/colegio\/blog\/2022\/10\/19\/viii-gala-de-idiomas-2\/","name":"VIII Gala de Idiomas - Colegio Salesiano Alcal\u00e1","isPartOf":{"@id":"https:\/\/alcala.salesianos.edu\/colegio\/#website"},"datePublished":"2022-10-19T07:32:59+00:00","dateModified":"2025-08-27T07:47:53+00:00","author":{"@id":"https:\/\/alcala.salesianos.edu\/colegio\/#\/schema\/person\/afcc24f776dc91fc2bf9afb0998fca77"},"description":"Vivimos la VIII Gala de Idiomas en el que nuestros alumnos recibieron sus certificados oficiales de ingl\u00e9s y franc\u00e9s.","breadcrumb":{"@id":"https:\/\/alcala.salesianos.edu\/colegio\/blog\/2022\/10\/19\/viii-gala-de-idiomas-2\/#breadcrumb"},"inLanguage":"es","potentialAction":[{"@type":"ReadAction","target":["https:\/\/alcala.salesianos.edu\/colegio\/blog\/2022\/10\/19\/viii-gala-de-idiomas-2\/"]}]},{"@type":"BreadcrumbList","@id":"https:\/\/alcala.salesianos.edu\/colegio\/blog\/2022\/10\/19\/viii-gala-de-idiomas-2\/#breadcrumb","itemListElement":[{"@type":"ListItem","position":1,"name":"Portada","item":"https:\/\/alcala.salesianos.edu\/colegio\/"},{"@type":"ListItem","position":2,"name":"VIII Gala de Idiomas"}]},{"@type":"WebSite","@id":"https:\/\/alcala.salesianos.edu\/colegio\/#website","url":"https:\/\/alcala.salesianos.edu\/colegio\/","name":"Colegio Salesiano Alcal\u00e1","description":"P\u00e1gina oficial de Salesianos Alcal\u00e1 de Guadaira","potentialAction":[{"@type":"SearchAction","target":{"@type":"EntryPoint","urlTemplate":"https:\/\/alcala.salesianos.edu\/colegio\/?s={search_term_string}"},"query-input":{"@type":"PropertyValueSpecification","valueRequired":true,"valueName":"search_term_string"}}],"inLanguage":"es"},{"@type":"Person","@id":"https:\/\/alcala.salesianos.edu\/colegio\/#\/schema\/person\/afcc24f776dc91fc2bf9afb0998fca77","name":"Administrador Web","image":{"@type":"ImageObject","inLanguage":"es","@id":"https:\/\/secure.gravatar.com\/avatar\/bc157e994689bd6da9645c00aa3bc4d55b727915b6652642660db0aef086585f?s=96&d=mm&r=g","url":"https:\/\/secure.gravatar.com\/avatar\/bc157e994689bd6da9645c00aa3bc4d55b727915b6652642660db0aef086585f?s=96&d=mm&r=g","contentUrl":"https:\/\/secure.gravatar.com\/avatar\/bc157e994689bd6da9645c00aa3bc4d55b727915b6652642660db0aef086585f?s=96&d=mm&r=g","caption":"Administrador Web"}}]}},"_links":{"self":[{"href":"https:\/\/alcala.salesianos.edu\/colegio\/wp-json\/wp\/v2\/posts\/14891","targetHints":{"allow":["GET"]}}],"collection":[{"href":"https:\/\/alcala.salesianos.edu\/colegio\/wp-json\/wp\/v2\/posts"}],"about":[{"href":"https:\/\/alcala.salesianos.edu\/colegio\/wp-json\/wp\/v2\/types\/post"}],"author":[{"embeddable":true,"href":"https:\/\/alcala.salesianos.edu\/colegio\/wp-json\/wp\/v2\/users\/2"}],"replies":[{"embeddable":true,"href":"https:\/\/alcala.salesianos.edu\/colegio\/wp-json\/wp\/v2\/comments?post=14891"}],"version-history":[{"count":1,"href":"https:\/\/alcala.salesianos.edu\/colegio\/wp-json\/wp\/v2\/posts\/14891\/revisions"}],"predecessor-version":[{"id":16636,"href":"https:\/\/alcala.salesianos.edu\/colegio\/wp-json\/wp\/v2\/posts\/14891\/revisions\/16636"}],"wp:attachment":[{"href":"https:\/\/alcala.salesianos.edu\/colegio\/wp-json\/wp\/v2\/media?parent=14891"}],"wp:term":[{"taxonomy":"category","embeddable":true,"href":"https:\/\/alcala.salesianos.edu\/colegio\/wp-json\/wp\/v2\/categories?post=14891"},{"taxonomy":"post_tag","embeddable":true,"href":"https:\/\/alcala.salesianos.edu\/colegio\/wp-json\/wp\/v2\/tags?post=14891"}],"curies":[{"name":"wp","href":"https:\/\/api.w.org\/{rel}","templated":true}]}}