{"id":14883,"date":"2022-10-11T16:05:23","date_gmt":"2022-10-11T15:05:23","guid":{"rendered":"https:\/\/alcala.salesianos.edu\/colegio\/blog\/2022\/10\/11\/renovacion-del-consejo-escolar\/"},"modified":"2025-08-27T08:47:55","modified_gmt":"2025-08-27T07:47:55","slug":"renovacion-del-consejo-escolar","status":"publish","type":"post","link":"https:\/\/alcala.salesianos.edu\/colegio\/blog\/2022\/10\/11\/renovacion-del-consejo-escolar\/","title":{"rendered":"Renovaci\u00f3n del Consejo Escolar"},"content":{"rendered":"<div id=\"fb-root\"><\/div>\n<p>[et_pb_section fb_built=\u00bb1&#8243; admin_label=\u00bbsection\u00bb _builder_version=\u00bb4.16&#8243; global_colors_info=\u00bb{}\u00bb][et_pb_row admin_label=\u00bbrow\u00bb _builder_version=\u00bb4.16&#8243; background_size=\u00bbinitial\u00bb background_position=\u00bbtop_left\u00bb background_repeat=\u00bbrepeat\u00bb global_colors_info=\u00bb{}\u00bb][et_pb_column type=\u00bb4_4&#8243; _builder_version=\u00bb4.16&#8243; custom_padding=\u00bb|||\u00bb global_colors_info=\u00bb{}\u00bb custom_padding__hover=\u00bb|||\u00bb][et_pb_text _builder_version=\u00bb4.18.0&#8243; _module_preset=\u00bbdefault\u00bb hover_enabled=\u00bb0&#8243; sticky_enabled=\u00bb0&#8243;]<\/p>\n<div class=\"v-label v-widget v-has-width\">\n<p>Estimadas familias.<\/p>\n<p>Este curso hemos de renovar el Consejo Escolar. En el d\u00eda de ayer, 10 de octubre, se reuni\u00f3n la Junta Electoral para elaborar los censos y organizar las elecciones. Los censos estar\u00e1n disponibles para su consulta en Secretar\u00eda. A continuaci\u00f3n, les informo de las fechas establecidas para las elecciones:<\/p>\n<ul>\n<li><b>30 de septiembre<\/b>: Sorteo de miembros de la Junta Electoral.<\/li>\n<li><b>7 a 14 de octubre (ambos inclusive)<\/b>: Constituci\u00f3n de la Junta Electoral.<\/li>\n<li>\n<ul>\n<li>Publicaci\u00f3n de los censos: 11-18 de octubre, ambos inclusive.<\/li>\n<li>Reclamaciones: 11-18 de octubre, ambos inclusive.<\/li>\n<\/ul>\n<\/li>\n<li><b>20 de octubre a 3 de noviembre (ambos inclusive)<\/b>: Admisi\u00f3n de candidaturas. Las candidaturas se presentar\u00e1n en el centro docente correspondiente coincidiendo con el horario escolar, dirigiendo un escrito a la persona titular de la Direcci\u00f3n del mismo.<\/li>\n<li><b>4 de noviembre<\/b>: Publicaci\u00f3n por la Junta Electoral de la lista provisional de candidatos y candidatas.<\/li>\n<li><b>9 de noviembre<\/b>: Publicaci\u00f3n de la lista definitiva de candidaturas.<\/li>\n<li><b>Sorteo Mesas Electorales: <\/b>11 de noviembre a las 8:30.<\/li>\n<li><b>10 a 18 de noviembre (ambos inclusive)<\/b>: Campa\u00f1a electoral.<\/li>\n<li><b>Antes del 15 de noviembre<\/b>: Confecci\u00f3n de las papeletas de voto.<\/li>\n<li><b>22 de noviembre<\/b>: Elecciones del sector padres, madres y personas que ejerzan la tutela del alumnado.<\/li>\n<\/ul>\n<p>&nbsp;<\/p>\n<p>Atentamente:<\/p>\n<p>&nbsp;<\/p>\n<p>Mateo Barrera Mac\u00edas.<br \/>Director de Centro.<\/p>\n<\/div>\n<p>[\/et_pb_text][\/et_pb_column][\/et_pb_row][\/et_pb_section]<\/p>\n","protected":false},"excerpt":{"rendered":"<p>Este curso hemos de renovar el Consejo Escolar. En el d\u00eda de ayer, 10 de octubre, se reuni\u00f3n la Junta Electoral para elaborar los censos y organizar las elecciones.<\/p>\n","protected":false},"author":2,"featured_media":14880,"comment_status":"closed","ping_status":"open","sticky":false,"template":"","format":"standard","meta":{"_et_pb_use_builder":"on","_et_pb_old_content":"","_et_gb_content_width":"","footnotes":""},"categories":[12,23,13,17,15,18,16,1],"tags":[],"class_list":["post-14883","post","type-post","status-publish","format-standard","has-post-thumbnail","hentry","category-colegio","category-covid","category-fasa","category-infantil","category-portada","category-primaria","category-secundaria","category-uncategorized"],"yoast_head":"<!-- This site is optimized with the Yoast SEO plugin v28.4 - https:\/\/yoast.com\/product\/yoast-seo-wordpress\/ -->\n<title>Renovaci\u00f3n del Consejo Escolar - Colegio Salesiano Alcal\u00e1<\/title>\n<meta name=\"description\" content=\"Este curso hemos de renovar el Consejo Escolar. En el d\u00eda de ayer, 10 de octubre, se reuni\u00f3n la Junta Electoral.\" \/>\n<meta name=\"robots\" content=\"index, follow, max-snippet:-1, max-image-preview:large, max-video-preview:-1\" \/>\n<link rel=\"canonical\" href=\"https:\/\/alcala.salesianos.edu\/colegio\/blog\/2022\/10\/11\/renovacion-del-consejo-escolar\/\" \/>\n<meta property=\"og:locale\" content=\"es_ES\" \/>\n<meta property=\"og:type\" content=\"article\" \/>\n<meta property=\"og:title\" content=\"Renovaci\u00f3n del Consejo Escolar - Colegio Salesiano Alcal\u00e1\" \/>\n<meta property=\"og:description\" content=\"Este curso hemos de renovar el Consejo Escolar. En el d\u00eda de ayer, 10 de octubre, se reuni\u00f3n la Junta Electoral.\" \/>\n<meta property=\"og:url\" content=\"https:\/\/alcala.salesianos.edu\/colegio\/blog\/2022\/10\/11\/renovacion-del-consejo-escolar\/\" \/>\n<meta property=\"og:site_name\" content=\"Colegio Salesiano Alcal\u00e1\" \/>\n<meta property=\"article:published_time\" content=\"2022-10-11T15:05:23+00:00\" \/>\n<meta property=\"article:modified_time\" content=\"2025-08-27T07:47:55+00:00\" \/>\n<meta property=\"og:image\" content=\"https:\/\/alcala.salesianos.edu\/colegio\/wp-content\/uploads\/sites\/2\/2022\/09\/ALCALAobraVN2.jpg\" \/>\n\t<meta property=\"og:image:width\" content=\"1\" \/>\n\t<meta property=\"og:image:height\" content=\"1\" \/>\n\t<meta property=\"og:image:type\" content=\"image\/jpeg\" \/>\n<meta name=\"author\" content=\"Administrador Web\" \/>\n<meta name=\"twitter:card\" content=\"summary_large_image\" \/>\n<meta name=\"twitter:label1\" content=\"Escrito por\" \/>\n\t<meta name=\"twitter:data1\" content=\"Administrador Web\" \/>\n<script type=\"application\/ld+json\" class=\"yoast-schema-graph\">{\"@context\":\"https:\\\/\\\/schema.org\",\"@graph\":[{\"@type\":\"Article\",\"@id\":\"https:\\\/\\\/alcala.salesianos.edu\\\/colegio\\\/blog\\\/2022\\\/10\\\/11\\\/renovacion-del-consejo-escolar\\\/#article\",\"isPartOf\":{\"@id\":\"https:\\\/\\\/alcala.salesianos.edu\\\/colegio\\\/blog\\\/2022\\\/10\\\/11\\\/renovacion-del-consejo-escolar\\\/\"},\"author\":{\"name\":\"Administrador Web\",\"@id\":\"https:\\\/\\\/alcala.salesianos.edu\\\/colegio\\\/#\\\/schema\\\/person\\\/afcc24f776dc91fc2bf9afb0998fca77\"},\"headline\":\"Renovaci\u00f3n del Consejo Escolar\",\"datePublished\":\"2022-10-11T15:05:23+00:00\",\"dateModified\":\"2025-08-27T07:47:55+00:00\",\"mainEntityOfPage\":{\"@id\":\"https:\\\/\\\/alcala.salesianos.edu\\\/colegio\\\/blog\\\/2022\\\/10\\\/11\\\/renovacion-del-consejo-escolar\\\/\"},\"wordCount\":284,\"image\":{\"@id\":\"https:\\\/\\\/alcala.salesianos.edu\\\/colegio\\\/blog\\\/2022\\\/10\\\/11\\\/renovacion-del-consejo-escolar\\\/#primaryimage\"},\"thumbnailUrl\":\"https:\\\/\\\/alcala.salesianos.edu\\\/colegio\\\/wp-content\\\/uploads\\\/sites\\\/2\\\/2022\\\/09\\\/ALCALAobraVN2.jpg\",\"articleSection\":[\"Colegio\",\"covid\",\"FASA\",\"Infantil\",\"Portada\",\"Primaria\",\"Secundaria\",\"Uncategorized\"],\"inLanguage\":\"es\"},{\"@type\":\"WebPage\",\"@id\":\"https:\\\/\\\/alcala.salesianos.edu\\\/colegio\\\/blog\\\/2022\\\/10\\\/11\\\/renovacion-del-consejo-escolar\\\/\",\"url\":\"https:\\\/\\\/alcala.salesianos.edu\\\/colegio\\\/blog\\\/2022\\\/10\\\/11\\\/renovacion-del-consejo-escolar\\\/\",\"name\":\"Renovaci\u00f3n del Consejo Escolar - Colegio Salesiano Alcal\u00e1\",\"isPartOf\":{\"@id\":\"https:\\\/\\\/alcala.salesianos.edu\\\/colegio\\\/#website\"},\"primaryImageOfPage\":{\"@id\":\"https:\\\/\\\/alcala.salesianos.edu\\\/colegio\\\/blog\\\/2022\\\/10\\\/11\\\/renovacion-del-consejo-escolar\\\/#primaryimage\"},\"image\":{\"@id\":\"https:\\\/\\\/alcala.salesianos.edu\\\/colegio\\\/blog\\\/2022\\\/10\\\/11\\\/renovacion-del-consejo-escolar\\\/#primaryimage\"},\"thumbnailUrl\":\"https:\\\/\\\/alcala.salesianos.edu\\\/colegio\\\/wp-content\\\/uploads\\\/sites\\\/2\\\/2022\\\/09\\\/ALCALAobraVN2.jpg\",\"datePublished\":\"2022-10-11T15:05:23+00:00\",\"dateModified\":\"2025-08-27T07:47:55+00:00\",\"author\":{\"@id\":\"https:\\\/\\\/alcala.salesianos.edu\\\/colegio\\\/#\\\/schema\\\/person\\\/afcc24f776dc91fc2bf9afb0998fca77\"},\"description\":\"Este curso hemos de renovar el Consejo Escolar. En el d\u00eda de ayer, 10 de octubre, se reuni\u00f3n la Junta Electoral.\",\"breadcrumb\":{\"@id\":\"https:\\\/\\\/alcala.salesianos.edu\\\/colegio\\\/blog\\\/2022\\\/10\\\/11\\\/renovacion-del-consejo-escolar\\\/#breadcrumb\"},\"inLanguage\":\"es\",\"potentialAction\":[{\"@type\":\"ReadAction\",\"target\":[\"https:\\\/\\\/alcala.salesianos.edu\\\/colegio\\\/blog\\\/2022\\\/10\\\/11\\\/renovacion-del-consejo-escolar\\\/\"]}]},{\"@type\":\"ImageObject\",\"inLanguage\":\"es\",\"@id\":\"https:\\\/\\\/alcala.salesianos.edu\\\/colegio\\\/blog\\\/2022\\\/10\\\/11\\\/renovacion-del-consejo-escolar\\\/#primaryimage\",\"url\":\"https:\\\/\\\/alcala.salesianos.edu\\\/colegio\\\/wp-content\\\/uploads\\\/sites\\\/2\\\/2022\\\/09\\\/ALCALAobraVN2.jpg\",\"contentUrl\":\"https:\\\/\\\/alcala.salesianos.edu\\\/colegio\\\/wp-content\\\/uploads\\\/sites\\\/2\\\/2022\\\/09\\\/ALCALAobraVN2.jpg\"},{\"@type\":\"BreadcrumbList\",\"@id\":\"https:\\\/\\\/alcala.salesianos.edu\\\/colegio\\\/blog\\\/2022\\\/10\\\/11\\\/renovacion-del-consejo-escolar\\\/#breadcrumb\",\"itemListElement\":[{\"@type\":\"ListItem\",\"position\":1,\"name\":\"Portada\",\"item\":\"https:\\\/\\\/alcala.salesianos.edu\\\/colegio\\\/\"},{\"@type\":\"ListItem\",\"position\":2,\"name\":\"Renovaci\u00f3n del Consejo Escolar\"}]},{\"@type\":\"WebSite\",\"@id\":\"https:\\\/\\\/alcala.salesianos.edu\\\/colegio\\\/#website\",\"url\":\"https:\\\/\\\/alcala.salesianos.edu\\\/colegio\\\/\",\"name\":\"Colegio Salesiano Alcal\u00e1\",\"description\":\"P\u00e1gina oficial de Salesianos Alcal\u00e1 de Guadaira\",\"potentialAction\":[{\"@type\":\"SearchAction\",\"target\":{\"@type\":\"EntryPoint\",\"urlTemplate\":\"https:\\\/\\\/alcala.salesianos.edu\\\/colegio\\\/?s={search_term_string}\"},\"query-input\":{\"@type\":\"PropertyValueSpecification\",\"valueRequired\":true,\"valueName\":\"search_term_string\"}}],\"inLanguage\":\"es\"},{\"@type\":\"Person\",\"@id\":\"https:\\\/\\\/alcala.salesianos.edu\\\/colegio\\\/#\\\/schema\\\/person\\\/afcc24f776dc91fc2bf9afb0998fca77\",\"name\":\"Administrador Web\",\"image\":{\"@type\":\"ImageObject\",\"inLanguage\":\"es\",\"@id\":\"https:\\\/\\\/secure.gravatar.com\\\/avatar\\\/bc157e994689bd6da9645c00aa3bc4d55b727915b6652642660db0aef086585f?s=96&d=mm&r=g\",\"url\":\"https:\\\/\\\/secure.gravatar.com\\\/avatar\\\/bc157e994689bd6da9645c00aa3bc4d55b727915b6652642660db0aef086585f?s=96&d=mm&r=g\",\"contentUrl\":\"https:\\\/\\\/secure.gravatar.com\\\/avatar\\\/bc157e994689bd6da9645c00aa3bc4d55b727915b6652642660db0aef086585f?s=96&d=mm&r=g\",\"caption\":\"Administrador Web\"}}]}<\/script>\n<!-- \/ Yoast SEO plugin. -->","yoast_head_json":{"title":"Renovaci\u00f3n del Consejo Escolar - Colegio Salesiano Alcal\u00e1","description":"Este curso hemos de renovar el Consejo Escolar. En el d\u00eda de ayer, 10 de octubre, se reuni\u00f3n la Junta Electoral.","robots":{"index":"index","follow":"follow","max-snippet":"max-snippet:-1","max-image-preview":"max-image-preview:large","max-video-preview":"max-video-preview:-1"},"canonical":"https:\/\/alcala.salesianos.edu\/colegio\/blog\/2022\/10\/11\/renovacion-del-consejo-escolar\/","og_locale":"es_ES","og_type":"article","og_title":"Renovaci\u00f3n del Consejo Escolar - Colegio Salesiano Alcal\u00e1","og_description":"Este curso hemos de renovar el Consejo Escolar. En el d\u00eda de ayer, 10 de octubre, se reuni\u00f3n la Junta Electoral.","og_url":"https:\/\/alcala.salesianos.edu\/colegio\/blog\/2022\/10\/11\/renovacion-del-consejo-escolar\/","og_site_name":"Colegio Salesiano Alcal\u00e1","article_published_time":"2022-10-11T15:05:23+00:00","article_modified_time":"2025-08-27T07:47:55+00:00","og_image":[{"url":"https:\/\/alcala.salesianos.edu\/colegio\/wp-content\/uploads\/sites\/2\/2022\/09\/ALCALAobraVN2.jpg","width":1,"height":1,"type":"image\/jpeg"}],"author":"Administrador Web","twitter_card":"summary_large_image","twitter_misc":{"Escrito por":"Administrador Web"},"schema":{"@context":"https:\/\/schema.org","@graph":[{"@type":"Article","@id":"https:\/\/alcala.salesianos.edu\/colegio\/blog\/2022\/10\/11\/renovacion-del-consejo-escolar\/#article","isPartOf":{"@id":"https:\/\/alcala.salesianos.edu\/colegio\/blog\/2022\/10\/11\/renovacion-del-consejo-escolar\/"},"author":{"name":"Administrador Web","@id":"https:\/\/alcala.salesianos.edu\/colegio\/#\/schema\/person\/afcc24f776dc91fc2bf9afb0998fca77"},"headline":"Renovaci\u00f3n del Consejo Escolar","datePublished":"2022-10-11T15:05:23+00:00","dateModified":"2025-08-27T07:47:55+00:00","mainEntityOfPage":{"@id":"https:\/\/alcala.salesianos.edu\/colegio\/blog\/2022\/10\/11\/renovacion-del-consejo-escolar\/"},"wordCount":284,"image":{"@id":"https:\/\/alcala.salesianos.edu\/colegio\/blog\/2022\/10\/11\/renovacion-del-consejo-escolar\/#primaryimage"},"thumbnailUrl":"https:\/\/alcala.salesianos.edu\/colegio\/wp-content\/uploads\/sites\/2\/2022\/09\/ALCALAobraVN2.jpg","articleSection":["Colegio","covid","FASA","Infantil","Portada","Primaria","Secundaria","Uncategorized"],"inLanguage":"es"},{"@type":"WebPage","@id":"https:\/\/alcala.salesianos.edu\/colegio\/blog\/2022\/10\/11\/renovacion-del-consejo-escolar\/","url":"https:\/\/alcala.salesianos.edu\/colegio\/blog\/2022\/10\/11\/renovacion-del-consejo-escolar\/","name":"Renovaci\u00f3n del Consejo Escolar - Colegio Salesiano Alcal\u00e1","isPartOf":{"@id":"https:\/\/alcala.salesianos.edu\/colegio\/#website"},"primaryImageOfPage":{"@id":"https:\/\/alcala.salesianos.edu\/colegio\/blog\/2022\/10\/11\/renovacion-del-consejo-escolar\/#primaryimage"},"image":{"@id":"https:\/\/alcala.salesianos.edu\/colegio\/blog\/2022\/10\/11\/renovacion-del-consejo-escolar\/#primaryimage"},"thumbnailUrl":"https:\/\/alcala.salesianos.edu\/colegio\/wp-content\/uploads\/sites\/2\/2022\/09\/ALCALAobraVN2.jpg","datePublished":"2022-10-11T15:05:23+00:00","dateModified":"2025-08-27T07:47:55+00:00","author":{"@id":"https:\/\/alcala.salesianos.edu\/colegio\/#\/schema\/person\/afcc24f776dc91fc2bf9afb0998fca77"},"description":"Este curso hemos de renovar el Consejo Escolar. En el d\u00eda de ayer, 10 de octubre, se reuni\u00f3n la Junta Electoral.","breadcrumb":{"@id":"https:\/\/alcala.salesianos.edu\/colegio\/blog\/2022\/10\/11\/renovacion-del-consejo-escolar\/#breadcrumb"},"inLanguage":"es","potentialAction":[{"@type":"ReadAction","target":["https:\/\/alcala.salesianos.edu\/colegio\/blog\/2022\/10\/11\/renovacion-del-consejo-escolar\/"]}]},{"@type":"ImageObject","inLanguage":"es","@id":"https:\/\/alcala.salesianos.edu\/colegio\/blog\/2022\/10\/11\/renovacion-del-consejo-escolar\/#primaryimage","url":"https:\/\/alcala.salesianos.edu\/colegio\/wp-content\/uploads\/sites\/2\/2022\/09\/ALCALAobraVN2.jpg","contentUrl":"https:\/\/alcala.salesianos.edu\/colegio\/wp-content\/uploads\/sites\/2\/2022\/09\/ALCALAobraVN2.jpg"},{"@type":"BreadcrumbList","@id":"https:\/\/alcala.salesianos.edu\/colegio\/blog\/2022\/10\/11\/renovacion-del-consejo-escolar\/#breadcrumb","itemListElement":[{"@type":"ListItem","position":1,"name":"Portada","item":"https:\/\/alcala.salesianos.edu\/colegio\/"},{"@type":"ListItem","position":2,"name":"Renovaci\u00f3n del Consejo Escolar"}]},{"@type":"WebSite","@id":"https:\/\/alcala.salesianos.edu\/colegio\/#website","url":"https:\/\/alcala.salesianos.edu\/colegio\/","name":"Colegio Salesiano Alcal\u00e1","description":"P\u00e1gina oficial de Salesianos Alcal\u00e1 de Guadaira","potentialAction":[{"@type":"SearchAction","target":{"@type":"EntryPoint","urlTemplate":"https:\/\/alcala.salesianos.edu\/colegio\/?s={search_term_string}"},"query-input":{"@type":"PropertyValueSpecification","valueRequired":true,"valueName":"search_term_string"}}],"inLanguage":"es"},{"@type":"Person","@id":"https:\/\/alcala.salesianos.edu\/colegio\/#\/schema\/person\/afcc24f776dc91fc2bf9afb0998fca77","name":"Administrador Web","image":{"@type":"ImageObject","inLanguage":"es","@id":"https:\/\/secure.gravatar.com\/avatar\/bc157e994689bd6da9645c00aa3bc4d55b727915b6652642660db0aef086585f?s=96&d=mm&r=g","url":"https:\/\/secure.gravatar.com\/avatar\/bc157e994689bd6da9645c00aa3bc4d55b727915b6652642660db0aef086585f?s=96&d=mm&r=g","contentUrl":"https:\/\/secure.gravatar.com\/avatar\/bc157e994689bd6da9645c00aa3bc4d55b727915b6652642660db0aef086585f?s=96&d=mm&r=g","caption":"Administrador Web"}}]}},"_links":{"self":[{"href":"https:\/\/alcala.salesianos.edu\/colegio\/wp-json\/wp\/v2\/posts\/14883","targetHints":{"allow":["GET"]}}],"collection":[{"href":"https:\/\/alcala.salesianos.edu\/colegio\/wp-json\/wp\/v2\/posts"}],"about":[{"href":"https:\/\/alcala.salesianos.edu\/colegio\/wp-json\/wp\/v2\/types\/post"}],"author":[{"embeddable":true,"href":"https:\/\/alcala.salesianos.edu\/colegio\/wp-json\/wp\/v2\/users\/2"}],"replies":[{"embeddable":true,"href":"https:\/\/alcala.salesianos.edu\/colegio\/wp-json\/wp\/v2\/comments?post=14883"}],"version-history":[{"count":1,"href":"https:\/\/alcala.salesianos.edu\/colegio\/wp-json\/wp\/v2\/posts\/14883\/revisions"}],"predecessor-version":[{"id":16638,"href":"https:\/\/alcala.salesianos.edu\/colegio\/wp-json\/wp\/v2\/posts\/14883\/revisions\/16638"}],"wp:featuredmedia":[{"embeddable":true,"href":"https:\/\/alcala.salesianos.edu\/colegio\/wp-json\/wp\/v2\/media\/14880"}],"wp:attachment":[{"href":"https:\/\/alcala.salesianos.edu\/colegio\/wp-json\/wp\/v2\/media?parent=14883"}],"wp:term":[{"taxonomy":"category","embeddable":true,"href":"https:\/\/alcala.salesianos.edu\/colegio\/wp-json\/wp\/v2\/categories?post=14883"},{"taxonomy":"post_tag","embeddable":true,"href":"https:\/\/alcala.salesianos.edu\/colegio\/wp-json\/wp\/v2\/tags?post=14883"}],"curies":[{"name":"wp","href":"https:\/\/api.w.org\/{rel}","templated":true}]}}