{"id":14863,"date":"2022-09-26T11:57:03","date_gmt":"2022-09-26T10:57:03","guid":{"rendered":"https:\/\/alcala.salesianos.edu\/colegio\/blog\/2022\/09\/26\/leccion-inaugural-del-curso\/"},"modified":"2025-08-27T08:47:58","modified_gmt":"2025-08-27T07:47:58","slug":"leccion-inaugural-del-curso","status":"publish","type":"post","link":"https:\/\/alcala.salesianos.edu\/colegio\/blog\/2022\/09\/26\/leccion-inaugural-del-curso\/","title":{"rendered":"Lecci\u00f3n Inaugural del Curso"},"content":{"rendered":"<div id=\"fb-root\"><\/div>\n\n[et_pb_section fb_built=\u00bb1&#8243; admin_label=\u00bbsection\u00bb _builder_version=\u00bb4.16&#8243; global_colors_info=\u00bb{}\u00bb theme_builder_area=\u00bbpost_content\u00bb][et_pb_row admin_label=\u00bbrow\u00bb _builder_version=\u00bb4.16&#8243; background_size=\u00bbinitial\u00bb background_position=\u00bbtop_left\u00bb background_repeat=\u00bbrepeat\u00bb global_colors_info=\u00bb{}\u00bb theme_builder_area=\u00bbpost_content\u00bb][et_pb_column type=\u00bb4_4&#8243; _builder_version=\u00bb4.16&#8243; custom_padding=\u00bb|||\u00bb global_colors_info=\u00bb{}\u00bb custom_padding__hover=\u00bb|||\u00bb theme_builder_area=\u00bbpost_content\u00bb][et_pb_text _builder_version=\u00bb4.18.0&#8243; _module_preset=\u00bbdefault\u00bb global_colors_info=\u00bb{}\u00bb theme_builder_area=\u00bbpost_content\u00bb]<div class=\"et_pb_column et_pb_column_4_4 et_pb_column_0  et_pb_css_mix_blend_mode_passthrough et-last-child\">\n<div class=\"et_pb_module et_pb_text et_pb_text_0  et_pb_text_align_left et_pb_bg_layout_light\">\n<div class=\"et_pb_text_inner\">\n<p>Como viene siendo tradicional, la Asociaci\u00f3n de Antiguos Alumnos de nuestra Casa organiza la Lecci\u00f3n Inaugural del presente curso. Dicha disertaci\u00f3n fue realizada por D. Miguel Rivera L\u00f3pez, m\u00fasico y antiguo alumno de la Casa dirigido al alumnado de Educaci\u00f3n Secundaria.<\/p>\n<p>D. Antonio Garc\u00eda Calder\u00f3n utiliz\u00f3 las siguientes palabras para presentar al ponente explicando toda su trayectoria de vida y profesional:<\/p>\n<p>\u00abMiguel Rivera nace en 1974. El amor por la m\u00fasica que se respira en su entorno familiar hace que, desde muy peque\u00f1o, sienta un magnetismo especial hacia los instrumentos. Desde los trece a\u00f1os empieza a montar grupos: Crisis, Summer67, Long Spiral Dreamin&#8217;, Supertube y Maga, el proyecto que lo consolid\u00f3 como m\u00fasico profesional.<\/p>\n<p>Con 30 a\u00f1os de carrera y 20 al frente de Maga, Miguel Rivera es uno de los m\u00fasicos m\u00e1s reconocidos de la escena independiente nacional. Maga debut\u00f3 en 2002 con su \u00abdisco blanco\u00bb, y con seis m\u00e1s a sus espaldas ha conformado uno de los cancioneros m\u00e1s especiales del pop en espa\u00f1ol, por su profundidad l\u00edrica y musical. Su \u00faltimo trabajo largo hasta la fecha, \u00abSalto Horizontal\u00bb, fue publicado en 2017. Acaban de publicar un nuevo single, &#8216;Desde otro lugar&#8217;, el 27 de mayo de 2020.<\/p>\n<p>Miguel Rivera tambi\u00e9n desarrolla una carrera en la composici\u00f3n de m\u00fasica para cine: \u00abEl Factor Pilgrim\u00bb, \u00abEl Traje\u00bb, \u00abAstronautas\u00bb, \u00ab\u00bfQui\u00e9n mat\u00f3 a Bambi?\u00bb, \u00abYo, mi mujer, y mi mujer muerta\u00bb, y los estrenos de 2022 \u201cComo Dios manda\u201d y \u201c30 d\u00edas para ganar\u201d.<\/p>\n<p>Ha colaborado tanto en estudio como en directo con otros artistas de renombre, tales como Australian Blonde, Xoel L\u00f3pez, Ni\u00f1os Mutantes, The New Raemon, Germ\u00e1n Coppini o Zahara. Con esta \u00faltima compuso la canci\u00f3n \u00abBig Bang\u00bb, incluida en su disco \u00abAstronauta\u00bb. Miguel Rivera es autor del libro de poemas y relatos &#8216;Sistemas Binarios&#8217; (Ed. Aguilar, 2020).\u00bb<\/p>\n<p>La Asociaci\u00f3n de Antiguos Alumnos\u00a0 ha decidido aprovechar uno de sus grandes activos, el de la experiencia \u00a0de cientos de antiguos alumnos que han pasado por el centro, que han triunfado en sus carreras profesionales y que llevan consigo la estampa de Mar\u00eda Auxiliadora en la cartera y el bagaje de unas ense\u00f1anzas que van m\u00e1s all\u00e1 de lo que dicen los libros de texto.<\/p>\n<\/div>\n<\/div>\n<\/div>[\/et_pb_text][\/et_pb_column][\/et_pb_row][et_pb_row column_structure=\u00bb1_3,1_3,1_3&#8243; _builder_version=\u00bb4.18.0&#8243; _module_preset=\u00bbdefault\u00bb global_colors_info=\u00bb{}\u00bb theme_builder_area=\u00bbpost_content\u00bb][et_pb_column type=\u00bb1_3&#8243; _builder_version=\u00bb4.18.0&#8243; _module_preset=\u00bbdefault\u00bb global_colors_info=\u00bb{}\u00bb theme_builder_area=\u00bbpost_content\u00bb][et_pb_image _builder_version=\u00bb4.18.0&#8243; _module_preset=\u00bbdefault\u00bb theme_builder_area=\u00bbpost_content\u00bb title_text=\u00bbDisen\u0303o sin ti\u0301tulo(3)\u00bb src=\u00bbhttps:\/\/alcala.salesianos.edu\/colegio\/wp-content\/uploads\/sites\/2\/2022\/09\/Disen\u0303o-sin-ti\u0301tulo3.png\u00bb hover_enabled=\u00bb0&#8243; sticky_enabled=\u00bb0&#8243;][\/et_pb_image][\/et_pb_column][et_pb_column type=\u00bb1_3&#8243; _builder_version=\u00bb4.18.0&#8243; _module_preset=\u00bbdefault\u00bb global_colors_info=\u00bb{}\u00bb theme_builder_area=\u00bbpost_content\u00bb][et_pb_image src=\u00bbhttps:\/\/alcala.salesianos.edu\/wp-content\/uploads\/2022\/09\/Disen\u0303o-sin-ti\u0301tulo.png\u00bb title_text=\u00bbDisen\u0303o sin ti\u0301tulo\u00bb _builder_version=\u00bb4.18.0&#8243; _module_preset=\u00bbdefault\u00bb global_colors_info=\u00bb{}\u00bb theme_builder_area=\u00bbpost_content\u00bb admin_label=\u00bbImagen\u00bb][\/et_pb_image][\/et_pb_column][et_pb_column type=\u00bb1_3&#8243; _builder_version=\u00bb4.18.0&#8243; _module_preset=\u00bbdefault\u00bb global_colors_info=\u00bb{}\u00bb theme_builder_area=\u00bbpost_content\u00bb][et_pb_image src=\u00bbhttps:\/\/alcala.salesianos.edu\/wp-content\/uploads\/2022\/09\/Disen\u0303o-sin-ti\u0301tulo2.png\u00bb title_text=\u00bbDisen\u0303o sin ti\u0301tulo(2)\u00bb _builder_version=\u00bb4.18.0&#8243; _module_preset=\u00bbdefault\u00bb global_colors_info=\u00bb{}\u00bb theme_builder_area=\u00bbpost_content\u00bb][\/et_pb_image][\/et_pb_column][\/et_pb_row][\/et_pb_section]\n","protected":false},"excerpt":{"rendered":"<p>La Asociaci\u00f3n de Antiguos Alumnos de nuestra Casa organiza la Lecci\u00f3n Inaugural, realizada por D. Miguel Rivera L\u00f3pez, m\u00fasico y antiguo alumno de la Casa, dirigido al alumnado de Educaci\u00f3n Secundaria.<\/p>\n","protected":false},"author":2,"featured_media":0,"comment_status":"closed","ping_status":"open","sticky":false,"template":"","format":"standard","meta":{"_et_pb_use_builder":"on","_et_pb_old_content":"","_et_gb_content_width":"","footnotes":""},"categories":[12,23,13,14,15,16,1],"tags":[],"class_list":["post-14863","post","type-post","status-publish","format-standard","hentry","category-colegio","category-covid","category-fasa","category-pastoral","category-portada","category-secundaria","category-uncategorized"],"yoast_head":"<!-- This site is optimized with the Yoast SEO plugin v28.3 - https:\/\/yoast.com\/product\/yoast-seo-wordpress\/ -->\n<title>Lecci\u00f3n Inaugural del Curso - Colegio Salesiano Alcal\u00e1<\/title>\n<meta name=\"description\" content=\"Realizado el pasado viernes por D. Miguel Rivera L\u00f3pez antiguo alumno de la Casa y m\u00fasico y compositor de profesi\u00f3n.\" \/>\n<meta name=\"robots\" content=\"index, follow, max-snippet:-1, max-image-preview:large, max-video-preview:-1\" \/>\n<link rel=\"canonical\" href=\"https:\/\/alcala.salesianos.edu\/colegio\/blog\/2022\/09\/26\/leccion-inaugural-del-curso\/\" \/>\n<meta property=\"og:locale\" content=\"es_ES\" \/>\n<meta property=\"og:type\" content=\"article\" \/>\n<meta property=\"og:title\" content=\"Lecci\u00f3n Inaugural del Curso - Colegio Salesiano Alcal\u00e1\" \/>\n<meta property=\"og:description\" content=\"Realizado el pasado viernes por D. Miguel Rivera L\u00f3pez antiguo alumno de la Casa y m\u00fasico y compositor de profesi\u00f3n.\" \/>\n<meta property=\"og:url\" content=\"https:\/\/alcala.salesianos.edu\/colegio\/blog\/2022\/09\/26\/leccion-inaugural-del-curso\/\" \/>\n<meta property=\"og:site_name\" content=\"Colegio Salesiano Alcal\u00e1\" \/>\n<meta property=\"article:published_time\" content=\"2022-09-26T10:57:03+00:00\" \/>\n<meta property=\"article:modified_time\" content=\"2025-08-27T07:47:58+00:00\" \/>\n<meta name=\"author\" content=\"Administrador Web\" \/>\n<meta name=\"twitter:card\" content=\"summary_large_image\" \/>\n<meta name=\"twitter:label1\" content=\"Escrito por\" \/>\n\t<meta name=\"twitter:data1\" content=\"Administrador Web\" \/>\n\t<meta name=\"twitter:label2\" content=\"Tiempo de lectura\" \/>\n\t<meta name=\"twitter:data2\" content=\"2 minutos\" \/>\n<script type=\"application\/ld+json\" class=\"yoast-schema-graph\">{\"@context\":\"https:\\\/\\\/schema.org\",\"@graph\":[{\"@type\":\"Article\",\"@id\":\"https:\\\/\\\/alcala.salesianos.edu\\\/colegio\\\/blog\\\/2022\\\/09\\\/26\\\/leccion-inaugural-del-curso\\\/#article\",\"isPartOf\":{\"@id\":\"https:\\\/\\\/alcala.salesianos.edu\\\/colegio\\\/blog\\\/2022\\\/09\\\/26\\\/leccion-inaugural-del-curso\\\/\"},\"author\":{\"name\":\"Administrador Web\",\"@id\":\"https:\\\/\\\/alcala.salesianos.edu\\\/colegio\\\/#\\\/schema\\\/person\\\/afcc24f776dc91fc2bf9afb0998fca77\"},\"headline\":\"Lecci\u00f3n Inaugural del Curso\",\"datePublished\":\"2022-09-26T10:57:03+00:00\",\"dateModified\":\"2025-08-27T07:47:58+00:00\",\"mainEntityOfPage\":{\"@id\":\"https:\\\/\\\/alcala.salesianos.edu\\\/colegio\\\/blog\\\/2022\\\/09\\\/26\\\/leccion-inaugural-del-curso\\\/\"},\"wordCount\":680,\"articleSection\":[\"Colegio\",\"covid\",\"FASA\",\"Pastoral\",\"Portada\",\"Secundaria\",\"Uncategorized\"],\"inLanguage\":\"es\"},{\"@type\":\"WebPage\",\"@id\":\"https:\\\/\\\/alcala.salesianos.edu\\\/colegio\\\/blog\\\/2022\\\/09\\\/26\\\/leccion-inaugural-del-curso\\\/\",\"url\":\"https:\\\/\\\/alcala.salesianos.edu\\\/colegio\\\/blog\\\/2022\\\/09\\\/26\\\/leccion-inaugural-del-curso\\\/\",\"name\":\"Lecci\u00f3n Inaugural del Curso - Colegio Salesiano Alcal\u00e1\",\"isPartOf\":{\"@id\":\"https:\\\/\\\/alcala.salesianos.edu\\\/colegio\\\/#website\"},\"datePublished\":\"2022-09-26T10:57:03+00:00\",\"dateModified\":\"2025-08-27T07:47:58+00:00\",\"author\":{\"@id\":\"https:\\\/\\\/alcala.salesianos.edu\\\/colegio\\\/#\\\/schema\\\/person\\\/afcc24f776dc91fc2bf9afb0998fca77\"},\"description\":\"Realizado el pasado viernes por D. Miguel Rivera L\u00f3pez antiguo alumno de la Casa y m\u00fasico y compositor de profesi\u00f3n.\",\"breadcrumb\":{\"@id\":\"https:\\\/\\\/alcala.salesianos.edu\\\/colegio\\\/blog\\\/2022\\\/09\\\/26\\\/leccion-inaugural-del-curso\\\/#breadcrumb\"},\"inLanguage\":\"es\",\"potentialAction\":[{\"@type\":\"ReadAction\",\"target\":[\"https:\\\/\\\/alcala.salesianos.edu\\\/colegio\\\/blog\\\/2022\\\/09\\\/26\\\/leccion-inaugural-del-curso\\\/\"]}]},{\"@type\":\"BreadcrumbList\",\"@id\":\"https:\\\/\\\/alcala.salesianos.edu\\\/colegio\\\/blog\\\/2022\\\/09\\\/26\\\/leccion-inaugural-del-curso\\\/#breadcrumb\",\"itemListElement\":[{\"@type\":\"ListItem\",\"position\":1,\"name\":\"Portada\",\"item\":\"https:\\\/\\\/alcala.salesianos.edu\\\/colegio\\\/\"},{\"@type\":\"ListItem\",\"position\":2,\"name\":\"Lecci\u00f3n Inaugural del Curso\"}]},{\"@type\":\"WebSite\",\"@id\":\"https:\\\/\\\/alcala.salesianos.edu\\\/colegio\\\/#website\",\"url\":\"https:\\\/\\\/alcala.salesianos.edu\\\/colegio\\\/\",\"name\":\"Colegio Salesiano Alcal\u00e1\",\"description\":\"P\u00e1gina oficial de Salesianos Alcal\u00e1 de Guadaira\",\"potentialAction\":[{\"@type\":\"SearchAction\",\"target\":{\"@type\":\"EntryPoint\",\"urlTemplate\":\"https:\\\/\\\/alcala.salesianos.edu\\\/colegio\\\/?s={search_term_string}\"},\"query-input\":{\"@type\":\"PropertyValueSpecification\",\"valueRequired\":true,\"valueName\":\"search_term_string\"}}],\"inLanguage\":\"es\"},{\"@type\":\"Person\",\"@id\":\"https:\\\/\\\/alcala.salesianos.edu\\\/colegio\\\/#\\\/schema\\\/person\\\/afcc24f776dc91fc2bf9afb0998fca77\",\"name\":\"Administrador Web\",\"image\":{\"@type\":\"ImageObject\",\"inLanguage\":\"es\",\"@id\":\"https:\\\/\\\/secure.gravatar.com\\\/avatar\\\/bc157e994689bd6da9645c00aa3bc4d55b727915b6652642660db0aef086585f?s=96&d=mm&r=g\",\"url\":\"https:\\\/\\\/secure.gravatar.com\\\/avatar\\\/bc157e994689bd6da9645c00aa3bc4d55b727915b6652642660db0aef086585f?s=96&d=mm&r=g\",\"contentUrl\":\"https:\\\/\\\/secure.gravatar.com\\\/avatar\\\/bc157e994689bd6da9645c00aa3bc4d55b727915b6652642660db0aef086585f?s=96&d=mm&r=g\",\"caption\":\"Administrador Web\"}}]}<\/script>\n<!-- \/ Yoast SEO plugin. -->","yoast_head_json":{"title":"Lecci\u00f3n Inaugural del Curso - Colegio Salesiano Alcal\u00e1","description":"Realizado el pasado viernes por D. Miguel Rivera L\u00f3pez antiguo alumno de la Casa y m\u00fasico y compositor de profesi\u00f3n.","robots":{"index":"index","follow":"follow","max-snippet":"max-snippet:-1","max-image-preview":"max-image-preview:large","max-video-preview":"max-video-preview:-1"},"canonical":"https:\/\/alcala.salesianos.edu\/colegio\/blog\/2022\/09\/26\/leccion-inaugural-del-curso\/","og_locale":"es_ES","og_type":"article","og_title":"Lecci\u00f3n Inaugural del Curso - Colegio Salesiano Alcal\u00e1","og_description":"Realizado el pasado viernes por D. Miguel Rivera L\u00f3pez antiguo alumno de la Casa y m\u00fasico y compositor de profesi\u00f3n.","og_url":"https:\/\/alcala.salesianos.edu\/colegio\/blog\/2022\/09\/26\/leccion-inaugural-del-curso\/","og_site_name":"Colegio Salesiano Alcal\u00e1","article_published_time":"2022-09-26T10:57:03+00:00","article_modified_time":"2025-08-27T07:47:58+00:00","author":"Administrador Web","twitter_card":"summary_large_image","twitter_misc":{"Escrito por":"Administrador Web","Tiempo de lectura":"2 minutos"},"schema":{"@context":"https:\/\/schema.org","@graph":[{"@type":"Article","@id":"https:\/\/alcala.salesianos.edu\/colegio\/blog\/2022\/09\/26\/leccion-inaugural-del-curso\/#article","isPartOf":{"@id":"https:\/\/alcala.salesianos.edu\/colegio\/blog\/2022\/09\/26\/leccion-inaugural-del-curso\/"},"author":{"name":"Administrador Web","@id":"https:\/\/alcala.salesianos.edu\/colegio\/#\/schema\/person\/afcc24f776dc91fc2bf9afb0998fca77"},"headline":"Lecci\u00f3n Inaugural del Curso","datePublished":"2022-09-26T10:57:03+00:00","dateModified":"2025-08-27T07:47:58+00:00","mainEntityOfPage":{"@id":"https:\/\/alcala.salesianos.edu\/colegio\/blog\/2022\/09\/26\/leccion-inaugural-del-curso\/"},"wordCount":680,"articleSection":["Colegio","covid","FASA","Pastoral","Portada","Secundaria","Uncategorized"],"inLanguage":"es"},{"@type":"WebPage","@id":"https:\/\/alcala.salesianos.edu\/colegio\/blog\/2022\/09\/26\/leccion-inaugural-del-curso\/","url":"https:\/\/alcala.salesianos.edu\/colegio\/blog\/2022\/09\/26\/leccion-inaugural-del-curso\/","name":"Lecci\u00f3n Inaugural del Curso - Colegio Salesiano Alcal\u00e1","isPartOf":{"@id":"https:\/\/alcala.salesianos.edu\/colegio\/#website"},"datePublished":"2022-09-26T10:57:03+00:00","dateModified":"2025-08-27T07:47:58+00:00","author":{"@id":"https:\/\/alcala.salesianos.edu\/colegio\/#\/schema\/person\/afcc24f776dc91fc2bf9afb0998fca77"},"description":"Realizado el pasado viernes por D. Miguel Rivera L\u00f3pez antiguo alumno de la Casa y m\u00fasico y compositor de profesi\u00f3n.","breadcrumb":{"@id":"https:\/\/alcala.salesianos.edu\/colegio\/blog\/2022\/09\/26\/leccion-inaugural-del-curso\/#breadcrumb"},"inLanguage":"es","potentialAction":[{"@type":"ReadAction","target":["https:\/\/alcala.salesianos.edu\/colegio\/blog\/2022\/09\/26\/leccion-inaugural-del-curso\/"]}]},{"@type":"BreadcrumbList","@id":"https:\/\/alcala.salesianos.edu\/colegio\/blog\/2022\/09\/26\/leccion-inaugural-del-curso\/#breadcrumb","itemListElement":[{"@type":"ListItem","position":1,"name":"Portada","item":"https:\/\/alcala.salesianos.edu\/colegio\/"},{"@type":"ListItem","position":2,"name":"Lecci\u00f3n Inaugural del Curso"}]},{"@type":"WebSite","@id":"https:\/\/alcala.salesianos.edu\/colegio\/#website","url":"https:\/\/alcala.salesianos.edu\/colegio\/","name":"Colegio Salesiano Alcal\u00e1","description":"P\u00e1gina oficial de Salesianos Alcal\u00e1 de Guadaira","potentialAction":[{"@type":"SearchAction","target":{"@type":"EntryPoint","urlTemplate":"https:\/\/alcala.salesianos.edu\/colegio\/?s={search_term_string}"},"query-input":{"@type":"PropertyValueSpecification","valueRequired":true,"valueName":"search_term_string"}}],"inLanguage":"es"},{"@type":"Person","@id":"https:\/\/alcala.salesianos.edu\/colegio\/#\/schema\/person\/afcc24f776dc91fc2bf9afb0998fca77","name":"Administrador Web","image":{"@type":"ImageObject","inLanguage":"es","@id":"https:\/\/secure.gravatar.com\/avatar\/bc157e994689bd6da9645c00aa3bc4d55b727915b6652642660db0aef086585f?s=96&d=mm&r=g","url":"https:\/\/secure.gravatar.com\/avatar\/bc157e994689bd6da9645c00aa3bc4d55b727915b6652642660db0aef086585f?s=96&d=mm&r=g","contentUrl":"https:\/\/secure.gravatar.com\/avatar\/bc157e994689bd6da9645c00aa3bc4d55b727915b6652642660db0aef086585f?s=96&d=mm&r=g","caption":"Administrador Web"}}]}},"_links":{"self":[{"href":"https:\/\/alcala.salesianos.edu\/colegio\/wp-json\/wp\/v2\/posts\/14863","targetHints":{"allow":["GET"]}}],"collection":[{"href":"https:\/\/alcala.salesianos.edu\/colegio\/wp-json\/wp\/v2\/posts"}],"about":[{"href":"https:\/\/alcala.salesianos.edu\/colegio\/wp-json\/wp\/v2\/types\/post"}],"author":[{"embeddable":true,"href":"https:\/\/alcala.salesianos.edu\/colegio\/wp-json\/wp\/v2\/users\/2"}],"replies":[{"embeddable":true,"href":"https:\/\/alcala.salesianos.edu\/colegio\/wp-json\/wp\/v2\/comments?post=14863"}],"version-history":[{"count":2,"href":"https:\/\/alcala.salesianos.edu\/colegio\/wp-json\/wp\/v2\/posts\/14863\/revisions"}],"predecessor-version":[{"id":14868,"href":"https:\/\/alcala.salesianos.edu\/colegio\/wp-json\/wp\/v2\/posts\/14863\/revisions\/14868"}],"wp:attachment":[{"href":"https:\/\/alcala.salesianos.edu\/colegio\/wp-json\/wp\/v2\/media?parent=14863"}],"wp:term":[{"taxonomy":"category","embeddable":true,"href":"https:\/\/alcala.salesianos.edu\/colegio\/wp-json\/wp\/v2\/categories?post=14863"},{"taxonomy":"post_tag","embeddable":true,"href":"https:\/\/alcala.salesianos.edu\/colegio\/wp-json\/wp\/v2\/tags?post=14863"}],"curies":[{"name":"wp","href":"https:\/\/api.w.org\/{rel}","templated":true}]}}