{"id":14787,"date":"2022-08-10T10:30:46","date_gmt":"2022-08-10T09:30:46","guid":{"rendered":"https:\/\/alcala.salesianos.edu\/colegio\/blog\/2022\/08\/10\/nueva-oferta-laboral\/"},"modified":"2025-08-27T08:48:55","modified_gmt":"2025-08-27T07:48:55","slug":"nueva-oferta-laboral","status":"publish","type":"post","link":"https:\/\/alcala.salesianos.edu\/colegio\/blog\/2022\/08\/10\/nueva-oferta-laboral\/","title":{"rendered":"Nueva oferta laboral"},"content":{"rendered":"<div id=\"fb-root\"><\/div>\n<p>[et_pb_section fb_built=\u00bb1&#8243; admin_label=\u00bbsection\u00bb _builder_version=\u00bb4.16&#8243; global_colors_info=\u00bb{}\u00bb][et_pb_row admin_label=\u00bbrow\u00bb _builder_version=\u00bb4.16&#8243; background_size=\u00bbinitial\u00bb background_position=\u00bbtop_left\u00bb background_repeat=\u00bbrepeat\u00bb global_colors_info=\u00bb{}\u00bb][et_pb_column type=\u00bb4_4&#8243; _builder_version=\u00bb4.16&#8243; custom_padding=\u00bb|||\u00bb global_colors_info=\u00bb{}\u00bb custom_padding__hover=\u00bb|||\u00bb][et_pb_text _builder_version=\u00bb4.17.6&#8243; _module_preset=\u00bbdefault\u00bb hover_enabled=\u00bb0&#8243; sticky_enabled=\u00bb0&#8243;]<\/p>\n<div class=\"kt-infobox__section\">\n<div class=\"kt-infobox__content vb-infobox__content\">\n<div class=\"description\">\n<p>Buscamos personas apasionadas por la educaci\u00f3n que quieran crecer personal y profesionalmente en un proyecto educativo alegre, profundo, comprometido y transformador. Con vocaci\u00f3n docente.<\/p>\n<p>Horas de contrato: 10 hrs<\/p>\n<p><strong>Proceso de selecci\u00f3n y contrataci\u00f3n.<\/strong><\/p>\n<p>Con las solicitudes recibidas se seguir\u00e1 el siguiente proceso de selecci\u00f3n:<\/p>\n<p>&#x2714; Estudio y selecci\u00f3n inicial por parte del Director Titular con el Director de Centro y elaboraci\u00f3n de la primera selecci\u00f3n de candidatos.<\/p>\n<p>&#x2714; Intervenci\u00f3n de la Comisi\u00f3n T\u00e9cnica de Selecci\u00f3n y decisi\u00f3n del Titular junto con el Director de Centro.<\/p>\n<p>&#x2714; Publicaci\u00f3n del candidato seleccionado.<\/p>\n<p>Plazo de recepci\u00f3n de curr\u00edculums hasta el 16 de agosto.<\/p>\n<\/div>\n<\/div>\n<\/div>\n<div class=\"kt-infobox__section\">\n<h3 class=\"kt-infobox__subtitle\">Requisitos<\/h3>\n<div class=\"kt-infobox__content vb-infobox__content\">\n<div class=\"description\">\n<p>Buscamos una persona con la titulaci\u00f3n necesaria para impartir la\/s materia\/s de: Ingl\u00e9s en Educaci\u00f3n Secundaria<\/p>\n<ul>\n<li>Licenciatura Universitaria en Filolog\u00eda Inglesa \/ Grado Universitario en Estudios Ingleses<\/li>\n<li>Capacitaci\u00f3n pedag\u00f3gica (CAP \/ MAES).<\/li>\n<li>Nivel de cualificaci\u00f3n y acreditaci\u00f3n de idiomas (ingl\u00e9s) B2-C1-C2<\/li>\n<\/ul>\n<p>&nbsp;<\/p>\n<p>Adem\u00e1s, se valorar\u00e1 el conocimiento de otros proyectos educativos de vanguardia, tales como Aprendizaje Cooperativo, rob\u00f3tica educativa y otros<\/p>\n<p>Identidad y compromiso con el proyecto institucional, gesti\u00f3n emocional, responsabilidad, competencias profesionales pedag\u00f3gicas.<\/p>\n<\/div>\n<\/div>\n<\/div>\n<p>[\/et_pb_text][\/et_pb_column][\/et_pb_row][\/et_pb_section]<\/p>\n","protected":false},"excerpt":{"rendered":"<p>Buscamos una persona con la titulaci\u00f3n necesaria para impartir la\/s materia\/s de: Ingl\u00e9s en Educaci\u00f3n Secundaria. Adem\u00e1s, se valorar\u00e1 el conocimiento de otros proyectos educativos de vanguardia.<\/p>\n","protected":false},"author":2,"featured_media":12878,"comment_status":"closed","ping_status":"open","sticky":false,"template":"","format":"standard","meta":{"_et_pb_use_builder":"on","_et_pb_old_content":"","_et_gb_content_width":"","footnotes":""},"categories":[12,23,13,14,15,16,1],"tags":[],"class_list":["post-14787","post","type-post","status-publish","format-standard","has-post-thumbnail","hentry","category-colegio","category-covid","category-fasa","category-pastoral","category-portada","category-secundaria","category-uncategorized"],"yoast_head":"<!-- This site is optimized with the Yoast SEO plugin v28.3 - https:\/\/yoast.com\/product\/yoast-seo-wordpress\/ -->\n<title>Nueva oferta laboral - Colegio Salesiano Alcal\u00e1<\/title>\n<meta name=\"description\" content=\"Buscamos una persona con la titulaci\u00f3n necesaria para impartir la\/s materia\/s de: Ingl\u00e9s en Educaci\u00f3n Secundaria\" \/>\n<meta name=\"robots\" content=\"index, follow, max-snippet:-1, max-image-preview:large, max-video-preview:-1\" \/>\n<link rel=\"canonical\" href=\"https:\/\/alcala.salesianos.edu\/colegio\/blog\/2022\/08\/10\/nueva-oferta-laboral\/\" \/>\n<meta property=\"og:locale\" content=\"es_ES\" \/>\n<meta property=\"og:type\" content=\"article\" \/>\n<meta property=\"og:title\" content=\"Nueva oferta laboral - Colegio Salesiano Alcal\u00e1\" \/>\n<meta property=\"og:description\" content=\"Buscamos una persona con la titulaci\u00f3n necesaria para impartir la\/s materia\/s de: Ingl\u00e9s en Educaci\u00f3n Secundaria\" \/>\n<meta property=\"og:url\" content=\"https:\/\/alcala.salesianos.edu\/colegio\/blog\/2022\/08\/10\/nueva-oferta-laboral\/\" \/>\n<meta property=\"og:site_name\" content=\"Colegio Salesiano Alcal\u00e1\" \/>\n<meta property=\"article:published_time\" content=\"2022-08-10T09:30:46+00:00\" \/>\n<meta property=\"article:modified_time\" content=\"2025-08-27T07:48:55+00:00\" \/>\n<meta property=\"og:image\" content=\"https:\/\/alcala.salesianos.edu\/colegio\/wp-content\/uploads\/sites\/2\/2020\/10\/SalesianosAlcala.jpg\" \/>\n\t<meta property=\"og:image:width\" content=\"1\" \/>\n\t<meta property=\"og:image:height\" content=\"1\" \/>\n\t<meta property=\"og:image:type\" content=\"image\/jpeg\" \/>\n<meta name=\"author\" content=\"Administrador Web\" \/>\n<meta name=\"twitter:card\" content=\"summary_large_image\" \/>\n<meta name=\"twitter:label1\" content=\"Escrito por\" \/>\n\t<meta name=\"twitter:data1\" content=\"Administrador Web\" \/>\n<script type=\"application\/ld+json\" class=\"yoast-schema-graph\">{\"@context\":\"https:\\\/\\\/schema.org\",\"@graph\":[{\"@type\":\"Article\",\"@id\":\"https:\\\/\\\/alcala.salesianos.edu\\\/colegio\\\/blog\\\/2022\\\/08\\\/10\\\/nueva-oferta-laboral\\\/#article\",\"isPartOf\":{\"@id\":\"https:\\\/\\\/alcala.salesianos.edu\\\/colegio\\\/blog\\\/2022\\\/08\\\/10\\\/nueva-oferta-laboral\\\/\"},\"author\":{\"name\":\"Administrador Web\",\"@id\":\"https:\\\/\\\/alcala.salesianos.edu\\\/colegio\\\/#\\\/schema\\\/person\\\/afcc24f776dc91fc2bf9afb0998fca77\"},\"headline\":\"Nueva oferta laboral\",\"datePublished\":\"2022-08-10T09:30:46+00:00\",\"dateModified\":\"2025-08-27T07:48:55+00:00\",\"mainEntityOfPage\":{\"@id\":\"https:\\\/\\\/alcala.salesianos.edu\\\/colegio\\\/blog\\\/2022\\\/08\\\/10\\\/nueva-oferta-laboral\\\/\"},\"wordCount\":280,\"image\":{\"@id\":\"https:\\\/\\\/alcala.salesianos.edu\\\/colegio\\\/blog\\\/2022\\\/08\\\/10\\\/nueva-oferta-laboral\\\/#primaryimage\"},\"thumbnailUrl\":\"https:\\\/\\\/alcala.salesianos.edu\\\/colegio\\\/wp-content\\\/uploads\\\/sites\\\/2\\\/2020\\\/10\\\/SalesianosAlcala.jpg\",\"articleSection\":[\"Colegio\",\"covid\",\"FASA\",\"Pastoral\",\"Portada\",\"Secundaria\",\"Uncategorized\"],\"inLanguage\":\"es\"},{\"@type\":\"WebPage\",\"@id\":\"https:\\\/\\\/alcala.salesianos.edu\\\/colegio\\\/blog\\\/2022\\\/08\\\/10\\\/nueva-oferta-laboral\\\/\",\"url\":\"https:\\\/\\\/alcala.salesianos.edu\\\/colegio\\\/blog\\\/2022\\\/08\\\/10\\\/nueva-oferta-laboral\\\/\",\"name\":\"Nueva oferta laboral - Colegio Salesiano Alcal\u00e1\",\"isPartOf\":{\"@id\":\"https:\\\/\\\/alcala.salesianos.edu\\\/colegio\\\/#website\"},\"primaryImageOfPage\":{\"@id\":\"https:\\\/\\\/alcala.salesianos.edu\\\/colegio\\\/blog\\\/2022\\\/08\\\/10\\\/nueva-oferta-laboral\\\/#primaryimage\"},\"image\":{\"@id\":\"https:\\\/\\\/alcala.salesianos.edu\\\/colegio\\\/blog\\\/2022\\\/08\\\/10\\\/nueva-oferta-laboral\\\/#primaryimage\"},\"thumbnailUrl\":\"https:\\\/\\\/alcala.salesianos.edu\\\/colegio\\\/wp-content\\\/uploads\\\/sites\\\/2\\\/2020\\\/10\\\/SalesianosAlcala.jpg\",\"datePublished\":\"2022-08-10T09:30:46+00:00\",\"dateModified\":\"2025-08-27T07:48:55+00:00\",\"author\":{\"@id\":\"https:\\\/\\\/alcala.salesianos.edu\\\/colegio\\\/#\\\/schema\\\/person\\\/afcc24f776dc91fc2bf9afb0998fca77\"},\"description\":\"Buscamos una persona con la titulaci\u00f3n necesaria para impartir la\\\/s materia\\\/s de: Ingl\u00e9s en Educaci\u00f3n Secundaria\",\"breadcrumb\":{\"@id\":\"https:\\\/\\\/alcala.salesianos.edu\\\/colegio\\\/blog\\\/2022\\\/08\\\/10\\\/nueva-oferta-laboral\\\/#breadcrumb\"},\"inLanguage\":\"es\",\"potentialAction\":[{\"@type\":\"ReadAction\",\"target\":[\"https:\\\/\\\/alcala.salesianos.edu\\\/colegio\\\/blog\\\/2022\\\/08\\\/10\\\/nueva-oferta-laboral\\\/\"]}]},{\"@type\":\"ImageObject\",\"inLanguage\":\"es\",\"@id\":\"https:\\\/\\\/alcala.salesianos.edu\\\/colegio\\\/blog\\\/2022\\\/08\\\/10\\\/nueva-oferta-laboral\\\/#primaryimage\",\"url\":\"https:\\\/\\\/alcala.salesianos.edu\\\/colegio\\\/wp-content\\\/uploads\\\/sites\\\/2\\\/2020\\\/10\\\/SalesianosAlcala.jpg\",\"contentUrl\":\"https:\\\/\\\/alcala.salesianos.edu\\\/colegio\\\/wp-content\\\/uploads\\\/sites\\\/2\\\/2020\\\/10\\\/SalesianosAlcala.jpg\"},{\"@type\":\"BreadcrumbList\",\"@id\":\"https:\\\/\\\/alcala.salesianos.edu\\\/colegio\\\/blog\\\/2022\\\/08\\\/10\\\/nueva-oferta-laboral\\\/#breadcrumb\",\"itemListElement\":[{\"@type\":\"ListItem\",\"position\":1,\"name\":\"Portada\",\"item\":\"https:\\\/\\\/alcala.salesianos.edu\\\/colegio\\\/\"},{\"@type\":\"ListItem\",\"position\":2,\"name\":\"Nueva oferta laboral\"}]},{\"@type\":\"WebSite\",\"@id\":\"https:\\\/\\\/alcala.salesianos.edu\\\/colegio\\\/#website\",\"url\":\"https:\\\/\\\/alcala.salesianos.edu\\\/colegio\\\/\",\"name\":\"Colegio Salesiano Alcal\u00e1\",\"description\":\"P\u00e1gina oficial de Salesianos Alcal\u00e1 de Guadaira\",\"potentialAction\":[{\"@type\":\"SearchAction\",\"target\":{\"@type\":\"EntryPoint\",\"urlTemplate\":\"https:\\\/\\\/alcala.salesianos.edu\\\/colegio\\\/?s={search_term_string}\"},\"query-input\":{\"@type\":\"PropertyValueSpecification\",\"valueRequired\":true,\"valueName\":\"search_term_string\"}}],\"inLanguage\":\"es\"},{\"@type\":\"Person\",\"@id\":\"https:\\\/\\\/alcala.salesianos.edu\\\/colegio\\\/#\\\/schema\\\/person\\\/afcc24f776dc91fc2bf9afb0998fca77\",\"name\":\"Administrador Web\",\"image\":{\"@type\":\"ImageObject\",\"inLanguage\":\"es\",\"@id\":\"https:\\\/\\\/secure.gravatar.com\\\/avatar\\\/bc157e994689bd6da9645c00aa3bc4d55b727915b6652642660db0aef086585f?s=96&d=mm&r=g\",\"url\":\"https:\\\/\\\/secure.gravatar.com\\\/avatar\\\/bc157e994689bd6da9645c00aa3bc4d55b727915b6652642660db0aef086585f?s=96&d=mm&r=g\",\"contentUrl\":\"https:\\\/\\\/secure.gravatar.com\\\/avatar\\\/bc157e994689bd6da9645c00aa3bc4d55b727915b6652642660db0aef086585f?s=96&d=mm&r=g\",\"caption\":\"Administrador Web\"}}]}<\/script>\n<!-- \/ Yoast SEO plugin. -->","yoast_head_json":{"title":"Nueva oferta laboral - Colegio Salesiano Alcal\u00e1","description":"Buscamos una persona con la titulaci\u00f3n necesaria para impartir la\/s materia\/s de: Ingl\u00e9s en Educaci\u00f3n Secundaria","robots":{"index":"index","follow":"follow","max-snippet":"max-snippet:-1","max-image-preview":"max-image-preview:large","max-video-preview":"max-video-preview:-1"},"canonical":"https:\/\/alcala.salesianos.edu\/colegio\/blog\/2022\/08\/10\/nueva-oferta-laboral\/","og_locale":"es_ES","og_type":"article","og_title":"Nueva oferta laboral - Colegio Salesiano Alcal\u00e1","og_description":"Buscamos una persona con la titulaci\u00f3n necesaria para impartir la\/s materia\/s de: Ingl\u00e9s en Educaci\u00f3n Secundaria","og_url":"https:\/\/alcala.salesianos.edu\/colegio\/blog\/2022\/08\/10\/nueva-oferta-laboral\/","og_site_name":"Colegio Salesiano Alcal\u00e1","article_published_time":"2022-08-10T09:30:46+00:00","article_modified_time":"2025-08-27T07:48:55+00:00","og_image":[{"url":"https:\/\/alcala.salesianos.edu\/colegio\/wp-content\/uploads\/sites\/2\/2020\/10\/SalesianosAlcala.jpg","width":1,"height":1,"type":"image\/jpeg"}],"author":"Administrador Web","twitter_card":"summary_large_image","twitter_misc":{"Escrito por":"Administrador Web"},"schema":{"@context":"https:\/\/schema.org","@graph":[{"@type":"Article","@id":"https:\/\/alcala.salesianos.edu\/colegio\/blog\/2022\/08\/10\/nueva-oferta-laboral\/#article","isPartOf":{"@id":"https:\/\/alcala.salesianos.edu\/colegio\/blog\/2022\/08\/10\/nueva-oferta-laboral\/"},"author":{"name":"Administrador Web","@id":"https:\/\/alcala.salesianos.edu\/colegio\/#\/schema\/person\/afcc24f776dc91fc2bf9afb0998fca77"},"headline":"Nueva oferta laboral","datePublished":"2022-08-10T09:30:46+00:00","dateModified":"2025-08-27T07:48:55+00:00","mainEntityOfPage":{"@id":"https:\/\/alcala.salesianos.edu\/colegio\/blog\/2022\/08\/10\/nueva-oferta-laboral\/"},"wordCount":280,"image":{"@id":"https:\/\/alcala.salesianos.edu\/colegio\/blog\/2022\/08\/10\/nueva-oferta-laboral\/#primaryimage"},"thumbnailUrl":"https:\/\/alcala.salesianos.edu\/colegio\/wp-content\/uploads\/sites\/2\/2020\/10\/SalesianosAlcala.jpg","articleSection":["Colegio","covid","FASA","Pastoral","Portada","Secundaria","Uncategorized"],"inLanguage":"es"},{"@type":"WebPage","@id":"https:\/\/alcala.salesianos.edu\/colegio\/blog\/2022\/08\/10\/nueva-oferta-laboral\/","url":"https:\/\/alcala.salesianos.edu\/colegio\/blog\/2022\/08\/10\/nueva-oferta-laboral\/","name":"Nueva oferta laboral - Colegio Salesiano Alcal\u00e1","isPartOf":{"@id":"https:\/\/alcala.salesianos.edu\/colegio\/#website"},"primaryImageOfPage":{"@id":"https:\/\/alcala.salesianos.edu\/colegio\/blog\/2022\/08\/10\/nueva-oferta-laboral\/#primaryimage"},"image":{"@id":"https:\/\/alcala.salesianos.edu\/colegio\/blog\/2022\/08\/10\/nueva-oferta-laboral\/#primaryimage"},"thumbnailUrl":"https:\/\/alcala.salesianos.edu\/colegio\/wp-content\/uploads\/sites\/2\/2020\/10\/SalesianosAlcala.jpg","datePublished":"2022-08-10T09:30:46+00:00","dateModified":"2025-08-27T07:48:55+00:00","author":{"@id":"https:\/\/alcala.salesianos.edu\/colegio\/#\/schema\/person\/afcc24f776dc91fc2bf9afb0998fca77"},"description":"Buscamos una persona con la titulaci\u00f3n necesaria para impartir la\/s materia\/s de: Ingl\u00e9s en Educaci\u00f3n Secundaria","breadcrumb":{"@id":"https:\/\/alcala.salesianos.edu\/colegio\/blog\/2022\/08\/10\/nueva-oferta-laboral\/#breadcrumb"},"inLanguage":"es","potentialAction":[{"@type":"ReadAction","target":["https:\/\/alcala.salesianos.edu\/colegio\/blog\/2022\/08\/10\/nueva-oferta-laboral\/"]}]},{"@type":"ImageObject","inLanguage":"es","@id":"https:\/\/alcala.salesianos.edu\/colegio\/blog\/2022\/08\/10\/nueva-oferta-laboral\/#primaryimage","url":"https:\/\/alcala.salesianos.edu\/colegio\/wp-content\/uploads\/sites\/2\/2020\/10\/SalesianosAlcala.jpg","contentUrl":"https:\/\/alcala.salesianos.edu\/colegio\/wp-content\/uploads\/sites\/2\/2020\/10\/SalesianosAlcala.jpg"},{"@type":"BreadcrumbList","@id":"https:\/\/alcala.salesianos.edu\/colegio\/blog\/2022\/08\/10\/nueva-oferta-laboral\/#breadcrumb","itemListElement":[{"@type":"ListItem","position":1,"name":"Portada","item":"https:\/\/alcala.salesianos.edu\/colegio\/"},{"@type":"ListItem","position":2,"name":"Nueva oferta laboral"}]},{"@type":"WebSite","@id":"https:\/\/alcala.salesianos.edu\/colegio\/#website","url":"https:\/\/alcala.salesianos.edu\/colegio\/","name":"Colegio Salesiano Alcal\u00e1","description":"P\u00e1gina oficial de Salesianos Alcal\u00e1 de Guadaira","potentialAction":[{"@type":"SearchAction","target":{"@type":"EntryPoint","urlTemplate":"https:\/\/alcala.salesianos.edu\/colegio\/?s={search_term_string}"},"query-input":{"@type":"PropertyValueSpecification","valueRequired":true,"valueName":"search_term_string"}}],"inLanguage":"es"},{"@type":"Person","@id":"https:\/\/alcala.salesianos.edu\/colegio\/#\/schema\/person\/afcc24f776dc91fc2bf9afb0998fca77","name":"Administrador Web","image":{"@type":"ImageObject","inLanguage":"es","@id":"https:\/\/secure.gravatar.com\/avatar\/bc157e994689bd6da9645c00aa3bc4d55b727915b6652642660db0aef086585f?s=96&d=mm&r=g","url":"https:\/\/secure.gravatar.com\/avatar\/bc157e994689bd6da9645c00aa3bc4d55b727915b6652642660db0aef086585f?s=96&d=mm&r=g","contentUrl":"https:\/\/secure.gravatar.com\/avatar\/bc157e994689bd6da9645c00aa3bc4d55b727915b6652642660db0aef086585f?s=96&d=mm&r=g","caption":"Administrador Web"}}]}},"_links":{"self":[{"href":"https:\/\/alcala.salesianos.edu\/colegio\/wp-json\/wp\/v2\/posts\/14787","targetHints":{"allow":["GET"]}}],"collection":[{"href":"https:\/\/alcala.salesianos.edu\/colegio\/wp-json\/wp\/v2\/posts"}],"about":[{"href":"https:\/\/alcala.salesianos.edu\/colegio\/wp-json\/wp\/v2\/types\/post"}],"author":[{"embeddable":true,"href":"https:\/\/alcala.salesianos.edu\/colegio\/wp-json\/wp\/v2\/users\/2"}],"replies":[{"embeddable":true,"href":"https:\/\/alcala.salesianos.edu\/colegio\/wp-json\/wp\/v2\/comments?post=14787"}],"version-history":[{"count":1,"href":"https:\/\/alcala.salesianos.edu\/colegio\/wp-json\/wp\/v2\/posts\/14787\/revisions"}],"predecessor-version":[{"id":16643,"href":"https:\/\/alcala.salesianos.edu\/colegio\/wp-json\/wp\/v2\/posts\/14787\/revisions\/16643"}],"wp:featuredmedia":[{"embeddable":true,"href":"https:\/\/alcala.salesianos.edu\/colegio\/wp-json\/wp\/v2\/media\/12878"}],"wp:attachment":[{"href":"https:\/\/alcala.salesianos.edu\/colegio\/wp-json\/wp\/v2\/media?parent=14787"}],"wp:term":[{"taxonomy":"category","embeddable":true,"href":"https:\/\/alcala.salesianos.edu\/colegio\/wp-json\/wp\/v2\/categories?post=14787"},{"taxonomy":"post_tag","embeddable":true,"href":"https:\/\/alcala.salesianos.edu\/colegio\/wp-json\/wp\/v2\/tags?post=14787"}],"curies":[{"name":"wp","href":"https:\/\/api.w.org\/{rel}","templated":true}]}}