{"id":14748,"date":"2022-06-22T10:51:36","date_gmt":"2022-06-22T09:51:36","guid":{"rendered":"https:\/\/alcala.salesianos.edu\/colegio\/blog\/2022\/06\/22\/pasoetapaepeso\/"},"modified":"2025-08-27T08:48:57","modified_gmt":"2025-08-27T07:48:57","slug":"pasoetapaepeso","status":"publish","type":"post","link":"https:\/\/alcala.salesianos.edu\/colegio\/blog\/2022\/06\/22\/pasoetapaepeso\/","title":{"rendered":"Paso de etapa de Educaci\u00f3n Primaria a Secundaria"},"content":{"rendered":"<div id=\"fb-root\"><\/div>\n<p>[et_pb_section fb_built=\u00bb1&#8243; admin_label=\u00bbsection\u00bb _builder_version=\u00bb4.16&#8243; global_colors_info=\u00bb{}\u00bb][et_pb_row admin_label=\u00bbrow\u00bb _builder_version=\u00bb4.16&#8243; background_size=\u00bbinitial\u00bb background_position=\u00bbtop_left\u00bb background_repeat=\u00bbrepeat\u00bb global_colors_info=\u00bb{}\u00bb][et_pb_column type=\u00bb4_4&#8243; _builder_version=\u00bb4.16&#8243; custom_padding=\u00bb|||\u00bb global_colors_info=\u00bb{}\u00bb custom_padding__hover=\u00bb|||\u00bb][et_pb_text _builder_version=\u00bb4.17.4&#8243; _module_preset=\u00bbdefault\u00bb hover_enabled=\u00bb0&#8243; sticky_enabled=\u00bb0&#8243;]<\/p>\n<p>El pasado lunes, los alumnos de sexto de Educaci\u00f3n Primaria vivieron en la capilla de nuestra Casa el paso de etapa de Educaci\u00f3n Primaria a Secundaria. Tras seis a\u00f1os en primaria nuestros alumnos promocionan a educaci\u00f3n secundaria y tuvieron una Celebraci\u00f3n de la Palabra\u00a0 presidida por D. Jos\u00e9 Medina sdb concluyendo con la entrega de orlas por parte de las direcciones de la Casa y del jefe de estudios de primaria.<\/p>\n<p>De forma muy emotiva se hizo entrega de la menci\u00f3n al mejor expediente acad\u00e9mico a la alumna Alejandra Ruiz y al \u00abMejor Compa\u00f1ero de la Etapa\u00bb a \u00c1lvaro Casado.<\/p>\n<p>Tras dicha celebraci\u00f3n continuaron con una convivencia familiar en el patio de Mar\u00eda Auxiliadora.<\/p>\n<p>[\/et_pb_text][\/et_pb_column][\/et_pb_row][\/et_pb_section]<\/p>\n","protected":false},"excerpt":{"rendered":"<p>Los alumnos promocionan a educaci\u00f3n secundaria y tuvieron una Celebraci\u00f3n de la Palabra\u00a0 presidida por D. Jos\u00e9 Medina sdb concluyendo con la entrega de orlas.<\/p>\n","protected":false},"author":2,"featured_media":14749,"comment_status":"closed","ping_status":"open","sticky":false,"template":"","format":"standard","meta":{"_et_pb_use_builder":"on","_et_pb_old_content":"","_et_gb_content_width":"","footnotes":""},"categories":[12,23,19,13,17,14,15,18,16,1],"tags":[],"class_list":["post-14748","post","type-post","status-publish","format-standard","has-post-thumbnail","hentry","category-colegio","category-covid","category-escuela-abierta","category-fasa","category-infantil","category-pastoral","category-portada","category-primaria","category-secundaria","category-uncategorized"],"yoast_head":"<!-- This site is optimized with the Yoast SEO plugin v28.3 - https:\/\/yoast.com\/product\/yoast-seo-wordpress\/ -->\n<title>Paso de etapa de Educaci\u00f3n Primaria a Secundaria - Colegio Salesiano Alcal\u00e1<\/title>\n<meta name=\"description\" content=\"Los alumnos promocionan a educaci\u00f3n secundaria y tuvieron una Celebraci\u00f3n de la Palabra\u00a0 presidida por D. Jos\u00e9 Medina sdb.\" \/>\n<meta name=\"robots\" content=\"index, follow, max-snippet:-1, max-image-preview:large, max-video-preview:-1\" \/>\n<link rel=\"canonical\" href=\"https:\/\/alcala.salesianos.edu\/colegio\/blog\/2022\/06\/22\/pasoetapaepeso\/\" \/>\n<meta property=\"og:locale\" content=\"es_ES\" \/>\n<meta property=\"og:type\" content=\"article\" \/>\n<meta property=\"og:title\" content=\"Paso de etapa de Educaci\u00f3n Primaria a Secundaria - Colegio Salesiano Alcal\u00e1\" \/>\n<meta property=\"og:description\" content=\"Los alumnos promocionan a educaci\u00f3n secundaria y tuvieron una Celebraci\u00f3n de la Palabra\u00a0 presidida por D. Jos\u00e9 Medina sdb.\" \/>\n<meta property=\"og:url\" content=\"https:\/\/alcala.salesianos.edu\/colegio\/blog\/2022\/06\/22\/pasoetapaepeso\/\" \/>\n<meta property=\"og:site_name\" content=\"Colegio Salesiano Alcal\u00e1\" \/>\n<meta property=\"article:published_time\" content=\"2022-06-22T09:51:36+00:00\" \/>\n<meta property=\"article:modified_time\" content=\"2025-08-27T07:48:57+00:00\" \/>\n<meta property=\"og:image\" content=\"https:\/\/alcala.salesianos.edu\/colegio\/wp-content\/uploads\/sites\/2\/2022\/06\/ALCALAcoleVN2-scaled.jpg\" \/>\n\t<meta property=\"og:image:width\" content=\"1\" \/>\n\t<meta property=\"og:image:height\" content=\"1\" \/>\n\t<meta property=\"og:image:type\" content=\"image\/jpeg\" \/>\n<meta name=\"author\" content=\"Administrador Web\" \/>\n<meta name=\"twitter:card\" content=\"summary_large_image\" \/>\n<meta name=\"twitter:label1\" content=\"Escrito por\" \/>\n\t<meta name=\"twitter:data1\" content=\"Administrador Web\" \/>\n\t<meta name=\"twitter:label2\" content=\"Tiempo de lectura\" \/>\n\t<meta name=\"twitter:data2\" content=\"1 minuto\" \/>\n<script type=\"application\/ld+json\" class=\"yoast-schema-graph\">{\"@context\":\"https:\\\/\\\/schema.org\",\"@graph\":[{\"@type\":\"Article\",\"@id\":\"https:\\\/\\\/alcala.salesianos.edu\\\/colegio\\\/blog\\\/2022\\\/06\\\/22\\\/pasoetapaepeso\\\/#article\",\"isPartOf\":{\"@id\":\"https:\\\/\\\/alcala.salesianos.edu\\\/colegio\\\/blog\\\/2022\\\/06\\\/22\\\/pasoetapaepeso\\\/\"},\"author\":{\"name\":\"Administrador Web\",\"@id\":\"https:\\\/\\\/alcala.salesianos.edu\\\/colegio\\\/#\\\/schema\\\/person\\\/afcc24f776dc91fc2bf9afb0998fca77\"},\"headline\":\"Paso de etapa de Educaci\u00f3n Primaria a Secundaria\",\"datePublished\":\"2022-06-22T09:51:36+00:00\",\"dateModified\":\"2025-08-27T07:48:57+00:00\",\"mainEntityOfPage\":{\"@id\":\"https:\\\/\\\/alcala.salesianos.edu\\\/colegio\\\/blog\\\/2022\\\/06\\\/22\\\/pasoetapaepeso\\\/\"},\"wordCount\":205,\"image\":{\"@id\":\"https:\\\/\\\/alcala.salesianos.edu\\\/colegio\\\/blog\\\/2022\\\/06\\\/22\\\/pasoetapaepeso\\\/#primaryimage\"},\"thumbnailUrl\":\"https:\\\/\\\/alcala.salesianos.edu\\\/colegio\\\/wp-content\\\/uploads\\\/sites\\\/2\\\/2022\\\/06\\\/ALCALAcoleVN2-scaled.jpg\",\"articleSection\":[\"Colegio\",\"covid\",\"Escuela abierta\",\"FASA\",\"Infantil\",\"Pastoral\",\"Portada\",\"Primaria\",\"Secundaria\",\"Uncategorized\"],\"inLanguage\":\"es\"},{\"@type\":\"WebPage\",\"@id\":\"https:\\\/\\\/alcala.salesianos.edu\\\/colegio\\\/blog\\\/2022\\\/06\\\/22\\\/pasoetapaepeso\\\/\",\"url\":\"https:\\\/\\\/alcala.salesianos.edu\\\/colegio\\\/blog\\\/2022\\\/06\\\/22\\\/pasoetapaepeso\\\/\",\"name\":\"Paso de etapa de Educaci\u00f3n Primaria a Secundaria - Colegio Salesiano Alcal\u00e1\",\"isPartOf\":{\"@id\":\"https:\\\/\\\/alcala.salesianos.edu\\\/colegio\\\/#website\"},\"primaryImageOfPage\":{\"@id\":\"https:\\\/\\\/alcala.salesianos.edu\\\/colegio\\\/blog\\\/2022\\\/06\\\/22\\\/pasoetapaepeso\\\/#primaryimage\"},\"image\":{\"@id\":\"https:\\\/\\\/alcala.salesianos.edu\\\/colegio\\\/blog\\\/2022\\\/06\\\/22\\\/pasoetapaepeso\\\/#primaryimage\"},\"thumbnailUrl\":\"https:\\\/\\\/alcala.salesianos.edu\\\/colegio\\\/wp-content\\\/uploads\\\/sites\\\/2\\\/2022\\\/06\\\/ALCALAcoleVN2-scaled.jpg\",\"datePublished\":\"2022-06-22T09:51:36+00:00\",\"dateModified\":\"2025-08-27T07:48:57+00:00\",\"author\":{\"@id\":\"https:\\\/\\\/alcala.salesianos.edu\\\/colegio\\\/#\\\/schema\\\/person\\\/afcc24f776dc91fc2bf9afb0998fca77\"},\"description\":\"Los alumnos promocionan a educaci\u00f3n secundaria y tuvieron una Celebraci\u00f3n de la Palabra\u00a0 presidida por D. Jos\u00e9 Medina sdb.\",\"breadcrumb\":{\"@id\":\"https:\\\/\\\/alcala.salesianos.edu\\\/colegio\\\/blog\\\/2022\\\/06\\\/22\\\/pasoetapaepeso\\\/#breadcrumb\"},\"inLanguage\":\"es\",\"potentialAction\":[{\"@type\":\"ReadAction\",\"target\":[\"https:\\\/\\\/alcala.salesianos.edu\\\/colegio\\\/blog\\\/2022\\\/06\\\/22\\\/pasoetapaepeso\\\/\"]}]},{\"@type\":\"ImageObject\",\"inLanguage\":\"es\",\"@id\":\"https:\\\/\\\/alcala.salesianos.edu\\\/colegio\\\/blog\\\/2022\\\/06\\\/22\\\/pasoetapaepeso\\\/#primaryimage\",\"url\":\"https:\\\/\\\/alcala.salesianos.edu\\\/colegio\\\/wp-content\\\/uploads\\\/sites\\\/2\\\/2022\\\/06\\\/ALCALAcoleVN2-scaled.jpg\",\"contentUrl\":\"https:\\\/\\\/alcala.salesianos.edu\\\/colegio\\\/wp-content\\\/uploads\\\/sites\\\/2\\\/2022\\\/06\\\/ALCALAcoleVN2-scaled.jpg\"},{\"@type\":\"BreadcrumbList\",\"@id\":\"https:\\\/\\\/alcala.salesianos.edu\\\/colegio\\\/blog\\\/2022\\\/06\\\/22\\\/pasoetapaepeso\\\/#breadcrumb\",\"itemListElement\":[{\"@type\":\"ListItem\",\"position\":1,\"name\":\"Portada\",\"item\":\"https:\\\/\\\/alcala.salesianos.edu\\\/colegio\\\/\"},{\"@type\":\"ListItem\",\"position\":2,\"name\":\"Paso de etapa de Educaci\u00f3n Primaria a Secundaria\"}]},{\"@type\":\"WebSite\",\"@id\":\"https:\\\/\\\/alcala.salesianos.edu\\\/colegio\\\/#website\",\"url\":\"https:\\\/\\\/alcala.salesianos.edu\\\/colegio\\\/\",\"name\":\"Colegio Salesiano Alcal\u00e1\",\"description\":\"P\u00e1gina oficial de Salesianos Alcal\u00e1 de Guadaira\",\"potentialAction\":[{\"@type\":\"SearchAction\",\"target\":{\"@type\":\"EntryPoint\",\"urlTemplate\":\"https:\\\/\\\/alcala.salesianos.edu\\\/colegio\\\/?s={search_term_string}\"},\"query-input\":{\"@type\":\"PropertyValueSpecification\",\"valueRequired\":true,\"valueName\":\"search_term_string\"}}],\"inLanguage\":\"es\"},{\"@type\":\"Person\",\"@id\":\"https:\\\/\\\/alcala.salesianos.edu\\\/colegio\\\/#\\\/schema\\\/person\\\/afcc24f776dc91fc2bf9afb0998fca77\",\"name\":\"Administrador Web\",\"image\":{\"@type\":\"ImageObject\",\"inLanguage\":\"es\",\"@id\":\"https:\\\/\\\/secure.gravatar.com\\\/avatar\\\/bc157e994689bd6da9645c00aa3bc4d55b727915b6652642660db0aef086585f?s=96&d=mm&r=g\",\"url\":\"https:\\\/\\\/secure.gravatar.com\\\/avatar\\\/bc157e994689bd6da9645c00aa3bc4d55b727915b6652642660db0aef086585f?s=96&d=mm&r=g\",\"contentUrl\":\"https:\\\/\\\/secure.gravatar.com\\\/avatar\\\/bc157e994689bd6da9645c00aa3bc4d55b727915b6652642660db0aef086585f?s=96&d=mm&r=g\",\"caption\":\"Administrador Web\"}}]}<\/script>\n<!-- \/ Yoast SEO plugin. -->","yoast_head_json":{"title":"Paso de etapa de Educaci\u00f3n Primaria a Secundaria - Colegio Salesiano Alcal\u00e1","description":"Los alumnos promocionan a educaci\u00f3n secundaria y tuvieron una Celebraci\u00f3n de la Palabra\u00a0 presidida por D. Jos\u00e9 Medina sdb.","robots":{"index":"index","follow":"follow","max-snippet":"max-snippet:-1","max-image-preview":"max-image-preview:large","max-video-preview":"max-video-preview:-1"},"canonical":"https:\/\/alcala.salesianos.edu\/colegio\/blog\/2022\/06\/22\/pasoetapaepeso\/","og_locale":"es_ES","og_type":"article","og_title":"Paso de etapa de Educaci\u00f3n Primaria a Secundaria - Colegio Salesiano Alcal\u00e1","og_description":"Los alumnos promocionan a educaci\u00f3n secundaria y tuvieron una Celebraci\u00f3n de la Palabra\u00a0 presidida por D. Jos\u00e9 Medina sdb.","og_url":"https:\/\/alcala.salesianos.edu\/colegio\/blog\/2022\/06\/22\/pasoetapaepeso\/","og_site_name":"Colegio Salesiano Alcal\u00e1","article_published_time":"2022-06-22T09:51:36+00:00","article_modified_time":"2025-08-27T07:48:57+00:00","og_image":[{"url":"https:\/\/alcala.salesianos.edu\/colegio\/wp-content\/uploads\/sites\/2\/2022\/06\/ALCALAcoleVN2-scaled.jpg","width":1,"height":1,"type":"image\/jpeg"}],"author":"Administrador Web","twitter_card":"summary_large_image","twitter_misc":{"Escrito por":"Administrador Web","Tiempo de lectura":"1 minuto"},"schema":{"@context":"https:\/\/schema.org","@graph":[{"@type":"Article","@id":"https:\/\/alcala.salesianos.edu\/colegio\/blog\/2022\/06\/22\/pasoetapaepeso\/#article","isPartOf":{"@id":"https:\/\/alcala.salesianos.edu\/colegio\/blog\/2022\/06\/22\/pasoetapaepeso\/"},"author":{"name":"Administrador Web","@id":"https:\/\/alcala.salesianos.edu\/colegio\/#\/schema\/person\/afcc24f776dc91fc2bf9afb0998fca77"},"headline":"Paso de etapa de Educaci\u00f3n Primaria a Secundaria","datePublished":"2022-06-22T09:51:36+00:00","dateModified":"2025-08-27T07:48:57+00:00","mainEntityOfPage":{"@id":"https:\/\/alcala.salesianos.edu\/colegio\/blog\/2022\/06\/22\/pasoetapaepeso\/"},"wordCount":205,"image":{"@id":"https:\/\/alcala.salesianos.edu\/colegio\/blog\/2022\/06\/22\/pasoetapaepeso\/#primaryimage"},"thumbnailUrl":"https:\/\/alcala.salesianos.edu\/colegio\/wp-content\/uploads\/sites\/2\/2022\/06\/ALCALAcoleVN2-scaled.jpg","articleSection":["Colegio","covid","Escuela abierta","FASA","Infantil","Pastoral","Portada","Primaria","Secundaria","Uncategorized"],"inLanguage":"es"},{"@type":"WebPage","@id":"https:\/\/alcala.salesianos.edu\/colegio\/blog\/2022\/06\/22\/pasoetapaepeso\/","url":"https:\/\/alcala.salesianos.edu\/colegio\/blog\/2022\/06\/22\/pasoetapaepeso\/","name":"Paso de etapa de Educaci\u00f3n Primaria a Secundaria - Colegio Salesiano Alcal\u00e1","isPartOf":{"@id":"https:\/\/alcala.salesianos.edu\/colegio\/#website"},"primaryImageOfPage":{"@id":"https:\/\/alcala.salesianos.edu\/colegio\/blog\/2022\/06\/22\/pasoetapaepeso\/#primaryimage"},"image":{"@id":"https:\/\/alcala.salesianos.edu\/colegio\/blog\/2022\/06\/22\/pasoetapaepeso\/#primaryimage"},"thumbnailUrl":"https:\/\/alcala.salesianos.edu\/colegio\/wp-content\/uploads\/sites\/2\/2022\/06\/ALCALAcoleVN2-scaled.jpg","datePublished":"2022-06-22T09:51:36+00:00","dateModified":"2025-08-27T07:48:57+00:00","author":{"@id":"https:\/\/alcala.salesianos.edu\/colegio\/#\/schema\/person\/afcc24f776dc91fc2bf9afb0998fca77"},"description":"Los alumnos promocionan a educaci\u00f3n secundaria y tuvieron una Celebraci\u00f3n de la Palabra\u00a0 presidida por D. Jos\u00e9 Medina sdb.","breadcrumb":{"@id":"https:\/\/alcala.salesianos.edu\/colegio\/blog\/2022\/06\/22\/pasoetapaepeso\/#breadcrumb"},"inLanguage":"es","potentialAction":[{"@type":"ReadAction","target":["https:\/\/alcala.salesianos.edu\/colegio\/blog\/2022\/06\/22\/pasoetapaepeso\/"]}]},{"@type":"ImageObject","inLanguage":"es","@id":"https:\/\/alcala.salesianos.edu\/colegio\/blog\/2022\/06\/22\/pasoetapaepeso\/#primaryimage","url":"https:\/\/alcala.salesianos.edu\/colegio\/wp-content\/uploads\/sites\/2\/2022\/06\/ALCALAcoleVN2-scaled.jpg","contentUrl":"https:\/\/alcala.salesianos.edu\/colegio\/wp-content\/uploads\/sites\/2\/2022\/06\/ALCALAcoleVN2-scaled.jpg"},{"@type":"BreadcrumbList","@id":"https:\/\/alcala.salesianos.edu\/colegio\/blog\/2022\/06\/22\/pasoetapaepeso\/#breadcrumb","itemListElement":[{"@type":"ListItem","position":1,"name":"Portada","item":"https:\/\/alcala.salesianos.edu\/colegio\/"},{"@type":"ListItem","position":2,"name":"Paso de etapa de Educaci\u00f3n Primaria a Secundaria"}]},{"@type":"WebSite","@id":"https:\/\/alcala.salesianos.edu\/colegio\/#website","url":"https:\/\/alcala.salesianos.edu\/colegio\/","name":"Colegio Salesiano Alcal\u00e1","description":"P\u00e1gina oficial de Salesianos Alcal\u00e1 de Guadaira","potentialAction":[{"@type":"SearchAction","target":{"@type":"EntryPoint","urlTemplate":"https:\/\/alcala.salesianos.edu\/colegio\/?s={search_term_string}"},"query-input":{"@type":"PropertyValueSpecification","valueRequired":true,"valueName":"search_term_string"}}],"inLanguage":"es"},{"@type":"Person","@id":"https:\/\/alcala.salesianos.edu\/colegio\/#\/schema\/person\/afcc24f776dc91fc2bf9afb0998fca77","name":"Administrador Web","image":{"@type":"ImageObject","inLanguage":"es","@id":"https:\/\/secure.gravatar.com\/avatar\/bc157e994689bd6da9645c00aa3bc4d55b727915b6652642660db0aef086585f?s=96&d=mm&r=g","url":"https:\/\/secure.gravatar.com\/avatar\/bc157e994689bd6da9645c00aa3bc4d55b727915b6652642660db0aef086585f?s=96&d=mm&r=g","contentUrl":"https:\/\/secure.gravatar.com\/avatar\/bc157e994689bd6da9645c00aa3bc4d55b727915b6652642660db0aef086585f?s=96&d=mm&r=g","caption":"Administrador Web"}}]}},"_links":{"self":[{"href":"https:\/\/alcala.salesianos.edu\/colegio\/wp-json\/wp\/v2\/posts\/14748","targetHints":{"allow":["GET"]}}],"collection":[{"href":"https:\/\/alcala.salesianos.edu\/colegio\/wp-json\/wp\/v2\/posts"}],"about":[{"href":"https:\/\/alcala.salesianos.edu\/colegio\/wp-json\/wp\/v2\/types\/post"}],"author":[{"embeddable":true,"href":"https:\/\/alcala.salesianos.edu\/colegio\/wp-json\/wp\/v2\/users\/2"}],"replies":[{"embeddable":true,"href":"https:\/\/alcala.salesianos.edu\/colegio\/wp-json\/wp\/v2\/comments?post=14748"}],"version-history":[{"count":1,"href":"https:\/\/alcala.salesianos.edu\/colegio\/wp-json\/wp\/v2\/posts\/14748\/revisions"}],"predecessor-version":[{"id":16645,"href":"https:\/\/alcala.salesianos.edu\/colegio\/wp-json\/wp\/v2\/posts\/14748\/revisions\/16645"}],"wp:featuredmedia":[{"embeddable":true,"href":"https:\/\/alcala.salesianos.edu\/colegio\/wp-json\/wp\/v2\/media\/14749"}],"wp:attachment":[{"href":"https:\/\/alcala.salesianos.edu\/colegio\/wp-json\/wp\/v2\/media?parent=14748"}],"wp:term":[{"taxonomy":"category","embeddable":true,"href":"https:\/\/alcala.salesianos.edu\/colegio\/wp-json\/wp\/v2\/categories?post=14748"},{"taxonomy":"post_tag","embeddable":true,"href":"https:\/\/alcala.salesianos.edu\/colegio\/wp-json\/wp\/v2\/tags?post=14748"}],"curies":[{"name":"wp","href":"https:\/\/api.w.org\/{rel}","templated":true}]}}