{"id":14676,"date":"2022-05-16T21:59:14","date_gmt":"2022-05-16T20:59:14","guid":{"rendered":"https:\/\/alcala.salesianos.edu\/colegio\/blog\/2022\/05\/16\/programa-maria-auxiliadora-2022\/"},"modified":"2025-08-27T08:49:03","modified_gmt":"2025-08-27T07:49:03","slug":"programa-maria-auxiliadora-2022","status":"publish","type":"post","link":"https:\/\/alcala.salesianos.edu\/colegio\/blog\/2022\/05\/16\/programa-maria-auxiliadora-2022\/","title":{"rendered":"Programa Mar\u00eda Auxiliadora 2022"},"content":{"rendered":"<div id=\"fb-root\"><\/div>\n<p>[et_pb_section fb_built=\u00bb1&#8243; admin_label=\u00bbsection\u00bb _builder_version=\u00bb4.16&#8243; global_colors_info=\u00bb{}\u00bb][et_pb_row admin_label=\u00bbrow\u00bb _builder_version=\u00bb4.16&#8243; background_size=\u00bbinitial\u00bb background_position=\u00bbtop_left\u00bb background_repeat=\u00bbrepeat\u00bb global_colors_info=\u00bb{}\u00bb][et_pb_column type=\u00bb4_4&#8243; _builder_version=\u00bb4.16&#8243; custom_padding=\u00bb|||\u00bb global_colors_info=\u00bb{}\u00bb custom_padding__hover=\u00bb|||\u00bb][et_pb_text _builder_version=\u00bb4.17.3&#8243; _module_preset=\u00bbdefault\u00bb text_orientation=\u00bbjustified\u00bb hover_enabled=\u00bb0&#8243; sticky_enabled=\u00bb0&#8243;]<\/p>\n<p style=\"text-align: center;\"><strong>Programa Mar\u00eda Auxiliadora 2022<\/strong><\/p>\n<p>Nos encontramos en el ecuador del mes de mayo, mes de nuestra madre, momento de celebraci\u00f3n en comunidad, comienzo de la novena.<\/p>\n<p>Tras la celebraci\u00f3n del d\u00eda de Santo Domingo Savio, dieron comienzo numerosas actividades desarrolladas, todas, en honor a la festividad de nuestra madre. Cultura, educaci\u00f3n, deporte, teatro, son diversas las disciplinas desde las que celebrar la festividad de la virgen.<\/p>\n<p>Durante este tiempo viviremos momentos que se mantendr\u00e1n siempre para el recuerdo. La casa acoge una exposici\u00f3n sobre Guti\u00e9rrez de Alba en el teatro, un acontecimiento que ser\u00e1 protagonista de diferentes visitas guiadas de otros colegios a cargo de su comisario.<\/p>\n<p>Adem\u00e1s de las eucarist\u00edas dominicales de la Familia Salesiana animadas por los diferentes grupos, viviremos una entra\u00f1able y conmovedora novena en honor a Mar\u00eda Auxiliadora. Los primeros d\u00edas de \u00e9sta celebrar\u00e1 D. Francisco Javier Criado, p\u00e1rroco de nuestra querida y vecina parroquia de la Inmaculada, en su segundo triduo, D. Fernando B\u00e1\u00f1ez SDB, Consejero Inspectorial ser\u00e1 el encargado de celebrar el testimonio del amor a nuestra madre, terminando la novena en su \u00faltimo ciclo, desde nuestro patio, D. Juan Manuel Melgar SDB, \u00faltimo director titular de esta casa y miembro de la actual comunidad salesiana de Huelva.<\/p>\n<p>El triduo escolar tendr\u00e1 lugar durante los d\u00edas 19, 20 y 23, siendo este \u00faltimo la ofrenda floral a la Virgen. Durante estos d\u00edas en el colegio se desarrollar\u00e1n diferentes actividades en las etapas de infantil, primaria y secundaria, viviendo concurso de carteles, cuentacuentos, cine, educaci\u00f3n vial, teatro, altares en las aulas, e incluso, desde secundaria, una visita a la exposici\u00f3n \u201cPinceladas de Gloria\u201d, en el consejo de hermandades y cofrad\u00edas de nuestra ciudad.<\/p>\n<p>La divulgaci\u00f3n de la devoci\u00f3n a la Virgen Auxiliadora es algo por lo que la casa apuesta desde siempre, en estas fiestas, en los d\u00edas 18, 24 y 29, tendremos la presencia en la telecomunicaci\u00f3n a trav\u00e9s de \u201cEl Podcast de Don Bosco\u201d, una brillante oportunidad de poder compartir con las dem\u00e1s casas salesianas nuestra devoci\u00f3n y forma de querer a Mar\u00eda.<\/p>\n<p>Cabe destacar la importante labor social que desarrolla nuestra casa durante todo el a\u00f1o, esta labor, durante la festividad de la Auxiliadora, ir\u00e1 dedicada \u00edntegramente a la ayuda al conflicto ucraniano, a trav\u00e9s de una campa\u00f1a solidaria de recogida de alimentos en colaboraci\u00f3n con nuestros hermanos de la Iglesia ucraniana.<\/p>\n<p>Por \u00faltimo, llega el momento esperado despu\u00e9s de dos a\u00f1os, el d\u00eda 24. Un d\u00eda marcado en nuestro calendario cada mes, pero que en mayo adquiere una importancia caracter\u00edstica. El d\u00eda comenzar\u00e1 con los alumnos celebrando en uni\u00f3n a trav\u00e9s de la eucarist\u00eda a las 9:00h, con la posterior tradicional Caravana de la Alegr\u00eda por las calles de nuestro pueblo. Tras estas celebraciones, el deporte y la uni\u00f3n en el patio, al m\u00e1s puro estilo salesiano, ser\u00e1n los protagonistas de juegos y talleres que se desarrollar\u00e1n en el patio del colegio.<\/p>\n<p>El d\u00eda tendr\u00e1 como colof\u00f3n la procesi\u00f3n en honor a nuestra madre, momento culmen en el que, Domingo Savio, Don Bosco y la Auxiliadora recorrer\u00e1n las calles de Alcal\u00e1 en gloriosa procesi\u00f3n con todos los miembros de la Familia Salesiana. Para terminar la semana, Don Bosco se har\u00e1 presente entre los j\u00f3venes, a trav\u00e9s del don m\u00e1s preciado que Dios nos regala cada d\u00eda, el Esp\u00edritu Santo, con la confirmaci\u00f3n de nuestros j\u00f3venes de ADS IV el viernes 27 en el patio del colegio.<\/p>\n<p>Esperamos que toda Alcal\u00e1 se sienta part\u00edcipe de estas celebraciones que, con fervor y cari\u00f1o, la casa salesiana dispone a todos cada mes de mayo, este con car\u00e1cter m\u00e1s especial a\u00fan si cabe.<\/p>\n<p>&nbsp;<\/p>\n<p>[\/et_pb_text][\/et_pb_column][\/et_pb_row][\/et_pb_section]<\/p>\n","protected":false},"excerpt":{"rendered":"<p>Nos encontramos en el ecuador del mes de mayo, mes de nuestra madre, momento de celebraci\u00f3n en comunidad, comienzo de la novena.<\/p>\n","protected":false},"author":2,"featured_media":0,"comment_status":"closed","ping_status":"open","sticky":false,"template":"","format":"standard","meta":{"_et_pb_use_builder":"on","_et_pb_old_content":"","_et_gb_content_width":"","footnotes":""},"categories":[12,23,19,13,17,14,15,18,16,1],"tags":[],"class_list":["post-14676","post","type-post","status-publish","format-standard","hentry","category-colegio","category-covid","category-escuela-abierta","category-fasa","category-infantil","category-pastoral","category-portada","category-primaria","category-secundaria","category-uncategorized"],"yoast_head":"<!-- This site is optimized with the Yoast SEO plugin v28.3 - https:\/\/yoast.com\/product\/yoast-seo-wordpress\/ -->\n<title>Programa Mar\u00eda Auxiliadora 2022 - Colegio Salesiano Alcal\u00e1<\/title>\n<meta name=\"description\" content=\"Nos encontramos en el ecuador del mes de mayo, mes de nuestra madre, momento de celebraci\u00f3n en comunidad, comienzo de la novena.\" \/>\n<meta name=\"robots\" content=\"index, follow, max-snippet:-1, max-image-preview:large, max-video-preview:-1\" \/>\n<link rel=\"canonical\" href=\"https:\/\/alcala.salesianos.edu\/colegio\/blog\/2022\/05\/16\/programa-maria-auxiliadora-2022\/\" \/>\n<meta property=\"og:locale\" content=\"es_ES\" \/>\n<meta property=\"og:type\" content=\"article\" \/>\n<meta property=\"og:title\" content=\"Programa Mar\u00eda Auxiliadora 2022 - Colegio Salesiano Alcal\u00e1\" \/>\n<meta property=\"og:description\" content=\"Nos encontramos en el ecuador del mes de mayo, mes de nuestra madre, momento de celebraci\u00f3n en comunidad, comienzo de la novena.\" \/>\n<meta property=\"og:url\" content=\"https:\/\/alcala.salesianos.edu\/colegio\/blog\/2022\/05\/16\/programa-maria-auxiliadora-2022\/\" \/>\n<meta property=\"og:site_name\" content=\"Colegio Salesiano Alcal\u00e1\" \/>\n<meta property=\"article:published_time\" content=\"2022-05-16T20:59:14+00:00\" \/>\n<meta property=\"article:modified_time\" content=\"2025-08-27T07:49:03+00:00\" \/>\n<meta name=\"author\" content=\"Administrador Web\" \/>\n<meta name=\"twitter:card\" content=\"summary_large_image\" \/>\n<meta name=\"twitter:label1\" content=\"Escrito por\" \/>\n\t<meta name=\"twitter:data1\" content=\"Administrador Web\" \/>\n\t<meta name=\"twitter:label2\" content=\"Tiempo de lectura\" \/>\n\t<meta name=\"twitter:data2\" content=\"4 minutos\" \/>\n<script type=\"application\/ld+json\" class=\"yoast-schema-graph\">{\"@context\":\"https:\\\/\\\/schema.org\",\"@graph\":[{\"@type\":\"Article\",\"@id\":\"https:\\\/\\\/alcala.salesianos.edu\\\/colegio\\\/blog\\\/2022\\\/05\\\/16\\\/programa-maria-auxiliadora-2022\\\/#article\",\"isPartOf\":{\"@id\":\"https:\\\/\\\/alcala.salesianos.edu\\\/colegio\\\/blog\\\/2022\\\/05\\\/16\\\/programa-maria-auxiliadora-2022\\\/\"},\"author\":{\"name\":\"Administrador Web\",\"@id\":\"https:\\\/\\\/alcala.salesianos.edu\\\/colegio\\\/#\\\/schema\\\/person\\\/afcc24f776dc91fc2bf9afb0998fca77\"},\"headline\":\"Programa Mar\u00eda Auxiliadora 2022\",\"datePublished\":\"2022-05-16T20:59:14+00:00\",\"dateModified\":\"2025-08-27T07:49:03+00:00\",\"mainEntityOfPage\":{\"@id\":\"https:\\\/\\\/alcala.salesianos.edu\\\/colegio\\\/blog\\\/2022\\\/05\\\/16\\\/programa-maria-auxiliadora-2022\\\/\"},\"wordCount\":733,\"articleSection\":[\"Colegio\",\"covid\",\"Escuela abierta\",\"FASA\",\"Infantil\",\"Pastoral\",\"Portada\",\"Primaria\",\"Secundaria\",\"Uncategorized\"],\"inLanguage\":\"es\"},{\"@type\":\"WebPage\",\"@id\":\"https:\\\/\\\/alcala.salesianos.edu\\\/colegio\\\/blog\\\/2022\\\/05\\\/16\\\/programa-maria-auxiliadora-2022\\\/\",\"url\":\"https:\\\/\\\/alcala.salesianos.edu\\\/colegio\\\/blog\\\/2022\\\/05\\\/16\\\/programa-maria-auxiliadora-2022\\\/\",\"name\":\"Programa Mar\u00eda Auxiliadora 2022 - Colegio Salesiano Alcal\u00e1\",\"isPartOf\":{\"@id\":\"https:\\\/\\\/alcala.salesianos.edu\\\/colegio\\\/#website\"},\"datePublished\":\"2022-05-16T20:59:14+00:00\",\"dateModified\":\"2025-08-27T07:49:03+00:00\",\"author\":{\"@id\":\"https:\\\/\\\/alcala.salesianos.edu\\\/colegio\\\/#\\\/schema\\\/person\\\/afcc24f776dc91fc2bf9afb0998fca77\"},\"description\":\"Nos encontramos en el ecuador del mes de mayo, mes de nuestra madre, momento de celebraci\u00f3n en comunidad, comienzo de la novena.\",\"breadcrumb\":{\"@id\":\"https:\\\/\\\/alcala.salesianos.edu\\\/colegio\\\/blog\\\/2022\\\/05\\\/16\\\/programa-maria-auxiliadora-2022\\\/#breadcrumb\"},\"inLanguage\":\"es\",\"potentialAction\":[{\"@type\":\"ReadAction\",\"target\":[\"https:\\\/\\\/alcala.salesianos.edu\\\/colegio\\\/blog\\\/2022\\\/05\\\/16\\\/programa-maria-auxiliadora-2022\\\/\"]}]},{\"@type\":\"BreadcrumbList\",\"@id\":\"https:\\\/\\\/alcala.salesianos.edu\\\/colegio\\\/blog\\\/2022\\\/05\\\/16\\\/programa-maria-auxiliadora-2022\\\/#breadcrumb\",\"itemListElement\":[{\"@type\":\"ListItem\",\"position\":1,\"name\":\"Portada\",\"item\":\"https:\\\/\\\/alcala.salesianos.edu\\\/colegio\\\/\"},{\"@type\":\"ListItem\",\"position\":2,\"name\":\"Programa Mar\u00eda Auxiliadora 2022\"}]},{\"@type\":\"WebSite\",\"@id\":\"https:\\\/\\\/alcala.salesianos.edu\\\/colegio\\\/#website\",\"url\":\"https:\\\/\\\/alcala.salesianos.edu\\\/colegio\\\/\",\"name\":\"Colegio Salesiano Alcal\u00e1\",\"description\":\"P\u00e1gina oficial de Salesianos Alcal\u00e1 de Guadaira\",\"potentialAction\":[{\"@type\":\"SearchAction\",\"target\":{\"@type\":\"EntryPoint\",\"urlTemplate\":\"https:\\\/\\\/alcala.salesianos.edu\\\/colegio\\\/?s={search_term_string}\"},\"query-input\":{\"@type\":\"PropertyValueSpecification\",\"valueRequired\":true,\"valueName\":\"search_term_string\"}}],\"inLanguage\":\"es\"},{\"@type\":\"Person\",\"@id\":\"https:\\\/\\\/alcala.salesianos.edu\\\/colegio\\\/#\\\/schema\\\/person\\\/afcc24f776dc91fc2bf9afb0998fca77\",\"name\":\"Administrador Web\",\"image\":{\"@type\":\"ImageObject\",\"inLanguage\":\"es\",\"@id\":\"https:\\\/\\\/secure.gravatar.com\\\/avatar\\\/bc157e994689bd6da9645c00aa3bc4d55b727915b6652642660db0aef086585f?s=96&d=mm&r=g\",\"url\":\"https:\\\/\\\/secure.gravatar.com\\\/avatar\\\/bc157e994689bd6da9645c00aa3bc4d55b727915b6652642660db0aef086585f?s=96&d=mm&r=g\",\"contentUrl\":\"https:\\\/\\\/secure.gravatar.com\\\/avatar\\\/bc157e994689bd6da9645c00aa3bc4d55b727915b6652642660db0aef086585f?s=96&d=mm&r=g\",\"caption\":\"Administrador Web\"}}]}<\/script>\n<!-- \/ Yoast SEO plugin. -->","yoast_head_json":{"title":"Programa Mar\u00eda Auxiliadora 2022 - Colegio Salesiano Alcal\u00e1","description":"Nos encontramos en el ecuador del mes de mayo, mes de nuestra madre, momento de celebraci\u00f3n en comunidad, comienzo de la novena.","robots":{"index":"index","follow":"follow","max-snippet":"max-snippet:-1","max-image-preview":"max-image-preview:large","max-video-preview":"max-video-preview:-1"},"canonical":"https:\/\/alcala.salesianos.edu\/colegio\/blog\/2022\/05\/16\/programa-maria-auxiliadora-2022\/","og_locale":"es_ES","og_type":"article","og_title":"Programa Mar\u00eda Auxiliadora 2022 - Colegio Salesiano Alcal\u00e1","og_description":"Nos encontramos en el ecuador del mes de mayo, mes de nuestra madre, momento de celebraci\u00f3n en comunidad, comienzo de la novena.","og_url":"https:\/\/alcala.salesianos.edu\/colegio\/blog\/2022\/05\/16\/programa-maria-auxiliadora-2022\/","og_site_name":"Colegio Salesiano Alcal\u00e1","article_published_time":"2022-05-16T20:59:14+00:00","article_modified_time":"2025-08-27T07:49:03+00:00","author":"Administrador Web","twitter_card":"summary_large_image","twitter_misc":{"Escrito por":"Administrador Web","Tiempo de lectura":"4 minutos"},"schema":{"@context":"https:\/\/schema.org","@graph":[{"@type":"Article","@id":"https:\/\/alcala.salesianos.edu\/colegio\/blog\/2022\/05\/16\/programa-maria-auxiliadora-2022\/#article","isPartOf":{"@id":"https:\/\/alcala.salesianos.edu\/colegio\/blog\/2022\/05\/16\/programa-maria-auxiliadora-2022\/"},"author":{"name":"Administrador Web","@id":"https:\/\/alcala.salesianos.edu\/colegio\/#\/schema\/person\/afcc24f776dc91fc2bf9afb0998fca77"},"headline":"Programa Mar\u00eda Auxiliadora 2022","datePublished":"2022-05-16T20:59:14+00:00","dateModified":"2025-08-27T07:49:03+00:00","mainEntityOfPage":{"@id":"https:\/\/alcala.salesianos.edu\/colegio\/blog\/2022\/05\/16\/programa-maria-auxiliadora-2022\/"},"wordCount":733,"articleSection":["Colegio","covid","Escuela abierta","FASA","Infantil","Pastoral","Portada","Primaria","Secundaria","Uncategorized"],"inLanguage":"es"},{"@type":"WebPage","@id":"https:\/\/alcala.salesianos.edu\/colegio\/blog\/2022\/05\/16\/programa-maria-auxiliadora-2022\/","url":"https:\/\/alcala.salesianos.edu\/colegio\/blog\/2022\/05\/16\/programa-maria-auxiliadora-2022\/","name":"Programa Mar\u00eda Auxiliadora 2022 - Colegio Salesiano Alcal\u00e1","isPartOf":{"@id":"https:\/\/alcala.salesianos.edu\/colegio\/#website"},"datePublished":"2022-05-16T20:59:14+00:00","dateModified":"2025-08-27T07:49:03+00:00","author":{"@id":"https:\/\/alcala.salesianos.edu\/colegio\/#\/schema\/person\/afcc24f776dc91fc2bf9afb0998fca77"},"description":"Nos encontramos en el ecuador del mes de mayo, mes de nuestra madre, momento de celebraci\u00f3n en comunidad, comienzo de la novena.","breadcrumb":{"@id":"https:\/\/alcala.salesianos.edu\/colegio\/blog\/2022\/05\/16\/programa-maria-auxiliadora-2022\/#breadcrumb"},"inLanguage":"es","potentialAction":[{"@type":"ReadAction","target":["https:\/\/alcala.salesianos.edu\/colegio\/blog\/2022\/05\/16\/programa-maria-auxiliadora-2022\/"]}]},{"@type":"BreadcrumbList","@id":"https:\/\/alcala.salesianos.edu\/colegio\/blog\/2022\/05\/16\/programa-maria-auxiliadora-2022\/#breadcrumb","itemListElement":[{"@type":"ListItem","position":1,"name":"Portada","item":"https:\/\/alcala.salesianos.edu\/colegio\/"},{"@type":"ListItem","position":2,"name":"Programa Mar\u00eda Auxiliadora 2022"}]},{"@type":"WebSite","@id":"https:\/\/alcala.salesianos.edu\/colegio\/#website","url":"https:\/\/alcala.salesianos.edu\/colegio\/","name":"Colegio Salesiano Alcal\u00e1","description":"P\u00e1gina oficial de Salesianos Alcal\u00e1 de Guadaira","potentialAction":[{"@type":"SearchAction","target":{"@type":"EntryPoint","urlTemplate":"https:\/\/alcala.salesianos.edu\/colegio\/?s={search_term_string}"},"query-input":{"@type":"PropertyValueSpecification","valueRequired":true,"valueName":"search_term_string"}}],"inLanguage":"es"},{"@type":"Person","@id":"https:\/\/alcala.salesianos.edu\/colegio\/#\/schema\/person\/afcc24f776dc91fc2bf9afb0998fca77","name":"Administrador Web","image":{"@type":"ImageObject","inLanguage":"es","@id":"https:\/\/secure.gravatar.com\/avatar\/bc157e994689bd6da9645c00aa3bc4d55b727915b6652642660db0aef086585f?s=96&d=mm&r=g","url":"https:\/\/secure.gravatar.com\/avatar\/bc157e994689bd6da9645c00aa3bc4d55b727915b6652642660db0aef086585f?s=96&d=mm&r=g","contentUrl":"https:\/\/secure.gravatar.com\/avatar\/bc157e994689bd6da9645c00aa3bc4d55b727915b6652642660db0aef086585f?s=96&d=mm&r=g","caption":"Administrador Web"}}]}},"_links":{"self":[{"href":"https:\/\/alcala.salesianos.edu\/colegio\/wp-json\/wp\/v2\/posts\/14676","targetHints":{"allow":["GET"]}}],"collection":[{"href":"https:\/\/alcala.salesianos.edu\/colegio\/wp-json\/wp\/v2\/posts"}],"about":[{"href":"https:\/\/alcala.salesianos.edu\/colegio\/wp-json\/wp\/v2\/types\/post"}],"author":[{"embeddable":true,"href":"https:\/\/alcala.salesianos.edu\/colegio\/wp-json\/wp\/v2\/users\/2"}],"replies":[{"embeddable":true,"href":"https:\/\/alcala.salesianos.edu\/colegio\/wp-json\/wp\/v2\/comments?post=14676"}],"version-history":[{"count":1,"href":"https:\/\/alcala.salesianos.edu\/colegio\/wp-json\/wp\/v2\/posts\/14676\/revisions"}],"predecessor-version":[{"id":16649,"href":"https:\/\/alcala.salesianos.edu\/colegio\/wp-json\/wp\/v2\/posts\/14676\/revisions\/16649"}],"wp:attachment":[{"href":"https:\/\/alcala.salesianos.edu\/colegio\/wp-json\/wp\/v2\/media?parent=14676"}],"wp:term":[{"taxonomy":"category","embeddable":true,"href":"https:\/\/alcala.salesianos.edu\/colegio\/wp-json\/wp\/v2\/categories?post=14676"},{"taxonomy":"post_tag","embeddable":true,"href":"https:\/\/alcala.salesianos.edu\/colegio\/wp-json\/wp\/v2\/tags?post=14676"}],"curies":[{"name":"wp","href":"https:\/\/api.w.org\/{rel}","templated":true}]}}