{"id":14674,"date":"2022-05-16T14:52:08","date_gmt":"2022-05-16T13:52:08","guid":{"rendered":"https:\/\/alcala.salesianos.edu\/colegio\/blog\/2022\/05\/16\/feria-ciencia\/"},"modified":"2025-08-27T08:49:04","modified_gmt":"2025-08-27T07:49:04","slug":"feria-ciencia","status":"publish","type":"post","link":"https:\/\/alcala.salesianos.edu\/colegio\/blog\/2022\/05\/16\/feria-ciencia\/","title":{"rendered":"Salesianos Alcal\u00e1 en la XX Feria de la Ciencia de Sevilla"},"content":{"rendered":"<div id=\"fb-root\"><\/div>\n<p>[et_pb_section fb_built=\u00bb1&#8243; admin_label=\u00bbsection\u00bb _builder_version=\u00bb4.16&#8243; global_colors_info=\u00bb{}\u00bb][et_pb_row admin_label=\u00bbrow\u00bb _builder_version=\u00bb4.16&#8243; background_size=\u00bbinitial\u00bb background_position=\u00bbtop_left\u00bb background_repeat=\u00bbrepeat\u00bb global_colors_info=\u00bb{}\u00bb][et_pb_column type=\u00bb4_4&#8243; _builder_version=\u00bb4.16&#8243; custom_padding=\u00bb|||\u00bb global_colors_info=\u00bb{}\u00bb custom_padding__hover=\u00bb|||\u00bb][et_pb_text _builder_version=\u00bb4.17.3&#8243; _module_preset=\u00bbdefault\u00bb text_orientation=\u00bbjustified\u00bb hover_enabled=\u00bb0&#8243; sticky_enabled=\u00bb0&#8243;]<\/p>\n<p style=\"text-align: center;\"><strong>Salesianos Alcal\u00e1 en la XX Feria de la Ciencia de Sevilla<\/strong><\/p>\n<p>Los alumnos de Biolog\u00eda de 4\u00baESO de nuestra Casa han participado en la XX Feria de la Ciencia de Sevilla, con un stand titulado \u201cUn mundo\u2026, \u00bfideal?\u201d en el que han mostrado las caracter\u00edsticas de los planetas del Sistema Solar, en especial de Marte, concluyendo en la necesidad de contribuir eficazmente a salvar nuestro planeta.<\/p>\n<p>A trav\u00e9s de diversos juegos y explicaciones, los alumnos han hecho de verdaderos divulgadores cient\u00edficos, transmitiendo a ni\u00f1os y a grandes, la importancia de tomar medidas que contribuyan a evitar el desastre clim\u00e1tico, ya que \u201cno hay plan B\u201d.<\/p>\n<p>En estos dos d\u00edas de feria en el que ha participado nuestro Centro, han sido cientos los visitantes que han pasado por el stand, llev\u00e1ndose una grata experiencia.<\/p>\n<p>En Salesianos Alcal\u00e1 venimos apostando desde hace a\u00f1os por promover y trabajar la Ciencia desde nuestras aulas, pero tambi\u00e9n en actividades externas de este tipo, que contribuyan a enriquecer el proceso de aprendizaje de nuestros alumnos.<\/p>\n<p>As\u00ed miraba Don Bosco por sus j\u00f3venes, emprendedores y trabajadores que apuesten por un estudio que ayude a los dem\u00e1s, con el servicio por bandera, esta ocasi\u00f3n es un claro ejemplo de ello, mostrando cercan\u00eda por los dem\u00e1s j\u00f3venes compartiendo conocimientos y estudios realizados.<\/p>\n<p>[\/et_pb_text][\/et_pb_column][\/et_pb_row][et_pb_row _builder_version=\u00bb4.17.3&#8243; _module_preset=\u00bbdefault\u00bb column_structure=\u00bb1_4,1_4,1_4,1_4&#8243;][et_pb_column _builder_version=\u00bb4.17.3&#8243; _module_preset=\u00bbdefault\u00bb type=\u00bb1_4&#8243;][et_pb_image _builder_version=\u00bb4.17.3&#8243; _module_preset=\u00bbdefault\u00bb title_text=\u00bb8298629a-eae9-499e-aef3-45823a118471&#8243; src=\u00bbhttps:\/\/alcala.salesianos.edu\/wp-content\/uploads\/2022\/05\/8298629a-eae9-499e-aef3-45823a118471.jpg\u00bb hover_enabled=\u00bb0&#8243; sticky_enabled=\u00bb0&#8243;][\/et_pb_image][\/et_pb_column][et_pb_column _builder_version=\u00bb4.17.3&#8243; _module_preset=\u00bbdefault\u00bb type=\u00bb1_4&#8243;][et_pb_image _builder_version=\u00bb4.17.3&#8243; _module_preset=\u00bbdefault\u00bb title_text=\u00bbed0e8cf4-5b00-4ee7-8157-20563a8e8e98&#8243; src=\u00bbhttps:\/\/alcala.salesianos.edu\/wp-content\/uploads\/2022\/05\/ed0e8cf4-5b00-4ee7-8157-20563a8e8e98.jpg\u00bb hover_enabled=\u00bb0&#8243; sticky_enabled=\u00bb0&#8243;][\/et_pb_image][\/et_pb_column][et_pb_column _builder_version=\u00bb4.17.3&#8243; _module_preset=\u00bbdefault\u00bb type=\u00bb1_4&#8243;][et_pb_image _builder_version=\u00bb4.17.3&#8243; _module_preset=\u00bbdefault\u00bb title_text=\u00bbfdfb9693-f985-44b8-af14-b8e28ee5452c\u00bb src=\u00bbhttps:\/\/alcala.salesianos.edu\/wp-content\/uploads\/2022\/05\/fdfb9693-f985-44b8-af14-b8e28ee5452c.jpg\u00bb hover_enabled=\u00bb0&#8243; sticky_enabled=\u00bb0&#8243;][\/et_pb_image][\/et_pb_column][et_pb_column _builder_version=\u00bb4.17.3&#8243; _module_preset=\u00bbdefault\u00bb type=\u00bb1_4&#8243;][et_pb_image _builder_version=\u00bb4.17.3&#8243; _module_preset=\u00bbdefault\u00bb title_text=\u00bb22dbf62e-aa24-4ee4-8c72-0d1f4e140eee\u00bb src=\u00bbhttps:\/\/alcala.salesianos.edu\/wp-content\/uploads\/2022\/05\/22dbf62e-aa24-4ee4-8c72-0d1f4e140eee.jpg\u00bb hover_enabled=\u00bb0&#8243; sticky_enabled=\u00bb0&#8243;][\/et_pb_image][\/et_pb_column][\/et_pb_row][\/et_pb_section]<\/p>\n","protected":false},"excerpt":{"rendered":"<p>Los alumnos de Biolog\u00eda de 4\u00baESO de nuestra Casa han participado en la XX Feria de la Ciencia de Sevilla, con un stand titulado \u201cUn mundo\u2026, \u00bfideal?\u201d en el que han mostrado las caracter\u00edsticas de los planetas del Sistema Solar.<\/p>\n","protected":false},"author":2,"featured_media":0,"comment_status":"closed","ping_status":"open","sticky":false,"template":"","format":"standard","meta":{"_et_pb_use_builder":"on","_et_pb_old_content":"","_et_gb_content_width":"","footnotes":""},"categories":[12,23,13,14,15,16,1],"tags":[],"class_list":["post-14674","post","type-post","status-publish","format-standard","hentry","category-colegio","category-covid","category-fasa","category-pastoral","category-portada","category-secundaria","category-uncategorized"],"yoast_head":"<!-- This site is optimized with the Yoast SEO plugin v28.3 - https:\/\/yoast.com\/product\/yoast-seo-wordpress\/ -->\n<title>Salesianos Alcal\u00e1 en la XX Feria de la Ciencia de Sevilla - Colegio Salesiano Alcal\u00e1<\/title>\n<meta name=\"description\" content=\"Los alumnos de Biolog\u00eda de 4\u00baESO de nuestra Casa han participado en la XX Feria de la Ciencia de Sevilla.\" \/>\n<meta name=\"robots\" content=\"index, follow, max-snippet:-1, max-image-preview:large, max-video-preview:-1\" \/>\n<link rel=\"canonical\" href=\"https:\/\/alcala.salesianos.edu\/colegio\/blog\/2022\/05\/16\/feria-ciencia\/\" \/>\n<meta property=\"og:locale\" content=\"es_ES\" \/>\n<meta property=\"og:type\" content=\"article\" \/>\n<meta property=\"og:title\" content=\"Salesianos Alcal\u00e1 en la XX Feria de la Ciencia de Sevilla - Colegio Salesiano Alcal\u00e1\" \/>\n<meta property=\"og:description\" content=\"Los alumnos de Biolog\u00eda de 4\u00baESO de nuestra Casa han participado en la XX Feria de la Ciencia de Sevilla.\" \/>\n<meta property=\"og:url\" content=\"https:\/\/alcala.salesianos.edu\/colegio\/blog\/2022\/05\/16\/feria-ciencia\/\" \/>\n<meta property=\"og:site_name\" content=\"Colegio Salesiano Alcal\u00e1\" \/>\n<meta property=\"article:published_time\" content=\"2022-05-16T13:52:08+00:00\" \/>\n<meta property=\"article:modified_time\" content=\"2025-08-27T07:49:04+00:00\" \/>\n<meta name=\"author\" content=\"Administrador Web\" \/>\n<meta name=\"twitter:card\" content=\"summary_large_image\" \/>\n<meta name=\"twitter:label1\" content=\"Escrito por\" \/>\n\t<meta name=\"twitter:data1\" content=\"Administrador Web\" \/>\n\t<meta name=\"twitter:label2\" content=\"Tiempo de lectura\" \/>\n\t<meta name=\"twitter:data2\" content=\"3 minutos\" \/>\n<script type=\"application\/ld+json\" class=\"yoast-schema-graph\">{\"@context\":\"https:\\\/\\\/schema.org\",\"@graph\":[{\"@type\":\"Article\",\"@id\":\"https:\\\/\\\/alcala.salesianos.edu\\\/colegio\\\/blog\\\/2022\\\/05\\\/16\\\/feria-ciencia\\\/#article\",\"isPartOf\":{\"@id\":\"https:\\\/\\\/alcala.salesianos.edu\\\/colegio\\\/blog\\\/2022\\\/05\\\/16\\\/feria-ciencia\\\/\"},\"author\":{\"name\":\"Administrador Web\",\"@id\":\"https:\\\/\\\/alcala.salesianos.edu\\\/colegio\\\/#\\\/schema\\\/person\\\/afcc24f776dc91fc2bf9afb0998fca77\"},\"headline\":\"Salesianos Alcal\u00e1 en la XX Feria de la Ciencia de Sevilla\",\"datePublished\":\"2022-05-16T13:52:08+00:00\",\"dateModified\":\"2025-08-27T07:49:04+00:00\",\"mainEntityOfPage\":{\"@id\":\"https:\\\/\\\/alcala.salesianos.edu\\\/colegio\\\/blog\\\/2022\\\/05\\\/16\\\/feria-ciencia\\\/\"},\"wordCount\":550,\"articleSection\":[\"Colegio\",\"covid\",\"FASA\",\"Pastoral\",\"Portada\",\"Secundaria\",\"Uncategorized\"],\"inLanguage\":\"es\"},{\"@type\":\"WebPage\",\"@id\":\"https:\\\/\\\/alcala.salesianos.edu\\\/colegio\\\/blog\\\/2022\\\/05\\\/16\\\/feria-ciencia\\\/\",\"url\":\"https:\\\/\\\/alcala.salesianos.edu\\\/colegio\\\/blog\\\/2022\\\/05\\\/16\\\/feria-ciencia\\\/\",\"name\":\"Salesianos Alcal\u00e1 en la XX Feria de la Ciencia de Sevilla - Colegio Salesiano Alcal\u00e1\",\"isPartOf\":{\"@id\":\"https:\\\/\\\/alcala.salesianos.edu\\\/colegio\\\/#website\"},\"datePublished\":\"2022-05-16T13:52:08+00:00\",\"dateModified\":\"2025-08-27T07:49:04+00:00\",\"author\":{\"@id\":\"https:\\\/\\\/alcala.salesianos.edu\\\/colegio\\\/#\\\/schema\\\/person\\\/afcc24f776dc91fc2bf9afb0998fca77\"},\"description\":\"Los alumnos de Biolog\u00eda de 4\u00baESO de nuestra Casa han participado en la XX Feria de la Ciencia de Sevilla.\",\"breadcrumb\":{\"@id\":\"https:\\\/\\\/alcala.salesianos.edu\\\/colegio\\\/blog\\\/2022\\\/05\\\/16\\\/feria-ciencia\\\/#breadcrumb\"},\"inLanguage\":\"es\",\"potentialAction\":[{\"@type\":\"ReadAction\",\"target\":[\"https:\\\/\\\/alcala.salesianos.edu\\\/colegio\\\/blog\\\/2022\\\/05\\\/16\\\/feria-ciencia\\\/\"]}]},{\"@type\":\"BreadcrumbList\",\"@id\":\"https:\\\/\\\/alcala.salesianos.edu\\\/colegio\\\/blog\\\/2022\\\/05\\\/16\\\/feria-ciencia\\\/#breadcrumb\",\"itemListElement\":[{\"@type\":\"ListItem\",\"position\":1,\"name\":\"Portada\",\"item\":\"https:\\\/\\\/alcala.salesianos.edu\\\/colegio\\\/\"},{\"@type\":\"ListItem\",\"position\":2,\"name\":\"Salesianos Alcal\u00e1 en la XX Feria de la Ciencia de Sevilla\"}]},{\"@type\":\"WebSite\",\"@id\":\"https:\\\/\\\/alcala.salesianos.edu\\\/colegio\\\/#website\",\"url\":\"https:\\\/\\\/alcala.salesianos.edu\\\/colegio\\\/\",\"name\":\"Colegio Salesiano Alcal\u00e1\",\"description\":\"P\u00e1gina oficial de Salesianos Alcal\u00e1 de Guadaira\",\"potentialAction\":[{\"@type\":\"SearchAction\",\"target\":{\"@type\":\"EntryPoint\",\"urlTemplate\":\"https:\\\/\\\/alcala.salesianos.edu\\\/colegio\\\/?s={search_term_string}\"},\"query-input\":{\"@type\":\"PropertyValueSpecification\",\"valueRequired\":true,\"valueName\":\"search_term_string\"}}],\"inLanguage\":\"es\"},{\"@type\":\"Person\",\"@id\":\"https:\\\/\\\/alcala.salesianos.edu\\\/colegio\\\/#\\\/schema\\\/person\\\/afcc24f776dc91fc2bf9afb0998fca77\",\"name\":\"Administrador Web\",\"image\":{\"@type\":\"ImageObject\",\"inLanguage\":\"es\",\"@id\":\"https:\\\/\\\/secure.gravatar.com\\\/avatar\\\/bc157e994689bd6da9645c00aa3bc4d55b727915b6652642660db0aef086585f?s=96&d=mm&r=g\",\"url\":\"https:\\\/\\\/secure.gravatar.com\\\/avatar\\\/bc157e994689bd6da9645c00aa3bc4d55b727915b6652642660db0aef086585f?s=96&d=mm&r=g\",\"contentUrl\":\"https:\\\/\\\/secure.gravatar.com\\\/avatar\\\/bc157e994689bd6da9645c00aa3bc4d55b727915b6652642660db0aef086585f?s=96&d=mm&r=g\",\"caption\":\"Administrador Web\"}}]}<\/script>\n<!-- \/ Yoast SEO plugin. -->","yoast_head_json":{"title":"Salesianos Alcal\u00e1 en la XX Feria de la Ciencia de Sevilla - Colegio Salesiano Alcal\u00e1","description":"Los alumnos de Biolog\u00eda de 4\u00baESO de nuestra Casa han participado en la XX Feria de la Ciencia de Sevilla.","robots":{"index":"index","follow":"follow","max-snippet":"max-snippet:-1","max-image-preview":"max-image-preview:large","max-video-preview":"max-video-preview:-1"},"canonical":"https:\/\/alcala.salesianos.edu\/colegio\/blog\/2022\/05\/16\/feria-ciencia\/","og_locale":"es_ES","og_type":"article","og_title":"Salesianos Alcal\u00e1 en la XX Feria de la Ciencia de Sevilla - Colegio Salesiano Alcal\u00e1","og_description":"Los alumnos de Biolog\u00eda de 4\u00baESO de nuestra Casa han participado en la XX Feria de la Ciencia de Sevilla.","og_url":"https:\/\/alcala.salesianos.edu\/colegio\/blog\/2022\/05\/16\/feria-ciencia\/","og_site_name":"Colegio Salesiano Alcal\u00e1","article_published_time":"2022-05-16T13:52:08+00:00","article_modified_time":"2025-08-27T07:49:04+00:00","author":"Administrador Web","twitter_card":"summary_large_image","twitter_misc":{"Escrito por":"Administrador Web","Tiempo de lectura":"3 minutos"},"schema":{"@context":"https:\/\/schema.org","@graph":[{"@type":"Article","@id":"https:\/\/alcala.salesianos.edu\/colegio\/blog\/2022\/05\/16\/feria-ciencia\/#article","isPartOf":{"@id":"https:\/\/alcala.salesianos.edu\/colegio\/blog\/2022\/05\/16\/feria-ciencia\/"},"author":{"name":"Administrador Web","@id":"https:\/\/alcala.salesianos.edu\/colegio\/#\/schema\/person\/afcc24f776dc91fc2bf9afb0998fca77"},"headline":"Salesianos Alcal\u00e1 en la XX Feria de la Ciencia de Sevilla","datePublished":"2022-05-16T13:52:08+00:00","dateModified":"2025-08-27T07:49:04+00:00","mainEntityOfPage":{"@id":"https:\/\/alcala.salesianos.edu\/colegio\/blog\/2022\/05\/16\/feria-ciencia\/"},"wordCount":550,"articleSection":["Colegio","covid","FASA","Pastoral","Portada","Secundaria","Uncategorized"],"inLanguage":"es"},{"@type":"WebPage","@id":"https:\/\/alcala.salesianos.edu\/colegio\/blog\/2022\/05\/16\/feria-ciencia\/","url":"https:\/\/alcala.salesianos.edu\/colegio\/blog\/2022\/05\/16\/feria-ciencia\/","name":"Salesianos Alcal\u00e1 en la XX Feria de la Ciencia de Sevilla - Colegio Salesiano Alcal\u00e1","isPartOf":{"@id":"https:\/\/alcala.salesianos.edu\/colegio\/#website"},"datePublished":"2022-05-16T13:52:08+00:00","dateModified":"2025-08-27T07:49:04+00:00","author":{"@id":"https:\/\/alcala.salesianos.edu\/colegio\/#\/schema\/person\/afcc24f776dc91fc2bf9afb0998fca77"},"description":"Los alumnos de Biolog\u00eda de 4\u00baESO de nuestra Casa han participado en la XX Feria de la Ciencia de Sevilla.","breadcrumb":{"@id":"https:\/\/alcala.salesianos.edu\/colegio\/blog\/2022\/05\/16\/feria-ciencia\/#breadcrumb"},"inLanguage":"es","potentialAction":[{"@type":"ReadAction","target":["https:\/\/alcala.salesianos.edu\/colegio\/blog\/2022\/05\/16\/feria-ciencia\/"]}]},{"@type":"BreadcrumbList","@id":"https:\/\/alcala.salesianos.edu\/colegio\/blog\/2022\/05\/16\/feria-ciencia\/#breadcrumb","itemListElement":[{"@type":"ListItem","position":1,"name":"Portada","item":"https:\/\/alcala.salesianos.edu\/colegio\/"},{"@type":"ListItem","position":2,"name":"Salesianos Alcal\u00e1 en la XX Feria de la Ciencia de Sevilla"}]},{"@type":"WebSite","@id":"https:\/\/alcala.salesianos.edu\/colegio\/#website","url":"https:\/\/alcala.salesianos.edu\/colegio\/","name":"Colegio Salesiano Alcal\u00e1","description":"P\u00e1gina oficial de Salesianos Alcal\u00e1 de Guadaira","potentialAction":[{"@type":"SearchAction","target":{"@type":"EntryPoint","urlTemplate":"https:\/\/alcala.salesianos.edu\/colegio\/?s={search_term_string}"},"query-input":{"@type":"PropertyValueSpecification","valueRequired":true,"valueName":"search_term_string"}}],"inLanguage":"es"},{"@type":"Person","@id":"https:\/\/alcala.salesianos.edu\/colegio\/#\/schema\/person\/afcc24f776dc91fc2bf9afb0998fca77","name":"Administrador Web","image":{"@type":"ImageObject","inLanguage":"es","@id":"https:\/\/secure.gravatar.com\/avatar\/bc157e994689bd6da9645c00aa3bc4d55b727915b6652642660db0aef086585f?s=96&d=mm&r=g","url":"https:\/\/secure.gravatar.com\/avatar\/bc157e994689bd6da9645c00aa3bc4d55b727915b6652642660db0aef086585f?s=96&d=mm&r=g","contentUrl":"https:\/\/secure.gravatar.com\/avatar\/bc157e994689bd6da9645c00aa3bc4d55b727915b6652642660db0aef086585f?s=96&d=mm&r=g","caption":"Administrador Web"}}]}},"_links":{"self":[{"href":"https:\/\/alcala.salesianos.edu\/colegio\/wp-json\/wp\/v2\/posts\/14674","targetHints":{"allow":["GET"]}}],"collection":[{"href":"https:\/\/alcala.salesianos.edu\/colegio\/wp-json\/wp\/v2\/posts"}],"about":[{"href":"https:\/\/alcala.salesianos.edu\/colegio\/wp-json\/wp\/v2\/types\/post"}],"author":[{"embeddable":true,"href":"https:\/\/alcala.salesianos.edu\/colegio\/wp-json\/wp\/v2\/users\/2"}],"replies":[{"embeddable":true,"href":"https:\/\/alcala.salesianos.edu\/colegio\/wp-json\/wp\/v2\/comments?post=14674"}],"version-history":[{"count":1,"href":"https:\/\/alcala.salesianos.edu\/colegio\/wp-json\/wp\/v2\/posts\/14674\/revisions"}],"predecessor-version":[{"id":16650,"href":"https:\/\/alcala.salesianos.edu\/colegio\/wp-json\/wp\/v2\/posts\/14674\/revisions\/16650"}],"wp:attachment":[{"href":"https:\/\/alcala.salesianos.edu\/colegio\/wp-json\/wp\/v2\/media?parent=14674"}],"wp:term":[{"taxonomy":"category","embeddable":true,"href":"https:\/\/alcala.salesianos.edu\/colegio\/wp-json\/wp\/v2\/categories?post=14674"},{"taxonomy":"post_tag","embeddable":true,"href":"https:\/\/alcala.salesianos.edu\/colegio\/wp-json\/wp\/v2\/tags?post=14674"}],"curies":[{"name":"wp","href":"https:\/\/api.w.org\/{rel}","templated":true}]}}