{"id":14670,"date":"2022-05-07T18:51:23","date_gmt":"2022-05-07T17:51:23","guid":{"rendered":"https:\/\/alcala.salesianos.edu\/colegio\/blog\/2022\/05\/07\/calendario\/"},"modified":"2025-08-27T08:49:07","modified_gmt":"2025-08-27T07:49:07","slug":"calendario","status":"publish","type":"post","link":"https:\/\/alcala.salesianos.edu\/colegio\/blog\/2022\/05\/07\/calendario\/","title":{"rendered":"Calendario Mayo y Junio"},"content":{"rendered":"<div id=\"fb-root\"><\/div>\n<p>[et_pb_section fb_built=\u00bb1&#8243; admin_label=\u00bbsection\u00bb _builder_version=\u00bb4.16&#8243; global_colors_info=\u00bb{}\u00bb][et_pb_row admin_label=\u00bbrow\u00bb _builder_version=\u00bb4.16&#8243; background_size=\u00bbinitial\u00bb background_position=\u00bbtop_left\u00bb background_repeat=\u00bbrepeat\u00bb global_colors_info=\u00bb{}\u00bb][et_pb_column type=\u00bb4_4&#8243; _builder_version=\u00bb4.16&#8243; custom_padding=\u00bb|||\u00bb global_colors_info=\u00bb{}\u00bb custom_padding__hover=\u00bb|||\u00bb][et_pb_text _builder_version=\u00bb4.17.3&#8243; _module_preset=\u00bbdefault\u00bb text_orientation=\u00bbjustified\u00bb hover_enabled=\u00bb0&#8243; sticky_enabled=\u00bb0&#8243;]<\/p>\n<p style=\"text-align: center;\"><strong>Calendario Mayo y Junio<\/strong><\/p>\n<p><strong>\u00a0<\/strong><\/p>\n<p>Ya se encuentra disponible en nuestra web el calendario con la programaci\u00f3n de estos dos \u00faltimos meses de curso escolar de nuestra casa.<\/p>\n<p>Nuestra programaci\u00f3n, como casa salesiana que somos, en este mes de mayo debe y est\u00e1 marcada por el amor a nuestra Madre Auxiliadora. De forma que, los actos y celebraciones en su honor durante estos d\u00edas en horario escolar ser\u00e1 amplio, a la vez que rico en formaci\u00f3n y trabajo.<\/p>\n<p>Todo comenz\u00f3 en el d\u00eda de ayer, seis de mayo, d\u00eda de Santo Domingo Savio, momento de encuentro y reuni\u00f3n de todo el colegio en el que recordarnos que, ante la presencia de Dios, siempre alegres hay que estar.<\/p>\n<p>Pese a algunas modificaciones que puede sufrir este calendario, la pr\u00f3xima semana tendr\u00e1 lugar la visita y participaci\u00f3n de algunos de nuestros alumnos de segundo y cuarto respectivamente en la Feria de la Ciencia que cada a\u00f1o programa la Universidad de Sevilla.<\/p>\n<p>A partir del d\u00e9cimo quinto d\u00eda del mes, dar\u00e1 comienzo la entra\u00f1able y emotiva novena en honor a Mar\u00eda Auxiliadora, finalizando el d\u00eda 24, dividida como siempre en triduos con la presencia de sacerdotes salesianos muy queridos en nuestro pueblo y que siempre quedar\u00e1n para el recuerdo como aquellos que celebrar\u00e1n la primera novena de la normalidad.<\/p>\n<p>En los d\u00edas 19, 20 y 23 tendr\u00e1 lugar el triduo en horario escolar, momento en el que todos nuestros alumnos podr\u00e1n disfrutar y querer a nuestra madre m\u00e1s cerca que nunca. Tras la gloriosa procesi\u00f3n del d\u00eda 24, el mes de mayo terminar\u00e1 con los j\u00f3venes de ADS IV confirmando su fe en Cristo, bendecidos por el Esp\u00edritu de Dios que tanto nos da.<\/p>\n<p>Al comienzo del mes de junio, Alcal\u00e1 celebrar\u00e1 la tradicional feria, por lo que nos unimos a trav\u00e9s del descanso para disfrutar y vivir junto a nuestro pueblo su gran celebraci\u00f3n de final de primavera.<\/p>\n<p>Tras este descanso, nos disponemos a cerrar el curso con momentos inolvidables como la tradicional verbena del colegio y la vuelta de los campamentos con los j\u00f3venes de primaria.<\/p>\n<p>Le pedimos a Mar\u00eda Auxiliadora que nos ayude y entregue su bendici\u00f3n a todas las familias y j\u00f3venes de la casa, esperando que todos disfrutemos unidos en el amor de Dios durante estos meses venideros.<\/p>\n<p>[\/et_pb_text][\/et_pb_column][\/et_pb_row][et_pb_row _builder_version=\u00bb4.17.3&#8243; _module_preset=\u00bbdefault\u00bb][et_pb_column _builder_version=\u00bb4.17.3&#8243; _module_preset=\u00bbdefault\u00bb type=\u00bb4_4&#8243;][et_pb_button _builder_version=\u00bb4.17.3&#8243; _module_preset=\u00bbdefault\u00bb button_url=\u00bbhttps:\/\/alcala.salesianos.edu\/colegio\/calendario\/\u00bb hover_enabled=\u00bb0&#8243; sticky_enabled=\u00bb0&#8243;][\/et_pb_button][\/et_pb_column][\/et_pb_row][\/et_pb_section]<\/p>\n","protected":false},"excerpt":{"rendered":"<p>Ya se encuentra disponible en nuestra web el calendario con la programaci\u00f3n de estos dos \u00faltimos meses de curso escolar de nuestra casa.<\/p>\n","protected":false},"author":2,"featured_media":0,"comment_status":"closed","ping_status":"open","sticky":false,"template":"","format":"standard","meta":{"_et_pb_use_builder":"on","_et_pb_old_content":"","_et_gb_content_width":"","footnotes":""},"categories":[12,23,19,13,17,14,15,18,16,1],"tags":[],"class_list":["post-14670","post","type-post","status-publish","format-standard","hentry","category-colegio","category-covid","category-escuela-abierta","category-fasa","category-infantil","category-pastoral","category-portada","category-primaria","category-secundaria","category-uncategorized"],"yoast_head":"<!-- This site is optimized with the Yoast SEO plugin v28.3 - https:\/\/yoast.com\/product\/yoast-seo-wordpress\/ -->\n<title>Calendario Mayo y Junio - Colegio Salesiano Alcal\u00e1<\/title>\n<meta name=\"description\" content=\"Ya se encuentra disponible en nuestra web el calendario con la programaci\u00f3n de estos dos \u00faltimos meses de curso escolar de nuestra casa.\" \/>\n<meta name=\"robots\" content=\"index, follow, max-snippet:-1, max-image-preview:large, max-video-preview:-1\" \/>\n<link rel=\"canonical\" href=\"https:\/\/alcala.salesianos.edu\/colegio\/blog\/2022\/05\/07\/calendario\/\" \/>\n<meta property=\"og:locale\" content=\"es_ES\" \/>\n<meta property=\"og:type\" content=\"article\" \/>\n<meta property=\"og:title\" content=\"Calendario Mayo y Junio - Colegio Salesiano Alcal\u00e1\" \/>\n<meta property=\"og:description\" content=\"Ya se encuentra disponible en nuestra web el calendario con la programaci\u00f3n de estos dos \u00faltimos meses de curso escolar de nuestra casa.\" \/>\n<meta property=\"og:url\" content=\"https:\/\/alcala.salesianos.edu\/colegio\/blog\/2022\/05\/07\/calendario\/\" \/>\n<meta property=\"og:site_name\" content=\"Colegio Salesiano Alcal\u00e1\" \/>\n<meta property=\"article:published_time\" content=\"2022-05-07T17:51:23+00:00\" \/>\n<meta property=\"article:modified_time\" content=\"2025-08-27T07:49:07+00:00\" \/>\n<meta name=\"author\" content=\"Administrador Web\" \/>\n<meta name=\"twitter:card\" content=\"summary_large_image\" \/>\n<meta name=\"twitter:label1\" content=\"Escrito por\" \/>\n\t<meta name=\"twitter:data1\" content=\"Administrador Web\" \/>\n\t<meta name=\"twitter:label2\" content=\"Tiempo de lectura\" \/>\n\t<meta name=\"twitter:data2\" content=\"3 minutos\" \/>\n<script type=\"application\/ld+json\" class=\"yoast-schema-graph\">{\"@context\":\"https:\\\/\\\/schema.org\",\"@graph\":[{\"@type\":\"Article\",\"@id\":\"https:\\\/\\\/alcala.salesianos.edu\\\/colegio\\\/blog\\\/2022\\\/05\\\/07\\\/calendario\\\/#article\",\"isPartOf\":{\"@id\":\"https:\\\/\\\/alcala.salesianos.edu\\\/colegio\\\/blog\\\/2022\\\/05\\\/07\\\/calendario\\\/\"},\"author\":{\"name\":\"Administrador Web\",\"@id\":\"https:\\\/\\\/alcala.salesianos.edu\\\/colegio\\\/#\\\/schema\\\/person\\\/afcc24f776dc91fc2bf9afb0998fca77\"},\"headline\":\"Calendario Mayo y Junio\",\"datePublished\":\"2022-05-07T17:51:23+00:00\",\"dateModified\":\"2025-08-27T07:49:07+00:00\",\"mainEntityOfPage\":{\"@id\":\"https:\\\/\\\/alcala.salesianos.edu\\\/colegio\\\/blog\\\/2022\\\/05\\\/07\\\/calendario\\\/\"},\"wordCount\":529,\"articleSection\":[\"Colegio\",\"covid\",\"Escuela abierta\",\"FASA\",\"Infantil\",\"Pastoral\",\"Portada\",\"Primaria\",\"Secundaria\",\"Uncategorized\"],\"inLanguage\":\"es\"},{\"@type\":\"WebPage\",\"@id\":\"https:\\\/\\\/alcala.salesianos.edu\\\/colegio\\\/blog\\\/2022\\\/05\\\/07\\\/calendario\\\/\",\"url\":\"https:\\\/\\\/alcala.salesianos.edu\\\/colegio\\\/blog\\\/2022\\\/05\\\/07\\\/calendario\\\/\",\"name\":\"Calendario Mayo y Junio - Colegio Salesiano Alcal\u00e1\",\"isPartOf\":{\"@id\":\"https:\\\/\\\/alcala.salesianos.edu\\\/colegio\\\/#website\"},\"datePublished\":\"2022-05-07T17:51:23+00:00\",\"dateModified\":\"2025-08-27T07:49:07+00:00\",\"author\":{\"@id\":\"https:\\\/\\\/alcala.salesianos.edu\\\/colegio\\\/#\\\/schema\\\/person\\\/afcc24f776dc91fc2bf9afb0998fca77\"},\"description\":\"Ya se encuentra disponible en nuestra web el calendario con la programaci\u00f3n de estos dos \u00faltimos meses de curso escolar de nuestra casa.\",\"breadcrumb\":{\"@id\":\"https:\\\/\\\/alcala.salesianos.edu\\\/colegio\\\/blog\\\/2022\\\/05\\\/07\\\/calendario\\\/#breadcrumb\"},\"inLanguage\":\"es\",\"potentialAction\":[{\"@type\":\"ReadAction\",\"target\":[\"https:\\\/\\\/alcala.salesianos.edu\\\/colegio\\\/blog\\\/2022\\\/05\\\/07\\\/calendario\\\/\"]}]},{\"@type\":\"BreadcrumbList\",\"@id\":\"https:\\\/\\\/alcala.salesianos.edu\\\/colegio\\\/blog\\\/2022\\\/05\\\/07\\\/calendario\\\/#breadcrumb\",\"itemListElement\":[{\"@type\":\"ListItem\",\"position\":1,\"name\":\"Portada\",\"item\":\"https:\\\/\\\/alcala.salesianos.edu\\\/colegio\\\/\"},{\"@type\":\"ListItem\",\"position\":2,\"name\":\"Calendario Mayo y Junio\"}]},{\"@type\":\"WebSite\",\"@id\":\"https:\\\/\\\/alcala.salesianos.edu\\\/colegio\\\/#website\",\"url\":\"https:\\\/\\\/alcala.salesianos.edu\\\/colegio\\\/\",\"name\":\"Colegio Salesiano Alcal\u00e1\",\"description\":\"P\u00e1gina oficial de Salesianos Alcal\u00e1 de Guadaira\",\"potentialAction\":[{\"@type\":\"SearchAction\",\"target\":{\"@type\":\"EntryPoint\",\"urlTemplate\":\"https:\\\/\\\/alcala.salesianos.edu\\\/colegio\\\/?s={search_term_string}\"},\"query-input\":{\"@type\":\"PropertyValueSpecification\",\"valueRequired\":true,\"valueName\":\"search_term_string\"}}],\"inLanguage\":\"es\"},{\"@type\":\"Person\",\"@id\":\"https:\\\/\\\/alcala.salesianos.edu\\\/colegio\\\/#\\\/schema\\\/person\\\/afcc24f776dc91fc2bf9afb0998fca77\",\"name\":\"Administrador Web\",\"image\":{\"@type\":\"ImageObject\",\"inLanguage\":\"es\",\"@id\":\"https:\\\/\\\/secure.gravatar.com\\\/avatar\\\/bc157e994689bd6da9645c00aa3bc4d55b727915b6652642660db0aef086585f?s=96&d=mm&r=g\",\"url\":\"https:\\\/\\\/secure.gravatar.com\\\/avatar\\\/bc157e994689bd6da9645c00aa3bc4d55b727915b6652642660db0aef086585f?s=96&d=mm&r=g\",\"contentUrl\":\"https:\\\/\\\/secure.gravatar.com\\\/avatar\\\/bc157e994689bd6da9645c00aa3bc4d55b727915b6652642660db0aef086585f?s=96&d=mm&r=g\",\"caption\":\"Administrador Web\"}}]}<\/script>\n<!-- \/ Yoast SEO plugin. -->","yoast_head_json":{"title":"Calendario Mayo y Junio - Colegio Salesiano Alcal\u00e1","description":"Ya se encuentra disponible en nuestra web el calendario con la programaci\u00f3n de estos dos \u00faltimos meses de curso escolar de nuestra casa.","robots":{"index":"index","follow":"follow","max-snippet":"max-snippet:-1","max-image-preview":"max-image-preview:large","max-video-preview":"max-video-preview:-1"},"canonical":"https:\/\/alcala.salesianos.edu\/colegio\/blog\/2022\/05\/07\/calendario\/","og_locale":"es_ES","og_type":"article","og_title":"Calendario Mayo y Junio - Colegio Salesiano Alcal\u00e1","og_description":"Ya se encuentra disponible en nuestra web el calendario con la programaci\u00f3n de estos dos \u00faltimos meses de curso escolar de nuestra casa.","og_url":"https:\/\/alcala.salesianos.edu\/colegio\/blog\/2022\/05\/07\/calendario\/","og_site_name":"Colegio Salesiano Alcal\u00e1","article_published_time":"2022-05-07T17:51:23+00:00","article_modified_time":"2025-08-27T07:49:07+00:00","author":"Administrador Web","twitter_card":"summary_large_image","twitter_misc":{"Escrito por":"Administrador Web","Tiempo de lectura":"3 minutos"},"schema":{"@context":"https:\/\/schema.org","@graph":[{"@type":"Article","@id":"https:\/\/alcala.salesianos.edu\/colegio\/blog\/2022\/05\/07\/calendario\/#article","isPartOf":{"@id":"https:\/\/alcala.salesianos.edu\/colegio\/blog\/2022\/05\/07\/calendario\/"},"author":{"name":"Administrador Web","@id":"https:\/\/alcala.salesianos.edu\/colegio\/#\/schema\/person\/afcc24f776dc91fc2bf9afb0998fca77"},"headline":"Calendario Mayo y Junio","datePublished":"2022-05-07T17:51:23+00:00","dateModified":"2025-08-27T07:49:07+00:00","mainEntityOfPage":{"@id":"https:\/\/alcala.salesianos.edu\/colegio\/blog\/2022\/05\/07\/calendario\/"},"wordCount":529,"articleSection":["Colegio","covid","Escuela abierta","FASA","Infantil","Pastoral","Portada","Primaria","Secundaria","Uncategorized"],"inLanguage":"es"},{"@type":"WebPage","@id":"https:\/\/alcala.salesianos.edu\/colegio\/blog\/2022\/05\/07\/calendario\/","url":"https:\/\/alcala.salesianos.edu\/colegio\/blog\/2022\/05\/07\/calendario\/","name":"Calendario Mayo y Junio - Colegio Salesiano Alcal\u00e1","isPartOf":{"@id":"https:\/\/alcala.salesianos.edu\/colegio\/#website"},"datePublished":"2022-05-07T17:51:23+00:00","dateModified":"2025-08-27T07:49:07+00:00","author":{"@id":"https:\/\/alcala.salesianos.edu\/colegio\/#\/schema\/person\/afcc24f776dc91fc2bf9afb0998fca77"},"description":"Ya se encuentra disponible en nuestra web el calendario con la programaci\u00f3n de estos dos \u00faltimos meses de curso escolar de nuestra casa.","breadcrumb":{"@id":"https:\/\/alcala.salesianos.edu\/colegio\/blog\/2022\/05\/07\/calendario\/#breadcrumb"},"inLanguage":"es","potentialAction":[{"@type":"ReadAction","target":["https:\/\/alcala.salesianos.edu\/colegio\/blog\/2022\/05\/07\/calendario\/"]}]},{"@type":"BreadcrumbList","@id":"https:\/\/alcala.salesianos.edu\/colegio\/blog\/2022\/05\/07\/calendario\/#breadcrumb","itemListElement":[{"@type":"ListItem","position":1,"name":"Portada","item":"https:\/\/alcala.salesianos.edu\/colegio\/"},{"@type":"ListItem","position":2,"name":"Calendario Mayo y Junio"}]},{"@type":"WebSite","@id":"https:\/\/alcala.salesianos.edu\/colegio\/#website","url":"https:\/\/alcala.salesianos.edu\/colegio\/","name":"Colegio Salesiano Alcal\u00e1","description":"P\u00e1gina oficial de Salesianos Alcal\u00e1 de Guadaira","potentialAction":[{"@type":"SearchAction","target":{"@type":"EntryPoint","urlTemplate":"https:\/\/alcala.salesianos.edu\/colegio\/?s={search_term_string}"},"query-input":{"@type":"PropertyValueSpecification","valueRequired":true,"valueName":"search_term_string"}}],"inLanguage":"es"},{"@type":"Person","@id":"https:\/\/alcala.salesianos.edu\/colegio\/#\/schema\/person\/afcc24f776dc91fc2bf9afb0998fca77","name":"Administrador Web","image":{"@type":"ImageObject","inLanguage":"es","@id":"https:\/\/secure.gravatar.com\/avatar\/bc157e994689bd6da9645c00aa3bc4d55b727915b6652642660db0aef086585f?s=96&d=mm&r=g","url":"https:\/\/secure.gravatar.com\/avatar\/bc157e994689bd6da9645c00aa3bc4d55b727915b6652642660db0aef086585f?s=96&d=mm&r=g","contentUrl":"https:\/\/secure.gravatar.com\/avatar\/bc157e994689bd6da9645c00aa3bc4d55b727915b6652642660db0aef086585f?s=96&d=mm&r=g","caption":"Administrador Web"}}]}},"_links":{"self":[{"href":"https:\/\/alcala.salesianos.edu\/colegio\/wp-json\/wp\/v2\/posts\/14670","targetHints":{"allow":["GET"]}}],"collection":[{"href":"https:\/\/alcala.salesianos.edu\/colegio\/wp-json\/wp\/v2\/posts"}],"about":[{"href":"https:\/\/alcala.salesianos.edu\/colegio\/wp-json\/wp\/v2\/types\/post"}],"author":[{"embeddable":true,"href":"https:\/\/alcala.salesianos.edu\/colegio\/wp-json\/wp\/v2\/users\/2"}],"replies":[{"embeddable":true,"href":"https:\/\/alcala.salesianos.edu\/colegio\/wp-json\/wp\/v2\/comments?post=14670"}],"version-history":[{"count":1,"href":"https:\/\/alcala.salesianos.edu\/colegio\/wp-json\/wp\/v2\/posts\/14670\/revisions"}],"predecessor-version":[{"id":16652,"href":"https:\/\/alcala.salesianos.edu\/colegio\/wp-json\/wp\/v2\/posts\/14670\/revisions\/16652"}],"wp:attachment":[{"href":"https:\/\/alcala.salesianos.edu\/colegio\/wp-json\/wp\/v2\/media?parent=14670"}],"wp:term":[{"taxonomy":"category","embeddable":true,"href":"https:\/\/alcala.salesianos.edu\/colegio\/wp-json\/wp\/v2\/categories?post=14670"},{"taxonomy":"post_tag","embeddable":true,"href":"https:\/\/alcala.salesianos.edu\/colegio\/wp-json\/wp\/v2\/tags?post=14670"}],"curies":[{"name":"wp","href":"https:\/\/api.w.org\/{rel}","templated":true}]}}