{"id":14654,"date":"2022-05-04T19:37:16","date_gmt":"2022-05-04T18:37:16","guid":{"rendered":"https:\/\/alcala.salesianos.edu\/colegio\/blog\/2022\/05\/04\/visitante-rector-mayor\/"},"modified":"2025-08-27T08:49:08","modified_gmt":"2025-08-27T07:49:08","slug":"visitante-rector-mayor","status":"publish","type":"post","link":"https:\/\/alcala.salesianos.edu\/colegio\/blog\/2022\/05\/04\/visitante-rector-mayor\/","title":{"rendered":"Visita delegado Rector Mayor"},"content":{"rendered":"<div id=\"fb-root\"><\/div>\n<p>[et_pb_section fb_built=\u00bb1&#8243; admin_label=\u00bbsection\u00bb _builder_version=\u00bb4.16&#8243; global_colors_info=\u00bb{}\u00bb][et_pb_row admin_label=\u00bbrow\u00bb _builder_version=\u00bb4.16&#8243; background_size=\u00bbinitial\u00bb background_position=\u00bbtop_left\u00bb background_repeat=\u00bbrepeat\u00bb global_colors_info=\u00bb{}\u00bb][et_pb_column type=\u00bb4_4&#8243; _builder_version=\u00bb4.16&#8243; custom_padding=\u00bb|||\u00bb global_colors_info=\u00bb{}\u00bb custom_padding__hover=\u00bb|||\u00bb][et_pb_text _builder_version=\u00bb4.17.3&#8243; _module_preset=\u00bbdefault\u00bb text_orientation=\u00bbjustified\u00bb hover_enabled=\u00bb0&#8243; sticky_enabled=\u00bb0&#8243;]<\/p>\n<p style=\"text-align: center;\"><strong>Visita Delegado Rector Mayor<\/strong><\/p>\n<p style=\"text-align: center;\"><strong>Marcelo Farf\u00e1n SDB<\/strong><\/p>\n<p>&nbsp;<\/p>\n<p>Damos gracias a Dios por la visita de Don Marcelo Farf\u00e1n a esta nuestra casa salesiana de Alcal\u00e1 de Guada\u00edra, rica en familia, encuentro y acogida.<\/p>\n<p>Tras la ausencia de la comunidad de sacerdotes salesianos en la casa, todo queda en mano de los seglares, fieles seguidores de Don Bosco que, con ilusi\u00f3n, trabajo y mucho tes\u00f3n, demuestran d\u00eda a d\u00eda su compromiso con la casa salesiana de Alcal\u00e1.<\/p>\n<p>Don Marcelo, delegado del Rector Mayor, ha sido testigo de este gran legado que, tras ciento ocho a\u00f1os, sigue siendo fiel a las ense\u00f1anzas de Don Bosco. Su visita, durante los d\u00edas dos y tres del presente mes de mayo, ha sido un regalo para esta casa, un regalo gracias al encuentro que ha propiciado el encuentro con todos los grupos de la casa y la familia salesiana.<\/p>\n<p>Pastoral, docentes, actuales y antiguos alumnos, padres y madres, archicofrad\u00eda, salesianos cooperadores, hermandad, hogares, grupos que, siempre con el incesable apoyo del consejo de la obra y el equipo directivo hemos tenido la suerte de compartir nuestras experiencias y preocupaciones, siempre velando por la sostenibilidad de la casa y del trabajo que, con los j\u00f3venes como principal objetivo, se realiza d\u00eda a d\u00eda.<\/p>\n<p>Animaba Don Marcelo a todos los miembros de la Comunidad Educativa Pastoral a continuar con el mensaje de evangelizaci\u00f3n de Don Bosco, con Cristo como pilar en el que sustentar cada momento de trabajo, fomentando lo experiencial con los j\u00f3venes, con el Sistema Preventivo como norma esencial de trabajo.<\/p>\n<p>Tras dos intensos d\u00edas de visita y encuentros, finaliz\u00f3 esta misma con la eucarist\u00eda conmemorativa de la coronaci\u00f3n de nuestra Madre Auxiliadora, en la que, como acci\u00f3n de gracias, el delegado del Rector Mayor, se desped\u00eda de esta casa con el mismo mensaje inicial de \u00e1nimo y tes\u00f3n en el trabajo por los j\u00f3venes.<\/p>\n<p>Agradecemos p\u00fablicamente su visita y todo lo que nos ha transmitido, palabras de oraci\u00f3n y fuerza para sostener la continuidad de esta centenaria casa.<\/p>\n<p>[\/et_pb_text][\/et_pb_column][\/et_pb_row][\/et_pb_section]<\/p>\n","protected":false},"excerpt":{"rendered":"<p>Damos gracias a Dios por la visita de Don Marcelo Farf\u00e1n a esta nuestra casa salesiana de Alcal\u00e1 de Guada\u00edra, rica en familia, encuentro y acogida.<\/p>\n","protected":false},"author":2,"featured_media":0,"comment_status":"closed","ping_status":"open","sticky":false,"template":"","format":"standard","meta":{"_et_pb_use_builder":"on","_et_pb_old_content":"","_et_gb_content_width":"","footnotes":""},"categories":[12,23,13,17,14,15,18,16,1],"tags":[],"class_list":["post-14654","post","type-post","status-publish","format-standard","hentry","category-colegio","category-covid","category-fasa","category-infantil","category-pastoral","category-portada","category-primaria","category-secundaria","category-uncategorized"],"yoast_head":"<!-- This site is optimized with the Yoast SEO plugin v28.3 - https:\/\/yoast.com\/product\/yoast-seo-wordpress\/ -->\n<title>Visita delegado Rector Mayor - Colegio Salesiano Alcal\u00e1<\/title>\n<meta name=\"description\" content=\"Damos gracias a Dios por la visita de Don Marcelo Farf\u00e1n a esta nuestra casa, rica en familia, encuentro y acogida.\" \/>\n<meta name=\"robots\" content=\"index, follow, max-snippet:-1, max-image-preview:large, max-video-preview:-1\" \/>\n<link rel=\"canonical\" href=\"https:\/\/alcala.salesianos.edu\/colegio\/blog\/2022\/05\/04\/visitante-rector-mayor\/\" \/>\n<meta property=\"og:locale\" content=\"es_ES\" \/>\n<meta property=\"og:type\" content=\"article\" \/>\n<meta property=\"og:title\" content=\"Visita delegado Rector Mayor - Colegio Salesiano Alcal\u00e1\" \/>\n<meta property=\"og:description\" content=\"Damos gracias a Dios por la visita de Don Marcelo Farf\u00e1n a esta nuestra casa, rica en familia, encuentro y acogida.\" \/>\n<meta property=\"og:url\" content=\"https:\/\/alcala.salesianos.edu\/colegio\/blog\/2022\/05\/04\/visitante-rector-mayor\/\" \/>\n<meta property=\"og:site_name\" content=\"Colegio Salesiano Alcal\u00e1\" \/>\n<meta property=\"article:published_time\" content=\"2022-05-04T18:37:16+00:00\" \/>\n<meta property=\"article:modified_time\" content=\"2025-08-27T07:49:08+00:00\" \/>\n<meta name=\"author\" content=\"Administrador Web\" \/>\n<meta name=\"twitter:card\" content=\"summary_large_image\" \/>\n<meta name=\"twitter:label1\" content=\"Escrito por\" \/>\n\t<meta name=\"twitter:data1\" content=\"Administrador Web\" \/>\n\t<meta name=\"twitter:label2\" content=\"Tiempo de lectura\" \/>\n\t<meta name=\"twitter:data2\" content=\"2 minutos\" \/>\n<script type=\"application\/ld+json\" class=\"yoast-schema-graph\">{\"@context\":\"https:\\\/\\\/schema.org\",\"@graph\":[{\"@type\":\"Article\",\"@id\":\"https:\\\/\\\/alcala.salesianos.edu\\\/colegio\\\/blog\\\/2022\\\/05\\\/04\\\/visitante-rector-mayor\\\/#article\",\"isPartOf\":{\"@id\":\"https:\\\/\\\/alcala.salesianos.edu\\\/colegio\\\/blog\\\/2022\\\/05\\\/04\\\/visitante-rector-mayor\\\/\"},\"author\":{\"name\":\"Administrador Web\",\"@id\":\"https:\\\/\\\/alcala.salesianos.edu\\\/colegio\\\/#\\\/schema\\\/person\\\/afcc24f776dc91fc2bf9afb0998fca77\"},\"headline\":\"Visita delegado Rector Mayor\",\"datePublished\":\"2022-05-04T18:37:16+00:00\",\"dateModified\":\"2025-08-27T07:49:08+00:00\",\"mainEntityOfPage\":{\"@id\":\"https:\\\/\\\/alcala.salesianos.edu\\\/colegio\\\/blog\\\/2022\\\/05\\\/04\\\/visitante-rector-mayor\\\/\"},\"wordCount\":439,\"articleSection\":[\"Colegio\",\"covid\",\"FASA\",\"Infantil\",\"Pastoral\",\"Portada\",\"Primaria\",\"Secundaria\",\"Uncategorized\"],\"inLanguage\":\"es\"},{\"@type\":\"WebPage\",\"@id\":\"https:\\\/\\\/alcala.salesianos.edu\\\/colegio\\\/blog\\\/2022\\\/05\\\/04\\\/visitante-rector-mayor\\\/\",\"url\":\"https:\\\/\\\/alcala.salesianos.edu\\\/colegio\\\/blog\\\/2022\\\/05\\\/04\\\/visitante-rector-mayor\\\/\",\"name\":\"Visita delegado Rector Mayor - Colegio Salesiano Alcal\u00e1\",\"isPartOf\":{\"@id\":\"https:\\\/\\\/alcala.salesianos.edu\\\/colegio\\\/#website\"},\"datePublished\":\"2022-05-04T18:37:16+00:00\",\"dateModified\":\"2025-08-27T07:49:08+00:00\",\"author\":{\"@id\":\"https:\\\/\\\/alcala.salesianos.edu\\\/colegio\\\/#\\\/schema\\\/person\\\/afcc24f776dc91fc2bf9afb0998fca77\"},\"description\":\"Damos gracias a Dios por la visita de Don Marcelo Farf\u00e1n a esta nuestra casa, rica en familia, encuentro y acogida.\",\"breadcrumb\":{\"@id\":\"https:\\\/\\\/alcala.salesianos.edu\\\/colegio\\\/blog\\\/2022\\\/05\\\/04\\\/visitante-rector-mayor\\\/#breadcrumb\"},\"inLanguage\":\"es\",\"potentialAction\":[{\"@type\":\"ReadAction\",\"target\":[\"https:\\\/\\\/alcala.salesianos.edu\\\/colegio\\\/blog\\\/2022\\\/05\\\/04\\\/visitante-rector-mayor\\\/\"]}]},{\"@type\":\"BreadcrumbList\",\"@id\":\"https:\\\/\\\/alcala.salesianos.edu\\\/colegio\\\/blog\\\/2022\\\/05\\\/04\\\/visitante-rector-mayor\\\/#breadcrumb\",\"itemListElement\":[{\"@type\":\"ListItem\",\"position\":1,\"name\":\"Portada\",\"item\":\"https:\\\/\\\/alcala.salesianos.edu\\\/colegio\\\/\"},{\"@type\":\"ListItem\",\"position\":2,\"name\":\"Visita delegado Rector Mayor\"}]},{\"@type\":\"WebSite\",\"@id\":\"https:\\\/\\\/alcala.salesianos.edu\\\/colegio\\\/#website\",\"url\":\"https:\\\/\\\/alcala.salesianos.edu\\\/colegio\\\/\",\"name\":\"Colegio Salesiano Alcal\u00e1\",\"description\":\"P\u00e1gina oficial de Salesianos Alcal\u00e1 de Guadaira\",\"potentialAction\":[{\"@type\":\"SearchAction\",\"target\":{\"@type\":\"EntryPoint\",\"urlTemplate\":\"https:\\\/\\\/alcala.salesianos.edu\\\/colegio\\\/?s={search_term_string}\"},\"query-input\":{\"@type\":\"PropertyValueSpecification\",\"valueRequired\":true,\"valueName\":\"search_term_string\"}}],\"inLanguage\":\"es\"},{\"@type\":\"Person\",\"@id\":\"https:\\\/\\\/alcala.salesianos.edu\\\/colegio\\\/#\\\/schema\\\/person\\\/afcc24f776dc91fc2bf9afb0998fca77\",\"name\":\"Administrador Web\",\"image\":{\"@type\":\"ImageObject\",\"inLanguage\":\"es\",\"@id\":\"https:\\\/\\\/secure.gravatar.com\\\/avatar\\\/bc157e994689bd6da9645c00aa3bc4d55b727915b6652642660db0aef086585f?s=96&d=mm&r=g\",\"url\":\"https:\\\/\\\/secure.gravatar.com\\\/avatar\\\/bc157e994689bd6da9645c00aa3bc4d55b727915b6652642660db0aef086585f?s=96&d=mm&r=g\",\"contentUrl\":\"https:\\\/\\\/secure.gravatar.com\\\/avatar\\\/bc157e994689bd6da9645c00aa3bc4d55b727915b6652642660db0aef086585f?s=96&d=mm&r=g\",\"caption\":\"Administrador Web\"}}]}<\/script>\n<!-- \/ Yoast SEO plugin. -->","yoast_head_json":{"title":"Visita delegado Rector Mayor - Colegio Salesiano Alcal\u00e1","description":"Damos gracias a Dios por la visita de Don Marcelo Farf\u00e1n a esta nuestra casa, rica en familia, encuentro y acogida.","robots":{"index":"index","follow":"follow","max-snippet":"max-snippet:-1","max-image-preview":"max-image-preview:large","max-video-preview":"max-video-preview:-1"},"canonical":"https:\/\/alcala.salesianos.edu\/colegio\/blog\/2022\/05\/04\/visitante-rector-mayor\/","og_locale":"es_ES","og_type":"article","og_title":"Visita delegado Rector Mayor - Colegio Salesiano Alcal\u00e1","og_description":"Damos gracias a Dios por la visita de Don Marcelo Farf\u00e1n a esta nuestra casa, rica en familia, encuentro y acogida.","og_url":"https:\/\/alcala.salesianos.edu\/colegio\/blog\/2022\/05\/04\/visitante-rector-mayor\/","og_site_name":"Colegio Salesiano Alcal\u00e1","article_published_time":"2022-05-04T18:37:16+00:00","article_modified_time":"2025-08-27T07:49:08+00:00","author":"Administrador Web","twitter_card":"summary_large_image","twitter_misc":{"Escrito por":"Administrador Web","Tiempo de lectura":"2 minutos"},"schema":{"@context":"https:\/\/schema.org","@graph":[{"@type":"Article","@id":"https:\/\/alcala.salesianos.edu\/colegio\/blog\/2022\/05\/04\/visitante-rector-mayor\/#article","isPartOf":{"@id":"https:\/\/alcala.salesianos.edu\/colegio\/blog\/2022\/05\/04\/visitante-rector-mayor\/"},"author":{"name":"Administrador Web","@id":"https:\/\/alcala.salesianos.edu\/colegio\/#\/schema\/person\/afcc24f776dc91fc2bf9afb0998fca77"},"headline":"Visita delegado Rector Mayor","datePublished":"2022-05-04T18:37:16+00:00","dateModified":"2025-08-27T07:49:08+00:00","mainEntityOfPage":{"@id":"https:\/\/alcala.salesianos.edu\/colegio\/blog\/2022\/05\/04\/visitante-rector-mayor\/"},"wordCount":439,"articleSection":["Colegio","covid","FASA","Infantil","Pastoral","Portada","Primaria","Secundaria","Uncategorized"],"inLanguage":"es"},{"@type":"WebPage","@id":"https:\/\/alcala.salesianos.edu\/colegio\/blog\/2022\/05\/04\/visitante-rector-mayor\/","url":"https:\/\/alcala.salesianos.edu\/colegio\/blog\/2022\/05\/04\/visitante-rector-mayor\/","name":"Visita delegado Rector Mayor - Colegio Salesiano Alcal\u00e1","isPartOf":{"@id":"https:\/\/alcala.salesianos.edu\/colegio\/#website"},"datePublished":"2022-05-04T18:37:16+00:00","dateModified":"2025-08-27T07:49:08+00:00","author":{"@id":"https:\/\/alcala.salesianos.edu\/colegio\/#\/schema\/person\/afcc24f776dc91fc2bf9afb0998fca77"},"description":"Damos gracias a Dios por la visita de Don Marcelo Farf\u00e1n a esta nuestra casa, rica en familia, encuentro y acogida.","breadcrumb":{"@id":"https:\/\/alcala.salesianos.edu\/colegio\/blog\/2022\/05\/04\/visitante-rector-mayor\/#breadcrumb"},"inLanguage":"es","potentialAction":[{"@type":"ReadAction","target":["https:\/\/alcala.salesianos.edu\/colegio\/blog\/2022\/05\/04\/visitante-rector-mayor\/"]}]},{"@type":"BreadcrumbList","@id":"https:\/\/alcala.salesianos.edu\/colegio\/blog\/2022\/05\/04\/visitante-rector-mayor\/#breadcrumb","itemListElement":[{"@type":"ListItem","position":1,"name":"Portada","item":"https:\/\/alcala.salesianos.edu\/colegio\/"},{"@type":"ListItem","position":2,"name":"Visita delegado Rector Mayor"}]},{"@type":"WebSite","@id":"https:\/\/alcala.salesianos.edu\/colegio\/#website","url":"https:\/\/alcala.salesianos.edu\/colegio\/","name":"Colegio Salesiano Alcal\u00e1","description":"P\u00e1gina oficial de Salesianos Alcal\u00e1 de Guadaira","potentialAction":[{"@type":"SearchAction","target":{"@type":"EntryPoint","urlTemplate":"https:\/\/alcala.salesianos.edu\/colegio\/?s={search_term_string}"},"query-input":{"@type":"PropertyValueSpecification","valueRequired":true,"valueName":"search_term_string"}}],"inLanguage":"es"},{"@type":"Person","@id":"https:\/\/alcala.salesianos.edu\/colegio\/#\/schema\/person\/afcc24f776dc91fc2bf9afb0998fca77","name":"Administrador Web","image":{"@type":"ImageObject","inLanguage":"es","@id":"https:\/\/secure.gravatar.com\/avatar\/bc157e994689bd6da9645c00aa3bc4d55b727915b6652642660db0aef086585f?s=96&d=mm&r=g","url":"https:\/\/secure.gravatar.com\/avatar\/bc157e994689bd6da9645c00aa3bc4d55b727915b6652642660db0aef086585f?s=96&d=mm&r=g","contentUrl":"https:\/\/secure.gravatar.com\/avatar\/bc157e994689bd6da9645c00aa3bc4d55b727915b6652642660db0aef086585f?s=96&d=mm&r=g","caption":"Administrador Web"}}]}},"_links":{"self":[{"href":"https:\/\/alcala.salesianos.edu\/colegio\/wp-json\/wp\/v2\/posts\/14654","targetHints":{"allow":["GET"]}}],"collection":[{"href":"https:\/\/alcala.salesianos.edu\/colegio\/wp-json\/wp\/v2\/posts"}],"about":[{"href":"https:\/\/alcala.salesianos.edu\/colegio\/wp-json\/wp\/v2\/types\/post"}],"author":[{"embeddable":true,"href":"https:\/\/alcala.salesianos.edu\/colegio\/wp-json\/wp\/v2\/users\/2"}],"replies":[{"embeddable":true,"href":"https:\/\/alcala.salesianos.edu\/colegio\/wp-json\/wp\/v2\/comments?post=14654"}],"version-history":[{"count":1,"href":"https:\/\/alcala.salesianos.edu\/colegio\/wp-json\/wp\/v2\/posts\/14654\/revisions"}],"predecessor-version":[{"id":16653,"href":"https:\/\/alcala.salesianos.edu\/colegio\/wp-json\/wp\/v2\/posts\/14654\/revisions\/16653"}],"wp:attachment":[{"href":"https:\/\/alcala.salesianos.edu\/colegio\/wp-json\/wp\/v2\/media?parent=14654"}],"wp:term":[{"taxonomy":"category","embeddable":true,"href":"https:\/\/alcala.salesianos.edu\/colegio\/wp-json\/wp\/v2\/categories?post=14654"},{"taxonomy":"post_tag","embeddable":true,"href":"https:\/\/alcala.salesianos.edu\/colegio\/wp-json\/wp\/v2\/tags?post=14654"}],"curies":[{"name":"wp","href":"https:\/\/api.w.org\/{rel}","templated":true}]}}