{"id":14650,"date":"2022-04-24T11:54:32","date_gmt":"2022-04-24T10:54:32","guid":{"rendered":"https:\/\/alcala.salesianos.edu\/colegio\/blog\/2022\/04\/24\/finalistas-eso\/"},"modified":"2025-08-27T08:49:09","modified_gmt":"2025-08-27T07:49:09","slug":"finalistas-eso","status":"publish","type":"post","link":"https:\/\/alcala.salesianos.edu\/colegio\/blog\/2022\/04\/24\/finalistas-eso\/","title":{"rendered":"III Feria Innovaci\u00f3n y Emprendimiento"},"content":{"rendered":"<div id=\"fb-root\"><\/div>\n<p>[et_pb_section fb_built=\u00bb1&#8243; admin_label=\u00bbsection\u00bb _builder_version=\u00bb4.16&#8243; global_colors_info=\u00bb{}\u00bb][et_pb_row admin_label=\u00bbrow\u00bb _builder_version=\u00bb4.16&#8243; background_size=\u00bbinitial\u00bb background_position=\u00bbtop_left\u00bb background_repeat=\u00bbrepeat\u00bb global_colors_info=\u00bb{}\u00bb][et_pb_column type=\u00bb4_4&#8243; _builder_version=\u00bb4.16&#8243; custom_padding=\u00bb|||\u00bb global_colors_info=\u00bb{}\u00bb custom_padding__hover=\u00bb|||\u00bb][et_pb_text _builder_version=\u00bb4.17.2&#8243; _module_preset=\u00bbdefault\u00bb text_orientation=\u00bbjustified\u00bb hover_enabled=\u00bb0&#8243; sticky_enabled=\u00bb0&#8243;]<\/p>\n<p style=\"text-align: center;\"><strong>Finalistas en el emprendimiento<\/strong><\/p>\n<p>Orgullosos de anunciar nuestro puesto en la final de la III Feria de innovaci\u00f3n y emprendimiento en ESO y Bachillerato que cada a\u00f1o organiza el Colegio Alem\u00e1n \u201cAlberto Durero\u201d de Sevilla.<\/p>\n<p>La participaci\u00f3n de nuestros alumnos de ESO es y ha sido una brillante oportunidad para que sus ideas se materialicen en proyectos de innovaci\u00f3n y emprendimiento vinculados al desarrollo sostenible y que puedan ser un aporte a su entorno local. Buscamos as\u00ed, dentro del desarrollo integral del alumnado, potenciar la ejercitaci\u00f3n de las habilidades necesarias para comunicar y defender sus ideas frente a una audiencia.<\/p>\n<p>La capacidad emprendedora y de innovaci\u00f3n se entiende como un actuar concreto que permite identificar problem\u00e1ticas, oportunidades y riesgos, abordando nuevas iniciativas que faciliten niveles de crecimiento en el \u00e1mbito personal y acad\u00e9mico.<\/p>\n<p>Esta idea se vincula estrechamente con el sistema preventivo de Don Bosco, adelantado a sus tiempos, promovemos en nuestro alumnado la capacidad de tomar sus ideas como comienzos de grandes proyectos, valorando la vida como un viento al que domar con el trabajo y el esfuerzo constante.<\/p>\n<p>Para motivar la creaci\u00f3n de proyectos innovadores que est\u00e9n comprometidos con el desarrollo local y global, participamos en esta Feria de Innovaci\u00f3n y Emprendimiento en ESO y Bachillerato de Sevilla como plataforma para el desarrollo de proyectos de innovaci\u00f3n y emprendimiento que consideren el desarrollo sostenible en su propuesta.<\/p>\n<p>Damos la enhorabuena a todos los alumnos finalistas, dese\u00e1ndoles lo mejor, con el esfuerzo y el trabajo por bandera ser\u00e1 la \u00fanica forma de alcanzar el para\u00edso, no importa sin ganan o pierden, valoramos su tes\u00f3n, emprendimiento y constancia, valores que aupar\u00e1n siempre a nuestros alumnos a ser mejores personas.<\/p>\n<p>[\/et_pb_text][\/et_pb_column][\/et_pb_row][\/et_pb_section]<\/p>\n","protected":false},"excerpt":{"rendered":"<p>Orgullosos de anunciar nuestro puesto en la final de la III Feria de innovaci\u00f3n y emprendimiento en ESO y Bachillerato que cada a\u00f1o organiza el Colegio Alem\u00e1n \u201cAlberto Durero\u201d de Sevilla.<\/p>\n","protected":false},"author":2,"featured_media":0,"comment_status":"closed","ping_status":"open","sticky":false,"template":"","format":"standard","meta":{"_et_pb_use_builder":"on","_et_pb_old_content":"","_et_gb_content_width":"","footnotes":""},"categories":[12,23,13,14,15,16,1],"tags":[],"class_list":["post-14650","post","type-post","status-publish","format-standard","hentry","category-colegio","category-covid","category-fasa","category-pastoral","category-portada","category-secundaria","category-uncategorized"],"yoast_head":"<!-- This site is optimized with the Yoast SEO plugin v28.3 - https:\/\/yoast.com\/product\/yoast-seo-wordpress\/ -->\n<title>III Feria Innovaci\u00f3n y Emprendimiento - Colegio Salesiano Alcal\u00e1<\/title>\n<meta name=\"description\" content=\"Finalistas de la III Feria de innovaci\u00f3n y emprendimiento en ESO y Bachillerato del Colegio Alem\u00e1n \u201cAlberto Durero\u201d de Sevilla.\" \/>\n<meta name=\"robots\" content=\"index, follow, max-snippet:-1, max-image-preview:large, max-video-preview:-1\" \/>\n<link rel=\"canonical\" href=\"https:\/\/alcala.salesianos.edu\/colegio\/blog\/2022\/04\/24\/finalistas-eso\/\" \/>\n<meta property=\"og:locale\" content=\"es_ES\" \/>\n<meta property=\"og:type\" content=\"article\" \/>\n<meta property=\"og:title\" content=\"III Feria Innovaci\u00f3n y Emprendimiento - Colegio Salesiano Alcal\u00e1\" \/>\n<meta property=\"og:description\" content=\"Finalistas de la III Feria de innovaci\u00f3n y emprendimiento en ESO y Bachillerato del Colegio Alem\u00e1n \u201cAlberto Durero\u201d de Sevilla.\" \/>\n<meta property=\"og:url\" content=\"https:\/\/alcala.salesianos.edu\/colegio\/blog\/2022\/04\/24\/finalistas-eso\/\" \/>\n<meta property=\"og:site_name\" content=\"Colegio Salesiano Alcal\u00e1\" \/>\n<meta property=\"article:published_time\" content=\"2022-04-24T10:54:32+00:00\" \/>\n<meta property=\"article:modified_time\" content=\"2025-08-27T07:49:09+00:00\" \/>\n<meta name=\"author\" content=\"Administrador Web\" \/>\n<meta name=\"twitter:card\" content=\"summary_large_image\" \/>\n<meta name=\"twitter:label1\" content=\"Escrito por\" \/>\n\t<meta name=\"twitter:data1\" content=\"Administrador Web\" \/>\n\t<meta name=\"twitter:label2\" content=\"Tiempo de lectura\" \/>\n\t<meta name=\"twitter:data2\" content=\"2 minutos\" \/>\n<script type=\"application\/ld+json\" class=\"yoast-schema-graph\">{\"@context\":\"https:\\\/\\\/schema.org\",\"@graph\":[{\"@type\":\"Article\",\"@id\":\"https:\\\/\\\/alcala.salesianos.edu\\\/colegio\\\/blog\\\/2022\\\/04\\\/24\\\/finalistas-eso\\\/#article\",\"isPartOf\":{\"@id\":\"https:\\\/\\\/alcala.salesianos.edu\\\/colegio\\\/blog\\\/2022\\\/04\\\/24\\\/finalistas-eso\\\/\"},\"author\":{\"name\":\"Administrador Web\",\"@id\":\"https:\\\/\\\/alcala.salesianos.edu\\\/colegio\\\/#\\\/schema\\\/person\\\/afcc24f776dc91fc2bf9afb0998fca77\"},\"headline\":\"III Feria Innovaci\u00f3n y Emprendimiento\",\"datePublished\":\"2022-04-24T10:54:32+00:00\",\"dateModified\":\"2025-08-27T07:49:09+00:00\",\"mainEntityOfPage\":{\"@id\":\"https:\\\/\\\/alcala.salesianos.edu\\\/colegio\\\/blog\\\/2022\\\/04\\\/24\\\/finalistas-eso\\\/\"},\"wordCount\":377,\"articleSection\":[\"Colegio\",\"covid\",\"FASA\",\"Pastoral\",\"Portada\",\"Secundaria\",\"Uncategorized\"],\"inLanguage\":\"es\"},{\"@type\":\"WebPage\",\"@id\":\"https:\\\/\\\/alcala.salesianos.edu\\\/colegio\\\/blog\\\/2022\\\/04\\\/24\\\/finalistas-eso\\\/\",\"url\":\"https:\\\/\\\/alcala.salesianos.edu\\\/colegio\\\/blog\\\/2022\\\/04\\\/24\\\/finalistas-eso\\\/\",\"name\":\"III Feria Innovaci\u00f3n y Emprendimiento - Colegio Salesiano Alcal\u00e1\",\"isPartOf\":{\"@id\":\"https:\\\/\\\/alcala.salesianos.edu\\\/colegio\\\/#website\"},\"datePublished\":\"2022-04-24T10:54:32+00:00\",\"dateModified\":\"2025-08-27T07:49:09+00:00\",\"author\":{\"@id\":\"https:\\\/\\\/alcala.salesianos.edu\\\/colegio\\\/#\\\/schema\\\/person\\\/afcc24f776dc91fc2bf9afb0998fca77\"},\"description\":\"Finalistas de la III Feria de innovaci\u00f3n y emprendimiento en ESO y Bachillerato del Colegio Alem\u00e1n \u201cAlberto Durero\u201d de Sevilla.\",\"breadcrumb\":{\"@id\":\"https:\\\/\\\/alcala.salesianos.edu\\\/colegio\\\/blog\\\/2022\\\/04\\\/24\\\/finalistas-eso\\\/#breadcrumb\"},\"inLanguage\":\"es\",\"potentialAction\":[{\"@type\":\"ReadAction\",\"target\":[\"https:\\\/\\\/alcala.salesianos.edu\\\/colegio\\\/blog\\\/2022\\\/04\\\/24\\\/finalistas-eso\\\/\"]}]},{\"@type\":\"BreadcrumbList\",\"@id\":\"https:\\\/\\\/alcala.salesianos.edu\\\/colegio\\\/blog\\\/2022\\\/04\\\/24\\\/finalistas-eso\\\/#breadcrumb\",\"itemListElement\":[{\"@type\":\"ListItem\",\"position\":1,\"name\":\"Portada\",\"item\":\"https:\\\/\\\/alcala.salesianos.edu\\\/colegio\\\/\"},{\"@type\":\"ListItem\",\"position\":2,\"name\":\"III Feria Innovaci\u00f3n y Emprendimiento\"}]},{\"@type\":\"WebSite\",\"@id\":\"https:\\\/\\\/alcala.salesianos.edu\\\/colegio\\\/#website\",\"url\":\"https:\\\/\\\/alcala.salesianos.edu\\\/colegio\\\/\",\"name\":\"Colegio Salesiano Alcal\u00e1\",\"description\":\"P\u00e1gina oficial de Salesianos Alcal\u00e1 de Guadaira\",\"potentialAction\":[{\"@type\":\"SearchAction\",\"target\":{\"@type\":\"EntryPoint\",\"urlTemplate\":\"https:\\\/\\\/alcala.salesianos.edu\\\/colegio\\\/?s={search_term_string}\"},\"query-input\":{\"@type\":\"PropertyValueSpecification\",\"valueRequired\":true,\"valueName\":\"search_term_string\"}}],\"inLanguage\":\"es\"},{\"@type\":\"Person\",\"@id\":\"https:\\\/\\\/alcala.salesianos.edu\\\/colegio\\\/#\\\/schema\\\/person\\\/afcc24f776dc91fc2bf9afb0998fca77\",\"name\":\"Administrador Web\",\"image\":{\"@type\":\"ImageObject\",\"inLanguage\":\"es\",\"@id\":\"https:\\\/\\\/secure.gravatar.com\\\/avatar\\\/bc157e994689bd6da9645c00aa3bc4d55b727915b6652642660db0aef086585f?s=96&d=mm&r=g\",\"url\":\"https:\\\/\\\/secure.gravatar.com\\\/avatar\\\/bc157e994689bd6da9645c00aa3bc4d55b727915b6652642660db0aef086585f?s=96&d=mm&r=g\",\"contentUrl\":\"https:\\\/\\\/secure.gravatar.com\\\/avatar\\\/bc157e994689bd6da9645c00aa3bc4d55b727915b6652642660db0aef086585f?s=96&d=mm&r=g\",\"caption\":\"Administrador Web\"}}]}<\/script>\n<!-- \/ Yoast SEO plugin. -->","yoast_head_json":{"title":"III Feria Innovaci\u00f3n y Emprendimiento - Colegio Salesiano Alcal\u00e1","description":"Finalistas de la III Feria de innovaci\u00f3n y emprendimiento en ESO y Bachillerato del Colegio Alem\u00e1n \u201cAlberto Durero\u201d de Sevilla.","robots":{"index":"index","follow":"follow","max-snippet":"max-snippet:-1","max-image-preview":"max-image-preview:large","max-video-preview":"max-video-preview:-1"},"canonical":"https:\/\/alcala.salesianos.edu\/colegio\/blog\/2022\/04\/24\/finalistas-eso\/","og_locale":"es_ES","og_type":"article","og_title":"III Feria Innovaci\u00f3n y Emprendimiento - Colegio Salesiano Alcal\u00e1","og_description":"Finalistas de la III Feria de innovaci\u00f3n y emprendimiento en ESO y Bachillerato del Colegio Alem\u00e1n \u201cAlberto Durero\u201d de Sevilla.","og_url":"https:\/\/alcala.salesianos.edu\/colegio\/blog\/2022\/04\/24\/finalistas-eso\/","og_site_name":"Colegio Salesiano Alcal\u00e1","article_published_time":"2022-04-24T10:54:32+00:00","article_modified_time":"2025-08-27T07:49:09+00:00","author":"Administrador Web","twitter_card":"summary_large_image","twitter_misc":{"Escrito por":"Administrador Web","Tiempo de lectura":"2 minutos"},"schema":{"@context":"https:\/\/schema.org","@graph":[{"@type":"Article","@id":"https:\/\/alcala.salesianos.edu\/colegio\/blog\/2022\/04\/24\/finalistas-eso\/#article","isPartOf":{"@id":"https:\/\/alcala.salesianos.edu\/colegio\/blog\/2022\/04\/24\/finalistas-eso\/"},"author":{"name":"Administrador Web","@id":"https:\/\/alcala.salesianos.edu\/colegio\/#\/schema\/person\/afcc24f776dc91fc2bf9afb0998fca77"},"headline":"III Feria Innovaci\u00f3n y Emprendimiento","datePublished":"2022-04-24T10:54:32+00:00","dateModified":"2025-08-27T07:49:09+00:00","mainEntityOfPage":{"@id":"https:\/\/alcala.salesianos.edu\/colegio\/blog\/2022\/04\/24\/finalistas-eso\/"},"wordCount":377,"articleSection":["Colegio","covid","FASA","Pastoral","Portada","Secundaria","Uncategorized"],"inLanguage":"es"},{"@type":"WebPage","@id":"https:\/\/alcala.salesianos.edu\/colegio\/blog\/2022\/04\/24\/finalistas-eso\/","url":"https:\/\/alcala.salesianos.edu\/colegio\/blog\/2022\/04\/24\/finalistas-eso\/","name":"III Feria Innovaci\u00f3n y Emprendimiento - Colegio Salesiano Alcal\u00e1","isPartOf":{"@id":"https:\/\/alcala.salesianos.edu\/colegio\/#website"},"datePublished":"2022-04-24T10:54:32+00:00","dateModified":"2025-08-27T07:49:09+00:00","author":{"@id":"https:\/\/alcala.salesianos.edu\/colegio\/#\/schema\/person\/afcc24f776dc91fc2bf9afb0998fca77"},"description":"Finalistas de la III Feria de innovaci\u00f3n y emprendimiento en ESO y Bachillerato del Colegio Alem\u00e1n \u201cAlberto Durero\u201d de Sevilla.","breadcrumb":{"@id":"https:\/\/alcala.salesianos.edu\/colegio\/blog\/2022\/04\/24\/finalistas-eso\/#breadcrumb"},"inLanguage":"es","potentialAction":[{"@type":"ReadAction","target":["https:\/\/alcala.salesianos.edu\/colegio\/blog\/2022\/04\/24\/finalistas-eso\/"]}]},{"@type":"BreadcrumbList","@id":"https:\/\/alcala.salesianos.edu\/colegio\/blog\/2022\/04\/24\/finalistas-eso\/#breadcrumb","itemListElement":[{"@type":"ListItem","position":1,"name":"Portada","item":"https:\/\/alcala.salesianos.edu\/colegio\/"},{"@type":"ListItem","position":2,"name":"III Feria Innovaci\u00f3n y Emprendimiento"}]},{"@type":"WebSite","@id":"https:\/\/alcala.salesianos.edu\/colegio\/#website","url":"https:\/\/alcala.salesianos.edu\/colegio\/","name":"Colegio Salesiano Alcal\u00e1","description":"P\u00e1gina oficial de Salesianos Alcal\u00e1 de Guadaira","potentialAction":[{"@type":"SearchAction","target":{"@type":"EntryPoint","urlTemplate":"https:\/\/alcala.salesianos.edu\/colegio\/?s={search_term_string}"},"query-input":{"@type":"PropertyValueSpecification","valueRequired":true,"valueName":"search_term_string"}}],"inLanguage":"es"},{"@type":"Person","@id":"https:\/\/alcala.salesianos.edu\/colegio\/#\/schema\/person\/afcc24f776dc91fc2bf9afb0998fca77","name":"Administrador Web","image":{"@type":"ImageObject","inLanguage":"es","@id":"https:\/\/secure.gravatar.com\/avatar\/bc157e994689bd6da9645c00aa3bc4d55b727915b6652642660db0aef086585f?s=96&d=mm&r=g","url":"https:\/\/secure.gravatar.com\/avatar\/bc157e994689bd6da9645c00aa3bc4d55b727915b6652642660db0aef086585f?s=96&d=mm&r=g","contentUrl":"https:\/\/secure.gravatar.com\/avatar\/bc157e994689bd6da9645c00aa3bc4d55b727915b6652642660db0aef086585f?s=96&d=mm&r=g","caption":"Administrador Web"}}]}},"_links":{"self":[{"href":"https:\/\/alcala.salesianos.edu\/colegio\/wp-json\/wp\/v2\/posts\/14650","targetHints":{"allow":["GET"]}}],"collection":[{"href":"https:\/\/alcala.salesianos.edu\/colegio\/wp-json\/wp\/v2\/posts"}],"about":[{"href":"https:\/\/alcala.salesianos.edu\/colegio\/wp-json\/wp\/v2\/types\/post"}],"author":[{"embeddable":true,"href":"https:\/\/alcala.salesianos.edu\/colegio\/wp-json\/wp\/v2\/users\/2"}],"replies":[{"embeddable":true,"href":"https:\/\/alcala.salesianos.edu\/colegio\/wp-json\/wp\/v2\/comments?post=14650"}],"version-history":[{"count":1,"href":"https:\/\/alcala.salesianos.edu\/colegio\/wp-json\/wp\/v2\/posts\/14650\/revisions"}],"predecessor-version":[{"id":16654,"href":"https:\/\/alcala.salesianos.edu\/colegio\/wp-json\/wp\/v2\/posts\/14650\/revisions\/16654"}],"wp:attachment":[{"href":"https:\/\/alcala.salesianos.edu\/colegio\/wp-json\/wp\/v2\/media?parent=14650"}],"wp:term":[{"taxonomy":"category","embeddable":true,"href":"https:\/\/alcala.salesianos.edu\/colegio\/wp-json\/wp\/v2\/categories?post=14650"},{"taxonomy":"post_tag","embeddable":true,"href":"https:\/\/alcala.salesianos.edu\/colegio\/wp-json\/wp\/v2\/tags?post=14650"}],"curies":[{"name":"wp","href":"https:\/\/api.w.org\/{rel}","templated":true}]}}