{"id":14648,"date":"2022-04-22T18:51:51","date_gmt":"2022-04-22T17:51:51","guid":{"rendered":"https:\/\/alcala.salesianos.edu\/colegio\/blog\/2022\/04\/22\/semana-de-la-cultura\/"},"modified":"2025-08-27T08:49:10","modified_gmt":"2025-08-27T07:49:10","slug":"semana-de-la-cultura","status":"publish","type":"post","link":"https:\/\/alcala.salesianos.edu\/colegio\/blog\/2022\/04\/22\/semana-de-la-cultura\/","title":{"rendered":"Semana de la Cultura"},"content":{"rendered":"<div id=\"fb-root\"><\/div>\n<p>[et_pb_section fb_built=\u00bb1&#8243; admin_label=\u00bbsection\u00bb _builder_version=\u00bb4.16&#8243; global_colors_info=\u00bb{}\u00bb][et_pb_row admin_label=\u00bbrow\u00bb _builder_version=\u00bb4.16&#8243; background_size=\u00bbinitial\u00bb background_position=\u00bbtop_left\u00bb background_repeat=\u00bbrepeat\u00bb global_colors_info=\u00bb{}\u00bb][et_pb_column type=\u00bb4_4&#8243; _builder_version=\u00bb4.16&#8243; custom_padding=\u00bb|||\u00bb global_colors_info=\u00bb{}\u00bb custom_padding__hover=\u00bb|||\u00bb][et_pb_text _builder_version=\u00bb4.17.2&#8243; _module_preset=\u00bbdefault\u00bb text_orientation=\u00bbjustified\u00bb hover_enabled=\u00bb0&#8243; sticky_enabled=\u00bb0&#8243;]<\/p>\n<p style=\"text-align: center;\"><strong>Semana de la Cultura<\/strong><\/p>\n<p>Comienzan las actividades para celebrar la semana de la cultura, en la que se incluyen la lectura, m\u00fasica y cultura tanto andaluza como alcalare\u00f1a para celebrar quienes somos y por qu\u00e9.<\/p>\n<p>Las tres etapas de nuestro centro preparan un amplio abanico de actividades en las que nuestros alumnos participar\u00e1n de forma activa para ampliar su desarrollo acad\u00e9mico y cultural.<\/p>\n<p>En primer lugar, la etapa de educaci\u00f3n infantil preparar\u00e1 un magn\u00edfico taller de cuentos en el que los alumnos podr\u00e1n disfrutar de la lectura como pilar fundamental de cultura. Lectura atractiva y motivadora de piezas literarias propias para su edad y desarrollo, una actividad que, adem\u00e1s, se completar\u00e1 con la dramatizaci\u00f3n de alguno de estos cuentos populares, pero con un car\u00e1cter especial, puesto que lo llevar\u00e1n a cabo en ingl\u00e9s, como segundo idioma del centro.<\/p>\n<p>Por otro lado, educaci\u00f3n primaria llevar\u00e1 a cabo una actividad transversal durante toda la semana en los buenos d\u00edas, donde los alumnos de los diferentes cursos compartir\u00e1n con sus compa\u00f1eros la dramatizaci\u00f3n de cuentos populares adaptados a las diferentes edades. Adem\u00e1s, se realizar\u00e1 un pase de modelos en el patio de Mar\u00eda Auxiliadora, en el que los alumnos disfrutar\u00e1n de la cultura andaluza a trav\u00e9s de la moda y la tradici\u00f3n tan arraigada que nos caracteriza. Por \u00faltimo, llevar\u00e1n a cabo, al igual que la etapa de infantil, la dramatizaci\u00f3n de diferentes cuentos en el segundo idioma, apostando as\u00ed por un desarrollo \u00edntegro del alumnado a trav\u00e9s del teatro y la lengua inglesa.<\/p>\n<p>La etapa de educaci\u00f3n secundaria llevar\u00e1 a cabo diferentes actividades caracterizadas y adaptadas a las edades superiores del centro. En este caso, los alumnos de secundaria, podr\u00e1n disfrutar de la lectura a trav\u00e9s de la plataforma \u201cleerflix\u201d, un recurso creado por ellos mismos donde podr\u00e1n compartir entre todos recomendaciones de lectura, la cual se suma a la biblioteca ambulante, donde todos los alumnos tendr\u00e1n la oportunidad de compartir sus libros con los dem\u00e1s. La m\u00fasica tambi\u00e9n tendr\u00e1 su protagonismo dentro de las actividades culturales, por lo que durante el recreo del viernes los alumnos podr\u00e1n disfrutar de \u00e9sta cantando y tocando sus propios instrumentos.<\/p>\n<p>La etapa de secundaria tambi\u00e9n ha apostado por el teatro y la dramatizaci\u00f3n para la celebraci\u00f3n de esta semana, a trav\u00e9s del cual podr\u00e1n disfrutar de diferentes representaciones de piezas literarias propias de la edad. Un taller de Gloria Fuertes, y un teatro de Robin Hood, en ingl\u00e9s, han sido los elegidos para poner en marcha esta fuerte apuesta por el teatro y la cultura.<\/p>\n<p>Por otro lado, la pintura toma protagonismo a trav\u00e9s de \u201cun museo en nuestro colegio salesiano\u201d, plataforma en la que se expondr\u00e1n cuadros famosos acompa\u00f1ados de trabajos donde los alumnos han llevado a cabo una extensa y elaborada investigaci\u00f3n sobre estos cuadros.<\/p>\n<p>Cabe destacar la preocupaci\u00f3n por la cultura que nuestro centro ofrece a la ciudad de Alcal\u00e1, por lo que, contando con la colaboraci\u00f3n de los espacios p\u00fablicos locales, nos sumaremos al IES Albero para que nuestros alumnos participen en una mesa coloquio sobre literatura en el Guti\u00e9rrez de Alba, as\u00ed como una charla en nuestro teatro con antiguas alumnas literatas que presentar\u00e1n sus obras m\u00e1s recientes a nuestros alumnos.<\/p>\n<p>&nbsp;<\/p>\n<p>Siguiendo los pasos de Don Bosco, esta casa se compromete con nuestra cultura, su literatura, m\u00fasica o pintura, de forma que, con el claro ejemplo en nuestras antiguas alumnas Mar\u00eda Barrera Pi\u00f1a y Dania Garc\u00eda-Donas, nuestros alumnos vean en nuestra caracter\u00edstica cultura una fuente de inspiraci\u00f3n con la que desarrollarse y llegar a ser mejores personas, compartiendo con los dem\u00e1s sus creaciones y conocimientos.<\/p>\n<p>[\/et_pb_text][\/et_pb_column][\/et_pb_row][\/et_pb_section]<\/p>\n","protected":false},"excerpt":{"rendered":"<p>Comienzan las actividades para celebrar la semana de la cultura, en la que se incluyen la lectura, m\u00fasica y cultura tanto andaluza como alcalare\u00f1a para celebrar quienes somos y por qu\u00e9.<\/p>\n","protected":false},"author":2,"featured_media":0,"comment_status":"closed","ping_status":"open","sticky":false,"template":"","format":"standard","meta":{"_et_pb_use_builder":"on","_et_pb_old_content":"","_et_gb_content_width":"","footnotes":""},"categories":[12,23,13,17,14,15,18,16,1],"tags":[],"class_list":["post-14648","post","type-post","status-publish","format-standard","hentry","category-colegio","category-covid","category-fasa","category-infantil","category-pastoral","category-portada","category-primaria","category-secundaria","category-uncategorized"],"yoast_head":"<!-- This site is optimized with the Yoast SEO plugin v28.3 - https:\/\/yoast.com\/product\/yoast-seo-wordpress\/ -->\n<title>Semana de la Cultura - Colegio Salesiano Alcal\u00e1<\/title>\n<meta name=\"description\" content=\"Comienzan las actividades para celebrar la semana de la cultura para celebrar quienes somos y por qu\u00e9.\" \/>\n<meta name=\"robots\" content=\"index, follow, max-snippet:-1, max-image-preview:large, max-video-preview:-1\" \/>\n<link rel=\"canonical\" href=\"https:\/\/alcala.salesianos.edu\/colegio\/blog\/2022\/04\/22\/semana-de-la-cultura\/\" \/>\n<meta property=\"og:locale\" content=\"es_ES\" \/>\n<meta property=\"og:type\" content=\"article\" \/>\n<meta property=\"og:title\" content=\"Semana de la Cultura - Colegio Salesiano Alcal\u00e1\" \/>\n<meta property=\"og:description\" content=\"Comienzan las actividades para celebrar la semana de la cultura para celebrar quienes somos y por qu\u00e9.\" \/>\n<meta property=\"og:url\" content=\"https:\/\/alcala.salesianos.edu\/colegio\/blog\/2022\/04\/22\/semana-de-la-cultura\/\" \/>\n<meta property=\"og:site_name\" content=\"Colegio Salesiano Alcal\u00e1\" \/>\n<meta property=\"article:published_time\" content=\"2022-04-22T17:51:51+00:00\" \/>\n<meta property=\"article:modified_time\" content=\"2025-08-27T07:49:10+00:00\" \/>\n<meta name=\"author\" content=\"Administrador Web\" \/>\n<meta name=\"twitter:card\" content=\"summary_large_image\" \/>\n<meta name=\"twitter:label1\" content=\"Escrito por\" \/>\n\t<meta name=\"twitter:data1\" content=\"Administrador Web\" \/>\n\t<meta name=\"twitter:label2\" content=\"Tiempo de lectura\" \/>\n\t<meta name=\"twitter:data2\" content=\"4 minutos\" \/>\n<script type=\"application\/ld+json\" class=\"yoast-schema-graph\">{\"@context\":\"https:\\\/\\\/schema.org\",\"@graph\":[{\"@type\":\"Article\",\"@id\":\"https:\\\/\\\/alcala.salesianos.edu\\\/colegio\\\/blog\\\/2022\\\/04\\\/22\\\/semana-de-la-cultura\\\/#article\",\"isPartOf\":{\"@id\":\"https:\\\/\\\/alcala.salesianos.edu\\\/colegio\\\/blog\\\/2022\\\/04\\\/22\\\/semana-de-la-cultura\\\/\"},\"author\":{\"name\":\"Administrador Web\",\"@id\":\"https:\\\/\\\/alcala.salesianos.edu\\\/colegio\\\/#\\\/schema\\\/person\\\/afcc24f776dc91fc2bf9afb0998fca77\"},\"headline\":\"Semana de la Cultura\",\"datePublished\":\"2022-04-22T17:51:51+00:00\",\"dateModified\":\"2025-08-27T07:49:10+00:00\",\"mainEntityOfPage\":{\"@id\":\"https:\\\/\\\/alcala.salesianos.edu\\\/colegio\\\/blog\\\/2022\\\/04\\\/22\\\/semana-de-la-cultura\\\/\"},\"wordCount\":732,\"articleSection\":[\"Colegio\",\"covid\",\"FASA\",\"Infantil\",\"Pastoral\",\"Portada\",\"Primaria\",\"Secundaria\",\"Uncategorized\"],\"inLanguage\":\"es\"},{\"@type\":\"WebPage\",\"@id\":\"https:\\\/\\\/alcala.salesianos.edu\\\/colegio\\\/blog\\\/2022\\\/04\\\/22\\\/semana-de-la-cultura\\\/\",\"url\":\"https:\\\/\\\/alcala.salesianos.edu\\\/colegio\\\/blog\\\/2022\\\/04\\\/22\\\/semana-de-la-cultura\\\/\",\"name\":\"Semana de la Cultura - Colegio Salesiano Alcal\u00e1\",\"isPartOf\":{\"@id\":\"https:\\\/\\\/alcala.salesianos.edu\\\/colegio\\\/#website\"},\"datePublished\":\"2022-04-22T17:51:51+00:00\",\"dateModified\":\"2025-08-27T07:49:10+00:00\",\"author\":{\"@id\":\"https:\\\/\\\/alcala.salesianos.edu\\\/colegio\\\/#\\\/schema\\\/person\\\/afcc24f776dc91fc2bf9afb0998fca77\"},\"description\":\"Comienzan las actividades para celebrar la semana de la cultura para celebrar quienes somos y por qu\u00e9.\",\"breadcrumb\":{\"@id\":\"https:\\\/\\\/alcala.salesianos.edu\\\/colegio\\\/blog\\\/2022\\\/04\\\/22\\\/semana-de-la-cultura\\\/#breadcrumb\"},\"inLanguage\":\"es\",\"potentialAction\":[{\"@type\":\"ReadAction\",\"target\":[\"https:\\\/\\\/alcala.salesianos.edu\\\/colegio\\\/blog\\\/2022\\\/04\\\/22\\\/semana-de-la-cultura\\\/\"]}]},{\"@type\":\"BreadcrumbList\",\"@id\":\"https:\\\/\\\/alcala.salesianos.edu\\\/colegio\\\/blog\\\/2022\\\/04\\\/22\\\/semana-de-la-cultura\\\/#breadcrumb\",\"itemListElement\":[{\"@type\":\"ListItem\",\"position\":1,\"name\":\"Portada\",\"item\":\"https:\\\/\\\/alcala.salesianos.edu\\\/colegio\\\/\"},{\"@type\":\"ListItem\",\"position\":2,\"name\":\"Semana de la Cultura\"}]},{\"@type\":\"WebSite\",\"@id\":\"https:\\\/\\\/alcala.salesianos.edu\\\/colegio\\\/#website\",\"url\":\"https:\\\/\\\/alcala.salesianos.edu\\\/colegio\\\/\",\"name\":\"Colegio Salesiano Alcal\u00e1\",\"description\":\"P\u00e1gina oficial de Salesianos Alcal\u00e1 de Guadaira\",\"potentialAction\":[{\"@type\":\"SearchAction\",\"target\":{\"@type\":\"EntryPoint\",\"urlTemplate\":\"https:\\\/\\\/alcala.salesianos.edu\\\/colegio\\\/?s={search_term_string}\"},\"query-input\":{\"@type\":\"PropertyValueSpecification\",\"valueRequired\":true,\"valueName\":\"search_term_string\"}}],\"inLanguage\":\"es\"},{\"@type\":\"Person\",\"@id\":\"https:\\\/\\\/alcala.salesianos.edu\\\/colegio\\\/#\\\/schema\\\/person\\\/afcc24f776dc91fc2bf9afb0998fca77\",\"name\":\"Administrador Web\",\"image\":{\"@type\":\"ImageObject\",\"inLanguage\":\"es\",\"@id\":\"https:\\\/\\\/secure.gravatar.com\\\/avatar\\\/bc157e994689bd6da9645c00aa3bc4d55b727915b6652642660db0aef086585f?s=96&d=mm&r=g\",\"url\":\"https:\\\/\\\/secure.gravatar.com\\\/avatar\\\/bc157e994689bd6da9645c00aa3bc4d55b727915b6652642660db0aef086585f?s=96&d=mm&r=g\",\"contentUrl\":\"https:\\\/\\\/secure.gravatar.com\\\/avatar\\\/bc157e994689bd6da9645c00aa3bc4d55b727915b6652642660db0aef086585f?s=96&d=mm&r=g\",\"caption\":\"Administrador Web\"}}]}<\/script>\n<!-- \/ Yoast SEO plugin. -->","yoast_head_json":{"title":"Semana de la Cultura - Colegio Salesiano Alcal\u00e1","description":"Comienzan las actividades para celebrar la semana de la cultura para celebrar quienes somos y por qu\u00e9.","robots":{"index":"index","follow":"follow","max-snippet":"max-snippet:-1","max-image-preview":"max-image-preview:large","max-video-preview":"max-video-preview:-1"},"canonical":"https:\/\/alcala.salesianos.edu\/colegio\/blog\/2022\/04\/22\/semana-de-la-cultura\/","og_locale":"es_ES","og_type":"article","og_title":"Semana de la Cultura - Colegio Salesiano Alcal\u00e1","og_description":"Comienzan las actividades para celebrar la semana de la cultura para celebrar quienes somos y por qu\u00e9.","og_url":"https:\/\/alcala.salesianos.edu\/colegio\/blog\/2022\/04\/22\/semana-de-la-cultura\/","og_site_name":"Colegio Salesiano Alcal\u00e1","article_published_time":"2022-04-22T17:51:51+00:00","article_modified_time":"2025-08-27T07:49:10+00:00","author":"Administrador Web","twitter_card":"summary_large_image","twitter_misc":{"Escrito por":"Administrador Web","Tiempo de lectura":"4 minutos"},"schema":{"@context":"https:\/\/schema.org","@graph":[{"@type":"Article","@id":"https:\/\/alcala.salesianos.edu\/colegio\/blog\/2022\/04\/22\/semana-de-la-cultura\/#article","isPartOf":{"@id":"https:\/\/alcala.salesianos.edu\/colegio\/blog\/2022\/04\/22\/semana-de-la-cultura\/"},"author":{"name":"Administrador Web","@id":"https:\/\/alcala.salesianos.edu\/colegio\/#\/schema\/person\/afcc24f776dc91fc2bf9afb0998fca77"},"headline":"Semana de la Cultura","datePublished":"2022-04-22T17:51:51+00:00","dateModified":"2025-08-27T07:49:10+00:00","mainEntityOfPage":{"@id":"https:\/\/alcala.salesianos.edu\/colegio\/blog\/2022\/04\/22\/semana-de-la-cultura\/"},"wordCount":732,"articleSection":["Colegio","covid","FASA","Infantil","Pastoral","Portada","Primaria","Secundaria","Uncategorized"],"inLanguage":"es"},{"@type":"WebPage","@id":"https:\/\/alcala.salesianos.edu\/colegio\/blog\/2022\/04\/22\/semana-de-la-cultura\/","url":"https:\/\/alcala.salesianos.edu\/colegio\/blog\/2022\/04\/22\/semana-de-la-cultura\/","name":"Semana de la Cultura - Colegio Salesiano Alcal\u00e1","isPartOf":{"@id":"https:\/\/alcala.salesianos.edu\/colegio\/#website"},"datePublished":"2022-04-22T17:51:51+00:00","dateModified":"2025-08-27T07:49:10+00:00","author":{"@id":"https:\/\/alcala.salesianos.edu\/colegio\/#\/schema\/person\/afcc24f776dc91fc2bf9afb0998fca77"},"description":"Comienzan las actividades para celebrar la semana de la cultura para celebrar quienes somos y por qu\u00e9.","breadcrumb":{"@id":"https:\/\/alcala.salesianos.edu\/colegio\/blog\/2022\/04\/22\/semana-de-la-cultura\/#breadcrumb"},"inLanguage":"es","potentialAction":[{"@type":"ReadAction","target":["https:\/\/alcala.salesianos.edu\/colegio\/blog\/2022\/04\/22\/semana-de-la-cultura\/"]}]},{"@type":"BreadcrumbList","@id":"https:\/\/alcala.salesianos.edu\/colegio\/blog\/2022\/04\/22\/semana-de-la-cultura\/#breadcrumb","itemListElement":[{"@type":"ListItem","position":1,"name":"Portada","item":"https:\/\/alcala.salesianos.edu\/colegio\/"},{"@type":"ListItem","position":2,"name":"Semana de la Cultura"}]},{"@type":"WebSite","@id":"https:\/\/alcala.salesianos.edu\/colegio\/#website","url":"https:\/\/alcala.salesianos.edu\/colegio\/","name":"Colegio Salesiano Alcal\u00e1","description":"P\u00e1gina oficial de Salesianos Alcal\u00e1 de Guadaira","potentialAction":[{"@type":"SearchAction","target":{"@type":"EntryPoint","urlTemplate":"https:\/\/alcala.salesianos.edu\/colegio\/?s={search_term_string}"},"query-input":{"@type":"PropertyValueSpecification","valueRequired":true,"valueName":"search_term_string"}}],"inLanguage":"es"},{"@type":"Person","@id":"https:\/\/alcala.salesianos.edu\/colegio\/#\/schema\/person\/afcc24f776dc91fc2bf9afb0998fca77","name":"Administrador Web","image":{"@type":"ImageObject","inLanguage":"es","@id":"https:\/\/secure.gravatar.com\/avatar\/bc157e994689bd6da9645c00aa3bc4d55b727915b6652642660db0aef086585f?s=96&d=mm&r=g","url":"https:\/\/secure.gravatar.com\/avatar\/bc157e994689bd6da9645c00aa3bc4d55b727915b6652642660db0aef086585f?s=96&d=mm&r=g","contentUrl":"https:\/\/secure.gravatar.com\/avatar\/bc157e994689bd6da9645c00aa3bc4d55b727915b6652642660db0aef086585f?s=96&d=mm&r=g","caption":"Administrador Web"}}]}},"_links":{"self":[{"href":"https:\/\/alcala.salesianos.edu\/colegio\/wp-json\/wp\/v2\/posts\/14648","targetHints":{"allow":["GET"]}}],"collection":[{"href":"https:\/\/alcala.salesianos.edu\/colegio\/wp-json\/wp\/v2\/posts"}],"about":[{"href":"https:\/\/alcala.salesianos.edu\/colegio\/wp-json\/wp\/v2\/types\/post"}],"author":[{"embeddable":true,"href":"https:\/\/alcala.salesianos.edu\/colegio\/wp-json\/wp\/v2\/users\/2"}],"replies":[{"embeddable":true,"href":"https:\/\/alcala.salesianos.edu\/colegio\/wp-json\/wp\/v2\/comments?post=14648"}],"version-history":[{"count":1,"href":"https:\/\/alcala.salesianos.edu\/colegio\/wp-json\/wp\/v2\/posts\/14648\/revisions"}],"predecessor-version":[{"id":16655,"href":"https:\/\/alcala.salesianos.edu\/colegio\/wp-json\/wp\/v2\/posts\/14648\/revisions\/16655"}],"wp:attachment":[{"href":"https:\/\/alcala.salesianos.edu\/colegio\/wp-json\/wp\/v2\/media?parent=14648"}],"wp:term":[{"taxonomy":"category","embeddable":true,"href":"https:\/\/alcala.salesianos.edu\/colegio\/wp-json\/wp\/v2\/categories?post=14648"},{"taxonomy":"post_tag","embeddable":true,"href":"https:\/\/alcala.salesianos.edu\/colegio\/wp-json\/wp\/v2\/tags?post=14648"}],"curies":[{"name":"wp","href":"https:\/\/api.w.org\/{rel}","templated":true}]}}