{"id":14639,"date":"2022-04-19T13:58:00","date_gmt":"2022-04-19T12:58:00","guid":{"rendered":"https:\/\/alcala.salesianos.edu\/colegio\/blog\/2022\/04\/19\/vuelve-la-actividad-escolar\/"},"modified":"2025-08-27T08:49:11","modified_gmt":"2025-08-27T07:49:11","slug":"vuelve-la-actividad-escolar","status":"publish","type":"post","link":"https:\/\/alcala.salesianos.edu\/colegio\/blog\/2022\/04\/19\/vuelve-la-actividad-escolar\/","title":{"rendered":"Vuelve la actividad escolar"},"content":{"rendered":"<div id=\"fb-root\"><\/div>\n<p>[et_pb_section fb_built=\u00bb1&#8243; admin_label=\u00bbsection\u00bb _builder_version=\u00bb4.16&#8243; global_colors_info=\u00bb{}\u00bb][et_pb_row admin_label=\u00bbrow\u00bb _builder_version=\u00bb4.16&#8243; background_size=\u00bbinitial\u00bb background_position=\u00bbtop_left\u00bb background_repeat=\u00bbrepeat\u00bb global_colors_info=\u00bb{}\u00bb][et_pb_column type=\u00bb4_4&#8243; _builder_version=\u00bb4.16&#8243; custom_padding=\u00bb|||\u00bb global_colors_info=\u00bb{}\u00bb custom_padding__hover=\u00bb|||\u00bb][et_pb_text _builder_version=\u00bb4.17.1&#8243; _module_preset=\u00bbdefault\u00bb text_orientation=\u00bbjustified\u00bb hover_enabled=\u00bb0&#8243; sticky_enabled=\u00bb0&#8243;]<\/p>\n<p style=\"text-align: center;\"><strong>Pascua de Resurrecci\u00f3n<\/strong><\/p>\n<p>&nbsp;<\/p>\n<p>De nuevo, nuestras aulas, patios y p\u00f3rticos vuelven a llenarse de ni\u00f1os cargados de ilusi\u00f3n y con los corazones repletos de alegr\u00eda por la vida que Cristo nos regala en la Pascua.<\/p>\n<p>Durante estas semanas celebraremos la semana de la cultura y el d\u00eda de la lectura, motivo indispensable de trabajo y esfuerzo para llevar la lectura a todos los rincones de nuestra casa, motivando la cultura como elemento fundamental de nuestro sistema educativo.<\/p>\n<p>Volvemos llenos de alegr\u00eda por la resurrecci\u00f3n de Cristo, al igual que \u00c9l entreg\u00f3 su vida por nosotros, debemos entregar cada minuto por la fe que profesamos. Como dec\u00eda Don Bosco, la educaci\u00f3n es cosa del coraz\u00f3n, por lo que aprovechemos nuestros corazones a rebosar de alegr\u00eda y fe para exprimir al m\u00e1ximo todos los momentos que durante estas semanas se vivir\u00e1n en la casa.<\/p>\n<p>Nos encontramos a las puertas de celebrar los d\u00edas grandes de todo colegio salesiano, la festividad de Mar\u00eda Auxiliadora, qu\u00e9 mejor manera que empezar estos d\u00edas inmersos en la cultura. El fervor y la alegr\u00eda que profesamos por nuestra Madre, no deben ser m\u00e1s que fruto de todo lo que su hijo nos entreg\u00f3, sobre todo, su amor, pilar de fe y vida para todos nosotros.<\/p>\n<p>Encaramos as\u00ed el tercer trimestre del curso, con vistas en la promoci\u00f3n de todos nuestros alumnos cargados de aprendizaje, conocimientos y momentos inolvidables que, solo con el amor a la Virgen Auxiliadora, Madre de Dios, y a nuestro maestro Don Bosco somos capaces de conseguir.<\/p>\n<p>Animamos a todas las familias a celebrar y participar de estos momentos llenos de alegr\u00eda por ser hijos de Dios, fieles seguidores de su alegr\u00eda, con el coraz\u00f3n como motor de la educaci\u00f3n de nuestros alumnos, principal fuente de energ\u00eda para todas las actividades que nos quedan por hacer.<\/p>\n<p>Feliz Pascua de Resurrecci\u00f3n.<\/p>\n<p>[\/et_pb_text][\/et_pb_column][\/et_pb_row][\/et_pb_section]<\/p>\n","protected":false},"excerpt":{"rendered":"<p>De nuevo, nuestras aulas, patios y p\u00f3rticos vuelven a llenarse de ni\u00f1os cargados de ilusi\u00f3n y con los corazones repletos de alegr\u00eda por la vida que Cristo nos regala en la Pascua.<\/p>\n","protected":false},"author":2,"featured_media":0,"comment_status":"closed","ping_status":"open","sticky":false,"template":"","format":"standard","meta":{"_et_pb_use_builder":"on","_et_pb_old_content":"","_et_gb_content_width":"","footnotes":""},"categories":[12,23,13,17,14,15,18,16,1],"tags":[],"class_list":["post-14639","post","type-post","status-publish","format-standard","hentry","category-colegio","category-covid","category-fasa","category-infantil","category-pastoral","category-portada","category-primaria","category-secundaria","category-uncategorized"],"yoast_head":"<!-- This site is optimized with the Yoast SEO plugin v28.3 - https:\/\/yoast.com\/product\/yoast-seo-wordpress\/ -->\n<title>Vuelve la actividad escolar - Colegio Salesiano Alcal\u00e1<\/title>\n<meta name=\"description\" content=\"Nuestras aulas, patios y p\u00f3rticos vuelven a llenarse de ni\u00f1os repletos de alegr\u00eda por la vida que Cristo nos regala en la Pascua.\" \/>\n<meta name=\"robots\" content=\"index, follow, max-snippet:-1, max-image-preview:large, max-video-preview:-1\" \/>\n<link rel=\"canonical\" href=\"https:\/\/alcala.salesianos.edu\/colegio\/blog\/2022\/04\/19\/vuelve-la-actividad-escolar\/\" \/>\n<meta property=\"og:locale\" content=\"es_ES\" \/>\n<meta property=\"og:type\" content=\"article\" \/>\n<meta property=\"og:title\" content=\"Vuelve la actividad escolar - Colegio Salesiano Alcal\u00e1\" \/>\n<meta property=\"og:description\" content=\"Nuestras aulas, patios y p\u00f3rticos vuelven a llenarse de ni\u00f1os repletos de alegr\u00eda por la vida que Cristo nos regala en la Pascua.\" \/>\n<meta property=\"og:url\" content=\"https:\/\/alcala.salesianos.edu\/colegio\/blog\/2022\/04\/19\/vuelve-la-actividad-escolar\/\" \/>\n<meta property=\"og:site_name\" content=\"Colegio Salesiano Alcal\u00e1\" \/>\n<meta property=\"article:published_time\" content=\"2022-04-19T12:58:00+00:00\" \/>\n<meta property=\"article:modified_time\" content=\"2025-08-27T07:49:11+00:00\" \/>\n<meta name=\"author\" content=\"Administrador Web\" \/>\n<meta name=\"twitter:card\" content=\"summary_large_image\" \/>\n<meta name=\"twitter:label1\" content=\"Escrito por\" \/>\n\t<meta name=\"twitter:data1\" content=\"Administrador Web\" \/>\n\t<meta name=\"twitter:label2\" content=\"Tiempo de lectura\" \/>\n\t<meta name=\"twitter:data2\" content=\"2 minutos\" \/>\n<script type=\"application\/ld+json\" class=\"yoast-schema-graph\">{\"@context\":\"https:\\\/\\\/schema.org\",\"@graph\":[{\"@type\":\"Article\",\"@id\":\"https:\\\/\\\/alcala.salesianos.edu\\\/colegio\\\/blog\\\/2022\\\/04\\\/19\\\/vuelve-la-actividad-escolar\\\/#article\",\"isPartOf\":{\"@id\":\"https:\\\/\\\/alcala.salesianos.edu\\\/colegio\\\/blog\\\/2022\\\/04\\\/19\\\/vuelve-la-actividad-escolar\\\/\"},\"author\":{\"name\":\"Administrador Web\",\"@id\":\"https:\\\/\\\/alcala.salesianos.edu\\\/colegio\\\/#\\\/schema\\\/person\\\/afcc24f776dc91fc2bf9afb0998fca77\"},\"headline\":\"Vuelve la actividad escolar\",\"datePublished\":\"2022-04-19T12:58:00+00:00\",\"dateModified\":\"2025-08-27T07:49:11+00:00\",\"mainEntityOfPage\":{\"@id\":\"https:\\\/\\\/alcala.salesianos.edu\\\/colegio\\\/blog\\\/2022\\\/04\\\/19\\\/vuelve-la-actividad-escolar\\\/\"},\"wordCount\":412,\"articleSection\":[\"Colegio\",\"covid\",\"FASA\",\"Infantil\",\"Pastoral\",\"Portada\",\"Primaria\",\"Secundaria\",\"Uncategorized\"],\"inLanguage\":\"es\"},{\"@type\":\"WebPage\",\"@id\":\"https:\\\/\\\/alcala.salesianos.edu\\\/colegio\\\/blog\\\/2022\\\/04\\\/19\\\/vuelve-la-actividad-escolar\\\/\",\"url\":\"https:\\\/\\\/alcala.salesianos.edu\\\/colegio\\\/blog\\\/2022\\\/04\\\/19\\\/vuelve-la-actividad-escolar\\\/\",\"name\":\"Vuelve la actividad escolar - Colegio Salesiano Alcal\u00e1\",\"isPartOf\":{\"@id\":\"https:\\\/\\\/alcala.salesianos.edu\\\/colegio\\\/#website\"},\"datePublished\":\"2022-04-19T12:58:00+00:00\",\"dateModified\":\"2025-08-27T07:49:11+00:00\",\"author\":{\"@id\":\"https:\\\/\\\/alcala.salesianos.edu\\\/colegio\\\/#\\\/schema\\\/person\\\/afcc24f776dc91fc2bf9afb0998fca77\"},\"description\":\"Nuestras aulas, patios y p\u00f3rticos vuelven a llenarse de ni\u00f1os repletos de alegr\u00eda por la vida que Cristo nos regala en la Pascua.\",\"breadcrumb\":{\"@id\":\"https:\\\/\\\/alcala.salesianos.edu\\\/colegio\\\/blog\\\/2022\\\/04\\\/19\\\/vuelve-la-actividad-escolar\\\/#breadcrumb\"},\"inLanguage\":\"es\",\"potentialAction\":[{\"@type\":\"ReadAction\",\"target\":[\"https:\\\/\\\/alcala.salesianos.edu\\\/colegio\\\/blog\\\/2022\\\/04\\\/19\\\/vuelve-la-actividad-escolar\\\/\"]}]},{\"@type\":\"BreadcrumbList\",\"@id\":\"https:\\\/\\\/alcala.salesianos.edu\\\/colegio\\\/blog\\\/2022\\\/04\\\/19\\\/vuelve-la-actividad-escolar\\\/#breadcrumb\",\"itemListElement\":[{\"@type\":\"ListItem\",\"position\":1,\"name\":\"Portada\",\"item\":\"https:\\\/\\\/alcala.salesianos.edu\\\/colegio\\\/\"},{\"@type\":\"ListItem\",\"position\":2,\"name\":\"Vuelve la actividad escolar\"}]},{\"@type\":\"WebSite\",\"@id\":\"https:\\\/\\\/alcala.salesianos.edu\\\/colegio\\\/#website\",\"url\":\"https:\\\/\\\/alcala.salesianos.edu\\\/colegio\\\/\",\"name\":\"Colegio Salesiano Alcal\u00e1\",\"description\":\"P\u00e1gina oficial de Salesianos Alcal\u00e1 de Guadaira\",\"potentialAction\":[{\"@type\":\"SearchAction\",\"target\":{\"@type\":\"EntryPoint\",\"urlTemplate\":\"https:\\\/\\\/alcala.salesianos.edu\\\/colegio\\\/?s={search_term_string}\"},\"query-input\":{\"@type\":\"PropertyValueSpecification\",\"valueRequired\":true,\"valueName\":\"search_term_string\"}}],\"inLanguage\":\"es\"},{\"@type\":\"Person\",\"@id\":\"https:\\\/\\\/alcala.salesianos.edu\\\/colegio\\\/#\\\/schema\\\/person\\\/afcc24f776dc91fc2bf9afb0998fca77\",\"name\":\"Administrador Web\",\"image\":{\"@type\":\"ImageObject\",\"inLanguage\":\"es\",\"@id\":\"https:\\\/\\\/secure.gravatar.com\\\/avatar\\\/bc157e994689bd6da9645c00aa3bc4d55b727915b6652642660db0aef086585f?s=96&d=mm&r=g\",\"url\":\"https:\\\/\\\/secure.gravatar.com\\\/avatar\\\/bc157e994689bd6da9645c00aa3bc4d55b727915b6652642660db0aef086585f?s=96&d=mm&r=g\",\"contentUrl\":\"https:\\\/\\\/secure.gravatar.com\\\/avatar\\\/bc157e994689bd6da9645c00aa3bc4d55b727915b6652642660db0aef086585f?s=96&d=mm&r=g\",\"caption\":\"Administrador Web\"}}]}<\/script>\n<!-- \/ Yoast SEO plugin. -->","yoast_head_json":{"title":"Vuelve la actividad escolar - Colegio Salesiano Alcal\u00e1","description":"Nuestras aulas, patios y p\u00f3rticos vuelven a llenarse de ni\u00f1os repletos de alegr\u00eda por la vida que Cristo nos regala en la Pascua.","robots":{"index":"index","follow":"follow","max-snippet":"max-snippet:-1","max-image-preview":"max-image-preview:large","max-video-preview":"max-video-preview:-1"},"canonical":"https:\/\/alcala.salesianos.edu\/colegio\/blog\/2022\/04\/19\/vuelve-la-actividad-escolar\/","og_locale":"es_ES","og_type":"article","og_title":"Vuelve la actividad escolar - Colegio Salesiano Alcal\u00e1","og_description":"Nuestras aulas, patios y p\u00f3rticos vuelven a llenarse de ni\u00f1os repletos de alegr\u00eda por la vida que Cristo nos regala en la Pascua.","og_url":"https:\/\/alcala.salesianos.edu\/colegio\/blog\/2022\/04\/19\/vuelve-la-actividad-escolar\/","og_site_name":"Colegio Salesiano Alcal\u00e1","article_published_time":"2022-04-19T12:58:00+00:00","article_modified_time":"2025-08-27T07:49:11+00:00","author":"Administrador Web","twitter_card":"summary_large_image","twitter_misc":{"Escrito por":"Administrador Web","Tiempo de lectura":"2 minutos"},"schema":{"@context":"https:\/\/schema.org","@graph":[{"@type":"Article","@id":"https:\/\/alcala.salesianos.edu\/colegio\/blog\/2022\/04\/19\/vuelve-la-actividad-escolar\/#article","isPartOf":{"@id":"https:\/\/alcala.salesianos.edu\/colegio\/blog\/2022\/04\/19\/vuelve-la-actividad-escolar\/"},"author":{"name":"Administrador Web","@id":"https:\/\/alcala.salesianos.edu\/colegio\/#\/schema\/person\/afcc24f776dc91fc2bf9afb0998fca77"},"headline":"Vuelve la actividad escolar","datePublished":"2022-04-19T12:58:00+00:00","dateModified":"2025-08-27T07:49:11+00:00","mainEntityOfPage":{"@id":"https:\/\/alcala.salesianos.edu\/colegio\/blog\/2022\/04\/19\/vuelve-la-actividad-escolar\/"},"wordCount":412,"articleSection":["Colegio","covid","FASA","Infantil","Pastoral","Portada","Primaria","Secundaria","Uncategorized"],"inLanguage":"es"},{"@type":"WebPage","@id":"https:\/\/alcala.salesianos.edu\/colegio\/blog\/2022\/04\/19\/vuelve-la-actividad-escolar\/","url":"https:\/\/alcala.salesianos.edu\/colegio\/blog\/2022\/04\/19\/vuelve-la-actividad-escolar\/","name":"Vuelve la actividad escolar - Colegio Salesiano Alcal\u00e1","isPartOf":{"@id":"https:\/\/alcala.salesianos.edu\/colegio\/#website"},"datePublished":"2022-04-19T12:58:00+00:00","dateModified":"2025-08-27T07:49:11+00:00","author":{"@id":"https:\/\/alcala.salesianos.edu\/colegio\/#\/schema\/person\/afcc24f776dc91fc2bf9afb0998fca77"},"description":"Nuestras aulas, patios y p\u00f3rticos vuelven a llenarse de ni\u00f1os repletos de alegr\u00eda por la vida que Cristo nos regala en la Pascua.","breadcrumb":{"@id":"https:\/\/alcala.salesianos.edu\/colegio\/blog\/2022\/04\/19\/vuelve-la-actividad-escolar\/#breadcrumb"},"inLanguage":"es","potentialAction":[{"@type":"ReadAction","target":["https:\/\/alcala.salesianos.edu\/colegio\/blog\/2022\/04\/19\/vuelve-la-actividad-escolar\/"]}]},{"@type":"BreadcrumbList","@id":"https:\/\/alcala.salesianos.edu\/colegio\/blog\/2022\/04\/19\/vuelve-la-actividad-escolar\/#breadcrumb","itemListElement":[{"@type":"ListItem","position":1,"name":"Portada","item":"https:\/\/alcala.salesianos.edu\/colegio\/"},{"@type":"ListItem","position":2,"name":"Vuelve la actividad escolar"}]},{"@type":"WebSite","@id":"https:\/\/alcala.salesianos.edu\/colegio\/#website","url":"https:\/\/alcala.salesianos.edu\/colegio\/","name":"Colegio Salesiano Alcal\u00e1","description":"P\u00e1gina oficial de Salesianos Alcal\u00e1 de Guadaira","potentialAction":[{"@type":"SearchAction","target":{"@type":"EntryPoint","urlTemplate":"https:\/\/alcala.salesianos.edu\/colegio\/?s={search_term_string}"},"query-input":{"@type":"PropertyValueSpecification","valueRequired":true,"valueName":"search_term_string"}}],"inLanguage":"es"},{"@type":"Person","@id":"https:\/\/alcala.salesianos.edu\/colegio\/#\/schema\/person\/afcc24f776dc91fc2bf9afb0998fca77","name":"Administrador Web","image":{"@type":"ImageObject","inLanguage":"es","@id":"https:\/\/secure.gravatar.com\/avatar\/bc157e994689bd6da9645c00aa3bc4d55b727915b6652642660db0aef086585f?s=96&d=mm&r=g","url":"https:\/\/secure.gravatar.com\/avatar\/bc157e994689bd6da9645c00aa3bc4d55b727915b6652642660db0aef086585f?s=96&d=mm&r=g","contentUrl":"https:\/\/secure.gravatar.com\/avatar\/bc157e994689bd6da9645c00aa3bc4d55b727915b6652642660db0aef086585f?s=96&d=mm&r=g","caption":"Administrador Web"}}]}},"_links":{"self":[{"href":"https:\/\/alcala.salesianos.edu\/colegio\/wp-json\/wp\/v2\/posts\/14639","targetHints":{"allow":["GET"]}}],"collection":[{"href":"https:\/\/alcala.salesianos.edu\/colegio\/wp-json\/wp\/v2\/posts"}],"about":[{"href":"https:\/\/alcala.salesianos.edu\/colegio\/wp-json\/wp\/v2\/types\/post"}],"author":[{"embeddable":true,"href":"https:\/\/alcala.salesianos.edu\/colegio\/wp-json\/wp\/v2\/users\/2"}],"replies":[{"embeddable":true,"href":"https:\/\/alcala.salesianos.edu\/colegio\/wp-json\/wp\/v2\/comments?post=14639"}],"version-history":[{"count":1,"href":"https:\/\/alcala.salesianos.edu\/colegio\/wp-json\/wp\/v2\/posts\/14639\/revisions"}],"predecessor-version":[{"id":16656,"href":"https:\/\/alcala.salesianos.edu\/colegio\/wp-json\/wp\/v2\/posts\/14639\/revisions\/16656"}],"wp:attachment":[{"href":"https:\/\/alcala.salesianos.edu\/colegio\/wp-json\/wp\/v2\/media?parent=14639"}],"wp:term":[{"taxonomy":"category","embeddable":true,"href":"https:\/\/alcala.salesianos.edu\/colegio\/wp-json\/wp\/v2\/categories?post=14639"},{"taxonomy":"post_tag","embeddable":true,"href":"https:\/\/alcala.salesianos.edu\/colegio\/wp-json\/wp\/v2\/tags?post=14639"}],"curies":[{"name":"wp","href":"https:\/\/api.w.org\/{rel}","templated":true}]}}