{"id":14630,"date":"2022-03-21T10:35:05","date_gmt":"2022-03-21T09:35:05","guid":{"rendered":"https:\/\/alcala.salesianos.edu\/colegio\/blog\/2022\/03\/21\/vii-semana-de-la-ciencia\/"},"modified":"2025-08-27T08:49:13","modified_gmt":"2025-08-27T07:49:13","slug":"vii-semana-de-la-ciencia","status":"publish","type":"post","link":"https:\/\/alcala.salesianos.edu\/colegio\/blog\/2022\/03\/21\/vii-semana-de-la-ciencia\/","title":{"rendered":"VII SEMANA DE LA CIENCIA"},"content":{"rendered":"<div id=\"fb-root\"><\/div>\n<p>[et_pb_section fb_built=\u00bb1&#8243; admin_label=\u00bbsection\u00bb _builder_version=\u00bb4.15&#8243; global_colors_info=\u00bb{}\u00bb][et_pb_row admin_label=\u00bbrow\u00bb _builder_version=\u00bb4.15&#8243; background_size=\u00bbinitial\u00bb background_position=\u00bbtop_left\u00bb background_repeat=\u00bbrepeat\u00bb global_colors_info=\u00bb{}\u00bb][et_pb_column type=\u00bb4_4&#8243; _builder_version=\u00bb4.15&#8243; custom_padding=\u00bb|||\u00bb global_colors_info=\u00bb{}\u00bb custom_padding__hover=\u00bb|||\u00bb][et_pb_text _builder_version=\u00bb4.15.1&#8243; _module_preset=\u00bbdefault\u00bb text_orientation=\u00bbjustified\u00bb hover_enabled=\u00bb0&#8243; sticky_enabled=\u00bb0&#8243;]<\/p>\n<p style=\"text-align: center;\"><strong>VII SEMANA DE LA CIENCIA<\/strong><\/p>\n<p>A lo largo de la semana pasada, durante la jornada escolar, se celebr\u00f3 la s\u00e9ptima semana de la ciencia, cargada de experimentos y momentos de convivencia y uni\u00f3n para la formaci\u00f3n y mejora del desarrollo acad\u00e9mico de nuestros alumnos.<\/p>\n<p>Comenzaban las jornadas con un amplio abanico de actividades, en un calendario apretado y rico en formaciones y momentos de convivencia entre los alumnos de todas las etapas de la casa.<\/p>\n<p>Experimentos para trabajar los sentidos, representaciones teatrales del grupo de oratoria, momentos para compartir experiencias cient\u00edficas entre nuestros alumnos que han marcado el d\u00eda a d\u00eda durante toda la semana. Intercambio de conocimientos que, de manera enriquecedora, nuestros alumnos de infantil, primaria y secundaria han compartido para crecer tanto acad\u00e9mica como personalmente, contando los unos con los otros a trav\u00e9s de la ciencia, aportando as\u00ed calidad educativa y pastoral a nuestro proyecto.<\/p>\n<p>Cabe destacar, la cuarta jornada de EduCiencia, celebrada durante los d\u00edas 17 y 18 de marzo en el Teatro Guti\u00e9rrez de Alba. Un programa de divulgaci\u00f3n cient\u00edfica organizado por el centro y apoyado desde la Delegaci\u00f3n de Educaci\u00f3n del Ayuntamiento de Alcal\u00e1 de Guada\u00edra y la Editorial Edeb\u00e9.<\/p>\n<p>En las mismas, diversos ponentes, avalados por su recorrido en la ciencia, se han unido a nuestro centro para desarrollar charlas cient\u00edficas novedosas y con un marcado car\u00e1cter experimental.<\/p>\n<p>La actividad cont\u00f3 con la participaci\u00f3n de invitados de reconocido prestigio como Javier S\u00e1nchez Perona, Licenciado en Ciencia y Tecnolog\u00eda de los Alimentos y doctor en Qu\u00edmica, y Conchi Lillo, Licenciada en Biolog\u00eda y doctora en Neurociencias, adem\u00e1s de mantener dos espacios complementarios:<\/p>\n<p>Un espacio de \u201cj\u00f3venes divulgadores\u201d, en el que los compa\u00f1eros alumnos de los centros participantes expuso, a trav\u00e9s de microcharlas, diferentes novedades del panorama cient\u00edfico internacional.<\/p>\n<p>Y, por otro lado, un concurso de c\u00f3mics cient\u00edficos con la entrega de los premios por \u201cLa ciencia en portada\u201d, donde se expusieron los mejores trabajos y se dieron a conocer los premiados del a\u00f1o presente.<\/p>\n<p>Con el fin de afianzar el m\u00e9todo cient\u00edfico en nuestro contexto educativo y de promover las vocaciones entre los j\u00f3venes, un a\u00f1o m\u00e1s, desarrollamos esta iniciativa divulgativa para todo los j\u00f3venes de la localidad de Alcal\u00e1.<\/p>\n<p>Un encuentro que ha alcanzado\u00a0diferentes reconocimientos por su forma de divulgar la Ciencia con un estilo diferente, ameno y cercano\u00a0y que mira al pr\u00f3ximo a\u00f1o con una quinta edici\u00f3n que sue\u00f1a a lo grande.<\/p>\n<p>Terminaba as\u00ed la s\u00e9ptima semana de la ciencia, al m\u00e1s puro estilo salesiano, a trav\u00e9s de la cercan\u00eda con los j\u00f3venes, en continua formaci\u00f3n y con la ciencia como principal protagonista, siguiendo el ejemplo de Don Bosco, en busca de j\u00f3venes emprendedores y comprometidos con el estudio cient\u00edfico.<\/p>\n<p>[\/et_pb_text][\/et_pb_column][\/et_pb_row][et_pb_row _builder_version=\u00bb4.15.1&#8243; _module_preset=\u00bbdefault\u00bb column_structure=\u00bb1_5,1_5,1_5,1_5,1_5&#8243;][et_pb_column _builder_version=\u00bb4.15.1&#8243; _module_preset=\u00bbdefault\u00bb type=\u00bb1_5&#8243;][et_pb_image _builder_version=\u00bb4.15.1&#8243; _module_preset=\u00bbdefault\u00bb title_text=\u00bb5abce01e-b9fa-46ac-bdbe-535b5b276302&#8243; src=\u00bbhttps:\/\/alcala.salesianos.edu\/wp-content\/uploads\/2022\/03\/5abce01e-b9fa-46ac-bdbe-535b5b276302.jpg\u00bb hover_enabled=\u00bb0&#8243; sticky_enabled=\u00bb0&#8243;][\/et_pb_image][\/et_pb_column][et_pb_column _builder_version=\u00bb4.15.1&#8243; _module_preset=\u00bbdefault\u00bb type=\u00bb1_5&#8243;][et_pb_image _builder_version=\u00bb4.15.1&#8243; _module_preset=\u00bbdefault\u00bb title_text=\u00bb8793bb26-2f34-4c83-9003-a846304b6e73&#8243; src=\u00bbhttps:\/\/alcala.salesianos.edu\/wp-content\/uploads\/2022\/03\/8793bb26-2f34-4c83-9003-a846304b6e73.jpg\u00bb hover_enabled=\u00bb0&#8243; sticky_enabled=\u00bb0&#8243;][\/et_pb_image][\/et_pb_column][et_pb_column _builder_version=\u00bb4.15.1&#8243; _module_preset=\u00bbdefault\u00bb type=\u00bb1_5&#8243;][et_pb_image _builder_version=\u00bb4.15.1&#8243; _module_preset=\u00bbdefault\u00bb title_text=\u00bbb7ffc97e-f42c-49f2-a829-d8030af335e8&#8243; src=\u00bbhttps:\/\/alcala.salesianos.edu\/wp-content\/uploads\/2022\/03\/b7ffc97e-f42c-49f2-a829-d8030af335e8.jpg\u00bb hover_enabled=\u00bb0&#8243; sticky_enabled=\u00bb0&#8243;][\/et_pb_image][\/et_pb_column][et_pb_column _builder_version=\u00bb4.15.1&#8243; _module_preset=\u00bbdefault\u00bb type=\u00bb1_5&#8243;][et_pb_image _builder_version=\u00bb4.15.1&#8243; _module_preset=\u00bbdefault\u00bb title_text=\u00bbbc988945-2987-49ac-95b4-39cc524b22ea\u00bb src=\u00bbhttps:\/\/alcala.salesianos.edu\/wp-content\/uploads\/2022\/03\/bc988945-2987-49ac-95b4-39cc524b22ea.jpg\u00bb hover_enabled=\u00bb0&#8243; sticky_enabled=\u00bb0&#8243;][\/et_pb_image][\/et_pb_column][et_pb_column _builder_version=\u00bb4.15.1&#8243; _module_preset=\u00bbdefault\u00bb type=\u00bb1_5&#8243;][et_pb_image _builder_version=\u00bb4.15.1&#8243; _module_preset=\u00bbdefault\u00bb title_text=\u00bb1b5ff898-c587-48d8-8617-a6876457a815&#8243; src=\u00bbhttps:\/\/alcala.salesianos.edu\/wp-content\/uploads\/2022\/03\/1b5ff898-c587-48d8-8617-a6876457a815.jpg\u00bb hover_enabled=\u00bb0&#8243; sticky_enabled=\u00bb0&#8243;][\/et_pb_image][\/et_pb_column][\/et_pb_row][\/et_pb_section]<\/p>\n","protected":false},"excerpt":{"rendered":"<p>La semana pasada se celebr\u00f3 la s\u00e9ptima semana de la ciencia, cargada de experimentos y momentos de convivencia y uni\u00f3n para la formaci\u00f3n y mejora del desarrollo acad\u00e9mico de nuestros alumnos.<\/p>\n","protected":false},"author":2,"featured_media":0,"comment_status":"closed","ping_status":"open","sticky":false,"template":"","format":"standard","meta":{"_et_pb_use_builder":"on","_et_pb_old_content":"","_et_gb_content_width":"","footnotes":""},"categories":[12,23,13,17,14,15,18,16,1],"tags":[],"class_list":["post-14630","post","type-post","status-publish","format-standard","hentry","category-colegio","category-covid","category-fasa","category-infantil","category-pastoral","category-portada","category-primaria","category-secundaria","category-uncategorized"],"yoast_head":"<!-- This site is optimized with the Yoast SEO plugin v28.3 - https:\/\/yoast.com\/product\/yoast-seo-wordpress\/ -->\n<title>VII SEMANA DE LA CIENCIA - Colegio Salesiano Alcal\u00e1<\/title>\n<meta name=\"description\" content=\"La semana pasada se celebr\u00f3 la s\u00e9ptima semana de la ciencia, cargada de momentos de convivencia y uni\u00f3n, esenciales para nuestros alumnos.\" \/>\n<meta name=\"robots\" content=\"index, follow, max-snippet:-1, max-image-preview:large, max-video-preview:-1\" \/>\n<link rel=\"canonical\" href=\"https:\/\/alcala.salesianos.edu\/colegio\/blog\/2022\/03\/21\/vii-semana-de-la-ciencia\/\" \/>\n<meta property=\"og:locale\" content=\"es_ES\" \/>\n<meta property=\"og:type\" content=\"article\" \/>\n<meta property=\"og:title\" content=\"VII SEMANA DE LA CIENCIA - Colegio Salesiano Alcal\u00e1\" \/>\n<meta property=\"og:description\" content=\"La semana pasada se celebr\u00f3 la s\u00e9ptima semana de la ciencia, cargada de momentos de convivencia y uni\u00f3n, esenciales para nuestros alumnos.\" \/>\n<meta property=\"og:url\" content=\"https:\/\/alcala.salesianos.edu\/colegio\/blog\/2022\/03\/21\/vii-semana-de-la-ciencia\/\" \/>\n<meta property=\"og:site_name\" content=\"Colegio Salesiano Alcal\u00e1\" \/>\n<meta property=\"article:published_time\" content=\"2022-03-21T09:35:05+00:00\" \/>\n<meta property=\"article:modified_time\" content=\"2025-08-27T07:49:13+00:00\" \/>\n<meta name=\"author\" content=\"Administrador Web\" \/>\n<meta name=\"twitter:card\" content=\"summary_large_image\" \/>\n<meta name=\"twitter:label1\" content=\"Escrito por\" \/>\n\t<meta name=\"twitter:data1\" content=\"Administrador Web\" \/>\n\t<meta name=\"twitter:label2\" content=\"Tiempo de lectura\" \/>\n\t<meta name=\"twitter:data2\" content=\"4 minutos\" \/>\n<script type=\"application\/ld+json\" class=\"yoast-schema-graph\">{\"@context\":\"https:\\\/\\\/schema.org\",\"@graph\":[{\"@type\":\"Article\",\"@id\":\"https:\\\/\\\/alcala.salesianos.edu\\\/colegio\\\/blog\\\/2022\\\/03\\\/21\\\/vii-semana-de-la-ciencia\\\/#article\",\"isPartOf\":{\"@id\":\"https:\\\/\\\/alcala.salesianos.edu\\\/colegio\\\/blog\\\/2022\\\/03\\\/21\\\/vii-semana-de-la-ciencia\\\/\"},\"author\":{\"name\":\"Administrador Web\",\"@id\":\"https:\\\/\\\/alcala.salesianos.edu\\\/colegio\\\/#\\\/schema\\\/person\\\/afcc24f776dc91fc2bf9afb0998fca77\"},\"headline\":\"VII SEMANA DE LA CIENCIA\",\"datePublished\":\"2022-03-21T09:35:05+00:00\",\"dateModified\":\"2025-08-27T07:49:13+00:00\",\"mainEntityOfPage\":{\"@id\":\"https:\\\/\\\/alcala.salesianos.edu\\\/colegio\\\/blog\\\/2022\\\/03\\\/21\\\/vii-semana-de-la-ciencia\\\/\"},\"wordCount\":856,\"articleSection\":[\"Colegio\",\"covid\",\"FASA\",\"Infantil\",\"Pastoral\",\"Portada\",\"Primaria\",\"Secundaria\",\"Uncategorized\"],\"inLanguage\":\"es\"},{\"@type\":\"WebPage\",\"@id\":\"https:\\\/\\\/alcala.salesianos.edu\\\/colegio\\\/blog\\\/2022\\\/03\\\/21\\\/vii-semana-de-la-ciencia\\\/\",\"url\":\"https:\\\/\\\/alcala.salesianos.edu\\\/colegio\\\/blog\\\/2022\\\/03\\\/21\\\/vii-semana-de-la-ciencia\\\/\",\"name\":\"VII SEMANA DE LA CIENCIA - Colegio Salesiano Alcal\u00e1\",\"isPartOf\":{\"@id\":\"https:\\\/\\\/alcala.salesianos.edu\\\/colegio\\\/#website\"},\"datePublished\":\"2022-03-21T09:35:05+00:00\",\"dateModified\":\"2025-08-27T07:49:13+00:00\",\"author\":{\"@id\":\"https:\\\/\\\/alcala.salesianos.edu\\\/colegio\\\/#\\\/schema\\\/person\\\/afcc24f776dc91fc2bf9afb0998fca77\"},\"description\":\"La semana pasada se celebr\u00f3 la s\u00e9ptima semana de la ciencia, cargada de momentos de convivencia y uni\u00f3n, esenciales para nuestros alumnos.\",\"breadcrumb\":{\"@id\":\"https:\\\/\\\/alcala.salesianos.edu\\\/colegio\\\/blog\\\/2022\\\/03\\\/21\\\/vii-semana-de-la-ciencia\\\/#breadcrumb\"},\"inLanguage\":\"es\",\"potentialAction\":[{\"@type\":\"ReadAction\",\"target\":[\"https:\\\/\\\/alcala.salesianos.edu\\\/colegio\\\/blog\\\/2022\\\/03\\\/21\\\/vii-semana-de-la-ciencia\\\/\"]}]},{\"@type\":\"BreadcrumbList\",\"@id\":\"https:\\\/\\\/alcala.salesianos.edu\\\/colegio\\\/blog\\\/2022\\\/03\\\/21\\\/vii-semana-de-la-ciencia\\\/#breadcrumb\",\"itemListElement\":[{\"@type\":\"ListItem\",\"position\":1,\"name\":\"Portada\",\"item\":\"https:\\\/\\\/alcala.salesianos.edu\\\/colegio\\\/\"},{\"@type\":\"ListItem\",\"position\":2,\"name\":\"VII SEMANA DE LA CIENCIA\"}]},{\"@type\":\"WebSite\",\"@id\":\"https:\\\/\\\/alcala.salesianos.edu\\\/colegio\\\/#website\",\"url\":\"https:\\\/\\\/alcala.salesianos.edu\\\/colegio\\\/\",\"name\":\"Colegio Salesiano Alcal\u00e1\",\"description\":\"P\u00e1gina oficial de Salesianos Alcal\u00e1 de Guadaira\",\"potentialAction\":[{\"@type\":\"SearchAction\",\"target\":{\"@type\":\"EntryPoint\",\"urlTemplate\":\"https:\\\/\\\/alcala.salesianos.edu\\\/colegio\\\/?s={search_term_string}\"},\"query-input\":{\"@type\":\"PropertyValueSpecification\",\"valueRequired\":true,\"valueName\":\"search_term_string\"}}],\"inLanguage\":\"es\"},{\"@type\":\"Person\",\"@id\":\"https:\\\/\\\/alcala.salesianos.edu\\\/colegio\\\/#\\\/schema\\\/person\\\/afcc24f776dc91fc2bf9afb0998fca77\",\"name\":\"Administrador Web\",\"image\":{\"@type\":\"ImageObject\",\"inLanguage\":\"es\",\"@id\":\"https:\\\/\\\/secure.gravatar.com\\\/avatar\\\/bc157e994689bd6da9645c00aa3bc4d55b727915b6652642660db0aef086585f?s=96&d=mm&r=g\",\"url\":\"https:\\\/\\\/secure.gravatar.com\\\/avatar\\\/bc157e994689bd6da9645c00aa3bc4d55b727915b6652642660db0aef086585f?s=96&d=mm&r=g\",\"contentUrl\":\"https:\\\/\\\/secure.gravatar.com\\\/avatar\\\/bc157e994689bd6da9645c00aa3bc4d55b727915b6652642660db0aef086585f?s=96&d=mm&r=g\",\"caption\":\"Administrador Web\"}}]}<\/script>\n<!-- \/ Yoast SEO plugin. -->","yoast_head_json":{"title":"VII SEMANA DE LA CIENCIA - Colegio Salesiano Alcal\u00e1","description":"La semana pasada se celebr\u00f3 la s\u00e9ptima semana de la ciencia, cargada de momentos de convivencia y uni\u00f3n, esenciales para nuestros alumnos.","robots":{"index":"index","follow":"follow","max-snippet":"max-snippet:-1","max-image-preview":"max-image-preview:large","max-video-preview":"max-video-preview:-1"},"canonical":"https:\/\/alcala.salesianos.edu\/colegio\/blog\/2022\/03\/21\/vii-semana-de-la-ciencia\/","og_locale":"es_ES","og_type":"article","og_title":"VII SEMANA DE LA CIENCIA - Colegio Salesiano Alcal\u00e1","og_description":"La semana pasada se celebr\u00f3 la s\u00e9ptima semana de la ciencia, cargada de momentos de convivencia y uni\u00f3n, esenciales para nuestros alumnos.","og_url":"https:\/\/alcala.salesianos.edu\/colegio\/blog\/2022\/03\/21\/vii-semana-de-la-ciencia\/","og_site_name":"Colegio Salesiano Alcal\u00e1","article_published_time":"2022-03-21T09:35:05+00:00","article_modified_time":"2025-08-27T07:49:13+00:00","author":"Administrador Web","twitter_card":"summary_large_image","twitter_misc":{"Escrito por":"Administrador Web","Tiempo de lectura":"4 minutos"},"schema":{"@context":"https:\/\/schema.org","@graph":[{"@type":"Article","@id":"https:\/\/alcala.salesianos.edu\/colegio\/blog\/2022\/03\/21\/vii-semana-de-la-ciencia\/#article","isPartOf":{"@id":"https:\/\/alcala.salesianos.edu\/colegio\/blog\/2022\/03\/21\/vii-semana-de-la-ciencia\/"},"author":{"name":"Administrador Web","@id":"https:\/\/alcala.salesianos.edu\/colegio\/#\/schema\/person\/afcc24f776dc91fc2bf9afb0998fca77"},"headline":"VII SEMANA DE LA CIENCIA","datePublished":"2022-03-21T09:35:05+00:00","dateModified":"2025-08-27T07:49:13+00:00","mainEntityOfPage":{"@id":"https:\/\/alcala.salesianos.edu\/colegio\/blog\/2022\/03\/21\/vii-semana-de-la-ciencia\/"},"wordCount":856,"articleSection":["Colegio","covid","FASA","Infantil","Pastoral","Portada","Primaria","Secundaria","Uncategorized"],"inLanguage":"es"},{"@type":"WebPage","@id":"https:\/\/alcala.salesianos.edu\/colegio\/blog\/2022\/03\/21\/vii-semana-de-la-ciencia\/","url":"https:\/\/alcala.salesianos.edu\/colegio\/blog\/2022\/03\/21\/vii-semana-de-la-ciencia\/","name":"VII SEMANA DE LA CIENCIA - Colegio Salesiano Alcal\u00e1","isPartOf":{"@id":"https:\/\/alcala.salesianos.edu\/colegio\/#website"},"datePublished":"2022-03-21T09:35:05+00:00","dateModified":"2025-08-27T07:49:13+00:00","author":{"@id":"https:\/\/alcala.salesianos.edu\/colegio\/#\/schema\/person\/afcc24f776dc91fc2bf9afb0998fca77"},"description":"La semana pasada se celebr\u00f3 la s\u00e9ptima semana de la ciencia, cargada de momentos de convivencia y uni\u00f3n, esenciales para nuestros alumnos.","breadcrumb":{"@id":"https:\/\/alcala.salesianos.edu\/colegio\/blog\/2022\/03\/21\/vii-semana-de-la-ciencia\/#breadcrumb"},"inLanguage":"es","potentialAction":[{"@type":"ReadAction","target":["https:\/\/alcala.salesianos.edu\/colegio\/blog\/2022\/03\/21\/vii-semana-de-la-ciencia\/"]}]},{"@type":"BreadcrumbList","@id":"https:\/\/alcala.salesianos.edu\/colegio\/blog\/2022\/03\/21\/vii-semana-de-la-ciencia\/#breadcrumb","itemListElement":[{"@type":"ListItem","position":1,"name":"Portada","item":"https:\/\/alcala.salesianos.edu\/colegio\/"},{"@type":"ListItem","position":2,"name":"VII SEMANA DE LA CIENCIA"}]},{"@type":"WebSite","@id":"https:\/\/alcala.salesianos.edu\/colegio\/#website","url":"https:\/\/alcala.salesianos.edu\/colegio\/","name":"Colegio Salesiano Alcal\u00e1","description":"P\u00e1gina oficial de Salesianos Alcal\u00e1 de Guadaira","potentialAction":[{"@type":"SearchAction","target":{"@type":"EntryPoint","urlTemplate":"https:\/\/alcala.salesianos.edu\/colegio\/?s={search_term_string}"},"query-input":{"@type":"PropertyValueSpecification","valueRequired":true,"valueName":"search_term_string"}}],"inLanguage":"es"},{"@type":"Person","@id":"https:\/\/alcala.salesianos.edu\/colegio\/#\/schema\/person\/afcc24f776dc91fc2bf9afb0998fca77","name":"Administrador Web","image":{"@type":"ImageObject","inLanguage":"es","@id":"https:\/\/secure.gravatar.com\/avatar\/bc157e994689bd6da9645c00aa3bc4d55b727915b6652642660db0aef086585f?s=96&d=mm&r=g","url":"https:\/\/secure.gravatar.com\/avatar\/bc157e994689bd6da9645c00aa3bc4d55b727915b6652642660db0aef086585f?s=96&d=mm&r=g","contentUrl":"https:\/\/secure.gravatar.com\/avatar\/bc157e994689bd6da9645c00aa3bc4d55b727915b6652642660db0aef086585f?s=96&d=mm&r=g","caption":"Administrador Web"}}]}},"_links":{"self":[{"href":"https:\/\/alcala.salesianos.edu\/colegio\/wp-json\/wp\/v2\/posts\/14630","targetHints":{"allow":["GET"]}}],"collection":[{"href":"https:\/\/alcala.salesianos.edu\/colegio\/wp-json\/wp\/v2\/posts"}],"about":[{"href":"https:\/\/alcala.salesianos.edu\/colegio\/wp-json\/wp\/v2\/types\/post"}],"author":[{"embeddable":true,"href":"https:\/\/alcala.salesianos.edu\/colegio\/wp-json\/wp\/v2\/users\/2"}],"replies":[{"embeddable":true,"href":"https:\/\/alcala.salesianos.edu\/colegio\/wp-json\/wp\/v2\/comments?post=14630"}],"version-history":[{"count":1,"href":"https:\/\/alcala.salesianos.edu\/colegio\/wp-json\/wp\/v2\/posts\/14630\/revisions"}],"predecessor-version":[{"id":16658,"href":"https:\/\/alcala.salesianos.edu\/colegio\/wp-json\/wp\/v2\/posts\/14630\/revisions\/16658"}],"wp:attachment":[{"href":"https:\/\/alcala.salesianos.edu\/colegio\/wp-json\/wp\/v2\/media?parent=14630"}],"wp:term":[{"taxonomy":"category","embeddable":true,"href":"https:\/\/alcala.salesianos.edu\/colegio\/wp-json\/wp\/v2\/categories?post=14630"},{"taxonomy":"post_tag","embeddable":true,"href":"https:\/\/alcala.salesianos.edu\/colegio\/wp-json\/wp\/v2\/tags?post=14630"}],"curies":[{"name":"wp","href":"https:\/\/api.w.org\/{rel}","templated":true}]}}