{"id":14628,"date":"2022-03-16T20:49:15","date_gmt":"2022-03-16T19:49:15","guid":{"rendered":"https:\/\/alcala.salesianos.edu\/colegio\/blog\/2022\/03\/16\/vigilia-oracion-ucrania\/"},"modified":"2025-08-27T08:49:14","modified_gmt":"2025-08-27T07:49:14","slug":"vigilia-oracion-ucrania","status":"publish","type":"post","link":"https:\/\/alcala.salesianos.edu\/colegio\/blog\/2022\/03\/16\/vigilia-oracion-ucrania\/","title":{"rendered":"Vigilia de Oraci\u00f3n por Ucrania"},"content":{"rendered":"<div id=\"fb-root\"><\/div>\n<p>[et_pb_section fb_built=\u00bb1&#8243; admin_label=\u00bbsection\u00bb _builder_version=\u00bb3.22&#8243; global_colors_info=\u00bb{}\u00bb][et_pb_row admin_label=\u00bbrow\u00bb _builder_version=\u00bb3.25&#8243; background_size=\u00bbinitial\u00bb background_position=\u00bbtop_left\u00bb background_repeat=\u00bbrepeat\u00bb global_colors_info=\u00bb{}\u00bb][et_pb_column type=\u00bb4_4&#8243; _builder_version=\u00bb3.25&#8243; custom_padding=\u00bb|||\u00bb global_colors_info=\u00bb{}\u00bb custom_padding__hover=\u00bb|||\u00bb][et_pb_text _builder_version=\u00bb4.14.9&#8243; _module_preset=\u00bbdefault\u00bb text_orientation=\u00bbjustified\u00bb hover_enabled=\u00bb0&#8243; sticky_enabled=\u00bb0&#8243;]<\/p>\n<p style=\"text-align: center;\"><strong>Vigilia de Oraci\u00f3n por la Paz en Ucrania<\/strong><\/p>\n<p>&nbsp;<\/p>\n<p>El pasado martes 15 de marzo, tuvo lugar en la capilla del Carmen la vigilia de oraci\u00f3n de la familia salesiana de Alcal\u00e1 por la paz en nuestro pueblo hermano, Ucrania.<\/p>\n<p>Un momento de uni\u00f3n ante Dios para pedir por la estabilizaci\u00f3n en el territorio ucraniano al que se sumaron todos los grupos de la casa, pastoral, claustro, asociaci\u00f3n de madres y padres de alumnos, hermandad, antiguos alumnos.<\/p>\n<p>Toda la casa unida ante nuestra madre Auxiliadora del universo, para pedir por todos los ciudadanos ucranianos, mujeres, ni\u00f1os y hombres que viven la m\u00e1s lamentable situaci\u00f3n que cualquier pa\u00eds puede vivir.<\/p>\n<p>&nbsp;<\/p>\n<p>\u201cSabemos, Se\u00f1or, que T\u00fa siempre est\u00e1s con los que hacen la paz, y no con los que usan la violencia. Por esto te pedimos, Padre Bueno, que ayudes a silenciar las armas que destruyen, que ablandes los corazones de los gobernantes y devuelvas la paz a este pueblo que sufre. Am\u00e9n\u201d<\/p>\n<p>&nbsp;<\/p>\n<p>Esta fue la oraci\u00f3n final que, con decisi\u00f3n y fervor, toda la familia salesiana de Alcal\u00e1 pronunci\u00f3 al un\u00edsono para pedir un futuro sano y estable para el pueblo ucraniano, all\u00e1 donde muchas casas hermanas sufren la injusta invasi\u00f3n, inocentes, salesianos comprometidos con un pueblo que sufre y para los que deseamos lo mejor.<\/p>\n<p>La fe de Dios, pilar fundamental de la educaci\u00f3n salesiana, una fe so\u00f1ada por Don Bosco de joven y que, tantos a\u00f1os despu\u00e9s, se ve afectada por conflictos que el hombre crea sin atender a la cordura. Como dec\u00eda Juan Pablo II, \u201cla Paz es un don de Dios y, al mismo tiempo, una tarea de todos\u201d, por lo que debemos unirnos para orar por todas estas personas.<\/p>\n<p>&nbsp;<\/p>\n<p>[\/et_pb_text][\/et_pb_column][\/et_pb_row][et_pb_row _builder_version=\u00bb4.14.9&#8243; _module_preset=\u00bbdefault\u00bb column_structure=\u00bb1_4,1_4,1_4,1_4&#8243;][et_pb_column _builder_version=\u00bb4.14.9&#8243; _module_preset=\u00bbdefault\u00bb type=\u00bb1_4&#8243;][et_pb_image _builder_version=\u00bb4.14.9&#8243; _module_preset=\u00bbdefault\u00bb title_text=\u00bb1b6c9609-3a38-4262-aeee-87e63c2fc836&#8243; src=\u00bbhttps:\/\/alcala.salesianos.edu\/wp-content\/uploads\/2022\/03\/1b6c9609-3a38-4262-aeee-87e63c2fc836.jpg\u00bb hover_enabled=\u00bb0&#8243; sticky_enabled=\u00bb0&#8243;][\/et_pb_image][\/et_pb_column][et_pb_column _builder_version=\u00bb4.14.9&#8243; _module_preset=\u00bbdefault\u00bb type=\u00bb1_4&#8243;][et_pb_image _builder_version=\u00bb4.14.9&#8243; _module_preset=\u00bbdefault\u00bb title_text=\u00bb529921e2-d9d4-41cd-852b-7a73b2c35f9d\u00bb src=\u00bbhttps:\/\/alcala.salesianos.edu\/wp-content\/uploads\/2022\/03\/529921e2-d9d4-41cd-852b-7a73b2c35f9d.jpg\u00bb hover_enabled=\u00bb0&#8243; sticky_enabled=\u00bb0&#8243;][\/et_pb_image][\/et_pb_column][et_pb_column _builder_version=\u00bb4.14.9&#8243; _module_preset=\u00bbdefault\u00bb type=\u00bb1_4&#8243;][et_pb_image _builder_version=\u00bb4.14.9&#8243; _module_preset=\u00bbdefault\u00bb title_text=\u00bbf49cf4cc-338e-4b68-90c9-50f951c3688c\u00bb src=\u00bbhttps:\/\/alcala.salesianos.edu\/wp-content\/uploads\/2022\/03\/f49cf4cc-338e-4b68-90c9-50f951c3688c.jpg\u00bb hover_enabled=\u00bb0&#8243; sticky_enabled=\u00bb0&#8243;][\/et_pb_image][\/et_pb_column][et_pb_column _builder_version=\u00bb4.14.9&#8243; _module_preset=\u00bbdefault\u00bb type=\u00bb1_4&#8243;][et_pb_image _builder_version=\u00bb4.14.9&#8243; _module_preset=\u00bbdefault\u00bb title_text=\u00bbf646b8b3-b45b-4f77-b4f4-544ea0b55ac7&#8243; src=\u00bbhttps:\/\/alcala.salesianos.edu\/wp-content\/uploads\/2022\/03\/f646b8b3-b45b-4f77-b4f4-544ea0b55ac7.jpg\u00bb hover_enabled=\u00bb0&#8243; sticky_enabled=\u00bb0&#8243;][\/et_pb_image][\/et_pb_column][\/et_pb_row][\/et_pb_section]<\/p>\n","protected":false},"excerpt":{"rendered":"<p>El pasado martes 15 de marzo, tuvo lugar en la capilla del Carmen la vigilia de oraci\u00f3n de la familia salesiana de Alcal\u00e1 por la paz en nuestro pueblo hermano, Ucrania.<\/p>\n","protected":false},"author":2,"featured_media":0,"comment_status":"closed","ping_status":"open","sticky":false,"template":"","format":"standard","meta":{"_et_pb_use_builder":"on","_et_pb_old_content":"","_et_gb_content_width":"","footnotes":""},"categories":[12,23,13,14,15,1],"tags":[],"class_list":["post-14628","post","type-post","status-publish","format-standard","hentry","category-colegio","category-covid","category-fasa","category-pastoral","category-portada","category-uncategorized"],"yoast_head":"<!-- This site is optimized with the Yoast SEO plugin v28.3 - https:\/\/yoast.com\/product\/yoast-seo-wordpress\/ -->\n<title>Vigilia de Oraci\u00f3n por Ucrania - Colegio Salesiano Alcal\u00e1<\/title>\n<meta name=\"description\" content=\"El pasado martes 15 de marzo, tuvo lugar en la capilla del Carmen la vigilia de oraci\u00f3n de la familia salesiana por la paz en Ucrania.\" \/>\n<meta name=\"robots\" content=\"index, follow, max-snippet:-1, max-image-preview:large, max-video-preview:-1\" \/>\n<link rel=\"canonical\" href=\"https:\/\/alcala.salesianos.edu\/colegio\/blog\/2022\/03\/16\/vigilia-oracion-ucrania\/\" \/>\n<meta property=\"og:locale\" content=\"es_ES\" \/>\n<meta property=\"og:type\" content=\"article\" \/>\n<meta property=\"og:title\" content=\"Vigilia de Oraci\u00f3n por Ucrania - Colegio Salesiano Alcal\u00e1\" \/>\n<meta property=\"og:description\" content=\"El pasado martes 15 de marzo, tuvo lugar en la capilla del Carmen la vigilia de oraci\u00f3n de la familia salesiana por la paz en Ucrania.\" \/>\n<meta property=\"og:url\" content=\"https:\/\/alcala.salesianos.edu\/colegio\/blog\/2022\/03\/16\/vigilia-oracion-ucrania\/\" \/>\n<meta property=\"og:site_name\" content=\"Colegio Salesiano Alcal\u00e1\" \/>\n<meta property=\"article:published_time\" content=\"2022-03-16T19:49:15+00:00\" \/>\n<meta property=\"article:modified_time\" content=\"2025-08-27T07:49:14+00:00\" \/>\n<meta name=\"author\" content=\"Administrador Web\" \/>\n<meta name=\"twitter:card\" content=\"summary_large_image\" \/>\n<meta name=\"twitter:label1\" content=\"Escrito por\" \/>\n\t<meta name=\"twitter:data1\" content=\"Administrador Web\" \/>\n\t<meta name=\"twitter:label2\" content=\"Tiempo de lectura\" \/>\n\t<meta name=\"twitter:data2\" content=\"3 minutos\" \/>\n<script type=\"application\/ld+json\" class=\"yoast-schema-graph\">{\"@context\":\"https:\\\/\\\/schema.org\",\"@graph\":[{\"@type\":\"Article\",\"@id\":\"https:\\\/\\\/alcala.salesianos.edu\\\/colegio\\\/blog\\\/2022\\\/03\\\/16\\\/vigilia-oracion-ucrania\\\/#article\",\"isPartOf\":{\"@id\":\"https:\\\/\\\/alcala.salesianos.edu\\\/colegio\\\/blog\\\/2022\\\/03\\\/16\\\/vigilia-oracion-ucrania\\\/\"},\"author\":{\"name\":\"Administrador Web\",\"@id\":\"https:\\\/\\\/alcala.salesianos.edu\\\/colegio\\\/#\\\/schema\\\/person\\\/afcc24f776dc91fc2bf9afb0998fca77\"},\"headline\":\"Vigilia de Oraci\u00f3n por Ucrania\",\"datePublished\":\"2022-03-16T19:49:15+00:00\",\"dateModified\":\"2025-08-27T07:49:14+00:00\",\"mainEntityOfPage\":{\"@id\":\"https:\\\/\\\/alcala.salesianos.edu\\\/colegio\\\/blog\\\/2022\\\/03\\\/16\\\/vigilia-oracion-ucrania\\\/\"},\"wordCount\":633,\"articleSection\":[\"Colegio\",\"covid\",\"FASA\",\"Pastoral\",\"Portada\",\"Uncategorized\"],\"inLanguage\":\"es\"},{\"@type\":\"WebPage\",\"@id\":\"https:\\\/\\\/alcala.salesianos.edu\\\/colegio\\\/blog\\\/2022\\\/03\\\/16\\\/vigilia-oracion-ucrania\\\/\",\"url\":\"https:\\\/\\\/alcala.salesianos.edu\\\/colegio\\\/blog\\\/2022\\\/03\\\/16\\\/vigilia-oracion-ucrania\\\/\",\"name\":\"Vigilia de Oraci\u00f3n por Ucrania - Colegio Salesiano Alcal\u00e1\",\"isPartOf\":{\"@id\":\"https:\\\/\\\/alcala.salesianos.edu\\\/colegio\\\/#website\"},\"datePublished\":\"2022-03-16T19:49:15+00:00\",\"dateModified\":\"2025-08-27T07:49:14+00:00\",\"author\":{\"@id\":\"https:\\\/\\\/alcala.salesianos.edu\\\/colegio\\\/#\\\/schema\\\/person\\\/afcc24f776dc91fc2bf9afb0998fca77\"},\"description\":\"El pasado martes 15 de marzo, tuvo lugar en la capilla del Carmen la vigilia de oraci\u00f3n de la familia salesiana por la paz en Ucrania.\",\"breadcrumb\":{\"@id\":\"https:\\\/\\\/alcala.salesianos.edu\\\/colegio\\\/blog\\\/2022\\\/03\\\/16\\\/vigilia-oracion-ucrania\\\/#breadcrumb\"},\"inLanguage\":\"es\",\"potentialAction\":[{\"@type\":\"ReadAction\",\"target\":[\"https:\\\/\\\/alcala.salesianos.edu\\\/colegio\\\/blog\\\/2022\\\/03\\\/16\\\/vigilia-oracion-ucrania\\\/\"]}]},{\"@type\":\"BreadcrumbList\",\"@id\":\"https:\\\/\\\/alcala.salesianos.edu\\\/colegio\\\/blog\\\/2022\\\/03\\\/16\\\/vigilia-oracion-ucrania\\\/#breadcrumb\",\"itemListElement\":[{\"@type\":\"ListItem\",\"position\":1,\"name\":\"Portada\",\"item\":\"https:\\\/\\\/alcala.salesianos.edu\\\/colegio\\\/\"},{\"@type\":\"ListItem\",\"position\":2,\"name\":\"Vigilia de Oraci\u00f3n por Ucrania\"}]},{\"@type\":\"WebSite\",\"@id\":\"https:\\\/\\\/alcala.salesianos.edu\\\/colegio\\\/#website\",\"url\":\"https:\\\/\\\/alcala.salesianos.edu\\\/colegio\\\/\",\"name\":\"Colegio Salesiano Alcal\u00e1\",\"description\":\"P\u00e1gina oficial de Salesianos Alcal\u00e1 de Guadaira\",\"potentialAction\":[{\"@type\":\"SearchAction\",\"target\":{\"@type\":\"EntryPoint\",\"urlTemplate\":\"https:\\\/\\\/alcala.salesianos.edu\\\/colegio\\\/?s={search_term_string}\"},\"query-input\":{\"@type\":\"PropertyValueSpecification\",\"valueRequired\":true,\"valueName\":\"search_term_string\"}}],\"inLanguage\":\"es\"},{\"@type\":\"Person\",\"@id\":\"https:\\\/\\\/alcala.salesianos.edu\\\/colegio\\\/#\\\/schema\\\/person\\\/afcc24f776dc91fc2bf9afb0998fca77\",\"name\":\"Administrador Web\",\"image\":{\"@type\":\"ImageObject\",\"inLanguage\":\"es\",\"@id\":\"https:\\\/\\\/secure.gravatar.com\\\/avatar\\\/bc157e994689bd6da9645c00aa3bc4d55b727915b6652642660db0aef086585f?s=96&d=mm&r=g\",\"url\":\"https:\\\/\\\/secure.gravatar.com\\\/avatar\\\/bc157e994689bd6da9645c00aa3bc4d55b727915b6652642660db0aef086585f?s=96&d=mm&r=g\",\"contentUrl\":\"https:\\\/\\\/secure.gravatar.com\\\/avatar\\\/bc157e994689bd6da9645c00aa3bc4d55b727915b6652642660db0aef086585f?s=96&d=mm&r=g\",\"caption\":\"Administrador Web\"}}]}<\/script>\n<!-- \/ Yoast SEO plugin. -->","yoast_head_json":{"title":"Vigilia de Oraci\u00f3n por Ucrania - Colegio Salesiano Alcal\u00e1","description":"El pasado martes 15 de marzo, tuvo lugar en la capilla del Carmen la vigilia de oraci\u00f3n de la familia salesiana por la paz en Ucrania.","robots":{"index":"index","follow":"follow","max-snippet":"max-snippet:-1","max-image-preview":"max-image-preview:large","max-video-preview":"max-video-preview:-1"},"canonical":"https:\/\/alcala.salesianos.edu\/colegio\/blog\/2022\/03\/16\/vigilia-oracion-ucrania\/","og_locale":"es_ES","og_type":"article","og_title":"Vigilia de Oraci\u00f3n por Ucrania - Colegio Salesiano Alcal\u00e1","og_description":"El pasado martes 15 de marzo, tuvo lugar en la capilla del Carmen la vigilia de oraci\u00f3n de la familia salesiana por la paz en Ucrania.","og_url":"https:\/\/alcala.salesianos.edu\/colegio\/blog\/2022\/03\/16\/vigilia-oracion-ucrania\/","og_site_name":"Colegio Salesiano Alcal\u00e1","article_published_time":"2022-03-16T19:49:15+00:00","article_modified_time":"2025-08-27T07:49:14+00:00","author":"Administrador Web","twitter_card":"summary_large_image","twitter_misc":{"Escrito por":"Administrador Web","Tiempo de lectura":"3 minutos"},"schema":{"@context":"https:\/\/schema.org","@graph":[{"@type":"Article","@id":"https:\/\/alcala.salesianos.edu\/colegio\/blog\/2022\/03\/16\/vigilia-oracion-ucrania\/#article","isPartOf":{"@id":"https:\/\/alcala.salesianos.edu\/colegio\/blog\/2022\/03\/16\/vigilia-oracion-ucrania\/"},"author":{"name":"Administrador Web","@id":"https:\/\/alcala.salesianos.edu\/colegio\/#\/schema\/person\/afcc24f776dc91fc2bf9afb0998fca77"},"headline":"Vigilia de Oraci\u00f3n por Ucrania","datePublished":"2022-03-16T19:49:15+00:00","dateModified":"2025-08-27T07:49:14+00:00","mainEntityOfPage":{"@id":"https:\/\/alcala.salesianos.edu\/colegio\/blog\/2022\/03\/16\/vigilia-oracion-ucrania\/"},"wordCount":633,"articleSection":["Colegio","covid","FASA","Pastoral","Portada","Uncategorized"],"inLanguage":"es"},{"@type":"WebPage","@id":"https:\/\/alcala.salesianos.edu\/colegio\/blog\/2022\/03\/16\/vigilia-oracion-ucrania\/","url":"https:\/\/alcala.salesianos.edu\/colegio\/blog\/2022\/03\/16\/vigilia-oracion-ucrania\/","name":"Vigilia de Oraci\u00f3n por Ucrania - Colegio Salesiano Alcal\u00e1","isPartOf":{"@id":"https:\/\/alcala.salesianos.edu\/colegio\/#website"},"datePublished":"2022-03-16T19:49:15+00:00","dateModified":"2025-08-27T07:49:14+00:00","author":{"@id":"https:\/\/alcala.salesianos.edu\/colegio\/#\/schema\/person\/afcc24f776dc91fc2bf9afb0998fca77"},"description":"El pasado martes 15 de marzo, tuvo lugar en la capilla del Carmen la vigilia de oraci\u00f3n de la familia salesiana por la paz en Ucrania.","breadcrumb":{"@id":"https:\/\/alcala.salesianos.edu\/colegio\/blog\/2022\/03\/16\/vigilia-oracion-ucrania\/#breadcrumb"},"inLanguage":"es","potentialAction":[{"@type":"ReadAction","target":["https:\/\/alcala.salesianos.edu\/colegio\/blog\/2022\/03\/16\/vigilia-oracion-ucrania\/"]}]},{"@type":"BreadcrumbList","@id":"https:\/\/alcala.salesianos.edu\/colegio\/blog\/2022\/03\/16\/vigilia-oracion-ucrania\/#breadcrumb","itemListElement":[{"@type":"ListItem","position":1,"name":"Portada","item":"https:\/\/alcala.salesianos.edu\/colegio\/"},{"@type":"ListItem","position":2,"name":"Vigilia de Oraci\u00f3n por Ucrania"}]},{"@type":"WebSite","@id":"https:\/\/alcala.salesianos.edu\/colegio\/#website","url":"https:\/\/alcala.salesianos.edu\/colegio\/","name":"Colegio Salesiano Alcal\u00e1","description":"P\u00e1gina oficial de Salesianos Alcal\u00e1 de Guadaira","potentialAction":[{"@type":"SearchAction","target":{"@type":"EntryPoint","urlTemplate":"https:\/\/alcala.salesianos.edu\/colegio\/?s={search_term_string}"},"query-input":{"@type":"PropertyValueSpecification","valueRequired":true,"valueName":"search_term_string"}}],"inLanguage":"es"},{"@type":"Person","@id":"https:\/\/alcala.salesianos.edu\/colegio\/#\/schema\/person\/afcc24f776dc91fc2bf9afb0998fca77","name":"Administrador Web","image":{"@type":"ImageObject","inLanguage":"es","@id":"https:\/\/secure.gravatar.com\/avatar\/bc157e994689bd6da9645c00aa3bc4d55b727915b6652642660db0aef086585f?s=96&d=mm&r=g","url":"https:\/\/secure.gravatar.com\/avatar\/bc157e994689bd6da9645c00aa3bc4d55b727915b6652642660db0aef086585f?s=96&d=mm&r=g","contentUrl":"https:\/\/secure.gravatar.com\/avatar\/bc157e994689bd6da9645c00aa3bc4d55b727915b6652642660db0aef086585f?s=96&d=mm&r=g","caption":"Administrador Web"}}]}},"_links":{"self":[{"href":"https:\/\/alcala.salesianos.edu\/colegio\/wp-json\/wp\/v2\/posts\/14628","targetHints":{"allow":["GET"]}}],"collection":[{"href":"https:\/\/alcala.salesianos.edu\/colegio\/wp-json\/wp\/v2\/posts"}],"about":[{"href":"https:\/\/alcala.salesianos.edu\/colegio\/wp-json\/wp\/v2\/types\/post"}],"author":[{"embeddable":true,"href":"https:\/\/alcala.salesianos.edu\/colegio\/wp-json\/wp\/v2\/users\/2"}],"replies":[{"embeddable":true,"href":"https:\/\/alcala.salesianos.edu\/colegio\/wp-json\/wp\/v2\/comments?post=14628"}],"version-history":[{"count":1,"href":"https:\/\/alcala.salesianos.edu\/colegio\/wp-json\/wp\/v2\/posts\/14628\/revisions"}],"predecessor-version":[{"id":16659,"href":"https:\/\/alcala.salesianos.edu\/colegio\/wp-json\/wp\/v2\/posts\/14628\/revisions\/16659"}],"wp:attachment":[{"href":"https:\/\/alcala.salesianos.edu\/colegio\/wp-json\/wp\/v2\/media?parent=14628"}],"wp:term":[{"taxonomy":"category","embeddable":true,"href":"https:\/\/alcala.salesianos.edu\/colegio\/wp-json\/wp\/v2\/categories?post=14628"},{"taxonomy":"post_tag","embeddable":true,"href":"https:\/\/alcala.salesianos.edu\/colegio\/wp-json\/wp\/v2\/tags?post=14628"}],"curies":[{"name":"wp","href":"https:\/\/api.w.org\/{rel}","templated":true}]}}