{"id":14614,"date":"2022-03-11T09:29:01","date_gmt":"2022-03-11T08:29:01","guid":{"rendered":"https:\/\/alcala.salesianos.edu\/colegio\/blog\/2022\/03\/11\/061-de-zona-cardiosegura\/"},"modified":"2025-08-27T08:49:16","modified_gmt":"2025-08-27T07:49:16","slug":"061-de-zona-cardiosegura","status":"publish","type":"post","link":"https:\/\/alcala.salesianos.edu\/colegio\/blog\/2022\/03\/11\/061-de-zona-cardiosegura\/","title":{"rendered":"El 061 reconoce a nuestro colegio con la distinci\u00f3n de zona cardiosegura"},"content":{"rendered":"<div id=\"fb-root\"><\/div>\n<p>[et_pb_section fb_built=\u00bb1&#8243; admin_label=\u00bbsection\u00bb _builder_version=\u00bb3.22&#8243; global_colors_info=\u00bb{}\u00bb][et_pb_row admin_label=\u00bbrow\u00bb _builder_version=\u00bb3.25&#8243; background_size=\u00bbinitial\u00bb background_position=\u00bbtop_left\u00bb background_repeat=\u00bbrepeat\u00bb global_colors_info=\u00bb{}\u00bb][et_pb_column type=\u00bb4_4&#8243; _builder_version=\u00bb3.25&#8243; custom_padding=\u00bb|||\u00bb global_colors_info=\u00bb{}\u00bb custom_padding__hover=\u00bb|||\u00bb][et_pb_text _builder_version=\u00bb4.14.8&#8243; _module_preset=\u00bbdefault\u00bb hover_enabled=\u00bb0&#8243; global_colors_info=\u00bb{}\u00bb sticky_enabled=\u00bb0&#8243;]<\/p>\n<p>Nuestro Centro Salesiano, ha recibido ayer\u00a0 de manos de la delegada territorial de Salud y Familia, Regina Serrano, y del director gerente de Andaluc\u00eda del Centro de Emergencias Sanitarias 061, Fernando Ayuso, el reconocimiento a la creaci\u00f3n, en la Casa de Alcal\u00e1, de esta importante zona cardiosaludable en la localidad. Es decir, tras una ardua formaci\u00f3n de toda nuestra Comunidad, nos habilitan para poder actuar en caso de una emergencia ante una parada cardiorrespiratoria que sufriera cualquier miembro del Centro y alrededores.<\/p>\n<p>El Equipo Directivo del Centro, manifiesta que, \u201cgracias a esta distinci\u00f3n damos un paso adelante en seguridad para con nuestros j\u00f3venes y todas las personas que pasan d\u00eda a d\u00eda por nuestro centro. Adem\u00e1s, fomentamos la prevenci\u00f3n y la promoci\u00f3n de la salud\u201d<\/p>\n<p>Por su parte, el director gerente de Andaluc\u00eda del Centro de Emergencias Sanitarias 061 ha valorado de manera muy positiva \u201cel hecho de que cualquier instituci\u00f3n o entidad apueste por espacios cardiosaludables, puesto que suponen un soporte vital b\u00e1sico en reanimaci\u00f3n cardiopulmonar, adem\u00e1s de aportar seguridad a la ciudadan\u00eda, que es la primera beneficiaria, as\u00ed como la formaci\u00f3n adecuada, la cual estamos imparti\u00e9ndola tambi\u00e9n desde hace a\u00f1os en los centros educativos para responsabilizar a la poblaci\u00f3n desde peque\u00f1a y puedan aprender a hacer estas t\u00e9cnicas de reanimaci\u00f3n.\u201d<\/p>\n<p>La delegada territorial de Salud ha agradecido a todos los ayuntamientos, centros educativos, empresas o clubes deportivos, entre otros \u201csu compromiso y su contribuci\u00f3n por aumentar la posibilidad de supervivencia de una personas que pueda padecer en alg\u00fan momento, fuera de los centros hospitalarios, una parada cardiorrespiratoria\u201d, al mismo tiempo que ha puesto en valor la importancia de la formaci\u00f3n \u201cy de seguir sumando m\u00e1s zonas cardiosaludables, pues son las enfermedades cardiovasculares la primera causa de muerte en el mundo occidental.\u201d<\/p>\n<p>&nbsp;<\/p>\n<p>[\/et_pb_text][\/et_pb_column][\/et_pb_row][\/et_pb_section]<\/p>\n","protected":false},"excerpt":{"rendered":"<p>Nuestro Centro Salesiano, ha recibido ayer dicha distinci\u00f3n de manos de la delegada territorial de Salud y Familia, Regina Serrano, y del director gerente de Andaluc\u00eda del Centro de Emergencias Sanitarias 061, Fernando Ayuso.<\/p>\n","protected":false},"author":2,"featured_media":0,"comment_status":"closed","ping_status":"open","sticky":false,"template":"","format":"standard","meta":{"_et_pb_use_builder":"on","_et_pb_old_content":"","_et_gb_content_width":"","footnotes":""},"categories":[12,23,19,13,17,14,15,18,16,1],"tags":[],"class_list":["post-14614","post","type-post","status-publish","format-standard","hentry","category-colegio","category-covid","category-escuela-abierta","category-fasa","category-infantil","category-pastoral","category-portada","category-primaria","category-secundaria","category-uncategorized"],"yoast_head":"<!-- This site is optimized with the Yoast SEO plugin v28.3 - https:\/\/yoast.com\/product\/yoast-seo-wordpress\/ -->\n<title>El 061 reconoce a nuestro colegio con la distinci\u00f3n de zona cardiosegura - Colegio Salesiano Alcal\u00e1<\/title>\n<meta name=\"description\" content=\"Ha recibido dicha distinci\u00f3n de manos de la delegada territorial de Salud y Familia, Regina Serrano, y del director gerente de Andaluc\u00eda del Centro de Emergencias Sanitarias 061, Fernando Ayuso.\" \/>\n<meta name=\"robots\" content=\"index, follow, max-snippet:-1, max-image-preview:large, max-video-preview:-1\" \/>\n<link rel=\"canonical\" href=\"https:\/\/alcala.salesianos.edu\/colegio\/blog\/2022\/03\/11\/061-de-zona-cardiosegura\/\" \/>\n<meta property=\"og:locale\" content=\"es_ES\" \/>\n<meta property=\"og:type\" content=\"article\" \/>\n<meta property=\"og:title\" content=\"El 061 reconoce a nuestro colegio con la distinci\u00f3n de zona cardiosegura - Colegio Salesiano Alcal\u00e1\" \/>\n<meta property=\"og:description\" content=\"Ha recibido dicha distinci\u00f3n de manos de la delegada territorial de Salud y Familia, Regina Serrano, y del director gerente de Andaluc\u00eda del Centro de Emergencias Sanitarias 061, Fernando Ayuso.\" \/>\n<meta property=\"og:url\" content=\"https:\/\/alcala.salesianos.edu\/colegio\/blog\/2022\/03\/11\/061-de-zona-cardiosegura\/\" \/>\n<meta property=\"og:site_name\" content=\"Colegio Salesiano Alcal\u00e1\" \/>\n<meta property=\"article:published_time\" content=\"2022-03-11T08:29:01+00:00\" \/>\n<meta property=\"article:modified_time\" content=\"2025-08-27T07:49:16+00:00\" \/>\n<meta name=\"author\" content=\"Administrador Web\" \/>\n<meta name=\"twitter:card\" content=\"summary_large_image\" \/>\n<meta name=\"twitter:label1\" content=\"Escrito por\" \/>\n\t<meta name=\"twitter:data1\" content=\"Administrador Web\" \/>\n\t<meta name=\"twitter:label2\" content=\"Tiempo de lectura\" \/>\n\t<meta name=\"twitter:data2\" content=\"2 minutos\" \/>\n<script type=\"application\/ld+json\" class=\"yoast-schema-graph\">{\"@context\":\"https:\\\/\\\/schema.org\",\"@graph\":[{\"@type\":\"Article\",\"@id\":\"https:\\\/\\\/alcala.salesianos.edu\\\/colegio\\\/blog\\\/2022\\\/03\\\/11\\\/061-de-zona-cardiosegura\\\/#article\",\"isPartOf\":{\"@id\":\"https:\\\/\\\/alcala.salesianos.edu\\\/colegio\\\/blog\\\/2022\\\/03\\\/11\\\/061-de-zona-cardiosegura\\\/\"},\"author\":{\"name\":\"Administrador Web\",\"@id\":\"https:\\\/\\\/alcala.salesianos.edu\\\/colegio\\\/#\\\/schema\\\/person\\\/afcc24f776dc91fc2bf9afb0998fca77\"},\"headline\":\"El 061 reconoce a nuestro colegio con la distinci\u00f3n de zona cardiosegura\",\"datePublished\":\"2022-03-11T08:29:01+00:00\",\"dateModified\":\"2025-08-27T07:49:16+00:00\",\"mainEntityOfPage\":{\"@id\":\"https:\\\/\\\/alcala.salesianos.edu\\\/colegio\\\/blog\\\/2022\\\/03\\\/11\\\/061-de-zona-cardiosegura\\\/\"},\"wordCount\":407,\"articleSection\":[\"Colegio\",\"covid\",\"Escuela abierta\",\"FASA\",\"Infantil\",\"Pastoral\",\"Portada\",\"Primaria\",\"Secundaria\",\"Uncategorized\"],\"inLanguage\":\"es\"},{\"@type\":\"WebPage\",\"@id\":\"https:\\\/\\\/alcala.salesianos.edu\\\/colegio\\\/blog\\\/2022\\\/03\\\/11\\\/061-de-zona-cardiosegura\\\/\",\"url\":\"https:\\\/\\\/alcala.salesianos.edu\\\/colegio\\\/blog\\\/2022\\\/03\\\/11\\\/061-de-zona-cardiosegura\\\/\",\"name\":\"El 061 reconoce a nuestro colegio con la distinci\u00f3n de zona cardiosegura - Colegio Salesiano Alcal\u00e1\",\"isPartOf\":{\"@id\":\"https:\\\/\\\/alcala.salesianos.edu\\\/colegio\\\/#website\"},\"datePublished\":\"2022-03-11T08:29:01+00:00\",\"dateModified\":\"2025-08-27T07:49:16+00:00\",\"author\":{\"@id\":\"https:\\\/\\\/alcala.salesianos.edu\\\/colegio\\\/#\\\/schema\\\/person\\\/afcc24f776dc91fc2bf9afb0998fca77\"},\"description\":\"Ha recibido dicha distinci\u00f3n de manos de la delegada territorial de Salud y Familia, Regina Serrano, y del director gerente de Andaluc\u00eda del Centro de Emergencias Sanitarias 061, Fernando Ayuso.\",\"breadcrumb\":{\"@id\":\"https:\\\/\\\/alcala.salesianos.edu\\\/colegio\\\/blog\\\/2022\\\/03\\\/11\\\/061-de-zona-cardiosegura\\\/#breadcrumb\"},\"inLanguage\":\"es\",\"potentialAction\":[{\"@type\":\"ReadAction\",\"target\":[\"https:\\\/\\\/alcala.salesianos.edu\\\/colegio\\\/blog\\\/2022\\\/03\\\/11\\\/061-de-zona-cardiosegura\\\/\"]}]},{\"@type\":\"BreadcrumbList\",\"@id\":\"https:\\\/\\\/alcala.salesianos.edu\\\/colegio\\\/blog\\\/2022\\\/03\\\/11\\\/061-de-zona-cardiosegura\\\/#breadcrumb\",\"itemListElement\":[{\"@type\":\"ListItem\",\"position\":1,\"name\":\"Portada\",\"item\":\"https:\\\/\\\/alcala.salesianos.edu\\\/colegio\\\/\"},{\"@type\":\"ListItem\",\"position\":2,\"name\":\"El 061 reconoce a nuestro colegio con la distinci\u00f3n de zona cardiosegura\"}]},{\"@type\":\"WebSite\",\"@id\":\"https:\\\/\\\/alcala.salesianos.edu\\\/colegio\\\/#website\",\"url\":\"https:\\\/\\\/alcala.salesianos.edu\\\/colegio\\\/\",\"name\":\"Colegio Salesiano Alcal\u00e1\",\"description\":\"P\u00e1gina oficial de Salesianos Alcal\u00e1 de Guadaira\",\"potentialAction\":[{\"@type\":\"SearchAction\",\"target\":{\"@type\":\"EntryPoint\",\"urlTemplate\":\"https:\\\/\\\/alcala.salesianos.edu\\\/colegio\\\/?s={search_term_string}\"},\"query-input\":{\"@type\":\"PropertyValueSpecification\",\"valueRequired\":true,\"valueName\":\"search_term_string\"}}],\"inLanguage\":\"es\"},{\"@type\":\"Person\",\"@id\":\"https:\\\/\\\/alcala.salesianos.edu\\\/colegio\\\/#\\\/schema\\\/person\\\/afcc24f776dc91fc2bf9afb0998fca77\",\"name\":\"Administrador Web\",\"image\":{\"@type\":\"ImageObject\",\"inLanguage\":\"es\",\"@id\":\"https:\\\/\\\/secure.gravatar.com\\\/avatar\\\/bc157e994689bd6da9645c00aa3bc4d55b727915b6652642660db0aef086585f?s=96&d=mm&r=g\",\"url\":\"https:\\\/\\\/secure.gravatar.com\\\/avatar\\\/bc157e994689bd6da9645c00aa3bc4d55b727915b6652642660db0aef086585f?s=96&d=mm&r=g\",\"contentUrl\":\"https:\\\/\\\/secure.gravatar.com\\\/avatar\\\/bc157e994689bd6da9645c00aa3bc4d55b727915b6652642660db0aef086585f?s=96&d=mm&r=g\",\"caption\":\"Administrador Web\"}}]}<\/script>\n<!-- \/ Yoast SEO plugin. -->","yoast_head_json":{"title":"El 061 reconoce a nuestro colegio con la distinci\u00f3n de zona cardiosegura - Colegio Salesiano Alcal\u00e1","description":"Ha recibido dicha distinci\u00f3n de manos de la delegada territorial de Salud y Familia, Regina Serrano, y del director gerente de Andaluc\u00eda del Centro de Emergencias Sanitarias 061, Fernando Ayuso.","robots":{"index":"index","follow":"follow","max-snippet":"max-snippet:-1","max-image-preview":"max-image-preview:large","max-video-preview":"max-video-preview:-1"},"canonical":"https:\/\/alcala.salesianos.edu\/colegio\/blog\/2022\/03\/11\/061-de-zona-cardiosegura\/","og_locale":"es_ES","og_type":"article","og_title":"El 061 reconoce a nuestro colegio con la distinci\u00f3n de zona cardiosegura - Colegio Salesiano Alcal\u00e1","og_description":"Ha recibido dicha distinci\u00f3n de manos de la delegada territorial de Salud y Familia, Regina Serrano, y del director gerente de Andaluc\u00eda del Centro de Emergencias Sanitarias 061, Fernando Ayuso.","og_url":"https:\/\/alcala.salesianos.edu\/colegio\/blog\/2022\/03\/11\/061-de-zona-cardiosegura\/","og_site_name":"Colegio Salesiano Alcal\u00e1","article_published_time":"2022-03-11T08:29:01+00:00","article_modified_time":"2025-08-27T07:49:16+00:00","author":"Administrador Web","twitter_card":"summary_large_image","twitter_misc":{"Escrito por":"Administrador Web","Tiempo de lectura":"2 minutos"},"schema":{"@context":"https:\/\/schema.org","@graph":[{"@type":"Article","@id":"https:\/\/alcala.salesianos.edu\/colegio\/blog\/2022\/03\/11\/061-de-zona-cardiosegura\/#article","isPartOf":{"@id":"https:\/\/alcala.salesianos.edu\/colegio\/blog\/2022\/03\/11\/061-de-zona-cardiosegura\/"},"author":{"name":"Administrador Web","@id":"https:\/\/alcala.salesianos.edu\/colegio\/#\/schema\/person\/afcc24f776dc91fc2bf9afb0998fca77"},"headline":"El 061 reconoce a nuestro colegio con la distinci\u00f3n de zona cardiosegura","datePublished":"2022-03-11T08:29:01+00:00","dateModified":"2025-08-27T07:49:16+00:00","mainEntityOfPage":{"@id":"https:\/\/alcala.salesianos.edu\/colegio\/blog\/2022\/03\/11\/061-de-zona-cardiosegura\/"},"wordCount":407,"articleSection":["Colegio","covid","Escuela abierta","FASA","Infantil","Pastoral","Portada","Primaria","Secundaria","Uncategorized"],"inLanguage":"es"},{"@type":"WebPage","@id":"https:\/\/alcala.salesianos.edu\/colegio\/blog\/2022\/03\/11\/061-de-zona-cardiosegura\/","url":"https:\/\/alcala.salesianos.edu\/colegio\/blog\/2022\/03\/11\/061-de-zona-cardiosegura\/","name":"El 061 reconoce a nuestro colegio con la distinci\u00f3n de zona cardiosegura - Colegio Salesiano Alcal\u00e1","isPartOf":{"@id":"https:\/\/alcala.salesianos.edu\/colegio\/#website"},"datePublished":"2022-03-11T08:29:01+00:00","dateModified":"2025-08-27T07:49:16+00:00","author":{"@id":"https:\/\/alcala.salesianos.edu\/colegio\/#\/schema\/person\/afcc24f776dc91fc2bf9afb0998fca77"},"description":"Ha recibido dicha distinci\u00f3n de manos de la delegada territorial de Salud y Familia, Regina Serrano, y del director gerente de Andaluc\u00eda del Centro de Emergencias Sanitarias 061, Fernando Ayuso.","breadcrumb":{"@id":"https:\/\/alcala.salesianos.edu\/colegio\/blog\/2022\/03\/11\/061-de-zona-cardiosegura\/#breadcrumb"},"inLanguage":"es","potentialAction":[{"@type":"ReadAction","target":["https:\/\/alcala.salesianos.edu\/colegio\/blog\/2022\/03\/11\/061-de-zona-cardiosegura\/"]}]},{"@type":"BreadcrumbList","@id":"https:\/\/alcala.salesianos.edu\/colegio\/blog\/2022\/03\/11\/061-de-zona-cardiosegura\/#breadcrumb","itemListElement":[{"@type":"ListItem","position":1,"name":"Portada","item":"https:\/\/alcala.salesianos.edu\/colegio\/"},{"@type":"ListItem","position":2,"name":"El 061 reconoce a nuestro colegio con la distinci\u00f3n de zona cardiosegura"}]},{"@type":"WebSite","@id":"https:\/\/alcala.salesianos.edu\/colegio\/#website","url":"https:\/\/alcala.salesianos.edu\/colegio\/","name":"Colegio Salesiano Alcal\u00e1","description":"P\u00e1gina oficial de Salesianos Alcal\u00e1 de Guadaira","potentialAction":[{"@type":"SearchAction","target":{"@type":"EntryPoint","urlTemplate":"https:\/\/alcala.salesianos.edu\/colegio\/?s={search_term_string}"},"query-input":{"@type":"PropertyValueSpecification","valueRequired":true,"valueName":"search_term_string"}}],"inLanguage":"es"},{"@type":"Person","@id":"https:\/\/alcala.salesianos.edu\/colegio\/#\/schema\/person\/afcc24f776dc91fc2bf9afb0998fca77","name":"Administrador Web","image":{"@type":"ImageObject","inLanguage":"es","@id":"https:\/\/secure.gravatar.com\/avatar\/bc157e994689bd6da9645c00aa3bc4d55b727915b6652642660db0aef086585f?s=96&d=mm&r=g","url":"https:\/\/secure.gravatar.com\/avatar\/bc157e994689bd6da9645c00aa3bc4d55b727915b6652642660db0aef086585f?s=96&d=mm&r=g","contentUrl":"https:\/\/secure.gravatar.com\/avatar\/bc157e994689bd6da9645c00aa3bc4d55b727915b6652642660db0aef086585f?s=96&d=mm&r=g","caption":"Administrador Web"}}]}},"_links":{"self":[{"href":"https:\/\/alcala.salesianos.edu\/colegio\/wp-json\/wp\/v2\/posts\/14614","targetHints":{"allow":["GET"]}}],"collection":[{"href":"https:\/\/alcala.salesianos.edu\/colegio\/wp-json\/wp\/v2\/posts"}],"about":[{"href":"https:\/\/alcala.salesianos.edu\/colegio\/wp-json\/wp\/v2\/types\/post"}],"author":[{"embeddable":true,"href":"https:\/\/alcala.salesianos.edu\/colegio\/wp-json\/wp\/v2\/users\/2"}],"replies":[{"embeddable":true,"href":"https:\/\/alcala.salesianos.edu\/colegio\/wp-json\/wp\/v2\/comments?post=14614"}],"version-history":[{"count":1,"href":"https:\/\/alcala.salesianos.edu\/colegio\/wp-json\/wp\/v2\/posts\/14614\/revisions"}],"predecessor-version":[{"id":16661,"href":"https:\/\/alcala.salesianos.edu\/colegio\/wp-json\/wp\/v2\/posts\/14614\/revisions\/16661"}],"wp:attachment":[{"href":"https:\/\/alcala.salesianos.edu\/colegio\/wp-json\/wp\/v2\/media?parent=14614"}],"wp:term":[{"taxonomy":"category","embeddable":true,"href":"https:\/\/alcala.salesianos.edu\/colegio\/wp-json\/wp\/v2\/categories?post=14614"},{"taxonomy":"post_tag","embeddable":true,"href":"https:\/\/alcala.salesianos.edu\/colegio\/wp-json\/wp\/v2\/tags?post=14614"}],"curies":[{"name":"wp","href":"https:\/\/api.w.org\/{rel}","templated":true}]}}