{"id":14571,"date":"2022-02-24T12:22:39","date_gmt":"2022-02-24T11:22:39","guid":{"rendered":"https:\/\/alcala.salesianos.edu\/colegio\/blog\/2022\/02\/24\/orientacion\/"},"modified":"2025-08-27T08:49:22","modified_gmt":"2025-08-27T07:49:22","slug":"orientacion","status":"publish","type":"post","link":"https:\/\/alcala.salesianos.edu\/colegio\/blog\/2022\/02\/24\/orientacion\/","title":{"rendered":"Orientaci\u00f3n escolar, Miguel \u00c1ngel Colmenero"},"content":{"rendered":"<div id=\"fb-root\"><\/div>\n<p>[et_pb_section fb_built=\u00bb1&#8243; admin_label=\u00bbsection\u00bb _builder_version=\u00bb3.22&#8243; global_colors_info=\u00bb{}\u00bb][et_pb_row admin_label=\u00bbrow\u00bb _builder_version=\u00bb3.25&#8243; background_size=\u00bbinitial\u00bb background_position=\u00bbtop_left\u00bb background_repeat=\u00bbrepeat\u00bb global_colors_info=\u00bb{}\u00bb][et_pb_column type=\u00bb4_4&#8243; _builder_version=\u00bb3.25&#8243; custom_padding=\u00bb|||\u00bb global_colors_info=\u00bb{}\u00bb custom_padding__hover=\u00bb|||\u00bb][et_pb_text _builder_version=\u00bb4.14.8&#8243; _module_preset=\u00bbdefault\u00bb text_orientation=\u00bbjustified\u00bb hover_enabled=\u00bb0&#8243; sticky_enabled=\u00bb0&#8243;]<\/p>\n<p>La casa salesiana de Alcal\u00e1, como es caracter\u00edstico, abre sus puertas a la orientaci\u00f3n acad\u00e9mica y laboral para nuestros j\u00f3venes. Durante los d\u00edas 21, 22 y 23 de febrero se celebraron unas enriquecedoras jornadas de orientaci\u00f3n con diversos actos, muestras y participaciones de colaboradores muy especiales, con el \u00fanico objetivo de ofrecer a nuestros alumnos una orientaci\u00f3n \u00fatil y de provecho para su futuro.<\/p>\n<p>Durante la primera jornada pudimos disfrutar de una maravillosa mesa redonda con D. Miguel \u00c1ngel Colmenero, antiguo alumno de la casa, doctor internista y actual Director Gerente del reconocido Hospital Universitario Virgen Macarena (UVM). En el transcurso de la jornada, los alumnos mayores de la casa tuvieron la oportunidad de conocer de primera mano la vocaci\u00f3n de servicio y dedicaci\u00f3n a la ciencia de la mano de una ejemplar persona y profesional.<\/p>\n<p>\u201cTodo esfuerzo tiene su recompensa, el camino nunca ser\u00e1 f\u00e1cil, tendremos que dejar muchos momentos, personas y cosas de lado, pero merecer\u00e1 la pena\u201d, estas son algunas palabras de D. Miguel \u00c1ngel Colmenero a los j\u00f3venes, una forma de demostrar que todo tiene su trabajo, la vocaci\u00f3n no se quedar\u00e1 solo en vocaci\u00f3n, tambi\u00e9n ser\u00e1 fruto del esfuerzo y el empe\u00f1o puesto en los objetivos marcados en la vida.<\/p>\n<p>El servicio a las personas que m\u00e1s lo necesitan es algo que muchos j\u00f3venes siempre han pensado, pero \u00bfhasta qu\u00e9 punto sacrificarse por ello? Miguel daba respuesta a esta pregunta de forma clara y rotunda, \u201chasta el final\u201d, sin dudas, sin pensarlo, solo con el objetivo de crecer para ayudar a que los dem\u00e1s tambi\u00e9n lo hagan, siendo fieles al mensaje m\u00e1s claro que Don Bosco nos dej\u00f3, ser felices aqu\u00ed y en la eternidad, pieza fundamental para todo el personal sanitario.<\/p>\n<p>Vivimos en unos momentos muy duros que cada d\u00eda cambian y suscitan algo nuevo en las personas, le debemos mucho a los sanitarios, nos cuidan y protegen cada d\u00eda, en mejores o peores condiciones siempre lo dan todo por los dem\u00e1s. Este era el mensaje que trasladaba el ponente a los j\u00f3venes, entregar toda una vida, toda la juventud, para llegar al futuro ayudando y aportando a la sociedad lo mejor que tiene, el cuidado de las personas.<\/p>\n<p>La casa de Alcal\u00e1 siempre estar\u00e1 comprometida con los j\u00f3venes, con el objetivo de que crezcan y sean felices, pero, sobre todo, que encuentren su camino hacia la felicidad, desde su vocaci\u00f3n, con valores fundamentales que, desde el sistema preventivo, se trabajan diariamente para el desarrollo integral del alumno, caminando en favor de aspirar a un gran y fruct\u00edfero futuro.<\/p>\n<p>[\/et_pb_text][\/et_pb_column][\/et_pb_row][et_pb_row _builder_version=\u00bb4.14.8&#8243; _module_preset=\u00bbdefault\u00bb][et_pb_column _builder_version=\u00bb4.14.8&#8243; _module_preset=\u00bbdefault\u00bb type=\u00bb4_4&#8243;][et_pb_video _builder_version=\u00bb4.14.8&#8243; _module_preset=\u00bbdefault\u00bb src=\u00bbhttp:\/\/https:\/\/www.youtube.com\/watch?v=ne6og1p4kog\u00bb hover_enabled=\u00bb0&#8243; sticky_enabled=\u00bb0&#8243;][\/et_pb_video][\/et_pb_column][\/et_pb_row][\/et_pb_section]<\/p>\n","protected":false},"excerpt":{"rendered":"<p>M. A. Colmenero, Director Gerente del Hospital Universitario Virgen Macarena visita a los j\u00f3venes de la ESO en las jornadas de orientaci\u00f3n.<\/p>\n","protected":false},"author":2,"featured_media":0,"comment_status":"closed","ping_status":"open","sticky":false,"template":"","format":"standard","meta":{"_et_pb_use_builder":"on","_et_pb_old_content":"","_et_gb_content_width":"","footnotes":""},"categories":[12,23,13,14,15,16,1],"tags":[],"class_list":["post-14571","post","type-post","status-publish","format-standard","hentry","category-colegio","category-covid","category-fasa","category-pastoral","category-portada","category-secundaria","category-uncategorized"],"yoast_head":"<!-- This site is optimized with the Yoast SEO plugin v28.3 - https:\/\/yoast.com\/product\/yoast-seo-wordpress\/ -->\n<title>Orientaci\u00f3n escolar, Miguel \u00c1ngel Colmenero - Colegio Salesiano Alcal\u00e1<\/title>\n<meta name=\"description\" content=\"M. A. Colmenero, Director Gerente del Hospital Universitario Virgen Macarena visita a los j\u00f3venes de la ESO en las jornadas de orientaci\u00f3n.\" \/>\n<meta name=\"robots\" content=\"index, follow, max-snippet:-1, max-image-preview:large, max-video-preview:-1\" \/>\n<link rel=\"canonical\" href=\"https:\/\/alcala.salesianos.edu\/colegio\/blog\/2022\/02\/24\/orientacion\/\" \/>\n<meta property=\"og:locale\" content=\"es_ES\" \/>\n<meta property=\"og:type\" content=\"article\" \/>\n<meta property=\"og:title\" content=\"Orientaci\u00f3n escolar, Miguel \u00c1ngel Colmenero - Colegio Salesiano Alcal\u00e1\" \/>\n<meta property=\"og:description\" content=\"M. A. Colmenero, Director Gerente del Hospital Universitario Virgen Macarena visita a los j\u00f3venes de la ESO en las jornadas de orientaci\u00f3n.\" \/>\n<meta property=\"og:url\" content=\"https:\/\/alcala.salesianos.edu\/colegio\/blog\/2022\/02\/24\/orientacion\/\" \/>\n<meta property=\"og:site_name\" content=\"Colegio Salesiano Alcal\u00e1\" \/>\n<meta property=\"article:published_time\" content=\"2022-02-24T11:22:39+00:00\" \/>\n<meta property=\"article:modified_time\" content=\"2025-08-27T07:49:22+00:00\" \/>\n<meta name=\"author\" content=\"Administrador Web\" \/>\n<meta name=\"twitter:card\" content=\"summary_large_image\" \/>\n<meta name=\"twitter:label1\" content=\"Escrito por\" \/>\n\t<meta name=\"twitter:data1\" content=\"Administrador Web\" \/>\n\t<meta name=\"twitter:label2\" content=\"Tiempo de lectura\" \/>\n\t<meta name=\"twitter:data2\" content=\"3 minutos\" \/>\n<script type=\"application\/ld+json\" class=\"yoast-schema-graph\">{\"@context\":\"https:\\\/\\\/schema.org\",\"@graph\":[{\"@type\":\"Article\",\"@id\":\"https:\\\/\\\/alcala.salesianos.edu\\\/colegio\\\/blog\\\/2022\\\/02\\\/24\\\/orientacion\\\/#article\",\"isPartOf\":{\"@id\":\"https:\\\/\\\/alcala.salesianos.edu\\\/colegio\\\/blog\\\/2022\\\/02\\\/24\\\/orientacion\\\/\"},\"author\":{\"name\":\"Administrador Web\",\"@id\":\"https:\\\/\\\/alcala.salesianos.edu\\\/colegio\\\/#\\\/schema\\\/person\\\/afcc24f776dc91fc2bf9afb0998fca77\"},\"headline\":\"Orientaci\u00f3n escolar, Miguel \u00c1ngel Colmenero\",\"datePublished\":\"2022-02-24T11:22:39+00:00\",\"dateModified\":\"2025-08-27T07:49:22+00:00\",\"mainEntityOfPage\":{\"@id\":\"https:\\\/\\\/alcala.salesianos.edu\\\/colegio\\\/blog\\\/2022\\\/02\\\/24\\\/orientacion\\\/\"},\"wordCount\":580,\"articleSection\":[\"Colegio\",\"covid\",\"FASA\",\"Pastoral\",\"Portada\",\"Secundaria\",\"Uncategorized\"],\"inLanguage\":\"es\"},{\"@type\":\"WebPage\",\"@id\":\"https:\\\/\\\/alcala.salesianos.edu\\\/colegio\\\/blog\\\/2022\\\/02\\\/24\\\/orientacion\\\/\",\"url\":\"https:\\\/\\\/alcala.salesianos.edu\\\/colegio\\\/blog\\\/2022\\\/02\\\/24\\\/orientacion\\\/\",\"name\":\"Orientaci\u00f3n escolar, Miguel \u00c1ngel Colmenero - Colegio Salesiano Alcal\u00e1\",\"isPartOf\":{\"@id\":\"https:\\\/\\\/alcala.salesianos.edu\\\/colegio\\\/#website\"},\"datePublished\":\"2022-02-24T11:22:39+00:00\",\"dateModified\":\"2025-08-27T07:49:22+00:00\",\"author\":{\"@id\":\"https:\\\/\\\/alcala.salesianos.edu\\\/colegio\\\/#\\\/schema\\\/person\\\/afcc24f776dc91fc2bf9afb0998fca77\"},\"description\":\"M. A. Colmenero, Director Gerente del Hospital Universitario Virgen Macarena visita a los j\u00f3venes de la ESO en las jornadas de orientaci\u00f3n.\",\"breadcrumb\":{\"@id\":\"https:\\\/\\\/alcala.salesianos.edu\\\/colegio\\\/blog\\\/2022\\\/02\\\/24\\\/orientacion\\\/#breadcrumb\"},\"inLanguage\":\"es\",\"potentialAction\":[{\"@type\":\"ReadAction\",\"target\":[\"https:\\\/\\\/alcala.salesianos.edu\\\/colegio\\\/blog\\\/2022\\\/02\\\/24\\\/orientacion\\\/\"]}]},{\"@type\":\"BreadcrumbList\",\"@id\":\"https:\\\/\\\/alcala.salesianos.edu\\\/colegio\\\/blog\\\/2022\\\/02\\\/24\\\/orientacion\\\/#breadcrumb\",\"itemListElement\":[{\"@type\":\"ListItem\",\"position\":1,\"name\":\"Portada\",\"item\":\"https:\\\/\\\/alcala.salesianos.edu\\\/colegio\\\/\"},{\"@type\":\"ListItem\",\"position\":2,\"name\":\"Orientaci\u00f3n escolar, Miguel \u00c1ngel Colmenero\"}]},{\"@type\":\"WebSite\",\"@id\":\"https:\\\/\\\/alcala.salesianos.edu\\\/colegio\\\/#website\",\"url\":\"https:\\\/\\\/alcala.salesianos.edu\\\/colegio\\\/\",\"name\":\"Colegio Salesiano Alcal\u00e1\",\"description\":\"P\u00e1gina oficial de Salesianos Alcal\u00e1 de Guadaira\",\"potentialAction\":[{\"@type\":\"SearchAction\",\"target\":{\"@type\":\"EntryPoint\",\"urlTemplate\":\"https:\\\/\\\/alcala.salesianos.edu\\\/colegio\\\/?s={search_term_string}\"},\"query-input\":{\"@type\":\"PropertyValueSpecification\",\"valueRequired\":true,\"valueName\":\"search_term_string\"}}],\"inLanguage\":\"es\"},{\"@type\":\"Person\",\"@id\":\"https:\\\/\\\/alcala.salesianos.edu\\\/colegio\\\/#\\\/schema\\\/person\\\/afcc24f776dc91fc2bf9afb0998fca77\",\"name\":\"Administrador Web\",\"image\":{\"@type\":\"ImageObject\",\"inLanguage\":\"es\",\"@id\":\"https:\\\/\\\/secure.gravatar.com\\\/avatar\\\/bc157e994689bd6da9645c00aa3bc4d55b727915b6652642660db0aef086585f?s=96&d=mm&r=g\",\"url\":\"https:\\\/\\\/secure.gravatar.com\\\/avatar\\\/bc157e994689bd6da9645c00aa3bc4d55b727915b6652642660db0aef086585f?s=96&d=mm&r=g\",\"contentUrl\":\"https:\\\/\\\/secure.gravatar.com\\\/avatar\\\/bc157e994689bd6da9645c00aa3bc4d55b727915b6652642660db0aef086585f?s=96&d=mm&r=g\",\"caption\":\"Administrador Web\"}}]}<\/script>\n<!-- \/ Yoast SEO plugin. -->","yoast_head_json":{"title":"Orientaci\u00f3n escolar, Miguel \u00c1ngel Colmenero - Colegio Salesiano Alcal\u00e1","description":"M. A. Colmenero, Director Gerente del Hospital Universitario Virgen Macarena visita a los j\u00f3venes de la ESO en las jornadas de orientaci\u00f3n.","robots":{"index":"index","follow":"follow","max-snippet":"max-snippet:-1","max-image-preview":"max-image-preview:large","max-video-preview":"max-video-preview:-1"},"canonical":"https:\/\/alcala.salesianos.edu\/colegio\/blog\/2022\/02\/24\/orientacion\/","og_locale":"es_ES","og_type":"article","og_title":"Orientaci\u00f3n escolar, Miguel \u00c1ngel Colmenero - Colegio Salesiano Alcal\u00e1","og_description":"M. A. Colmenero, Director Gerente del Hospital Universitario Virgen Macarena visita a los j\u00f3venes de la ESO en las jornadas de orientaci\u00f3n.","og_url":"https:\/\/alcala.salesianos.edu\/colegio\/blog\/2022\/02\/24\/orientacion\/","og_site_name":"Colegio Salesiano Alcal\u00e1","article_published_time":"2022-02-24T11:22:39+00:00","article_modified_time":"2025-08-27T07:49:22+00:00","author":"Administrador Web","twitter_card":"summary_large_image","twitter_misc":{"Escrito por":"Administrador Web","Tiempo de lectura":"3 minutos"},"schema":{"@context":"https:\/\/schema.org","@graph":[{"@type":"Article","@id":"https:\/\/alcala.salesianos.edu\/colegio\/blog\/2022\/02\/24\/orientacion\/#article","isPartOf":{"@id":"https:\/\/alcala.salesianos.edu\/colegio\/blog\/2022\/02\/24\/orientacion\/"},"author":{"name":"Administrador Web","@id":"https:\/\/alcala.salesianos.edu\/colegio\/#\/schema\/person\/afcc24f776dc91fc2bf9afb0998fca77"},"headline":"Orientaci\u00f3n escolar, Miguel \u00c1ngel Colmenero","datePublished":"2022-02-24T11:22:39+00:00","dateModified":"2025-08-27T07:49:22+00:00","mainEntityOfPage":{"@id":"https:\/\/alcala.salesianos.edu\/colegio\/blog\/2022\/02\/24\/orientacion\/"},"wordCount":580,"articleSection":["Colegio","covid","FASA","Pastoral","Portada","Secundaria","Uncategorized"],"inLanguage":"es"},{"@type":"WebPage","@id":"https:\/\/alcala.salesianos.edu\/colegio\/blog\/2022\/02\/24\/orientacion\/","url":"https:\/\/alcala.salesianos.edu\/colegio\/blog\/2022\/02\/24\/orientacion\/","name":"Orientaci\u00f3n escolar, Miguel \u00c1ngel Colmenero - Colegio Salesiano Alcal\u00e1","isPartOf":{"@id":"https:\/\/alcala.salesianos.edu\/colegio\/#website"},"datePublished":"2022-02-24T11:22:39+00:00","dateModified":"2025-08-27T07:49:22+00:00","author":{"@id":"https:\/\/alcala.salesianos.edu\/colegio\/#\/schema\/person\/afcc24f776dc91fc2bf9afb0998fca77"},"description":"M. A. Colmenero, Director Gerente del Hospital Universitario Virgen Macarena visita a los j\u00f3venes de la ESO en las jornadas de orientaci\u00f3n.","breadcrumb":{"@id":"https:\/\/alcala.salesianos.edu\/colegio\/blog\/2022\/02\/24\/orientacion\/#breadcrumb"},"inLanguage":"es","potentialAction":[{"@type":"ReadAction","target":["https:\/\/alcala.salesianos.edu\/colegio\/blog\/2022\/02\/24\/orientacion\/"]}]},{"@type":"BreadcrumbList","@id":"https:\/\/alcala.salesianos.edu\/colegio\/blog\/2022\/02\/24\/orientacion\/#breadcrumb","itemListElement":[{"@type":"ListItem","position":1,"name":"Portada","item":"https:\/\/alcala.salesianos.edu\/colegio\/"},{"@type":"ListItem","position":2,"name":"Orientaci\u00f3n escolar, Miguel \u00c1ngel Colmenero"}]},{"@type":"WebSite","@id":"https:\/\/alcala.salesianos.edu\/colegio\/#website","url":"https:\/\/alcala.salesianos.edu\/colegio\/","name":"Colegio Salesiano Alcal\u00e1","description":"P\u00e1gina oficial de Salesianos Alcal\u00e1 de Guadaira","potentialAction":[{"@type":"SearchAction","target":{"@type":"EntryPoint","urlTemplate":"https:\/\/alcala.salesianos.edu\/colegio\/?s={search_term_string}"},"query-input":{"@type":"PropertyValueSpecification","valueRequired":true,"valueName":"search_term_string"}}],"inLanguage":"es"},{"@type":"Person","@id":"https:\/\/alcala.salesianos.edu\/colegio\/#\/schema\/person\/afcc24f776dc91fc2bf9afb0998fca77","name":"Administrador Web","image":{"@type":"ImageObject","inLanguage":"es","@id":"https:\/\/secure.gravatar.com\/avatar\/bc157e994689bd6da9645c00aa3bc4d55b727915b6652642660db0aef086585f?s=96&d=mm&r=g","url":"https:\/\/secure.gravatar.com\/avatar\/bc157e994689bd6da9645c00aa3bc4d55b727915b6652642660db0aef086585f?s=96&d=mm&r=g","contentUrl":"https:\/\/secure.gravatar.com\/avatar\/bc157e994689bd6da9645c00aa3bc4d55b727915b6652642660db0aef086585f?s=96&d=mm&r=g","caption":"Administrador Web"}}]}},"_links":{"self":[{"href":"https:\/\/alcala.salesianos.edu\/colegio\/wp-json\/wp\/v2\/posts\/14571","targetHints":{"allow":["GET"]}}],"collection":[{"href":"https:\/\/alcala.salesianos.edu\/colegio\/wp-json\/wp\/v2\/posts"}],"about":[{"href":"https:\/\/alcala.salesianos.edu\/colegio\/wp-json\/wp\/v2\/types\/post"}],"author":[{"embeddable":true,"href":"https:\/\/alcala.salesianos.edu\/colegio\/wp-json\/wp\/v2\/users\/2"}],"replies":[{"embeddable":true,"href":"https:\/\/alcala.salesianos.edu\/colegio\/wp-json\/wp\/v2\/comments?post=14571"}],"version-history":[{"count":1,"href":"https:\/\/alcala.salesianos.edu\/colegio\/wp-json\/wp\/v2\/posts\/14571\/revisions"}],"predecessor-version":[{"id":16666,"href":"https:\/\/alcala.salesianos.edu\/colegio\/wp-json\/wp\/v2\/posts\/14571\/revisions\/16666"}],"wp:attachment":[{"href":"https:\/\/alcala.salesianos.edu\/colegio\/wp-json\/wp\/v2\/media?parent=14571"}],"wp:term":[{"taxonomy":"category","embeddable":true,"href":"https:\/\/alcala.salesianos.edu\/colegio\/wp-json\/wp\/v2\/categories?post=14571"},{"taxonomy":"post_tag","embeddable":true,"href":"https:\/\/alcala.salesianos.edu\/colegio\/wp-json\/wp\/v2\/tags?post=14571"}],"curies":[{"name":"wp","href":"https:\/\/api.w.org\/{rel}","templated":true}]}}