{"id":14564,"date":"2022-02-18T09:18:49","date_gmt":"2022-02-18T08:18:49","guid":{"rendered":"https:\/\/alcala.salesianos.edu\/colegio\/blog\/2022\/02\/18\/jj-orientacion\/"},"modified":"2025-08-27T08:49:22","modified_gmt":"2025-08-27T07:49:22","slug":"jj-orientacion","status":"publish","type":"post","link":"https:\/\/alcala.salesianos.edu\/colegio\/blog\/2022\/02\/18\/jj-orientacion\/","title":{"rendered":"VIII Jornadas de Orientaci\u00f3n"},"content":{"rendered":"<div id=\"fb-root\"><\/div>\n<p>[et_pb_section fb_built=\u00bb1&#8243; admin_label=\u00bbsection\u00bb _builder_version=\u00bb3.22&#8243; global_colors_info=\u00bb{}\u00bb][et_pb_row admin_label=\u00bbrow\u00bb _builder_version=\u00bb3.25&#8243; background_size=\u00bbinitial\u00bb background_position=\u00bbtop_left\u00bb background_repeat=\u00bbrepeat\u00bb global_colors_info=\u00bb{}\u00bb][et_pb_column type=\u00bb4_4&#8243; _builder_version=\u00bb3.25&#8243; custom_padding=\u00bb|||\u00bb global_colors_info=\u00bb{}\u00bb custom_padding__hover=\u00bb|||\u00bb][et_pb_text _builder_version=\u00bb4.14.7&#8243; _module_preset=\u00bbdefault\u00bb hover_enabled=\u00bb0&#8243; sticky_enabled=\u00bb0&#8243;]<\/p>\n<h1 style=\"text-align: center;\"><strong>VIII Jornadas de Orientaci\u00f3n<\/strong><\/h1>\n<h2 style=\"text-align: center;\"><strong>21 \u2013 23 de febrero de 2022<\/strong><\/h2>\n<p>La casa salesiana de Alcal\u00e1, como es caracter\u00edstico, vuelve a abrir sus puertas a la orientaci\u00f3n acad\u00e9mica y laboral para nuestros j\u00f3venes. La pr\u00f3xima semana, durante los d\u00edas 21, 22 y 23 de febrero celebraremos estas jornadas de orientaci\u00f3n con diversos actos, muestras y participaciones de colaboradores muy especiales, con el \u00fanico objetivo de ofrecer a nuestros alumnos una orientaci\u00f3n \u00fatil y de provecho para su futuro.<\/p>\n<p>Durante la primera jornada, el 21 de febrero, tendr\u00e1 lugar una ponencia del doctor D. Miguel \u00c1ngel Colmenero, actual gerente del Hospital Universitario <em>Virgen Macarena<\/em>, una important\u00edsima oportunidad para que nuestros alumnos conozcan de primera mano la vocaci\u00f3n de servicio y dedicaci\u00f3n a la ciencia. Adem\u00e1s, nuestras casas hermanas de Utrera, Mor\u00f3n, Trinidad y Triana, presentar\u00e1n a los alumnos sus propuestas educativas-pastorales, con la mirada puesta en el futuro educativo de todos. Cabe destacar que, adem\u00e1s de presencial para nuestros alumnos, esta ponencia ser\u00e1 retransmitida en directo a trav\u00e9s de nuestro canal de Youtube.<\/p>\n<p>Por otro lado, a lo largo del d\u00eda 22 de febrero se celebrar\u00e1 en el patio de Mar\u00eda Auxiliadora, una vez m\u00e1s, la feria educativa, en la que participar\u00e1n centros de estudio privados y concertados de la provincia de Sevilla. Contaremos tambi\u00e9n con la magn\u00edfica colaboraci\u00f3n del Cuerpo Nacional de Polic\u00eda, con el que tenemos una estrecha relaci\u00f3n en el \u00e1mbito escolar. Tras la finalizaci\u00f3n de la feria educativa de orientaci\u00f3n, los institutos p\u00fablicos de nuestra ciudad participar\u00e1n de forma online en la explicaci\u00f3n de sus proyectos educativos a nuestros alumnos.<\/p>\n<p>Finalmente, el d\u00eda 23 de febrero, concluyen estas jornadas de orientaci\u00f3n con una sesi\u00f3n informativa conjunta con las familias y el alumnado de nuestro centro educativo. Culminar\u00e1n as\u00ed momentos formativos e informativos decisivos para nuestro alumnado, contando con el apoyo de las familias, como pilar fundamental de apoyo decisivo para el futuro de los j\u00f3venes que, en un futuro no muy lejano, emprender\u00e1n un gran camino de formaci\u00f3n tras su paso por nuestro centro.<\/p>\n<p>&nbsp;<\/p>\n<p><strong>\u00a0<\/strong><\/p>\n<p>[\/et_pb_text][\/et_pb_column][\/et_pb_row][\/et_pb_section]<\/p>\n","protected":false},"excerpt":{"rendered":"<p>La pr\u00f3xima semana, durante los d\u00edas 21, 22 y 23 de febrero celebraremos estas jornadas de orientaci\u00f3n con diversos actos, muestras y participaciones de colaboradores muy especiales.<\/p>\n","protected":false},"author":2,"featured_media":0,"comment_status":"closed","ping_status":"open","sticky":false,"template":"","format":"standard","meta":{"_et_pb_use_builder":"on","_et_pb_old_content":"","_et_gb_content_width":"","footnotes":""},"categories":[12,23,13,14,15,16,1],"tags":[],"class_list":["post-14564","post","type-post","status-publish","format-standard","hentry","category-colegio","category-covid","category-fasa","category-pastoral","category-portada","category-secundaria","category-uncategorized"],"yoast_head":"<!-- This site is optimized with the Yoast SEO plugin v28.3 - https:\/\/yoast.com\/product\/yoast-seo-wordpress\/ -->\n<title>VIII Jornadas de Orientaci\u00f3n - Colegio Salesiano Alcal\u00e1<\/title>\n<meta name=\"description\" content=\"La pr\u00f3xima semana, durante los d\u00edas 21, 22 y 23 de febrero celebraremos las, ya tradicionales, jornadas de orientaci\u00f3n educativa en la casa.\" \/>\n<meta name=\"robots\" content=\"index, follow, max-snippet:-1, max-image-preview:large, max-video-preview:-1\" \/>\n<link rel=\"canonical\" href=\"https:\/\/alcala.salesianos.edu\/colegio\/blog\/2022\/02\/18\/jj-orientacion\/\" \/>\n<meta property=\"og:locale\" content=\"es_ES\" \/>\n<meta property=\"og:type\" content=\"article\" \/>\n<meta property=\"og:title\" content=\"VIII Jornadas de Orientaci\u00f3n - Colegio Salesiano Alcal\u00e1\" \/>\n<meta property=\"og:description\" content=\"La pr\u00f3xima semana, durante los d\u00edas 21, 22 y 23 de febrero celebraremos las, ya tradicionales, jornadas de orientaci\u00f3n educativa en la casa.\" \/>\n<meta property=\"og:url\" content=\"https:\/\/alcala.salesianos.edu\/colegio\/blog\/2022\/02\/18\/jj-orientacion\/\" \/>\n<meta property=\"og:site_name\" content=\"Colegio Salesiano Alcal\u00e1\" \/>\n<meta property=\"article:published_time\" content=\"2022-02-18T08:18:49+00:00\" \/>\n<meta property=\"article:modified_time\" content=\"2025-08-27T07:49:22+00:00\" \/>\n<meta name=\"author\" content=\"Administrador Web\" \/>\n<meta name=\"twitter:card\" content=\"summary_large_image\" \/>\n<meta name=\"twitter:label1\" content=\"Escrito por\" \/>\n\t<meta name=\"twitter:data1\" content=\"Administrador Web\" \/>\n\t<meta name=\"twitter:label2\" content=\"Tiempo de lectura\" \/>\n\t<meta name=\"twitter:data2\" content=\"2 minutos\" \/>\n<script type=\"application\/ld+json\" class=\"yoast-schema-graph\">{\"@context\":\"https:\\\/\\\/schema.org\",\"@graph\":[{\"@type\":\"Article\",\"@id\":\"https:\\\/\\\/alcala.salesianos.edu\\\/colegio\\\/blog\\\/2022\\\/02\\\/18\\\/jj-orientacion\\\/#article\",\"isPartOf\":{\"@id\":\"https:\\\/\\\/alcala.salesianos.edu\\\/colegio\\\/blog\\\/2022\\\/02\\\/18\\\/jj-orientacion\\\/\"},\"author\":{\"name\":\"Administrador Web\",\"@id\":\"https:\\\/\\\/alcala.salesianos.edu\\\/colegio\\\/#\\\/schema\\\/person\\\/afcc24f776dc91fc2bf9afb0998fca77\"},\"headline\":\"VIII Jornadas de Orientaci\u00f3n\",\"datePublished\":\"2022-02-18T08:18:49+00:00\",\"dateModified\":\"2025-08-27T07:49:22+00:00\",\"mainEntityOfPage\":{\"@id\":\"https:\\\/\\\/alcala.salesianos.edu\\\/colegio\\\/blog\\\/2022\\\/02\\\/18\\\/jj-orientacion\\\/\"},\"wordCount\":443,\"articleSection\":[\"Colegio\",\"covid\",\"FASA\",\"Pastoral\",\"Portada\",\"Secundaria\",\"Uncategorized\"],\"inLanguage\":\"es\"},{\"@type\":\"WebPage\",\"@id\":\"https:\\\/\\\/alcala.salesianos.edu\\\/colegio\\\/blog\\\/2022\\\/02\\\/18\\\/jj-orientacion\\\/\",\"url\":\"https:\\\/\\\/alcala.salesianos.edu\\\/colegio\\\/blog\\\/2022\\\/02\\\/18\\\/jj-orientacion\\\/\",\"name\":\"VIII Jornadas de Orientaci\u00f3n - Colegio Salesiano Alcal\u00e1\",\"isPartOf\":{\"@id\":\"https:\\\/\\\/alcala.salesianos.edu\\\/colegio\\\/#website\"},\"datePublished\":\"2022-02-18T08:18:49+00:00\",\"dateModified\":\"2025-08-27T07:49:22+00:00\",\"author\":{\"@id\":\"https:\\\/\\\/alcala.salesianos.edu\\\/colegio\\\/#\\\/schema\\\/person\\\/afcc24f776dc91fc2bf9afb0998fca77\"},\"description\":\"La pr\u00f3xima semana, durante los d\u00edas 21, 22 y 23 de febrero celebraremos las, ya tradicionales, jornadas de orientaci\u00f3n educativa en la casa.\",\"breadcrumb\":{\"@id\":\"https:\\\/\\\/alcala.salesianos.edu\\\/colegio\\\/blog\\\/2022\\\/02\\\/18\\\/jj-orientacion\\\/#breadcrumb\"},\"inLanguage\":\"es\",\"potentialAction\":[{\"@type\":\"ReadAction\",\"target\":[\"https:\\\/\\\/alcala.salesianos.edu\\\/colegio\\\/blog\\\/2022\\\/02\\\/18\\\/jj-orientacion\\\/\"]}]},{\"@type\":\"BreadcrumbList\",\"@id\":\"https:\\\/\\\/alcala.salesianos.edu\\\/colegio\\\/blog\\\/2022\\\/02\\\/18\\\/jj-orientacion\\\/#breadcrumb\",\"itemListElement\":[{\"@type\":\"ListItem\",\"position\":1,\"name\":\"Portada\",\"item\":\"https:\\\/\\\/alcala.salesianos.edu\\\/colegio\\\/\"},{\"@type\":\"ListItem\",\"position\":2,\"name\":\"VIII Jornadas de Orientaci\u00f3n\"}]},{\"@type\":\"WebSite\",\"@id\":\"https:\\\/\\\/alcala.salesianos.edu\\\/colegio\\\/#website\",\"url\":\"https:\\\/\\\/alcala.salesianos.edu\\\/colegio\\\/\",\"name\":\"Colegio Salesiano Alcal\u00e1\",\"description\":\"P\u00e1gina oficial de Salesianos Alcal\u00e1 de Guadaira\",\"potentialAction\":[{\"@type\":\"SearchAction\",\"target\":{\"@type\":\"EntryPoint\",\"urlTemplate\":\"https:\\\/\\\/alcala.salesianos.edu\\\/colegio\\\/?s={search_term_string}\"},\"query-input\":{\"@type\":\"PropertyValueSpecification\",\"valueRequired\":true,\"valueName\":\"search_term_string\"}}],\"inLanguage\":\"es\"},{\"@type\":\"Person\",\"@id\":\"https:\\\/\\\/alcala.salesianos.edu\\\/colegio\\\/#\\\/schema\\\/person\\\/afcc24f776dc91fc2bf9afb0998fca77\",\"name\":\"Administrador Web\",\"image\":{\"@type\":\"ImageObject\",\"inLanguage\":\"es\",\"@id\":\"https:\\\/\\\/secure.gravatar.com\\\/avatar\\\/bc157e994689bd6da9645c00aa3bc4d55b727915b6652642660db0aef086585f?s=96&d=mm&r=g\",\"url\":\"https:\\\/\\\/secure.gravatar.com\\\/avatar\\\/bc157e994689bd6da9645c00aa3bc4d55b727915b6652642660db0aef086585f?s=96&d=mm&r=g\",\"contentUrl\":\"https:\\\/\\\/secure.gravatar.com\\\/avatar\\\/bc157e994689bd6da9645c00aa3bc4d55b727915b6652642660db0aef086585f?s=96&d=mm&r=g\",\"caption\":\"Administrador Web\"}}]}<\/script>\n<!-- \/ Yoast SEO plugin. -->","yoast_head_json":{"title":"VIII Jornadas de Orientaci\u00f3n - Colegio Salesiano Alcal\u00e1","description":"La pr\u00f3xima semana, durante los d\u00edas 21, 22 y 23 de febrero celebraremos las, ya tradicionales, jornadas de orientaci\u00f3n educativa en la casa.","robots":{"index":"index","follow":"follow","max-snippet":"max-snippet:-1","max-image-preview":"max-image-preview:large","max-video-preview":"max-video-preview:-1"},"canonical":"https:\/\/alcala.salesianos.edu\/colegio\/blog\/2022\/02\/18\/jj-orientacion\/","og_locale":"es_ES","og_type":"article","og_title":"VIII Jornadas de Orientaci\u00f3n - Colegio Salesiano Alcal\u00e1","og_description":"La pr\u00f3xima semana, durante los d\u00edas 21, 22 y 23 de febrero celebraremos las, ya tradicionales, jornadas de orientaci\u00f3n educativa en la casa.","og_url":"https:\/\/alcala.salesianos.edu\/colegio\/blog\/2022\/02\/18\/jj-orientacion\/","og_site_name":"Colegio Salesiano Alcal\u00e1","article_published_time":"2022-02-18T08:18:49+00:00","article_modified_time":"2025-08-27T07:49:22+00:00","author":"Administrador Web","twitter_card":"summary_large_image","twitter_misc":{"Escrito por":"Administrador Web","Tiempo de lectura":"2 minutos"},"schema":{"@context":"https:\/\/schema.org","@graph":[{"@type":"Article","@id":"https:\/\/alcala.salesianos.edu\/colegio\/blog\/2022\/02\/18\/jj-orientacion\/#article","isPartOf":{"@id":"https:\/\/alcala.salesianos.edu\/colegio\/blog\/2022\/02\/18\/jj-orientacion\/"},"author":{"name":"Administrador Web","@id":"https:\/\/alcala.salesianos.edu\/colegio\/#\/schema\/person\/afcc24f776dc91fc2bf9afb0998fca77"},"headline":"VIII Jornadas de Orientaci\u00f3n","datePublished":"2022-02-18T08:18:49+00:00","dateModified":"2025-08-27T07:49:22+00:00","mainEntityOfPage":{"@id":"https:\/\/alcala.salesianos.edu\/colegio\/blog\/2022\/02\/18\/jj-orientacion\/"},"wordCount":443,"articleSection":["Colegio","covid","FASA","Pastoral","Portada","Secundaria","Uncategorized"],"inLanguage":"es"},{"@type":"WebPage","@id":"https:\/\/alcala.salesianos.edu\/colegio\/blog\/2022\/02\/18\/jj-orientacion\/","url":"https:\/\/alcala.salesianos.edu\/colegio\/blog\/2022\/02\/18\/jj-orientacion\/","name":"VIII Jornadas de Orientaci\u00f3n - Colegio Salesiano Alcal\u00e1","isPartOf":{"@id":"https:\/\/alcala.salesianos.edu\/colegio\/#website"},"datePublished":"2022-02-18T08:18:49+00:00","dateModified":"2025-08-27T07:49:22+00:00","author":{"@id":"https:\/\/alcala.salesianos.edu\/colegio\/#\/schema\/person\/afcc24f776dc91fc2bf9afb0998fca77"},"description":"La pr\u00f3xima semana, durante los d\u00edas 21, 22 y 23 de febrero celebraremos las, ya tradicionales, jornadas de orientaci\u00f3n educativa en la casa.","breadcrumb":{"@id":"https:\/\/alcala.salesianos.edu\/colegio\/blog\/2022\/02\/18\/jj-orientacion\/#breadcrumb"},"inLanguage":"es","potentialAction":[{"@type":"ReadAction","target":["https:\/\/alcala.salesianos.edu\/colegio\/blog\/2022\/02\/18\/jj-orientacion\/"]}]},{"@type":"BreadcrumbList","@id":"https:\/\/alcala.salesianos.edu\/colegio\/blog\/2022\/02\/18\/jj-orientacion\/#breadcrumb","itemListElement":[{"@type":"ListItem","position":1,"name":"Portada","item":"https:\/\/alcala.salesianos.edu\/colegio\/"},{"@type":"ListItem","position":2,"name":"VIII Jornadas de Orientaci\u00f3n"}]},{"@type":"WebSite","@id":"https:\/\/alcala.salesianos.edu\/colegio\/#website","url":"https:\/\/alcala.salesianos.edu\/colegio\/","name":"Colegio Salesiano Alcal\u00e1","description":"P\u00e1gina oficial de Salesianos Alcal\u00e1 de Guadaira","potentialAction":[{"@type":"SearchAction","target":{"@type":"EntryPoint","urlTemplate":"https:\/\/alcala.salesianos.edu\/colegio\/?s={search_term_string}"},"query-input":{"@type":"PropertyValueSpecification","valueRequired":true,"valueName":"search_term_string"}}],"inLanguage":"es"},{"@type":"Person","@id":"https:\/\/alcala.salesianos.edu\/colegio\/#\/schema\/person\/afcc24f776dc91fc2bf9afb0998fca77","name":"Administrador Web","image":{"@type":"ImageObject","inLanguage":"es","@id":"https:\/\/secure.gravatar.com\/avatar\/bc157e994689bd6da9645c00aa3bc4d55b727915b6652642660db0aef086585f?s=96&d=mm&r=g","url":"https:\/\/secure.gravatar.com\/avatar\/bc157e994689bd6da9645c00aa3bc4d55b727915b6652642660db0aef086585f?s=96&d=mm&r=g","contentUrl":"https:\/\/secure.gravatar.com\/avatar\/bc157e994689bd6da9645c00aa3bc4d55b727915b6652642660db0aef086585f?s=96&d=mm&r=g","caption":"Administrador Web"}}]}},"_links":{"self":[{"href":"https:\/\/alcala.salesianos.edu\/colegio\/wp-json\/wp\/v2\/posts\/14564","targetHints":{"allow":["GET"]}}],"collection":[{"href":"https:\/\/alcala.salesianos.edu\/colegio\/wp-json\/wp\/v2\/posts"}],"about":[{"href":"https:\/\/alcala.salesianos.edu\/colegio\/wp-json\/wp\/v2\/types\/post"}],"author":[{"embeddable":true,"href":"https:\/\/alcala.salesianos.edu\/colegio\/wp-json\/wp\/v2\/users\/2"}],"replies":[{"embeddable":true,"href":"https:\/\/alcala.salesianos.edu\/colegio\/wp-json\/wp\/v2\/comments?post=14564"}],"version-history":[{"count":1,"href":"https:\/\/alcala.salesianos.edu\/colegio\/wp-json\/wp\/v2\/posts\/14564\/revisions"}],"predecessor-version":[{"id":16667,"href":"https:\/\/alcala.salesianos.edu\/colegio\/wp-json\/wp\/v2\/posts\/14564\/revisions\/16667"}],"wp:attachment":[{"href":"https:\/\/alcala.salesianos.edu\/colegio\/wp-json\/wp\/v2\/media?parent=14564"}],"wp:term":[{"taxonomy":"category","embeddable":true,"href":"https:\/\/alcala.salesianos.edu\/colegio\/wp-json\/wp\/v2\/categories?post=14564"},{"taxonomy":"post_tag","embeddable":true,"href":"https:\/\/alcala.salesianos.edu\/colegio\/wp-json\/wp\/v2\/tags?post=14564"}],"curies":[{"name":"wp","href":"https:\/\/api.w.org\/{rel}","templated":true}]}}