{"id":14550,"date":"2022-02-13T18:04:17","date_gmt":"2022-02-13T17:04:17","guid":{"rendered":"https:\/\/alcala.salesianos.edu\/colegio\/blog\/2022\/02\/13\/puertas-abiertas\/"},"modified":"2025-08-27T08:49:24","modified_gmt":"2025-08-27T07:49:24","slug":"puertas-abiertas","status":"publish","type":"post","link":"https:\/\/alcala.salesianos.edu\/colegio\/blog\/2022\/02\/13\/puertas-abiertas\/","title":{"rendered":"Jornadas de Puertas Abiertas"},"content":{"rendered":"<div id=\"fb-root\"><\/div>\n<p>[et_pb_section fb_built=\u00bb1&#8243; admin_label=\u00bbsection\u00bb _builder_version=\u00bb3.22&#8243; global_colors_info=\u00bb{}\u00bb theme_builder_area=\u00bbpost_content\u00bb][et_pb_row admin_label=\u00bbrow\u00bb _builder_version=\u00bb3.25&#8243; background_size=\u00bbinitial\u00bb background_position=\u00bbtop_left\u00bb background_repeat=\u00bbrepeat\u00bb global_colors_info=\u00bb{}\u00bb theme_builder_area=\u00bbpost_content\u00bb][et_pb_column type=\u00bb4_4&#8243; _builder_version=\u00bb3.25&#8243; custom_padding=\u00bb|||\u00bb global_colors_info=\u00bb{}\u00bb custom_padding__hover=\u00bb|||\u00bb theme_builder_area=\u00bbpost_content\u00bb][et_pb_text _builder_version=\u00bb4.14.7&#8243; _module_preset=\u00bbdefault\u00bb global_colors_info=\u00bb{}\u00bb theme_builder_area=\u00bbpost_content\u00bb]<\/p>\n<p><strong>Jornada de Puertas Abiertas<\/strong><\/p>\n<p><strong>22 de febrero, 18:00h<\/strong><\/p>\n<p>Vuelven las jornadas de puertas abiertas en el colegio el pr\u00f3ximo 22 de febrero a las 18:00h de la tarde, la casa salesiana de Alcal\u00e1 de Guada\u00edra abrir\u00e1 sus puertas a todos los miembros de la comunidad educativa-pastoral.<\/p>\n<p>Con el objetivo de hacer de esta instituci\u00f3n una casa de puertas abiertas, siguiendo los pasos de Don Bosco, volvemos con esta magn\u00edfica iniciativa que cada a\u00f1o renueva el buen ambiente y sinton\u00eda de toda la familia salesiana. Siempre nos ha movido la esperanza de que remitiera la situaci\u00f3n sanitaria en la que seguimos envueltos desde su inicio, a\u00fan as\u00ed, gracias al trabajo y esfuerzo de todos los miembros de la casa, vuelven estas jornadas en formato presencial, con una especial acogida en el patio de Mar\u00eda Auxiliadora.<\/p>\n<p>El acto comenzar\u00e1 con la bienvenida en la que nuestros directores, como es de costumbre, saludar\u00e1n a todas las familias como principales protagonistas de lo que, d\u00eda a d\u00eda, en el colegio se trabaja.<\/p>\n<p>Posteriormente, el director de centro explicar\u00e1 el proyecto pedag\u00f3gico, programa fundamental de funcionamiento en el colegio, siempre sostenido sobre las importantes y \u00fatiles ense\u00f1anzas de nuestro maestro, Don Bosco.<\/p>\n<p>Tras la reproducci\u00f3n de un v\u00eddeo informativo sobre la casa, se informar\u00e1 desde Administraci\u00f3n sobre los servicios que el colegio pone a disposici\u00f3n cada d\u00eda para un buen desarrollo integral de nuestros alumnos, servicios fundamentales que solo se mantienen a trav\u00e9s del trabajo, cuidado y respeto de todos.<\/p>\n<p>Por \u00faltimo, la jefatura de estudios de Educaci\u00f3n Infantil informar\u00e1 sobre ciertas especificaciones necesarias a tener en cuenta para esta etapa. Tras estos mensajes en el patio de Mar\u00eda Auxiliadora, procederemos a caminar por nuestras instalaciones, para conocerlas mejor y ver el lugar de trabajo diario y desarrollo de los alumnos.<\/p>\n<p>Se informa a todos los interesados en participar que no es necesario solicitar una cita previa para asistir en ninguna de las tardes programadas, os esperamos a todos.<\/p>\n<p>[\/et_pb_text][\/et_pb_column][\/et_pb_row][\/et_pb_section]<\/p>\n","protected":false},"excerpt":{"rendered":"<p>Vuelven las jornadas de puertas abiertas en el colegio, los d\u00edas 14 y 22 de febrero a las 18:00h de la tarde, en el patio de Mar\u00eda Auxiliadora, la casa abrir\u00e1 sus puertas a todos los miembros de la Comunidad Educativo-Pastoral.<\/p>\n","protected":false},"author":2,"featured_media":14551,"comment_status":"closed","ping_status":"open","sticky":false,"template":"","format":"standard","meta":{"_et_pb_use_builder":"on","_et_pb_old_content":"","_et_gb_content_width":"","footnotes":""},"categories":[12,23,19,13,17,14,15,18,16,1],"tags":[],"class_list":["post-14550","post","type-post","status-publish","format-standard","has-post-thumbnail","hentry","category-colegio","category-covid","category-escuela-abierta","category-fasa","category-infantil","category-pastoral","category-portada","category-primaria","category-secundaria","category-uncategorized"],"yoast_head":"<!-- This site is optimized with the Yoast SEO plugin v28.4 - https:\/\/yoast.com\/product\/yoast-seo-wordpress\/ -->\n<title>Jornadas de Puertas Abiertas - Colegio Salesiano Alcal\u00e1<\/title>\n<meta name=\"description\" content=\"Vuelven las jornadas de puertas abiertas en el colegio el pr\u00f3ximo 22 de febrero a las 18:00h de la tarde, patio de Mar\u00eda Auxiliadora.\" \/>\n<meta name=\"robots\" content=\"index, follow, max-snippet:-1, max-image-preview:large, max-video-preview:-1\" \/>\n<link rel=\"canonical\" href=\"https:\/\/alcala.salesianos.edu\/colegio\/blog\/2022\/02\/13\/puertas-abiertas\/\" \/>\n<meta property=\"og:locale\" content=\"es_ES\" \/>\n<meta property=\"og:type\" content=\"article\" \/>\n<meta property=\"og:title\" content=\"Jornadas de Puertas Abiertas - Colegio Salesiano Alcal\u00e1\" \/>\n<meta property=\"og:description\" content=\"Vuelven las jornadas de puertas abiertas en el colegio el pr\u00f3ximo 22 de febrero a las 18:00h de la tarde, patio de Mar\u00eda Auxiliadora.\" \/>\n<meta property=\"og:url\" content=\"https:\/\/alcala.salesianos.edu\/colegio\/blog\/2022\/02\/13\/puertas-abiertas\/\" \/>\n<meta property=\"og:site_name\" content=\"Colegio Salesiano Alcal\u00e1\" \/>\n<meta property=\"article:published_time\" content=\"2022-02-13T17:04:17+00:00\" \/>\n<meta property=\"article:modified_time\" content=\"2025-08-27T07:49:24+00:00\" \/>\n<meta property=\"og:image\" content=\"https:\/\/alcala.salesianos.edu\/colegio\/wp-content\/uploads\/sites\/2\/2022\/02\/Cartel_page-0001.jpg\" \/>\n\t<meta property=\"og:image:width\" content=\"1241\" \/>\n\t<meta property=\"og:image:height\" content=\"1754\" \/>\n\t<meta property=\"og:image:type\" content=\"image\/jpeg\" \/>\n<meta name=\"author\" content=\"Administrador Web\" \/>\n<meta name=\"twitter:card\" content=\"summary_large_image\" \/>\n<meta name=\"twitter:label1\" content=\"Escrito por\" \/>\n\t<meta name=\"twitter:data1\" content=\"Administrador Web\" \/>\n\t<meta name=\"twitter:label2\" content=\"Tiempo de lectura\" \/>\n\t<meta name=\"twitter:data2\" content=\"2 minutos\" \/>\n<script type=\"application\/ld+json\" class=\"yoast-schema-graph\">{\"@context\":\"https:\\\/\\\/schema.org\",\"@graph\":[{\"@type\":\"Article\",\"@id\":\"https:\\\/\\\/alcala.salesianos.edu\\\/colegio\\\/blog\\\/2022\\\/02\\\/13\\\/puertas-abiertas\\\/#article\",\"isPartOf\":{\"@id\":\"https:\\\/\\\/alcala.salesianos.edu\\\/colegio\\\/blog\\\/2022\\\/02\\\/13\\\/puertas-abiertas\\\/\"},\"author\":{\"name\":\"Administrador Web\",\"@id\":\"https:\\\/\\\/alcala.salesianos.edu\\\/colegio\\\/#\\\/schema\\\/person\\\/afcc24f776dc91fc2bf9afb0998fca77\"},\"headline\":\"Jornadas de Puertas Abiertas\",\"datePublished\":\"2022-02-13T17:04:17+00:00\",\"dateModified\":\"2025-08-27T07:49:24+00:00\",\"mainEntityOfPage\":{\"@id\":\"https:\\\/\\\/alcala.salesianos.edu\\\/colegio\\\/blog\\\/2022\\\/02\\\/13\\\/puertas-abiertas\\\/\"},\"wordCount\":439,\"image\":{\"@id\":\"https:\\\/\\\/alcala.salesianos.edu\\\/colegio\\\/blog\\\/2022\\\/02\\\/13\\\/puertas-abiertas\\\/#primaryimage\"},\"thumbnailUrl\":\"https:\\\/\\\/alcala.salesianos.edu\\\/colegio\\\/wp-content\\\/uploads\\\/sites\\\/2\\\/2022\\\/02\\\/Cartel_page-0001.jpg\",\"articleSection\":[\"Colegio\",\"covid\",\"Escuela abierta\",\"FASA\",\"Infantil\",\"Pastoral\",\"Portada\",\"Primaria\",\"Secundaria\",\"Uncategorized\"],\"inLanguage\":\"es\"},{\"@type\":\"WebPage\",\"@id\":\"https:\\\/\\\/alcala.salesianos.edu\\\/colegio\\\/blog\\\/2022\\\/02\\\/13\\\/puertas-abiertas\\\/\",\"url\":\"https:\\\/\\\/alcala.salesianos.edu\\\/colegio\\\/blog\\\/2022\\\/02\\\/13\\\/puertas-abiertas\\\/\",\"name\":\"Jornadas de Puertas Abiertas - Colegio Salesiano Alcal\u00e1\",\"isPartOf\":{\"@id\":\"https:\\\/\\\/alcala.salesianos.edu\\\/colegio\\\/#website\"},\"primaryImageOfPage\":{\"@id\":\"https:\\\/\\\/alcala.salesianos.edu\\\/colegio\\\/blog\\\/2022\\\/02\\\/13\\\/puertas-abiertas\\\/#primaryimage\"},\"image\":{\"@id\":\"https:\\\/\\\/alcala.salesianos.edu\\\/colegio\\\/blog\\\/2022\\\/02\\\/13\\\/puertas-abiertas\\\/#primaryimage\"},\"thumbnailUrl\":\"https:\\\/\\\/alcala.salesianos.edu\\\/colegio\\\/wp-content\\\/uploads\\\/sites\\\/2\\\/2022\\\/02\\\/Cartel_page-0001.jpg\",\"datePublished\":\"2022-02-13T17:04:17+00:00\",\"dateModified\":\"2025-08-27T07:49:24+00:00\",\"author\":{\"@id\":\"https:\\\/\\\/alcala.salesianos.edu\\\/colegio\\\/#\\\/schema\\\/person\\\/afcc24f776dc91fc2bf9afb0998fca77\"},\"description\":\"Vuelven las jornadas de puertas abiertas en el colegio el pr\u00f3ximo 22 de febrero a las 18:00h de la tarde, patio de Mar\u00eda Auxiliadora.\",\"breadcrumb\":{\"@id\":\"https:\\\/\\\/alcala.salesianos.edu\\\/colegio\\\/blog\\\/2022\\\/02\\\/13\\\/puertas-abiertas\\\/#breadcrumb\"},\"inLanguage\":\"es\",\"potentialAction\":[{\"@type\":\"ReadAction\",\"target\":[\"https:\\\/\\\/alcala.salesianos.edu\\\/colegio\\\/blog\\\/2022\\\/02\\\/13\\\/puertas-abiertas\\\/\"]}]},{\"@type\":\"ImageObject\",\"inLanguage\":\"es\",\"@id\":\"https:\\\/\\\/alcala.salesianos.edu\\\/colegio\\\/blog\\\/2022\\\/02\\\/13\\\/puertas-abiertas\\\/#primaryimage\",\"url\":\"https:\\\/\\\/alcala.salesianos.edu\\\/colegio\\\/wp-content\\\/uploads\\\/sites\\\/2\\\/2022\\\/02\\\/Cartel_page-0001.jpg\",\"contentUrl\":\"https:\\\/\\\/alcala.salesianos.edu\\\/colegio\\\/wp-content\\\/uploads\\\/sites\\\/2\\\/2022\\\/02\\\/Cartel_page-0001.jpg\",\"width\":1241,\"height\":1754},{\"@type\":\"BreadcrumbList\",\"@id\":\"https:\\\/\\\/alcala.salesianos.edu\\\/colegio\\\/blog\\\/2022\\\/02\\\/13\\\/puertas-abiertas\\\/#breadcrumb\",\"itemListElement\":[{\"@type\":\"ListItem\",\"position\":1,\"name\":\"Portada\",\"item\":\"https:\\\/\\\/alcala.salesianos.edu\\\/colegio\\\/\"},{\"@type\":\"ListItem\",\"position\":2,\"name\":\"Jornadas de Puertas Abiertas\"}]},{\"@type\":\"WebSite\",\"@id\":\"https:\\\/\\\/alcala.salesianos.edu\\\/colegio\\\/#website\",\"url\":\"https:\\\/\\\/alcala.salesianos.edu\\\/colegio\\\/\",\"name\":\"Colegio Salesiano Alcal\u00e1\",\"description\":\"P\u00e1gina oficial de Salesianos Alcal\u00e1 de Guadaira\",\"potentialAction\":[{\"@type\":\"SearchAction\",\"target\":{\"@type\":\"EntryPoint\",\"urlTemplate\":\"https:\\\/\\\/alcala.salesianos.edu\\\/colegio\\\/?s={search_term_string}\"},\"query-input\":{\"@type\":\"PropertyValueSpecification\",\"valueRequired\":true,\"valueName\":\"search_term_string\"}}],\"inLanguage\":\"es\"},{\"@type\":\"Person\",\"@id\":\"https:\\\/\\\/alcala.salesianos.edu\\\/colegio\\\/#\\\/schema\\\/person\\\/afcc24f776dc91fc2bf9afb0998fca77\",\"name\":\"Administrador Web\",\"image\":{\"@type\":\"ImageObject\",\"inLanguage\":\"es\",\"@id\":\"https:\\\/\\\/secure.gravatar.com\\\/avatar\\\/bc157e994689bd6da9645c00aa3bc4d55b727915b6652642660db0aef086585f?s=96&d=mm&r=g\",\"url\":\"https:\\\/\\\/secure.gravatar.com\\\/avatar\\\/bc157e994689bd6da9645c00aa3bc4d55b727915b6652642660db0aef086585f?s=96&d=mm&r=g\",\"contentUrl\":\"https:\\\/\\\/secure.gravatar.com\\\/avatar\\\/bc157e994689bd6da9645c00aa3bc4d55b727915b6652642660db0aef086585f?s=96&d=mm&r=g\",\"caption\":\"Administrador Web\"}}]}<\/script>\n<!-- \/ Yoast SEO plugin. -->","yoast_head_json":{"title":"Jornadas de Puertas Abiertas - Colegio Salesiano Alcal\u00e1","description":"Vuelven las jornadas de puertas abiertas en el colegio el pr\u00f3ximo 22 de febrero a las 18:00h de la tarde, patio de Mar\u00eda Auxiliadora.","robots":{"index":"index","follow":"follow","max-snippet":"max-snippet:-1","max-image-preview":"max-image-preview:large","max-video-preview":"max-video-preview:-1"},"canonical":"https:\/\/alcala.salesianos.edu\/colegio\/blog\/2022\/02\/13\/puertas-abiertas\/","og_locale":"es_ES","og_type":"article","og_title":"Jornadas de Puertas Abiertas - Colegio Salesiano Alcal\u00e1","og_description":"Vuelven las jornadas de puertas abiertas en el colegio el pr\u00f3ximo 22 de febrero a las 18:00h de la tarde, patio de Mar\u00eda Auxiliadora.","og_url":"https:\/\/alcala.salesianos.edu\/colegio\/blog\/2022\/02\/13\/puertas-abiertas\/","og_site_name":"Colegio Salesiano Alcal\u00e1","article_published_time":"2022-02-13T17:04:17+00:00","article_modified_time":"2025-08-27T07:49:24+00:00","og_image":[{"width":1241,"height":1754,"url":"https:\/\/alcala.salesianos.edu\/colegio\/wp-content\/uploads\/sites\/2\/2022\/02\/Cartel_page-0001.jpg","type":"image\/jpeg"}],"author":"Administrador Web","twitter_card":"summary_large_image","twitter_misc":{"Escrito por":"Administrador Web","Tiempo de lectura":"2 minutos"},"schema":{"@context":"https:\/\/schema.org","@graph":[{"@type":"Article","@id":"https:\/\/alcala.salesianos.edu\/colegio\/blog\/2022\/02\/13\/puertas-abiertas\/#article","isPartOf":{"@id":"https:\/\/alcala.salesianos.edu\/colegio\/blog\/2022\/02\/13\/puertas-abiertas\/"},"author":{"name":"Administrador Web","@id":"https:\/\/alcala.salesianos.edu\/colegio\/#\/schema\/person\/afcc24f776dc91fc2bf9afb0998fca77"},"headline":"Jornadas de Puertas Abiertas","datePublished":"2022-02-13T17:04:17+00:00","dateModified":"2025-08-27T07:49:24+00:00","mainEntityOfPage":{"@id":"https:\/\/alcala.salesianos.edu\/colegio\/blog\/2022\/02\/13\/puertas-abiertas\/"},"wordCount":439,"image":{"@id":"https:\/\/alcala.salesianos.edu\/colegio\/blog\/2022\/02\/13\/puertas-abiertas\/#primaryimage"},"thumbnailUrl":"https:\/\/alcala.salesianos.edu\/colegio\/wp-content\/uploads\/sites\/2\/2022\/02\/Cartel_page-0001.jpg","articleSection":["Colegio","covid","Escuela abierta","FASA","Infantil","Pastoral","Portada","Primaria","Secundaria","Uncategorized"],"inLanguage":"es"},{"@type":"WebPage","@id":"https:\/\/alcala.salesianos.edu\/colegio\/blog\/2022\/02\/13\/puertas-abiertas\/","url":"https:\/\/alcala.salesianos.edu\/colegio\/blog\/2022\/02\/13\/puertas-abiertas\/","name":"Jornadas de Puertas Abiertas - Colegio Salesiano Alcal\u00e1","isPartOf":{"@id":"https:\/\/alcala.salesianos.edu\/colegio\/#website"},"primaryImageOfPage":{"@id":"https:\/\/alcala.salesianos.edu\/colegio\/blog\/2022\/02\/13\/puertas-abiertas\/#primaryimage"},"image":{"@id":"https:\/\/alcala.salesianos.edu\/colegio\/blog\/2022\/02\/13\/puertas-abiertas\/#primaryimage"},"thumbnailUrl":"https:\/\/alcala.salesianos.edu\/colegio\/wp-content\/uploads\/sites\/2\/2022\/02\/Cartel_page-0001.jpg","datePublished":"2022-02-13T17:04:17+00:00","dateModified":"2025-08-27T07:49:24+00:00","author":{"@id":"https:\/\/alcala.salesianos.edu\/colegio\/#\/schema\/person\/afcc24f776dc91fc2bf9afb0998fca77"},"description":"Vuelven las jornadas de puertas abiertas en el colegio el pr\u00f3ximo 22 de febrero a las 18:00h de la tarde, patio de Mar\u00eda Auxiliadora.","breadcrumb":{"@id":"https:\/\/alcala.salesianos.edu\/colegio\/blog\/2022\/02\/13\/puertas-abiertas\/#breadcrumb"},"inLanguage":"es","potentialAction":[{"@type":"ReadAction","target":["https:\/\/alcala.salesianos.edu\/colegio\/blog\/2022\/02\/13\/puertas-abiertas\/"]}]},{"@type":"ImageObject","inLanguage":"es","@id":"https:\/\/alcala.salesianos.edu\/colegio\/blog\/2022\/02\/13\/puertas-abiertas\/#primaryimage","url":"https:\/\/alcala.salesianos.edu\/colegio\/wp-content\/uploads\/sites\/2\/2022\/02\/Cartel_page-0001.jpg","contentUrl":"https:\/\/alcala.salesianos.edu\/colegio\/wp-content\/uploads\/sites\/2\/2022\/02\/Cartel_page-0001.jpg","width":1241,"height":1754},{"@type":"BreadcrumbList","@id":"https:\/\/alcala.salesianos.edu\/colegio\/blog\/2022\/02\/13\/puertas-abiertas\/#breadcrumb","itemListElement":[{"@type":"ListItem","position":1,"name":"Portada","item":"https:\/\/alcala.salesianos.edu\/colegio\/"},{"@type":"ListItem","position":2,"name":"Jornadas de Puertas Abiertas"}]},{"@type":"WebSite","@id":"https:\/\/alcala.salesianos.edu\/colegio\/#website","url":"https:\/\/alcala.salesianos.edu\/colegio\/","name":"Colegio Salesiano Alcal\u00e1","description":"P\u00e1gina oficial de Salesianos Alcal\u00e1 de Guadaira","potentialAction":[{"@type":"SearchAction","target":{"@type":"EntryPoint","urlTemplate":"https:\/\/alcala.salesianos.edu\/colegio\/?s={search_term_string}"},"query-input":{"@type":"PropertyValueSpecification","valueRequired":true,"valueName":"search_term_string"}}],"inLanguage":"es"},{"@type":"Person","@id":"https:\/\/alcala.salesianos.edu\/colegio\/#\/schema\/person\/afcc24f776dc91fc2bf9afb0998fca77","name":"Administrador Web","image":{"@type":"ImageObject","inLanguage":"es","@id":"https:\/\/secure.gravatar.com\/avatar\/bc157e994689bd6da9645c00aa3bc4d55b727915b6652642660db0aef086585f?s=96&d=mm&r=g","url":"https:\/\/secure.gravatar.com\/avatar\/bc157e994689bd6da9645c00aa3bc4d55b727915b6652642660db0aef086585f?s=96&d=mm&r=g","contentUrl":"https:\/\/secure.gravatar.com\/avatar\/bc157e994689bd6da9645c00aa3bc4d55b727915b6652642660db0aef086585f?s=96&d=mm&r=g","caption":"Administrador Web"}}]}},"_links":{"self":[{"href":"https:\/\/alcala.salesianos.edu\/colegio\/wp-json\/wp\/v2\/posts\/14550","targetHints":{"allow":["GET"]}}],"collection":[{"href":"https:\/\/alcala.salesianos.edu\/colegio\/wp-json\/wp\/v2\/posts"}],"about":[{"href":"https:\/\/alcala.salesianos.edu\/colegio\/wp-json\/wp\/v2\/types\/post"}],"author":[{"embeddable":true,"href":"https:\/\/alcala.salesianos.edu\/colegio\/wp-json\/wp\/v2\/users\/2"}],"replies":[{"embeddable":true,"href":"https:\/\/alcala.salesianos.edu\/colegio\/wp-json\/wp\/v2\/comments?post=14550"}],"version-history":[{"count":2,"href":"https:\/\/alcala.salesianos.edu\/colegio\/wp-json\/wp\/v2\/posts\/14550\/revisions"}],"predecessor-version":[{"id":14563,"href":"https:\/\/alcala.salesianos.edu\/colegio\/wp-json\/wp\/v2\/posts\/14550\/revisions\/14563"}],"wp:featuredmedia":[{"embeddable":true,"href":"https:\/\/alcala.salesianos.edu\/colegio\/wp-json\/wp\/v2\/media\/14551"}],"wp:attachment":[{"href":"https:\/\/alcala.salesianos.edu\/colegio\/wp-json\/wp\/v2\/media?parent=14550"}],"wp:term":[{"taxonomy":"category","embeddable":true,"href":"https:\/\/alcala.salesianos.edu\/colegio\/wp-json\/wp\/v2\/categories?post=14550"},{"taxonomy":"post_tag","embeddable":true,"href":"https:\/\/alcala.salesianos.edu\/colegio\/wp-json\/wp\/v2\/tags?post=14550"}],"curies":[{"name":"wp","href":"https:\/\/api.w.org\/{rel}","templated":true}]}}