{"id":14538,"date":"2022-02-09T08:37:15","date_gmt":"2022-02-09T07:37:15","guid":{"rendered":"https:\/\/alcala.salesianos.edu\/colegio\/blog\/2022\/02\/09\/ep-abn\/"},"modified":"2025-08-27T08:49:26","modified_gmt":"2025-08-27T07:49:26","slug":"ep-abn","status":"publish","type":"post","link":"https:\/\/alcala.salesianos.edu\/colegio\/blog\/2022\/02\/09\/ep-abn\/","title":{"rendered":"Escuela de padres &#8211; Formaci\u00f3n ABN"},"content":{"rendered":"<div id=\"fb-root\"><\/div>\n<p>[et_pb_section fb_built=\u00bb1&#8243; admin_label=\u00bbsection\u00bb _builder_version=\u00bb3.22&#8243; global_colors_info=\u00bb{}\u00bb][et_pb_row admin_label=\u00bbrow\u00bb _builder_version=\u00bb3.25&#8243; background_size=\u00bbinitial\u00bb background_position=\u00bbtop_left\u00bb background_repeat=\u00bbrepeat\u00bb global_colors_info=\u00bb{}\u00bb][et_pb_column type=\u00bb4_4&#8243; _builder_version=\u00bb3.25&#8243; custom_padding=\u00bb|||\u00bb global_colors_info=\u00bb{}\u00bb custom_padding__hover=\u00bb|||\u00bb][et_pb_text _builder_version=\u00bb4.14.7&#8243; _module_preset=\u00bbdefault\u00bb hover_enabled=\u00bb0&#8243; sticky_enabled=\u00bb0&#8243;]<\/p>\n<p class=\"Cuerpo\" style=\"text-align: justify; text-justify: inter-ideograph; line-height: 115%;\"><span lang=\"ES-TRAD\" style=\"font-size: 12.0pt; line-height: 115%; font-family: 'Times New Roman',serif;\">En la tarde de ayer tuvo lugar un momento de formaci\u00f3n matem\u00e1tico en ABN dirigido a madres y padres de nuestros alumnos.<\/span><\/p>\n<p class=\"Cuerpo\" style=\"text-align: justify; text-justify: inter-ideograph; line-height: 115%;\"><span lang=\"ES-TRAD\" style=\"font-size: 12.0pt; line-height: 115%; font-family: 'Times New Roman',serif;\">Durante la formaci\u00f3n, nuestros docentes especialistas en la materia trabajaron los contenidos en ABN que habitualmente se trabaja con los alumnos. De forma que tuvieron la oportunidad de acercar a\u00fan m\u00e1s a las familias al d\u00eda a d\u00eda del centro.<\/span><\/p>\n<p class=\"Cuerpo\" style=\"text-align: justify; text-justify: inter-ideograph; line-height: 115%;\"><span lang=\"ES-TRAD\" style=\"font-size: 12.0pt; line-height: 115%; font-family: 'Times New Roman',serif;\">Sumas y restas con rejillas o el buen uso de la tabla del cien son algunos de los contenidos de primer y segundo ciclo de primaria con los que madres y padres tuvieron la oportunidad de trabajar.<\/span><\/p>\n<p class=\"Cuerpo\" style=\"text-align: justify; text-justify: inter-ideograph; line-height: 115%;\"><span lang=\"ES-TRAD\" style=\"font-size: 12.0pt; line-height: 115%; font-family: 'Times New Roman',serif;\">Todos estos momentos de formaci\u00f3n con las familias son imprescindibles para las buenas pr\u00e1cticas del centro y, sobre todo, para el desarrollo \u00edntegro de nuestro alumnado. Gracias a todos por su participaci\u00f3n.<\/span><\/p>\n<p>[\/et_pb_text][\/et_pb_column][\/et_pb_row][et_pb_row _builder_version=\u00bb4.14.7&#8243; _module_preset=\u00bbdefault\u00bb column_structure=\u00bb1_3,1_3,1_3&#8243;][et_pb_column _builder_version=\u00bb4.14.7&#8243; _module_preset=\u00bbdefault\u00bb type=\u00bb1_3&#8243;][et_pb_image _builder_version=\u00bb4.14.7&#8243; _module_preset=\u00bbdefault\u00bb title_text=\u00bb093665ed-ea5d-48be-98e5-8a1520e01af1&#8243; src=\u00bbhttps:\/\/alcala.salesianos.edu\/wp-content\/uploads\/2022\/02\/093665ed-ea5d-48be-98e5-8a1520e01af1.jpg\u00bb hover_enabled=\u00bb0&#8243; sticky_enabled=\u00bb0&#8243;][\/et_pb_image][\/et_pb_column][et_pb_column _builder_version=\u00bb4.14.7&#8243; _module_preset=\u00bbdefault\u00bb type=\u00bb1_3&#8243;][et_pb_image _builder_version=\u00bb4.14.7&#8243; _module_preset=\u00bbdefault\u00bb title_text=\u00bb5cba2e17-9c26-4fe7-a4bc-11fc2385199d\u00bb src=\u00bbhttps:\/\/alcala.salesianos.edu\/wp-content\/uploads\/2022\/02\/5cba2e17-9c26-4fe7-a4bc-11fc2385199d.jpg\u00bb hover_enabled=\u00bb0&#8243; sticky_enabled=\u00bb0&#8243;][\/et_pb_image][\/et_pb_column][et_pb_column _builder_version=\u00bb4.14.7&#8243; _module_preset=\u00bbdefault\u00bb type=\u00bb1_3&#8243;][et_pb_image _builder_version=\u00bb4.14.7&#8243; _module_preset=\u00bbdefault\u00bb title_text=\u00bb62383b96-d7d0-446b-97ee-b1ce31937a11&#8243; src=\u00bbhttps:\/\/alcala.salesianos.edu\/wp-content\/uploads\/2022\/02\/62383b96-d7d0-446b-97ee-b1ce31937a11.jpg\u00bb hover_enabled=\u00bb0&#8243; sticky_enabled=\u00bb0&#8243;][\/et_pb_image][\/et_pb_column][\/et_pb_row][\/et_pb_section]<\/p>\n","protected":false},"excerpt":{"rendered":"<p>En la tarde de ayer tuvo lugar un momento de formaci\u00f3n matem\u00e1tico en ABN dirigido a madres y padres de nuestros alumnos.<\/p>\n","protected":false},"author":2,"featured_media":0,"comment_status":"closed","ping_status":"open","sticky":false,"template":"","format":"standard","meta":{"_et_pb_use_builder":"on","_et_pb_old_content":"","_et_gb_content_width":"","footnotes":""},"categories":[12,23,19,13,17,14,15,18,16,1],"tags":[],"class_list":["post-14538","post","type-post","status-publish","format-standard","hentry","category-colegio","category-covid","category-escuela-abierta","category-fasa","category-infantil","category-pastoral","category-portada","category-primaria","category-secundaria","category-uncategorized"],"yoast_head":"<!-- This site is optimized with the Yoast SEO plugin v28.3 - https:\/\/yoast.com\/product\/yoast-seo-wordpress\/ -->\n<title>Escuela de padres &#8211; Formaci\u00f3n ABN - Colegio Salesiano Alcal\u00e1<\/title>\n<meta name=\"description\" content=\"En la tarde de ayer tuvo lugar un momento de formaci\u00f3n matem\u00e1tico en ABN dirigido a madres y padres de nuestros alumnos.\" \/>\n<meta name=\"robots\" content=\"index, follow, max-snippet:-1, max-image-preview:large, max-video-preview:-1\" \/>\n<link rel=\"canonical\" href=\"https:\/\/alcala.salesianos.edu\/colegio\/blog\/2022\/02\/09\/ep-abn\/\" \/>\n<meta property=\"og:locale\" content=\"es_ES\" \/>\n<meta property=\"og:type\" content=\"article\" \/>\n<meta property=\"og:title\" content=\"Escuela de padres &#8211; Formaci\u00f3n ABN - Colegio Salesiano Alcal\u00e1\" \/>\n<meta property=\"og:description\" content=\"En la tarde de ayer tuvo lugar un momento de formaci\u00f3n matem\u00e1tico en ABN dirigido a madres y padres de nuestros alumnos.\" \/>\n<meta property=\"og:url\" content=\"https:\/\/alcala.salesianos.edu\/colegio\/blog\/2022\/02\/09\/ep-abn\/\" \/>\n<meta property=\"og:site_name\" content=\"Colegio Salesiano Alcal\u00e1\" \/>\n<meta property=\"article:published_time\" content=\"2022-02-09T07:37:15+00:00\" \/>\n<meta property=\"article:modified_time\" content=\"2025-08-27T07:49:26+00:00\" \/>\n<meta name=\"author\" content=\"Administrador Web\" \/>\n<meta name=\"twitter:card\" content=\"summary_large_image\" \/>\n<meta name=\"twitter:label1\" content=\"Escrito por\" \/>\n\t<meta name=\"twitter:data1\" content=\"Administrador Web\" \/>\n\t<meta name=\"twitter:label2\" content=\"Tiempo de lectura\" \/>\n\t<meta name=\"twitter:data2\" content=\"2 minutos\" \/>\n<script type=\"application\/ld+json\" class=\"yoast-schema-graph\">{\"@context\":\"https:\\\/\\\/schema.org\",\"@graph\":[{\"@type\":\"Article\",\"@id\":\"https:\\\/\\\/alcala.salesianos.edu\\\/colegio\\\/blog\\\/2022\\\/02\\\/09\\\/ep-abn\\\/#article\",\"isPartOf\":{\"@id\":\"https:\\\/\\\/alcala.salesianos.edu\\\/colegio\\\/blog\\\/2022\\\/02\\\/09\\\/ep-abn\\\/\"},\"author\":{\"name\":\"Administrador Web\",\"@id\":\"https:\\\/\\\/alcala.salesianos.edu\\\/colegio\\\/#\\\/schema\\\/person\\\/afcc24f776dc91fc2bf9afb0998fca77\"},\"headline\":\"Escuela de padres &#8211; Formaci\u00f3n ABN\",\"datePublished\":\"2022-02-09T07:37:15+00:00\",\"dateModified\":\"2025-08-27T07:49:26+00:00\",\"mainEntityOfPage\":{\"@id\":\"https:\\\/\\\/alcala.salesianos.edu\\\/colegio\\\/blog\\\/2022\\\/02\\\/09\\\/ep-abn\\\/\"},\"wordCount\":395,\"articleSection\":[\"Colegio\",\"covid\",\"Escuela abierta\",\"FASA\",\"Infantil\",\"Pastoral\",\"Portada\",\"Primaria\",\"Secundaria\",\"Uncategorized\"],\"inLanguage\":\"es\"},{\"@type\":\"WebPage\",\"@id\":\"https:\\\/\\\/alcala.salesianos.edu\\\/colegio\\\/blog\\\/2022\\\/02\\\/09\\\/ep-abn\\\/\",\"url\":\"https:\\\/\\\/alcala.salesianos.edu\\\/colegio\\\/blog\\\/2022\\\/02\\\/09\\\/ep-abn\\\/\",\"name\":\"Escuela de padres &#8211; Formaci\u00f3n ABN - Colegio Salesiano Alcal\u00e1\",\"isPartOf\":{\"@id\":\"https:\\\/\\\/alcala.salesianos.edu\\\/colegio\\\/#website\"},\"datePublished\":\"2022-02-09T07:37:15+00:00\",\"dateModified\":\"2025-08-27T07:49:26+00:00\",\"author\":{\"@id\":\"https:\\\/\\\/alcala.salesianos.edu\\\/colegio\\\/#\\\/schema\\\/person\\\/afcc24f776dc91fc2bf9afb0998fca77\"},\"description\":\"En la tarde de ayer tuvo lugar un momento de formaci\u00f3n matem\u00e1tico en ABN dirigido a madres y padres de nuestros alumnos.\",\"breadcrumb\":{\"@id\":\"https:\\\/\\\/alcala.salesianos.edu\\\/colegio\\\/blog\\\/2022\\\/02\\\/09\\\/ep-abn\\\/#breadcrumb\"},\"inLanguage\":\"es\",\"potentialAction\":[{\"@type\":\"ReadAction\",\"target\":[\"https:\\\/\\\/alcala.salesianos.edu\\\/colegio\\\/blog\\\/2022\\\/02\\\/09\\\/ep-abn\\\/\"]}]},{\"@type\":\"BreadcrumbList\",\"@id\":\"https:\\\/\\\/alcala.salesianos.edu\\\/colegio\\\/blog\\\/2022\\\/02\\\/09\\\/ep-abn\\\/#breadcrumb\",\"itemListElement\":[{\"@type\":\"ListItem\",\"position\":1,\"name\":\"Portada\",\"item\":\"https:\\\/\\\/alcala.salesianos.edu\\\/colegio\\\/\"},{\"@type\":\"ListItem\",\"position\":2,\"name\":\"Escuela de padres &#8211; Formaci\u00f3n ABN\"}]},{\"@type\":\"WebSite\",\"@id\":\"https:\\\/\\\/alcala.salesianos.edu\\\/colegio\\\/#website\",\"url\":\"https:\\\/\\\/alcala.salesianos.edu\\\/colegio\\\/\",\"name\":\"Colegio Salesiano Alcal\u00e1\",\"description\":\"P\u00e1gina oficial de Salesianos Alcal\u00e1 de Guadaira\",\"potentialAction\":[{\"@type\":\"SearchAction\",\"target\":{\"@type\":\"EntryPoint\",\"urlTemplate\":\"https:\\\/\\\/alcala.salesianos.edu\\\/colegio\\\/?s={search_term_string}\"},\"query-input\":{\"@type\":\"PropertyValueSpecification\",\"valueRequired\":true,\"valueName\":\"search_term_string\"}}],\"inLanguage\":\"es\"},{\"@type\":\"Person\",\"@id\":\"https:\\\/\\\/alcala.salesianos.edu\\\/colegio\\\/#\\\/schema\\\/person\\\/afcc24f776dc91fc2bf9afb0998fca77\",\"name\":\"Administrador Web\",\"image\":{\"@type\":\"ImageObject\",\"inLanguage\":\"es\",\"@id\":\"https:\\\/\\\/secure.gravatar.com\\\/avatar\\\/bc157e994689bd6da9645c00aa3bc4d55b727915b6652642660db0aef086585f?s=96&d=mm&r=g\",\"url\":\"https:\\\/\\\/secure.gravatar.com\\\/avatar\\\/bc157e994689bd6da9645c00aa3bc4d55b727915b6652642660db0aef086585f?s=96&d=mm&r=g\",\"contentUrl\":\"https:\\\/\\\/secure.gravatar.com\\\/avatar\\\/bc157e994689bd6da9645c00aa3bc4d55b727915b6652642660db0aef086585f?s=96&d=mm&r=g\",\"caption\":\"Administrador Web\"}}]}<\/script>\n<!-- \/ Yoast SEO plugin. -->","yoast_head_json":{"title":"Escuela de padres &#8211; Formaci\u00f3n ABN - Colegio Salesiano Alcal\u00e1","description":"En la tarde de ayer tuvo lugar un momento de formaci\u00f3n matem\u00e1tico en ABN dirigido a madres y padres de nuestros alumnos.","robots":{"index":"index","follow":"follow","max-snippet":"max-snippet:-1","max-image-preview":"max-image-preview:large","max-video-preview":"max-video-preview:-1"},"canonical":"https:\/\/alcala.salesianos.edu\/colegio\/blog\/2022\/02\/09\/ep-abn\/","og_locale":"es_ES","og_type":"article","og_title":"Escuela de padres &#8211; Formaci\u00f3n ABN - Colegio Salesiano Alcal\u00e1","og_description":"En la tarde de ayer tuvo lugar un momento de formaci\u00f3n matem\u00e1tico en ABN dirigido a madres y padres de nuestros alumnos.","og_url":"https:\/\/alcala.salesianos.edu\/colegio\/blog\/2022\/02\/09\/ep-abn\/","og_site_name":"Colegio Salesiano Alcal\u00e1","article_published_time":"2022-02-09T07:37:15+00:00","article_modified_time":"2025-08-27T07:49:26+00:00","author":"Administrador Web","twitter_card":"summary_large_image","twitter_misc":{"Escrito por":"Administrador Web","Tiempo de lectura":"2 minutos"},"schema":{"@context":"https:\/\/schema.org","@graph":[{"@type":"Article","@id":"https:\/\/alcala.salesianos.edu\/colegio\/blog\/2022\/02\/09\/ep-abn\/#article","isPartOf":{"@id":"https:\/\/alcala.salesianos.edu\/colegio\/blog\/2022\/02\/09\/ep-abn\/"},"author":{"name":"Administrador Web","@id":"https:\/\/alcala.salesianos.edu\/colegio\/#\/schema\/person\/afcc24f776dc91fc2bf9afb0998fca77"},"headline":"Escuela de padres &#8211; Formaci\u00f3n ABN","datePublished":"2022-02-09T07:37:15+00:00","dateModified":"2025-08-27T07:49:26+00:00","mainEntityOfPage":{"@id":"https:\/\/alcala.salesianos.edu\/colegio\/blog\/2022\/02\/09\/ep-abn\/"},"wordCount":395,"articleSection":["Colegio","covid","Escuela abierta","FASA","Infantil","Pastoral","Portada","Primaria","Secundaria","Uncategorized"],"inLanguage":"es"},{"@type":"WebPage","@id":"https:\/\/alcala.salesianos.edu\/colegio\/blog\/2022\/02\/09\/ep-abn\/","url":"https:\/\/alcala.salesianos.edu\/colegio\/blog\/2022\/02\/09\/ep-abn\/","name":"Escuela de padres &#8211; Formaci\u00f3n ABN - Colegio Salesiano Alcal\u00e1","isPartOf":{"@id":"https:\/\/alcala.salesianos.edu\/colegio\/#website"},"datePublished":"2022-02-09T07:37:15+00:00","dateModified":"2025-08-27T07:49:26+00:00","author":{"@id":"https:\/\/alcala.salesianos.edu\/colegio\/#\/schema\/person\/afcc24f776dc91fc2bf9afb0998fca77"},"description":"En la tarde de ayer tuvo lugar un momento de formaci\u00f3n matem\u00e1tico en ABN dirigido a madres y padres de nuestros alumnos.","breadcrumb":{"@id":"https:\/\/alcala.salesianos.edu\/colegio\/blog\/2022\/02\/09\/ep-abn\/#breadcrumb"},"inLanguage":"es","potentialAction":[{"@type":"ReadAction","target":["https:\/\/alcala.salesianos.edu\/colegio\/blog\/2022\/02\/09\/ep-abn\/"]}]},{"@type":"BreadcrumbList","@id":"https:\/\/alcala.salesianos.edu\/colegio\/blog\/2022\/02\/09\/ep-abn\/#breadcrumb","itemListElement":[{"@type":"ListItem","position":1,"name":"Portada","item":"https:\/\/alcala.salesianos.edu\/colegio\/"},{"@type":"ListItem","position":2,"name":"Escuela de padres &#8211; Formaci\u00f3n ABN"}]},{"@type":"WebSite","@id":"https:\/\/alcala.salesianos.edu\/colegio\/#website","url":"https:\/\/alcala.salesianos.edu\/colegio\/","name":"Colegio Salesiano Alcal\u00e1","description":"P\u00e1gina oficial de Salesianos Alcal\u00e1 de Guadaira","potentialAction":[{"@type":"SearchAction","target":{"@type":"EntryPoint","urlTemplate":"https:\/\/alcala.salesianos.edu\/colegio\/?s={search_term_string}"},"query-input":{"@type":"PropertyValueSpecification","valueRequired":true,"valueName":"search_term_string"}}],"inLanguage":"es"},{"@type":"Person","@id":"https:\/\/alcala.salesianos.edu\/colegio\/#\/schema\/person\/afcc24f776dc91fc2bf9afb0998fca77","name":"Administrador Web","image":{"@type":"ImageObject","inLanguage":"es","@id":"https:\/\/secure.gravatar.com\/avatar\/bc157e994689bd6da9645c00aa3bc4d55b727915b6652642660db0aef086585f?s=96&d=mm&r=g","url":"https:\/\/secure.gravatar.com\/avatar\/bc157e994689bd6da9645c00aa3bc4d55b727915b6652642660db0aef086585f?s=96&d=mm&r=g","contentUrl":"https:\/\/secure.gravatar.com\/avatar\/bc157e994689bd6da9645c00aa3bc4d55b727915b6652642660db0aef086585f?s=96&d=mm&r=g","caption":"Administrador Web"}}]}},"_links":{"self":[{"href":"https:\/\/alcala.salesianos.edu\/colegio\/wp-json\/wp\/v2\/posts\/14538","targetHints":{"allow":["GET"]}}],"collection":[{"href":"https:\/\/alcala.salesianos.edu\/colegio\/wp-json\/wp\/v2\/posts"}],"about":[{"href":"https:\/\/alcala.salesianos.edu\/colegio\/wp-json\/wp\/v2\/types\/post"}],"author":[{"embeddable":true,"href":"https:\/\/alcala.salesianos.edu\/colegio\/wp-json\/wp\/v2\/users\/2"}],"replies":[{"embeddable":true,"href":"https:\/\/alcala.salesianos.edu\/colegio\/wp-json\/wp\/v2\/comments?post=14538"}],"version-history":[{"count":1,"href":"https:\/\/alcala.salesianos.edu\/colegio\/wp-json\/wp\/v2\/posts\/14538\/revisions"}],"predecessor-version":[{"id":16670,"href":"https:\/\/alcala.salesianos.edu\/colegio\/wp-json\/wp\/v2\/posts\/14538\/revisions\/16670"}],"wp:attachment":[{"href":"https:\/\/alcala.salesianos.edu\/colegio\/wp-json\/wp\/v2\/media?parent=14538"}],"wp:term":[{"taxonomy":"category","embeddable":true,"href":"https:\/\/alcala.salesianos.edu\/colegio\/wp-json\/wp\/v2\/categories?post=14538"},{"taxonomy":"post_tag","embeddable":true,"href":"https:\/\/alcala.salesianos.edu\/colegio\/wp-json\/wp\/v2\/tags?post=14538"}],"curies":[{"name":"wp","href":"https:\/\/api.w.org\/{rel}","templated":true}]}}