{"id":14516,"date":"2022-02-04T08:42:16","date_gmt":"2022-02-04T07:42:16","guid":{"rendered":"https:\/\/alcala.salesianos.edu\/colegio\/blog\/2022\/02\/04\/iv-edicion-del-concurso-la-ciencia-en-portada\/"},"modified":"2025-08-27T08:49:28","modified_gmt":"2025-08-27T07:49:28","slug":"iv-edicion-del-concurso-la-ciencia-en-portada","status":"publish","type":"post","link":"https:\/\/alcala.salesianos.edu\/colegio\/blog\/2022\/02\/04\/iv-edicion-del-concurso-la-ciencia-en-portada\/","title":{"rendered":"IV Edici\u00f3n del concurso La Ciencia en Portada"},"content":{"rendered":"<div id=\"fb-root\"><\/div>\n<p>[et_pb_section fb_built=\u00bb1&#8243; admin_label=\u00bbsection\u00bb _builder_version=\u00bb3.22&#8243; global_colors_info=\u00bb{}\u00bb][et_pb_row admin_label=\u00bbrow\u00bb _builder_version=\u00bb3.25&#8243; background_size=\u00bbinitial\u00bb background_position=\u00bbtop_left\u00bb background_repeat=\u00bbrepeat\u00bb global_colors_info=\u00bb{}\u00bb][et_pb_column type=\u00bb4_4&#8243; _builder_version=\u00bb3.25&#8243; custom_padding=\u00bb|||\u00bb global_colors_info=\u00bb{}\u00bb custom_padding__hover=\u00bb|||\u00bb][et_pb_text _builder_version=\u00bb4.14.7&#8243; _module_preset=\u00bbdefault\u00bb hover_enabled=\u00bb0&#8243; sticky_enabled=\u00bb0&#8243;]<\/p>\n<p>Nuestro centro eduativo lanza la cuarta edici\u00f3n del concurso la Ciencia en Portada\u00a0 en colaboraci\u00f3n con el ayuntamiento de nuestra localidad y con la editorial EDEB\u00c9 en la que podr\u00e1n participar todos los alumnos\/as de Educaci\u00f3n Secundaria Obligatoria (ESO), Bachillerato o Ciclos formativos, matriculados en centros de ense\u00f1anza pertenecientes a la provincia de Sevilla. La fecha l\u00edmite de presentaci\u00f3n ser\u00e1 el pr\u00f3ximo 10 de marzo.<\/p>\n<p>El estilo y material a usar podr\u00e1 ser libre, siempre que no se usen herramientas digitales. La portada podr\u00e1 ser a color o en blanco y negro. El jurado, compuesto por profesionales del \u00a0Arte y la divulgaci\u00f3n cient\u00edfica as\u00ed como de la \u00a0organizaci\u00f3n, proceder\u00e1 a la emisi\u00f3n del fallo conforme a los \u00a0siguientes criterios de selecci\u00f3n: originalidad, calidad art\u00edstica y contenido cient\u00edfico.<\/p>\n<p>Os facilitamos el siguiente enlace para que puedan obtener m\u00e1s informaci\u00f3n.<\/p>\n<p>[\/et_pb_text][et_pb_button _builder_version=\u00bb4.14.7&#8243; _module_preset=\u00bbdefault\u00bb button_text=\u00bbLa Ciencia en Portada\u00bb button_url=\u00bbhttps:\/\/alcala.salesianos.edu\/colegio\/la-ciencia-en-portada\/\u00bb url_new_window=\u00bbon\u00bb button_alignment=\u00bbcenter\u00bb custom_button=\u00bbon\u00bb button_text_color=\u00bb#FFFFFF\u00bb button_bg_color=\u00bb#dc001b\u00bb button_bg_enable_color=\u00bbon\u00bb button_use_icon=\u00bboff\u00bb hover_enabled=\u00bb0&#8243; sticky_enabled=\u00bb0&#8243;][\/et_pb_button][\/et_pb_column][\/et_pb_row][\/et_pb_section]<\/p>\n","protected":false},"excerpt":{"rendered":"<p>Nuestro centro eduativo lanza la cuarta edici\u00f3n del concurso la Ciencia en Portada\u00a0 en colaboraci\u00f3n con el ayuntamiento de nuestra localidad y con la editorial EDEB\u00c9.<\/p>\n","protected":false},"author":2,"featured_media":0,"comment_status":"closed","ping_status":"open","sticky":false,"template":"","format":"standard","meta":{"_et_pb_use_builder":"on","_et_pb_old_content":"","_et_gb_content_width":"","footnotes":""},"categories":[12,23,13,14,15,16,1],"tags":[],"class_list":["post-14516","post","type-post","status-publish","format-standard","hentry","category-colegio","category-covid","category-fasa","category-pastoral","category-portada","category-secundaria","category-uncategorized"],"yoast_head":"<!-- This site is optimized with the Yoast SEO plugin v28.3 - https:\/\/yoast.com\/product\/yoast-seo-wordpress\/ -->\n<title>IV Edici\u00f3n del concurso La Ciencia en Portada - Colegio Salesiano Alcal\u00e1<\/title>\n<meta name=\"description\" content=\"Nuestro centro eduativo lanza la cuarta edici\u00f3n del concurso la Ciencia en Portada\u00a0 en colaboraci\u00f3n con el ayuntamiento de Alcal\u00e1 y con EDEB\u00c9.\" \/>\n<meta name=\"robots\" content=\"index, follow, max-snippet:-1, max-image-preview:large, max-video-preview:-1\" \/>\n<link rel=\"canonical\" href=\"https:\/\/alcala.salesianos.edu\/colegio\/blog\/2022\/02\/04\/iv-edicion-del-concurso-la-ciencia-en-portada\/\" \/>\n<meta property=\"og:locale\" content=\"es_ES\" \/>\n<meta property=\"og:type\" content=\"article\" \/>\n<meta property=\"og:title\" content=\"IV Edici\u00f3n del concurso La Ciencia en Portada - Colegio Salesiano Alcal\u00e1\" \/>\n<meta property=\"og:description\" content=\"Nuestro centro eduativo lanza la cuarta edici\u00f3n del concurso la Ciencia en Portada\u00a0 en colaboraci\u00f3n con el ayuntamiento de Alcal\u00e1 y con EDEB\u00c9.\" \/>\n<meta property=\"og:url\" content=\"https:\/\/alcala.salesianos.edu\/colegio\/blog\/2022\/02\/04\/iv-edicion-del-concurso-la-ciencia-en-portada\/\" \/>\n<meta property=\"og:site_name\" content=\"Colegio Salesiano Alcal\u00e1\" \/>\n<meta property=\"article:published_time\" content=\"2022-02-04T07:42:16+00:00\" \/>\n<meta property=\"article:modified_time\" content=\"2025-08-27T07:49:28+00:00\" \/>\n<meta name=\"author\" content=\"Administrador Web\" \/>\n<meta name=\"twitter:card\" content=\"summary_large_image\" \/>\n<meta name=\"twitter:label1\" content=\"Escrito por\" \/>\n\t<meta name=\"twitter:data1\" content=\"Administrador Web\" \/>\n\t<meta name=\"twitter:label2\" content=\"Tiempo de lectura\" \/>\n\t<meta name=\"twitter:data2\" content=\"1 minuto\" \/>\n<script type=\"application\/ld+json\" class=\"yoast-schema-graph\">{\"@context\":\"https:\\\/\\\/schema.org\",\"@graph\":[{\"@type\":\"Article\",\"@id\":\"https:\\\/\\\/alcala.salesianos.edu\\\/colegio\\\/blog\\\/2022\\\/02\\\/04\\\/iv-edicion-del-concurso-la-ciencia-en-portada\\\/#article\",\"isPartOf\":{\"@id\":\"https:\\\/\\\/alcala.salesianos.edu\\\/colegio\\\/blog\\\/2022\\\/02\\\/04\\\/iv-edicion-del-concurso-la-ciencia-en-portada\\\/\"},\"author\":{\"name\":\"Administrador Web\",\"@id\":\"https:\\\/\\\/alcala.salesianos.edu\\\/colegio\\\/#\\\/schema\\\/person\\\/afcc24f776dc91fc2bf9afb0998fca77\"},\"headline\":\"IV Edici\u00f3n del concurso La Ciencia en Portada\",\"datePublished\":\"2022-02-04T07:42:16+00:00\",\"dateModified\":\"2025-08-27T07:49:28+00:00\",\"mainEntityOfPage\":{\"@id\":\"https:\\\/\\\/alcala.salesianos.edu\\\/colegio\\\/blog\\\/2022\\\/02\\\/04\\\/iv-edicion-del-concurso-la-ciencia-en-portada\\\/\"},\"wordCount\":293,\"articleSection\":[\"Colegio\",\"covid\",\"FASA\",\"Pastoral\",\"Portada\",\"Secundaria\",\"Uncategorized\"],\"inLanguage\":\"es\"},{\"@type\":\"WebPage\",\"@id\":\"https:\\\/\\\/alcala.salesianos.edu\\\/colegio\\\/blog\\\/2022\\\/02\\\/04\\\/iv-edicion-del-concurso-la-ciencia-en-portada\\\/\",\"url\":\"https:\\\/\\\/alcala.salesianos.edu\\\/colegio\\\/blog\\\/2022\\\/02\\\/04\\\/iv-edicion-del-concurso-la-ciencia-en-portada\\\/\",\"name\":\"IV Edici\u00f3n del concurso La Ciencia en Portada - Colegio Salesiano Alcal\u00e1\",\"isPartOf\":{\"@id\":\"https:\\\/\\\/alcala.salesianos.edu\\\/colegio\\\/#website\"},\"datePublished\":\"2022-02-04T07:42:16+00:00\",\"dateModified\":\"2025-08-27T07:49:28+00:00\",\"author\":{\"@id\":\"https:\\\/\\\/alcala.salesianos.edu\\\/colegio\\\/#\\\/schema\\\/person\\\/afcc24f776dc91fc2bf9afb0998fca77\"},\"description\":\"Nuestro centro eduativo lanza la cuarta edici\u00f3n del concurso la Ciencia en Portada\u00a0 en colaboraci\u00f3n con el ayuntamiento de Alcal\u00e1 y con EDEB\u00c9.\",\"breadcrumb\":{\"@id\":\"https:\\\/\\\/alcala.salesianos.edu\\\/colegio\\\/blog\\\/2022\\\/02\\\/04\\\/iv-edicion-del-concurso-la-ciencia-en-portada\\\/#breadcrumb\"},\"inLanguage\":\"es\",\"potentialAction\":[{\"@type\":\"ReadAction\",\"target\":[\"https:\\\/\\\/alcala.salesianos.edu\\\/colegio\\\/blog\\\/2022\\\/02\\\/04\\\/iv-edicion-del-concurso-la-ciencia-en-portada\\\/\"]}]},{\"@type\":\"BreadcrumbList\",\"@id\":\"https:\\\/\\\/alcala.salesianos.edu\\\/colegio\\\/blog\\\/2022\\\/02\\\/04\\\/iv-edicion-del-concurso-la-ciencia-en-portada\\\/#breadcrumb\",\"itemListElement\":[{\"@type\":\"ListItem\",\"position\":1,\"name\":\"Portada\",\"item\":\"https:\\\/\\\/alcala.salesianos.edu\\\/colegio\\\/\"},{\"@type\":\"ListItem\",\"position\":2,\"name\":\"IV Edici\u00f3n del concurso La Ciencia en Portada\"}]},{\"@type\":\"WebSite\",\"@id\":\"https:\\\/\\\/alcala.salesianos.edu\\\/colegio\\\/#website\",\"url\":\"https:\\\/\\\/alcala.salesianos.edu\\\/colegio\\\/\",\"name\":\"Colegio Salesiano Alcal\u00e1\",\"description\":\"P\u00e1gina oficial de Salesianos Alcal\u00e1 de Guadaira\",\"potentialAction\":[{\"@type\":\"SearchAction\",\"target\":{\"@type\":\"EntryPoint\",\"urlTemplate\":\"https:\\\/\\\/alcala.salesianos.edu\\\/colegio\\\/?s={search_term_string}\"},\"query-input\":{\"@type\":\"PropertyValueSpecification\",\"valueRequired\":true,\"valueName\":\"search_term_string\"}}],\"inLanguage\":\"es\"},{\"@type\":\"Person\",\"@id\":\"https:\\\/\\\/alcala.salesianos.edu\\\/colegio\\\/#\\\/schema\\\/person\\\/afcc24f776dc91fc2bf9afb0998fca77\",\"name\":\"Administrador Web\",\"image\":{\"@type\":\"ImageObject\",\"inLanguage\":\"es\",\"@id\":\"https:\\\/\\\/secure.gravatar.com\\\/avatar\\\/bc157e994689bd6da9645c00aa3bc4d55b727915b6652642660db0aef086585f?s=96&d=mm&r=g\",\"url\":\"https:\\\/\\\/secure.gravatar.com\\\/avatar\\\/bc157e994689bd6da9645c00aa3bc4d55b727915b6652642660db0aef086585f?s=96&d=mm&r=g\",\"contentUrl\":\"https:\\\/\\\/secure.gravatar.com\\\/avatar\\\/bc157e994689bd6da9645c00aa3bc4d55b727915b6652642660db0aef086585f?s=96&d=mm&r=g\",\"caption\":\"Administrador Web\"}}]}<\/script>\n<!-- \/ Yoast SEO plugin. -->","yoast_head_json":{"title":"IV Edici\u00f3n del concurso La Ciencia en Portada - Colegio Salesiano Alcal\u00e1","description":"Nuestro centro eduativo lanza la cuarta edici\u00f3n del concurso la Ciencia en Portada\u00a0 en colaboraci\u00f3n con el ayuntamiento de Alcal\u00e1 y con EDEB\u00c9.","robots":{"index":"index","follow":"follow","max-snippet":"max-snippet:-1","max-image-preview":"max-image-preview:large","max-video-preview":"max-video-preview:-1"},"canonical":"https:\/\/alcala.salesianos.edu\/colegio\/blog\/2022\/02\/04\/iv-edicion-del-concurso-la-ciencia-en-portada\/","og_locale":"es_ES","og_type":"article","og_title":"IV Edici\u00f3n del concurso La Ciencia en Portada - Colegio Salesiano Alcal\u00e1","og_description":"Nuestro centro eduativo lanza la cuarta edici\u00f3n del concurso la Ciencia en Portada\u00a0 en colaboraci\u00f3n con el ayuntamiento de Alcal\u00e1 y con EDEB\u00c9.","og_url":"https:\/\/alcala.salesianos.edu\/colegio\/blog\/2022\/02\/04\/iv-edicion-del-concurso-la-ciencia-en-portada\/","og_site_name":"Colegio Salesiano Alcal\u00e1","article_published_time":"2022-02-04T07:42:16+00:00","article_modified_time":"2025-08-27T07:49:28+00:00","author":"Administrador Web","twitter_card":"summary_large_image","twitter_misc":{"Escrito por":"Administrador Web","Tiempo de lectura":"1 minuto"},"schema":{"@context":"https:\/\/schema.org","@graph":[{"@type":"Article","@id":"https:\/\/alcala.salesianos.edu\/colegio\/blog\/2022\/02\/04\/iv-edicion-del-concurso-la-ciencia-en-portada\/#article","isPartOf":{"@id":"https:\/\/alcala.salesianos.edu\/colegio\/blog\/2022\/02\/04\/iv-edicion-del-concurso-la-ciencia-en-portada\/"},"author":{"name":"Administrador Web","@id":"https:\/\/alcala.salesianos.edu\/colegio\/#\/schema\/person\/afcc24f776dc91fc2bf9afb0998fca77"},"headline":"IV Edici\u00f3n del concurso La Ciencia en Portada","datePublished":"2022-02-04T07:42:16+00:00","dateModified":"2025-08-27T07:49:28+00:00","mainEntityOfPage":{"@id":"https:\/\/alcala.salesianos.edu\/colegio\/blog\/2022\/02\/04\/iv-edicion-del-concurso-la-ciencia-en-portada\/"},"wordCount":293,"articleSection":["Colegio","covid","FASA","Pastoral","Portada","Secundaria","Uncategorized"],"inLanguage":"es"},{"@type":"WebPage","@id":"https:\/\/alcala.salesianos.edu\/colegio\/blog\/2022\/02\/04\/iv-edicion-del-concurso-la-ciencia-en-portada\/","url":"https:\/\/alcala.salesianos.edu\/colegio\/blog\/2022\/02\/04\/iv-edicion-del-concurso-la-ciencia-en-portada\/","name":"IV Edici\u00f3n del concurso La Ciencia en Portada - Colegio Salesiano Alcal\u00e1","isPartOf":{"@id":"https:\/\/alcala.salesianos.edu\/colegio\/#website"},"datePublished":"2022-02-04T07:42:16+00:00","dateModified":"2025-08-27T07:49:28+00:00","author":{"@id":"https:\/\/alcala.salesianos.edu\/colegio\/#\/schema\/person\/afcc24f776dc91fc2bf9afb0998fca77"},"description":"Nuestro centro eduativo lanza la cuarta edici\u00f3n del concurso la Ciencia en Portada\u00a0 en colaboraci\u00f3n con el ayuntamiento de Alcal\u00e1 y con EDEB\u00c9.","breadcrumb":{"@id":"https:\/\/alcala.salesianos.edu\/colegio\/blog\/2022\/02\/04\/iv-edicion-del-concurso-la-ciencia-en-portada\/#breadcrumb"},"inLanguage":"es","potentialAction":[{"@type":"ReadAction","target":["https:\/\/alcala.salesianos.edu\/colegio\/blog\/2022\/02\/04\/iv-edicion-del-concurso-la-ciencia-en-portada\/"]}]},{"@type":"BreadcrumbList","@id":"https:\/\/alcala.salesianos.edu\/colegio\/blog\/2022\/02\/04\/iv-edicion-del-concurso-la-ciencia-en-portada\/#breadcrumb","itemListElement":[{"@type":"ListItem","position":1,"name":"Portada","item":"https:\/\/alcala.salesianos.edu\/colegio\/"},{"@type":"ListItem","position":2,"name":"IV Edici\u00f3n del concurso La Ciencia en Portada"}]},{"@type":"WebSite","@id":"https:\/\/alcala.salesianos.edu\/colegio\/#website","url":"https:\/\/alcala.salesianos.edu\/colegio\/","name":"Colegio Salesiano Alcal\u00e1","description":"P\u00e1gina oficial de Salesianos Alcal\u00e1 de Guadaira","potentialAction":[{"@type":"SearchAction","target":{"@type":"EntryPoint","urlTemplate":"https:\/\/alcala.salesianos.edu\/colegio\/?s={search_term_string}"},"query-input":{"@type":"PropertyValueSpecification","valueRequired":true,"valueName":"search_term_string"}}],"inLanguage":"es"},{"@type":"Person","@id":"https:\/\/alcala.salesianos.edu\/colegio\/#\/schema\/person\/afcc24f776dc91fc2bf9afb0998fca77","name":"Administrador Web","image":{"@type":"ImageObject","inLanguage":"es","@id":"https:\/\/secure.gravatar.com\/avatar\/bc157e994689bd6da9645c00aa3bc4d55b727915b6652642660db0aef086585f?s=96&d=mm&r=g","url":"https:\/\/secure.gravatar.com\/avatar\/bc157e994689bd6da9645c00aa3bc4d55b727915b6652642660db0aef086585f?s=96&d=mm&r=g","contentUrl":"https:\/\/secure.gravatar.com\/avatar\/bc157e994689bd6da9645c00aa3bc4d55b727915b6652642660db0aef086585f?s=96&d=mm&r=g","caption":"Administrador Web"}}]}},"_links":{"self":[{"href":"https:\/\/alcala.salesianos.edu\/colegio\/wp-json\/wp\/v2\/posts\/14516","targetHints":{"allow":["GET"]}}],"collection":[{"href":"https:\/\/alcala.salesianos.edu\/colegio\/wp-json\/wp\/v2\/posts"}],"about":[{"href":"https:\/\/alcala.salesianos.edu\/colegio\/wp-json\/wp\/v2\/types\/post"}],"author":[{"embeddable":true,"href":"https:\/\/alcala.salesianos.edu\/colegio\/wp-json\/wp\/v2\/users\/2"}],"replies":[{"embeddable":true,"href":"https:\/\/alcala.salesianos.edu\/colegio\/wp-json\/wp\/v2\/comments?post=14516"}],"version-history":[{"count":1,"href":"https:\/\/alcala.salesianos.edu\/colegio\/wp-json\/wp\/v2\/posts\/14516\/revisions"}],"predecessor-version":[{"id":16672,"href":"https:\/\/alcala.salesianos.edu\/colegio\/wp-json\/wp\/v2\/posts\/14516\/revisions\/16672"}],"wp:attachment":[{"href":"https:\/\/alcala.salesianos.edu\/colegio\/wp-json\/wp\/v2\/media?parent=14516"}],"wp:term":[{"taxonomy":"category","embeddable":true,"href":"https:\/\/alcala.salesianos.edu\/colegio\/wp-json\/wp\/v2\/categories?post=14516"},{"taxonomy":"post_tag","embeddable":true,"href":"https:\/\/alcala.salesianos.edu\/colegio\/wp-json\/wp\/v2\/tags?post=14516"}],"curies":[{"name":"wp","href":"https:\/\/api.w.org\/{rel}","templated":true}]}}