{"id":14506,"date":"2022-01-31T20:57:42","date_gmt":"2022-01-31T19:57:42","guid":{"rendered":"https:\/\/alcala.salesianos.edu\/colegio\/blog\/2022\/01\/31\/dia-don-bosco\/"},"modified":"2025-08-27T08:49:30","modified_gmt":"2025-08-27T07:49:30","slug":"dia-don-bosco","status":"publish","type":"post","link":"https:\/\/alcala.salesianos.edu\/colegio\/blog\/2022\/01\/31\/dia-don-bosco\/","title":{"rendered":"Festividad de San Juan Bosco, padre de la Juventud"},"content":{"rendered":"<div id=\"fb-root\"><\/div>\n<p>[et_pb_section fb_built=\u00bb1&#8243; admin_label=\u00bbsection\u00bb _builder_version=\u00bb3.22&#8243; global_colors_info=\u00bb{}\u00bb][et_pb_row admin_label=\u00bbrow\u00bb _builder_version=\u00bb3.25&#8243; background_size=\u00bbinitial\u00bb background_position=\u00bbtop_left\u00bb background_repeat=\u00bbrepeat\u00bb global_colors_info=\u00bb{}\u00bb][et_pb_column type=\u00bb4_4&#8243; _builder_version=\u00bb3.25&#8243; custom_padding=\u00bb|||\u00bb global_colors_info=\u00bb{}\u00bb custom_padding__hover=\u00bb|||\u00bb][et_pb_text _builder_version=\u00bb4.14.7&#8243; _module_preset=\u00bbdefault\u00bb hover_enabled=\u00bb0&#8243; sticky_enabled=\u00bb0&#8243;]<\/p>\n<p><strong>Festividad de San Juan Bosco, padre de la juventud<\/strong><\/p>\n<p><strong>\u00a0<\/strong><\/p>\n<p>En el d\u00eda del patr\u00f3n salesiano, la casa de Alcal\u00e1 ha celebrado la gracia y el don que Dios nos ha regalado con nuestro Padre, Maestro y Amigo San Juan Bosco. Un d\u00eda cargado de ilusiones y sue\u00f1os cumplidos, sonrisas eternas que se mantendr\u00e1n en el recuerdo de todos para toda la vida.<\/p>\n<p>&nbsp;<\/p>\n<p>Los quiero ver felices en el tiempo y en la eternidad, nos dec\u00eda Don Bosco, hoy, la casa de Alcal\u00e1 ha desbordado la felicidad, se ha abierto camino entre mascarillas y nos ha unido salvando las distancias que en esta \u00e9poca que vivimos tan de moda est\u00e1n. La alegr\u00eda no entiende de estas medidas, ha estado detr\u00e1s de cada mascarilla para que todos los ni\u00f1os y ni\u00f1as mostraran su m\u00e1s sincera y eterna sonrisa.<\/p>\n<p>&nbsp;<\/p>\n<p>La etapa de Educaci\u00f3n Infantil ha vivido una acogedora celebraci\u00f3n de la palabra en la capilla Ntra. Sra. del Carmen del colegio, tras la que ha llevado a cabo actividades l\u00fadicas con las que honrar a Don Bosco a trav\u00e9s del teatro, talleres y juegos de clase y patio. Momentos inolvidables que desde peque\u00f1os comienzan a vivir como tradici\u00f3n y cultura salesiana, por ejemplo el desayuno de pan y chocolate, el cual agradecemos a AMPA, que, aun repartido para todas las etapas, para alguno de ellos ha sido todo un descubrimiento.<\/p>\n<p>&nbsp;<\/p>\n<p>En el caso de la etapa de Educaci\u00f3n Primaria, como es tradicional, ha celebrado el Festival Salesiano de Cine en el centro comercial \u201cLos Alcores\u201d, en el cual los ni\u00f1os y ni\u00f1as han podido disfrutar de una amplia variedad de emocionantes y educativas pel\u00edculas. Tras la visita al cine, han celebrado una emotiva y entra\u00f1able eucarist\u00eda en la Parroquia de San Agust\u00edn en comuni\u00f3n con la gracia de Dios y la felicidad salesiana que ha protagonizado el d\u00eda de hoy.<\/p>\n<p>&nbsp;<\/p>\n<p>Por \u00faltimo, los mayores de la casa, los alumnos de la etapa de Educaci\u00f3n Secundaria han comenzado el d\u00eda celebrando junto al altar con alegr\u00eda y j\u00fabilo la luz que Don Bosco nos regala, una emocionante eucarist\u00eda en la Parroquia de San Agust\u00edn que en comuni\u00f3n con Cristo han celebrado con gozo. Tras esta celebraci\u00f3n han tomado camino hacia el tradicional Festival Salesiano de Cine en el centro comercial \u201cLos Alcores\u201d, donde han podido disfrutar de emocionantes y actuales pel\u00edculas.<\/p>\n<p>&nbsp;<\/p>\n<p>En lo que respecta a la celebraci\u00f3n de la tarde, ha tenido lugar la funci\u00f3n solemne en honor a San Juan Bosco a las 20:00 horas, momento de recogimiento y conclusi\u00f3n de un d\u00eda cargado de emociones y sensaciones sin igual, una eucarist\u00eda presidida por D. Jos\u00e9 Mar\u00eda Mart\u00edn Flores, sdb, desde el cari\u00f1o m\u00e1s profundo, despertando el gen salesiano de la Familia Salesiana de Alcal\u00e1, a los que nos ha invitado a continuar la obra de Don Bosco para estar alegres siempre, hasta la eternidad.<\/p>\n<p>[\/et_pb_text][\/et_pb_column][\/et_pb_row][et_pb_row _builder_version=\u00bb4.14.7&#8243; _module_preset=\u00bbdefault\u00bb column_structure=\u00bb1_4,1_4,1_4,1_4&#8243;][et_pb_column _builder_version=\u00bb4.14.7&#8243; _module_preset=\u00bbdefault\u00bb type=\u00bb1_4&#8243;][et_pb_image _builder_version=\u00bb4.14.7&#8243; _module_preset=\u00bbdefault\u00bb title_text=\u00bb1&#8243; src=\u00bbhttps:\/\/alcala.salesianos.edu\/wp-content\/uploads\/2022\/01\/1.png\u00bb hover_enabled=\u00bb0&#8243; sticky_enabled=\u00bb0&#8243;][\/et_pb_image][\/et_pb_column][et_pb_column _builder_version=\u00bb4.14.7&#8243; _module_preset=\u00bbdefault\u00bb type=\u00bb1_4&#8243;][et_pb_image _builder_version=\u00bb4.14.7&#8243; _module_preset=\u00bbdefault\u00bb title_text=\u00bb2&#8243; src=\u00bbhttps:\/\/alcala.salesianos.edu\/wp-content\/uploads\/2022\/01\/2.png\u00bb hover_enabled=\u00bb0&#8243; sticky_enabled=\u00bb0&#8243;][\/et_pb_image][\/et_pb_column][et_pb_column _builder_version=\u00bb4.14.7&#8243; _module_preset=\u00bbdefault\u00bb type=\u00bb1_4&#8243;][et_pb_image _builder_version=\u00bb4.14.7&#8243; _module_preset=\u00bbdefault\u00bb title_text=\u00bb3&#8243; src=\u00bbhttps:\/\/alcala.salesianos.edu\/wp-content\/uploads\/2022\/01\/3.png\u00bb hover_enabled=\u00bb0&#8243; sticky_enabled=\u00bb0&#8243;][\/et_pb_image][\/et_pb_column][et_pb_column _builder_version=\u00bb4.14.7&#8243; _module_preset=\u00bbdefault\u00bb type=\u00bb1_4&#8243;][et_pb_image _builder_version=\u00bb4.14.7&#8243; _module_preset=\u00bbdefault\u00bb title_text=\u00bb4&#8243; src=\u00bbhttps:\/\/alcala.salesianos.edu\/wp-content\/uploads\/2022\/01\/4.png\u00bb hover_enabled=\u00bb0&#8243; sticky_enabled=\u00bb0&#8243;][\/et_pb_image][\/et_pb_column][\/et_pb_row][et_pb_row _builder_version=\u00bb4.14.7&#8243; _module_preset=\u00bbdefault\u00bb column_structure=\u00bb1_4,1_4,1_4,1_4&#8243;][et_pb_column _builder_version=\u00bb4.14.7&#8243; _module_preset=\u00bbdefault\u00bb type=\u00bb1_4&#8243;][et_pb_image _builder_version=\u00bb4.14.7&#8243; _module_preset=\u00bbdefault\u00bb title_text=\u00bb5&#8243; src=\u00bbhttps:\/\/alcala.salesianos.edu\/wp-content\/uploads\/2022\/01\/5.png\u00bb hover_enabled=\u00bb0&#8243; sticky_enabled=\u00bb0&#8243;][\/et_pb_image][\/et_pb_column][et_pb_column _builder_version=\u00bb4.14.7&#8243; _module_preset=\u00bbdefault\u00bb type=\u00bb1_4&#8243;][et_pb_image _builder_version=\u00bb4.14.7&#8243; _module_preset=\u00bbdefault\u00bb title_text=\u00bb6&#8243; src=\u00bbhttps:\/\/alcala.salesianos.edu\/wp-content\/uploads\/2022\/01\/6.png\u00bb hover_enabled=\u00bb0&#8243; sticky_enabled=\u00bb0&#8243;][\/et_pb_image][\/et_pb_column][et_pb_column _builder_version=\u00bb4.14.7&#8243; _module_preset=\u00bbdefault\u00bb type=\u00bb1_4&#8243;][et_pb_image _builder_version=\u00bb4.14.7&#8243; _module_preset=\u00bbdefault\u00bb title_text=\u00bb7&#8243; src=\u00bbhttps:\/\/alcala.salesianos.edu\/wp-content\/uploads\/2022\/01\/7.png\u00bb hover_enabled=\u00bb0&#8243; sticky_enabled=\u00bb0&#8243;][\/et_pb_image][\/et_pb_column][et_pb_column _builder_version=\u00bb4.14.7&#8243; _module_preset=\u00bbdefault\u00bb type=\u00bb1_4&#8243;][et_pb_image _builder_version=\u00bb4.14.7&#8243; _module_preset=\u00bbdefault\u00bb title_text=\u00bb8&#8243; src=\u00bbhttps:\/\/alcala.salesianos.edu\/wp-content\/uploads\/2022\/01\/8.png\u00bb hover_enabled=\u00bb0&#8243; sticky_enabled=\u00bb0&#8243;][\/et_pb_image][\/et_pb_column][\/et_pb_row][et_pb_row _builder_version=\u00bb4.14.7&#8243; _module_preset=\u00bbdefault\u00bb][et_pb_column _builder_version=\u00bb4.14.7&#8243; _module_preset=\u00bbdefault\u00bb type=\u00bb4_4&#8243;][et_pb_video _builder_version=\u00bb4.14.7&#8243; _module_preset=\u00bbdefault\u00bb src=\u00bbhttp:\/\/https:\/\/www.youtube.com\/watch?v=CIE-CwN_Kjg\u00bb hover_enabled=\u00bb0&#8243; sticky_enabled=\u00bb0&#8243;][\/et_pb_video][\/et_pb_column][\/et_pb_row][\/et_pb_section]<\/p>\n","protected":false},"excerpt":{"rendered":"<p>En el d\u00eda del patr\u00f3n salesiano, la casa de Alcal\u00e1 ha celebrado la gracia y el don que Dios nos ha regalado con nuestro Padre, Maestro y Amigo San Juan Bosco. Un d\u00eda cargado de ilusiones y sue\u00f1os cumplidos, sonrisas eternas que se mantendr\u00e1n en el recuerdo de todos para toda la vida.<\/p>\n","protected":false},"author":2,"featured_media":0,"comment_status":"closed","ping_status":"open","sticky":false,"template":"","format":"standard","meta":{"_et_pb_use_builder":"on","_et_pb_old_content":"","_et_gb_content_width":"","footnotes":""},"categories":[12,23,13,17,14,15,18,16,1],"tags":[],"class_list":["post-14506","post","type-post","status-publish","format-standard","hentry","category-colegio","category-covid","category-fasa","category-infantil","category-pastoral","category-portada","category-primaria","category-secundaria","category-uncategorized"],"yoast_head":"<!-- This site is optimized with the Yoast SEO plugin v28.3 - https:\/\/yoast.com\/product\/yoast-seo-wordpress\/ -->\n<title>Festividad de San Juan Bosco, padre de la Juventud - Colegio Salesiano Alcal\u00e1<\/title>\n<meta name=\"description\" content=\"En el d\u00eda del patr\u00f3n salesiano, la casa de Alcal\u00e1 ha celebrado la gracia y el don que Dios nos ha regalado con nuestro Padre, Maestro y Amigo\" \/>\n<meta name=\"robots\" content=\"index, follow, max-snippet:-1, max-image-preview:large, max-video-preview:-1\" \/>\n<link rel=\"canonical\" href=\"https:\/\/alcala.salesianos.edu\/colegio\/blog\/2022\/01\/31\/dia-don-bosco\/\" \/>\n<meta property=\"og:locale\" content=\"es_ES\" \/>\n<meta property=\"og:type\" content=\"article\" \/>\n<meta property=\"og:title\" content=\"Festividad de San Juan Bosco, padre de la Juventud - Colegio Salesiano Alcal\u00e1\" \/>\n<meta property=\"og:description\" content=\"En el d\u00eda del patr\u00f3n salesiano, la casa de Alcal\u00e1 ha celebrado la gracia y el don que Dios nos ha regalado con nuestro Padre, Maestro y Amigo\" \/>\n<meta property=\"og:url\" content=\"https:\/\/alcala.salesianos.edu\/colegio\/blog\/2022\/01\/31\/dia-don-bosco\/\" \/>\n<meta property=\"og:site_name\" content=\"Colegio Salesiano Alcal\u00e1\" \/>\n<meta property=\"article:published_time\" content=\"2022-01-31T19:57:42+00:00\" \/>\n<meta property=\"article:modified_time\" content=\"2025-08-27T07:49:30+00:00\" \/>\n<meta name=\"author\" content=\"Administrador Web\" \/>\n<meta name=\"twitter:card\" content=\"summary_large_image\" \/>\n<meta name=\"twitter:label1\" content=\"Escrito por\" \/>\n\t<meta name=\"twitter:data1\" content=\"Administrador Web\" \/>\n\t<meta name=\"twitter:label2\" content=\"Tiempo de lectura\" \/>\n\t<meta name=\"twitter:data2\" content=\"5 minutos\" \/>\n<script type=\"application\/ld+json\" class=\"yoast-schema-graph\">{\"@context\":\"https:\\\/\\\/schema.org\",\"@graph\":[{\"@type\":\"Article\",\"@id\":\"https:\\\/\\\/alcala.salesianos.edu\\\/colegio\\\/blog\\\/2022\\\/01\\\/31\\\/dia-don-bosco\\\/#article\",\"isPartOf\":{\"@id\":\"https:\\\/\\\/alcala.salesianos.edu\\\/colegio\\\/blog\\\/2022\\\/01\\\/31\\\/dia-don-bosco\\\/\"},\"author\":{\"name\":\"Administrador Web\",\"@id\":\"https:\\\/\\\/alcala.salesianos.edu\\\/colegio\\\/#\\\/schema\\\/person\\\/afcc24f776dc91fc2bf9afb0998fca77\"},\"headline\":\"Festividad de San Juan Bosco, padre de la Juventud\",\"datePublished\":\"2022-01-31T19:57:42+00:00\",\"dateModified\":\"2025-08-27T07:49:30+00:00\",\"mainEntityOfPage\":{\"@id\":\"https:\\\/\\\/alcala.salesianos.edu\\\/colegio\\\/blog\\\/2022\\\/01\\\/31\\\/dia-don-bosco\\\/\"},\"wordCount\":973,\"articleSection\":[\"Colegio\",\"covid\",\"FASA\",\"Infantil\",\"Pastoral\",\"Portada\",\"Primaria\",\"Secundaria\",\"Uncategorized\"],\"inLanguage\":\"es\"},{\"@type\":\"WebPage\",\"@id\":\"https:\\\/\\\/alcala.salesianos.edu\\\/colegio\\\/blog\\\/2022\\\/01\\\/31\\\/dia-don-bosco\\\/\",\"url\":\"https:\\\/\\\/alcala.salesianos.edu\\\/colegio\\\/blog\\\/2022\\\/01\\\/31\\\/dia-don-bosco\\\/\",\"name\":\"Festividad de San Juan Bosco, padre de la Juventud - Colegio Salesiano Alcal\u00e1\",\"isPartOf\":{\"@id\":\"https:\\\/\\\/alcala.salesianos.edu\\\/colegio\\\/#website\"},\"datePublished\":\"2022-01-31T19:57:42+00:00\",\"dateModified\":\"2025-08-27T07:49:30+00:00\",\"author\":{\"@id\":\"https:\\\/\\\/alcala.salesianos.edu\\\/colegio\\\/#\\\/schema\\\/person\\\/afcc24f776dc91fc2bf9afb0998fca77\"},\"description\":\"En el d\u00eda del patr\u00f3n salesiano, la casa de Alcal\u00e1 ha celebrado la gracia y el don que Dios nos ha regalado con nuestro Padre, Maestro y Amigo\",\"breadcrumb\":{\"@id\":\"https:\\\/\\\/alcala.salesianos.edu\\\/colegio\\\/blog\\\/2022\\\/01\\\/31\\\/dia-don-bosco\\\/#breadcrumb\"},\"inLanguage\":\"es\",\"potentialAction\":[{\"@type\":\"ReadAction\",\"target\":[\"https:\\\/\\\/alcala.salesianos.edu\\\/colegio\\\/blog\\\/2022\\\/01\\\/31\\\/dia-don-bosco\\\/\"]}]},{\"@type\":\"BreadcrumbList\",\"@id\":\"https:\\\/\\\/alcala.salesianos.edu\\\/colegio\\\/blog\\\/2022\\\/01\\\/31\\\/dia-don-bosco\\\/#breadcrumb\",\"itemListElement\":[{\"@type\":\"ListItem\",\"position\":1,\"name\":\"Portada\",\"item\":\"https:\\\/\\\/alcala.salesianos.edu\\\/colegio\\\/\"},{\"@type\":\"ListItem\",\"position\":2,\"name\":\"Festividad de San Juan Bosco, padre de la Juventud\"}]},{\"@type\":\"WebSite\",\"@id\":\"https:\\\/\\\/alcala.salesianos.edu\\\/colegio\\\/#website\",\"url\":\"https:\\\/\\\/alcala.salesianos.edu\\\/colegio\\\/\",\"name\":\"Colegio Salesiano Alcal\u00e1\",\"description\":\"P\u00e1gina oficial de Salesianos Alcal\u00e1 de Guadaira\",\"potentialAction\":[{\"@type\":\"SearchAction\",\"target\":{\"@type\":\"EntryPoint\",\"urlTemplate\":\"https:\\\/\\\/alcala.salesianos.edu\\\/colegio\\\/?s={search_term_string}\"},\"query-input\":{\"@type\":\"PropertyValueSpecification\",\"valueRequired\":true,\"valueName\":\"search_term_string\"}}],\"inLanguage\":\"es\"},{\"@type\":\"Person\",\"@id\":\"https:\\\/\\\/alcala.salesianos.edu\\\/colegio\\\/#\\\/schema\\\/person\\\/afcc24f776dc91fc2bf9afb0998fca77\",\"name\":\"Administrador Web\",\"image\":{\"@type\":\"ImageObject\",\"inLanguage\":\"es\",\"@id\":\"https:\\\/\\\/secure.gravatar.com\\\/avatar\\\/bc157e994689bd6da9645c00aa3bc4d55b727915b6652642660db0aef086585f?s=96&d=mm&r=g\",\"url\":\"https:\\\/\\\/secure.gravatar.com\\\/avatar\\\/bc157e994689bd6da9645c00aa3bc4d55b727915b6652642660db0aef086585f?s=96&d=mm&r=g\",\"contentUrl\":\"https:\\\/\\\/secure.gravatar.com\\\/avatar\\\/bc157e994689bd6da9645c00aa3bc4d55b727915b6652642660db0aef086585f?s=96&d=mm&r=g\",\"caption\":\"Administrador Web\"}}]}<\/script>\n<!-- \/ Yoast SEO plugin. -->","yoast_head_json":{"title":"Festividad de San Juan Bosco, padre de la Juventud - Colegio Salesiano Alcal\u00e1","description":"En el d\u00eda del patr\u00f3n salesiano, la casa de Alcal\u00e1 ha celebrado la gracia y el don que Dios nos ha regalado con nuestro Padre, Maestro y Amigo","robots":{"index":"index","follow":"follow","max-snippet":"max-snippet:-1","max-image-preview":"max-image-preview:large","max-video-preview":"max-video-preview:-1"},"canonical":"https:\/\/alcala.salesianos.edu\/colegio\/blog\/2022\/01\/31\/dia-don-bosco\/","og_locale":"es_ES","og_type":"article","og_title":"Festividad de San Juan Bosco, padre de la Juventud - Colegio Salesiano Alcal\u00e1","og_description":"En el d\u00eda del patr\u00f3n salesiano, la casa de Alcal\u00e1 ha celebrado la gracia y el don que Dios nos ha regalado con nuestro Padre, Maestro y Amigo","og_url":"https:\/\/alcala.salesianos.edu\/colegio\/blog\/2022\/01\/31\/dia-don-bosco\/","og_site_name":"Colegio Salesiano Alcal\u00e1","article_published_time":"2022-01-31T19:57:42+00:00","article_modified_time":"2025-08-27T07:49:30+00:00","author":"Administrador Web","twitter_card":"summary_large_image","twitter_misc":{"Escrito por":"Administrador Web","Tiempo de lectura":"5 minutos"},"schema":{"@context":"https:\/\/schema.org","@graph":[{"@type":"Article","@id":"https:\/\/alcala.salesianos.edu\/colegio\/blog\/2022\/01\/31\/dia-don-bosco\/#article","isPartOf":{"@id":"https:\/\/alcala.salesianos.edu\/colegio\/blog\/2022\/01\/31\/dia-don-bosco\/"},"author":{"name":"Administrador Web","@id":"https:\/\/alcala.salesianos.edu\/colegio\/#\/schema\/person\/afcc24f776dc91fc2bf9afb0998fca77"},"headline":"Festividad de San Juan Bosco, padre de la Juventud","datePublished":"2022-01-31T19:57:42+00:00","dateModified":"2025-08-27T07:49:30+00:00","mainEntityOfPage":{"@id":"https:\/\/alcala.salesianos.edu\/colegio\/blog\/2022\/01\/31\/dia-don-bosco\/"},"wordCount":973,"articleSection":["Colegio","covid","FASA","Infantil","Pastoral","Portada","Primaria","Secundaria","Uncategorized"],"inLanguage":"es"},{"@type":"WebPage","@id":"https:\/\/alcala.salesianos.edu\/colegio\/blog\/2022\/01\/31\/dia-don-bosco\/","url":"https:\/\/alcala.salesianos.edu\/colegio\/blog\/2022\/01\/31\/dia-don-bosco\/","name":"Festividad de San Juan Bosco, padre de la Juventud - Colegio Salesiano Alcal\u00e1","isPartOf":{"@id":"https:\/\/alcala.salesianos.edu\/colegio\/#website"},"datePublished":"2022-01-31T19:57:42+00:00","dateModified":"2025-08-27T07:49:30+00:00","author":{"@id":"https:\/\/alcala.salesianos.edu\/colegio\/#\/schema\/person\/afcc24f776dc91fc2bf9afb0998fca77"},"description":"En el d\u00eda del patr\u00f3n salesiano, la casa de Alcal\u00e1 ha celebrado la gracia y el don que Dios nos ha regalado con nuestro Padre, Maestro y Amigo","breadcrumb":{"@id":"https:\/\/alcala.salesianos.edu\/colegio\/blog\/2022\/01\/31\/dia-don-bosco\/#breadcrumb"},"inLanguage":"es","potentialAction":[{"@type":"ReadAction","target":["https:\/\/alcala.salesianos.edu\/colegio\/blog\/2022\/01\/31\/dia-don-bosco\/"]}]},{"@type":"BreadcrumbList","@id":"https:\/\/alcala.salesianos.edu\/colegio\/blog\/2022\/01\/31\/dia-don-bosco\/#breadcrumb","itemListElement":[{"@type":"ListItem","position":1,"name":"Portada","item":"https:\/\/alcala.salesianos.edu\/colegio\/"},{"@type":"ListItem","position":2,"name":"Festividad de San Juan Bosco, padre de la Juventud"}]},{"@type":"WebSite","@id":"https:\/\/alcala.salesianos.edu\/colegio\/#website","url":"https:\/\/alcala.salesianos.edu\/colegio\/","name":"Colegio Salesiano Alcal\u00e1","description":"P\u00e1gina oficial de Salesianos Alcal\u00e1 de Guadaira","potentialAction":[{"@type":"SearchAction","target":{"@type":"EntryPoint","urlTemplate":"https:\/\/alcala.salesianos.edu\/colegio\/?s={search_term_string}"},"query-input":{"@type":"PropertyValueSpecification","valueRequired":true,"valueName":"search_term_string"}}],"inLanguage":"es"},{"@type":"Person","@id":"https:\/\/alcala.salesianos.edu\/colegio\/#\/schema\/person\/afcc24f776dc91fc2bf9afb0998fca77","name":"Administrador Web","image":{"@type":"ImageObject","inLanguage":"es","@id":"https:\/\/secure.gravatar.com\/avatar\/bc157e994689bd6da9645c00aa3bc4d55b727915b6652642660db0aef086585f?s=96&d=mm&r=g","url":"https:\/\/secure.gravatar.com\/avatar\/bc157e994689bd6da9645c00aa3bc4d55b727915b6652642660db0aef086585f?s=96&d=mm&r=g","contentUrl":"https:\/\/secure.gravatar.com\/avatar\/bc157e994689bd6da9645c00aa3bc4d55b727915b6652642660db0aef086585f?s=96&d=mm&r=g","caption":"Administrador Web"}}]}},"_links":{"self":[{"href":"https:\/\/alcala.salesianos.edu\/colegio\/wp-json\/wp\/v2\/posts\/14506","targetHints":{"allow":["GET"]}}],"collection":[{"href":"https:\/\/alcala.salesianos.edu\/colegio\/wp-json\/wp\/v2\/posts"}],"about":[{"href":"https:\/\/alcala.salesianos.edu\/colegio\/wp-json\/wp\/v2\/types\/post"}],"author":[{"embeddable":true,"href":"https:\/\/alcala.salesianos.edu\/colegio\/wp-json\/wp\/v2\/users\/2"}],"replies":[{"embeddable":true,"href":"https:\/\/alcala.salesianos.edu\/colegio\/wp-json\/wp\/v2\/comments?post=14506"}],"version-history":[{"count":1,"href":"https:\/\/alcala.salesianos.edu\/colegio\/wp-json\/wp\/v2\/posts\/14506\/revisions"}],"predecessor-version":[{"id":16674,"href":"https:\/\/alcala.salesianos.edu\/colegio\/wp-json\/wp\/v2\/posts\/14506\/revisions\/16674"}],"wp:attachment":[{"href":"https:\/\/alcala.salesianos.edu\/colegio\/wp-json\/wp\/v2\/media?parent=14506"}],"wp:term":[{"taxonomy":"category","embeddable":true,"href":"https:\/\/alcala.salesianos.edu\/colegio\/wp-json\/wp\/v2\/categories?post=14506"},{"taxonomy":"post_tag","embeddable":true,"href":"https:\/\/alcala.salesianos.edu\/colegio\/wp-json\/wp\/v2\/tags?post=14506"}],"curies":[{"name":"wp","href":"https:\/\/api.w.org\/{rel}","templated":true}]}}