{"id":14500,"date":"2022-01-28T10:47:26","date_gmt":"2022-01-28T09:47:26","guid":{"rendered":"https:\/\/alcala.salesianos.edu\/colegio\/?p=14500"},"modified":"2025-08-27T08:49:31","modified_gmt":"2025-08-27T07:49:31","slug":"celebraciones-en-honor-a-san-juan-bosco-triduos","status":"publish","type":"post","link":"https:\/\/alcala.salesianos.edu\/colegio\/blog\/2022\/01\/28\/celebraciones-en-honor-a-san-juan-bosco-triduos\/","title":{"rendered":"Celebraciones en honor a San Juan Bosco, Tr\u00edduos"},"content":{"rendered":"<div id=\"fb-root\"><\/div>\n\n[et_pb_section fb_built=\u00bb1&#8243; theme_builder_area=\u00bbpost_content\u00bb _builder_version=\u00bb4.14.7&#8243; _module_preset=\u00bbdefault\u00bb][et_pb_row _builder_version=\u00bb4.14.7&#8243; _module_preset=\u00bbdefault\u00bb theme_builder_area=\u00bbpost_content\u00bb][et_pb_column _builder_version=\u00bb4.14.7&#8243; _module_preset=\u00bbdefault\u00bb type=\u00bb4_4&#8243; theme_builder_area=\u00bbpost_content\u00bb][et_pb_text _builder_version=\u00bb4.14.7&#8243; _module_preset=\u00bbdefault\u00bb theme_builder_area=\u00bbpost_content\u00bb hover_enabled=\u00bb0&#8243; sticky_enabled=\u00bb0&#8243;]<p>En la ma\u00f1ana de hoy ha finalizado el triduo escolar en honor a nuestro Padre, Maestro y Amigo, se han vivido momentos inolvidables junto a los alumnos del colegio, quienes han participado de forma emotiva y siempre alegres cada uno de los d\u00edas. Claustro y alumnado se han unido en torno al padre de la juventud, movidos por la esperanza y el auxilio de nuestra Madre, celebrando que somos uno en comuni\u00f3n con Cristo.<\/p>\n<p>&nbsp;<\/p>\n<p>Lecturas, cantos, ensayos, vivencias que todos llevaremos grabadas siempre en nuestro coraz\u00f3n, orgullosos de ser hijos de Dios bajo el camino y la educaci\u00f3n que Don Bosco nos dej\u00f3 para la eternidad, llenos de alegr\u00eda por ser hijos de Dios.<\/p>\n<p>&nbsp;<\/p>\n<p>Es el turno ahora del triduo de la Familia Salesiana, el cual se celebrar\u00e1 durante los d\u00edas 28, 29 a partir de las 20:00h y el d\u00eda 30 en la eucarist\u00eda de 12:00h en la capilla de Ntra. Sra. del Carmen. Una brillante oportunidad que tendremos todos los alcalare\u00f1os de compartir, recordar y honrar la figura de Don Bosco y la obra que, gracias al amor de Dios y el Auxilio de su madre, hoy disfrutamos en Alcal\u00e1 y en el mundo.<\/p>[\/et_pb_text][\/et_pb_column][\/et_pb_row][\/et_pb_section]\n","protected":false},"excerpt":{"rendered":"<p>Es el turno ahora del triduo de la Familia Salesiana, el cual se celebrar\u00e1 durante los d\u00edas 28, 29 a partir de las 20:00h y el d\u00eda 30 en la eucarist\u00eda de 12:00h en la capilla de Ntra. Sra. del Carmen.<\/p>\n","protected":false},"author":2,"featured_media":0,"comment_status":"closed","ping_status":"open","sticky":false,"template":"","format":"standard","meta":{"_et_pb_use_builder":"on","_et_pb_old_content":"","_et_gb_content_width":"","footnotes":""},"categories":[1],"tags":[],"class_list":["post-14500","post","type-post","status-publish","format-standard","hentry","category-uncategorized"],"yoast_head":"<!-- This site is optimized with the Yoast SEO plugin v28.4 - https:\/\/yoast.com\/product\/yoast-seo-wordpress\/ -->\n<title>Celebraciones en honor a San Juan Bosco, Tr\u00edduos - Colegio Salesiano Alcal\u00e1<\/title>\n<meta name=\"description\" content=\"Culminado el tr\u00edduo escolar a San Juan Bosco, a partir de hoy la Familia Salesiana comenzar\u00e1 sus tres d\u00edas preparatorios.\" \/>\n<meta name=\"robots\" content=\"index, follow, max-snippet:-1, max-image-preview:large, max-video-preview:-1\" \/>\n<link rel=\"canonical\" href=\"https:\/\/alcala.salesianos.edu\/colegio\/blog\/2022\/01\/28\/celebraciones-en-honor-a-san-juan-bosco-triduos\/\" \/>\n<meta property=\"og:locale\" content=\"es_ES\" \/>\n<meta property=\"og:type\" content=\"article\" \/>\n<meta property=\"og:title\" content=\"Celebraciones en honor a San Juan Bosco, Tr\u00edduos - Colegio Salesiano Alcal\u00e1\" \/>\n<meta property=\"og:description\" content=\"Culminado el tr\u00edduo escolar a San Juan Bosco, a partir de hoy la Familia Salesiana comenzar\u00e1 sus tres d\u00edas preparatorios.\" \/>\n<meta property=\"og:url\" content=\"https:\/\/alcala.salesianos.edu\/colegio\/blog\/2022\/01\/28\/celebraciones-en-honor-a-san-juan-bosco-triduos\/\" \/>\n<meta property=\"og:site_name\" content=\"Colegio Salesiano Alcal\u00e1\" \/>\n<meta property=\"article:published_time\" content=\"2022-01-28T09:47:26+00:00\" \/>\n<meta property=\"article:modified_time\" content=\"2025-08-27T07:49:31+00:00\" \/>\n<meta name=\"author\" content=\"Administrador Web\" \/>\n<meta name=\"twitter:card\" content=\"summary_large_image\" \/>\n<meta name=\"twitter:label1\" content=\"Escrito por\" \/>\n\t<meta name=\"twitter:data1\" content=\"Administrador Web\" \/>\n\t<meta name=\"twitter:label2\" content=\"Tiempo de lectura\" \/>\n\t<meta name=\"twitter:data2\" content=\"1 minuto\" \/>\n<script type=\"application\/ld+json\" class=\"yoast-schema-graph\">{\"@context\":\"https:\\\/\\\/schema.org\",\"@graph\":[{\"@type\":\"Article\",\"@id\":\"https:\\\/\\\/alcala.salesianos.edu\\\/colegio\\\/blog\\\/2022\\\/01\\\/28\\\/celebraciones-en-honor-a-san-juan-bosco-triduos\\\/#article\",\"isPartOf\":{\"@id\":\"https:\\\/\\\/alcala.salesianos.edu\\\/colegio\\\/blog\\\/2022\\\/01\\\/28\\\/celebraciones-en-honor-a-san-juan-bosco-triduos\\\/\"},\"author\":{\"name\":\"Administrador Web\",\"@id\":\"https:\\\/\\\/alcala.salesianos.edu\\\/colegio\\\/#\\\/schema\\\/person\\\/afcc24f776dc91fc2bf9afb0998fca77\"},\"headline\":\"Celebraciones en honor a San Juan Bosco, Tr\u00edduos\",\"datePublished\":\"2022-01-28T09:47:26+00:00\",\"dateModified\":\"2025-08-27T07:49:31+00:00\",\"mainEntityOfPage\":{\"@id\":\"https:\\\/\\\/alcala.salesianos.edu\\\/colegio\\\/blog\\\/2022\\\/01\\\/28\\\/celebraciones-en-honor-a-san-juan-bosco-triduos\\\/\"},\"wordCount\":285,\"articleSection\":[\"Uncategorized\"],\"inLanguage\":\"es\"},{\"@type\":\"WebPage\",\"@id\":\"https:\\\/\\\/alcala.salesianos.edu\\\/colegio\\\/blog\\\/2022\\\/01\\\/28\\\/celebraciones-en-honor-a-san-juan-bosco-triduos\\\/\",\"url\":\"https:\\\/\\\/alcala.salesianos.edu\\\/colegio\\\/blog\\\/2022\\\/01\\\/28\\\/celebraciones-en-honor-a-san-juan-bosco-triduos\\\/\",\"name\":\"Celebraciones en honor a San Juan Bosco, Tr\u00edduos - Colegio Salesiano Alcal\u00e1\",\"isPartOf\":{\"@id\":\"https:\\\/\\\/alcala.salesianos.edu\\\/colegio\\\/#website\"},\"datePublished\":\"2022-01-28T09:47:26+00:00\",\"dateModified\":\"2025-08-27T07:49:31+00:00\",\"author\":{\"@id\":\"https:\\\/\\\/alcala.salesianos.edu\\\/colegio\\\/#\\\/schema\\\/person\\\/afcc24f776dc91fc2bf9afb0998fca77\"},\"description\":\"Culminado el tr\u00edduo escolar a San Juan Bosco, a partir de hoy la Familia Salesiana comenzar\u00e1 sus tres d\u00edas preparatorios.\",\"breadcrumb\":{\"@id\":\"https:\\\/\\\/alcala.salesianos.edu\\\/colegio\\\/blog\\\/2022\\\/01\\\/28\\\/celebraciones-en-honor-a-san-juan-bosco-triduos\\\/#breadcrumb\"},\"inLanguage\":\"es\",\"potentialAction\":[{\"@type\":\"ReadAction\",\"target\":[\"https:\\\/\\\/alcala.salesianos.edu\\\/colegio\\\/blog\\\/2022\\\/01\\\/28\\\/celebraciones-en-honor-a-san-juan-bosco-triduos\\\/\"]}]},{\"@type\":\"BreadcrumbList\",\"@id\":\"https:\\\/\\\/alcala.salesianos.edu\\\/colegio\\\/blog\\\/2022\\\/01\\\/28\\\/celebraciones-en-honor-a-san-juan-bosco-triduos\\\/#breadcrumb\",\"itemListElement\":[{\"@type\":\"ListItem\",\"position\":1,\"name\":\"Portada\",\"item\":\"https:\\\/\\\/alcala.salesianos.edu\\\/colegio\\\/\"},{\"@type\":\"ListItem\",\"position\":2,\"name\":\"Celebraciones en honor a San Juan Bosco, Tr\u00edduos\"}]},{\"@type\":\"WebSite\",\"@id\":\"https:\\\/\\\/alcala.salesianos.edu\\\/colegio\\\/#website\",\"url\":\"https:\\\/\\\/alcala.salesianos.edu\\\/colegio\\\/\",\"name\":\"Colegio Salesiano Alcal\u00e1\",\"description\":\"P\u00e1gina oficial de Salesianos Alcal\u00e1 de Guadaira\",\"potentialAction\":[{\"@type\":\"SearchAction\",\"target\":{\"@type\":\"EntryPoint\",\"urlTemplate\":\"https:\\\/\\\/alcala.salesianos.edu\\\/colegio\\\/?s={search_term_string}\"},\"query-input\":{\"@type\":\"PropertyValueSpecification\",\"valueRequired\":true,\"valueName\":\"search_term_string\"}}],\"inLanguage\":\"es\"},{\"@type\":\"Person\",\"@id\":\"https:\\\/\\\/alcala.salesianos.edu\\\/colegio\\\/#\\\/schema\\\/person\\\/afcc24f776dc91fc2bf9afb0998fca77\",\"name\":\"Administrador Web\",\"image\":{\"@type\":\"ImageObject\",\"inLanguage\":\"es\",\"@id\":\"https:\\\/\\\/secure.gravatar.com\\\/avatar\\\/bc157e994689bd6da9645c00aa3bc4d55b727915b6652642660db0aef086585f?s=96&d=mm&r=g\",\"url\":\"https:\\\/\\\/secure.gravatar.com\\\/avatar\\\/bc157e994689bd6da9645c00aa3bc4d55b727915b6652642660db0aef086585f?s=96&d=mm&r=g\",\"contentUrl\":\"https:\\\/\\\/secure.gravatar.com\\\/avatar\\\/bc157e994689bd6da9645c00aa3bc4d55b727915b6652642660db0aef086585f?s=96&d=mm&r=g\",\"caption\":\"Administrador Web\"}}]}<\/script>\n<!-- \/ Yoast SEO plugin. -->","yoast_head_json":{"title":"Celebraciones en honor a San Juan Bosco, Tr\u00edduos - Colegio Salesiano Alcal\u00e1","description":"Culminado el tr\u00edduo escolar a San Juan Bosco, a partir de hoy la Familia Salesiana comenzar\u00e1 sus tres d\u00edas preparatorios.","robots":{"index":"index","follow":"follow","max-snippet":"max-snippet:-1","max-image-preview":"max-image-preview:large","max-video-preview":"max-video-preview:-1"},"canonical":"https:\/\/alcala.salesianos.edu\/colegio\/blog\/2022\/01\/28\/celebraciones-en-honor-a-san-juan-bosco-triduos\/","og_locale":"es_ES","og_type":"article","og_title":"Celebraciones en honor a San Juan Bosco, Tr\u00edduos - Colegio Salesiano Alcal\u00e1","og_description":"Culminado el tr\u00edduo escolar a San Juan Bosco, a partir de hoy la Familia Salesiana comenzar\u00e1 sus tres d\u00edas preparatorios.","og_url":"https:\/\/alcala.salesianos.edu\/colegio\/blog\/2022\/01\/28\/celebraciones-en-honor-a-san-juan-bosco-triduos\/","og_site_name":"Colegio Salesiano Alcal\u00e1","article_published_time":"2022-01-28T09:47:26+00:00","article_modified_time":"2025-08-27T07:49:31+00:00","author":"Administrador Web","twitter_card":"summary_large_image","twitter_misc":{"Escrito por":"Administrador Web","Tiempo de lectura":"1 minuto"},"schema":{"@context":"https:\/\/schema.org","@graph":[{"@type":"Article","@id":"https:\/\/alcala.salesianos.edu\/colegio\/blog\/2022\/01\/28\/celebraciones-en-honor-a-san-juan-bosco-triduos\/#article","isPartOf":{"@id":"https:\/\/alcala.salesianos.edu\/colegio\/blog\/2022\/01\/28\/celebraciones-en-honor-a-san-juan-bosco-triduos\/"},"author":{"name":"Administrador Web","@id":"https:\/\/alcala.salesianos.edu\/colegio\/#\/schema\/person\/afcc24f776dc91fc2bf9afb0998fca77"},"headline":"Celebraciones en honor a San Juan Bosco, Tr\u00edduos","datePublished":"2022-01-28T09:47:26+00:00","dateModified":"2025-08-27T07:49:31+00:00","mainEntityOfPage":{"@id":"https:\/\/alcala.salesianos.edu\/colegio\/blog\/2022\/01\/28\/celebraciones-en-honor-a-san-juan-bosco-triduos\/"},"wordCount":285,"articleSection":["Uncategorized"],"inLanguage":"es"},{"@type":"WebPage","@id":"https:\/\/alcala.salesianos.edu\/colegio\/blog\/2022\/01\/28\/celebraciones-en-honor-a-san-juan-bosco-triduos\/","url":"https:\/\/alcala.salesianos.edu\/colegio\/blog\/2022\/01\/28\/celebraciones-en-honor-a-san-juan-bosco-triduos\/","name":"Celebraciones en honor a San Juan Bosco, Tr\u00edduos - Colegio Salesiano Alcal\u00e1","isPartOf":{"@id":"https:\/\/alcala.salesianos.edu\/colegio\/#website"},"datePublished":"2022-01-28T09:47:26+00:00","dateModified":"2025-08-27T07:49:31+00:00","author":{"@id":"https:\/\/alcala.salesianos.edu\/colegio\/#\/schema\/person\/afcc24f776dc91fc2bf9afb0998fca77"},"description":"Culminado el tr\u00edduo escolar a San Juan Bosco, a partir de hoy la Familia Salesiana comenzar\u00e1 sus tres d\u00edas preparatorios.","breadcrumb":{"@id":"https:\/\/alcala.salesianos.edu\/colegio\/blog\/2022\/01\/28\/celebraciones-en-honor-a-san-juan-bosco-triduos\/#breadcrumb"},"inLanguage":"es","potentialAction":[{"@type":"ReadAction","target":["https:\/\/alcala.salesianos.edu\/colegio\/blog\/2022\/01\/28\/celebraciones-en-honor-a-san-juan-bosco-triduos\/"]}]},{"@type":"BreadcrumbList","@id":"https:\/\/alcala.salesianos.edu\/colegio\/blog\/2022\/01\/28\/celebraciones-en-honor-a-san-juan-bosco-triduos\/#breadcrumb","itemListElement":[{"@type":"ListItem","position":1,"name":"Portada","item":"https:\/\/alcala.salesianos.edu\/colegio\/"},{"@type":"ListItem","position":2,"name":"Celebraciones en honor a San Juan Bosco, Tr\u00edduos"}]},{"@type":"WebSite","@id":"https:\/\/alcala.salesianos.edu\/colegio\/#website","url":"https:\/\/alcala.salesianos.edu\/colegio\/","name":"Colegio Salesiano Alcal\u00e1","description":"P\u00e1gina oficial de Salesianos Alcal\u00e1 de Guadaira","potentialAction":[{"@type":"SearchAction","target":{"@type":"EntryPoint","urlTemplate":"https:\/\/alcala.salesianos.edu\/colegio\/?s={search_term_string}"},"query-input":{"@type":"PropertyValueSpecification","valueRequired":true,"valueName":"search_term_string"}}],"inLanguage":"es"},{"@type":"Person","@id":"https:\/\/alcala.salesianos.edu\/colegio\/#\/schema\/person\/afcc24f776dc91fc2bf9afb0998fca77","name":"Administrador Web","image":{"@type":"ImageObject","inLanguage":"es","@id":"https:\/\/secure.gravatar.com\/avatar\/bc157e994689bd6da9645c00aa3bc4d55b727915b6652642660db0aef086585f?s=96&d=mm&r=g","url":"https:\/\/secure.gravatar.com\/avatar\/bc157e994689bd6da9645c00aa3bc4d55b727915b6652642660db0aef086585f?s=96&d=mm&r=g","contentUrl":"https:\/\/secure.gravatar.com\/avatar\/bc157e994689bd6da9645c00aa3bc4d55b727915b6652642660db0aef086585f?s=96&d=mm&r=g","caption":"Administrador Web"}}]}},"_links":{"self":[{"href":"https:\/\/alcala.salesianos.edu\/colegio\/wp-json\/wp\/v2\/posts\/14500","targetHints":{"allow":["GET"]}}],"collection":[{"href":"https:\/\/alcala.salesianos.edu\/colegio\/wp-json\/wp\/v2\/posts"}],"about":[{"href":"https:\/\/alcala.salesianos.edu\/colegio\/wp-json\/wp\/v2\/types\/post"}],"author":[{"embeddable":true,"href":"https:\/\/alcala.salesianos.edu\/colegio\/wp-json\/wp\/v2\/users\/2"}],"replies":[{"embeddable":true,"href":"https:\/\/alcala.salesianos.edu\/colegio\/wp-json\/wp\/v2\/comments?post=14500"}],"version-history":[{"count":3,"href":"https:\/\/alcala.salesianos.edu\/colegio\/wp-json\/wp\/v2\/posts\/14500\/revisions"}],"predecessor-version":[{"id":14504,"href":"https:\/\/alcala.salesianos.edu\/colegio\/wp-json\/wp\/v2\/posts\/14500\/revisions\/14504"}],"wp:attachment":[{"href":"https:\/\/alcala.salesianos.edu\/colegio\/wp-json\/wp\/v2\/media?parent=14500"}],"wp:term":[{"taxonomy":"category","embeddable":true,"href":"https:\/\/alcala.salesianos.edu\/colegio\/wp-json\/wp\/v2\/categories?post=14500"},{"taxonomy":"post_tag","embeddable":true,"href":"https:\/\/alcala.salesianos.edu\/colegio\/wp-json\/wp\/v2\/tags?post=14500"}],"curies":[{"name":"wp","href":"https:\/\/api.w.org\/{rel}","templated":true}]}}