{"id":14482,"date":"2022-01-26T13:45:30","date_gmt":"2022-01-26T12:45:30","guid":{"rendered":"https:\/\/alcala.salesianos.edu\/colegio\/blog\/2022\/01\/26\/vigilia-don-bosco\/"},"modified":"2025-08-27T08:49:31","modified_gmt":"2025-08-27T07:49:31","slug":"vigilia-don-bosco","status":"publish","type":"post","link":"https:\/\/alcala.salesianos.edu\/colegio\/blog\/2022\/01\/26\/vigilia-don-bosco\/","title":{"rendered":"Vigilia en honor a San Juan Bosco"},"content":{"rendered":"<div id=\"fb-root\"><\/div>\n\n[et_pb_section fb_built=\u00bb1&#8243; admin_label=\u00bbsection\u00bb _builder_version=\u00bb3.22&#8243; global_colors_info=\u00bb{}\u00bb][et_pb_row admin_label=\u00bbrow\u00bb _builder_version=\u00bb3.25&#8243; background_size=\u00bbinitial\u00bb background_position=\u00bbtop_left\u00bb background_repeat=\u00bbrepeat\u00bb global_colors_info=\u00bb{}\u00bb][et_pb_column type=\u00bb4_4&#8243; _builder_version=\u00bb3.25&#8243; custom_padding=\u00bb|||\u00bb global_colors_info=\u00bb{}\u00bb custom_padding__hover=\u00bb|||\u00bb][et_pb_text _builder_version=\u00bb4.14.6&#8243; _module_preset=\u00bbdefault\u00bb hover_enabled=\u00bb0&#8243; sticky_enabled=\u00bb0&#8243;]\r\n<p class=\"Cuerpo\" style=\"text-align: justify;\"><span lang=\"ES-TRAD\">El pr\u00f3ximo jueves 27 de enero, la Familia Salesiana celebrar\u00e1 una recogida y entra\u00f1able vigilia en honor al padre de la juventud, San Juan Bosco.<\/span><\/p>\r\n<p class=\"Cuerpo\" style=\"text-align: justify;\"><span lang=\"ES-TRAD\">En la antesala al triduo que se celebrar\u00e1 a partir del viernes en la capilla de la casa, se conmemorar\u00e1 la figura de Don Bosco en un momento de recogimiento y oraci\u00f3n, una vigilia que nos dispone a participar de la fiesta de nuestro maestro y amigo, prepar\u00e1ndonos as\u00ed para la solemne funci\u00f3n del d\u00eda 31.<\/span><\/p>\r\n<p class=\"Cuerpo\" style=\"text-align: justify;\"><span lang=\"ES-TRAD\">Ser\u00e1 un tiempo de contemplaci\u00f3n en el que tendremos la grand\u00edsima oportunidad de llegar a mirar a Don Bosco a trav\u00e9s de los pilares con los que so\u00f1\u00f3, mirarlo a trav\u00e9s de Cristo y de Mar\u00eda, buscar el amor de Dios y la alegr\u00eda de nuestro maestro, una enorme oportunidad que nos brinda Dios en uni\u00f3n con todos los miembros de la casa.<\/span><\/p>\r\n<p class=\"Cuerpo\" style=\"text-align: justify;\"><span lang=\"ES-TRAD\">Haber conocido a Don Bosco es un precioso regalo, \u00e9l deja huella all\u00e1 donde vaya, nosotros, como Familia Salesiana, tenemos la suerte de haberlo conocido, en cada miembro de la casa, en las sonrisas de los ni\u00f1os, en el trabajo de todos y, sobre todo, en Dios, hemos conocido al Padre a trav\u00e9s de Dios.<\/span><\/p>\r\n<p class=\"Cuerpo\" style=\"text-align: justify;\"><span lang=\"ES-TRAD\">Un buen momento para agradecer el don que Dios nos ha hecho en San Juan Bosco: un padre, un maestro y un amigo que nos ha mostrado y guiado a trav\u00e9s de un camino de felicidad y de santidad.<\/span><\/p>\r\n[\/et_pb_text][\/et_pb_column][\/et_pb_row][\/et_pb_section]\n","protected":false},"excerpt":{"rendered":"<p>El pr\u00f3ximo jueves 27 de enero, la Familia Salesiana celebrar\u00e1 una recogida y entra\u00f1able vigilia en honor al padre de la juventud, San Juan Bosco.<\/p>\n","protected":false},"author":2,"featured_media":0,"comment_status":"closed","ping_status":"open","sticky":false,"template":"","format":"standard","meta":{"_et_pb_use_builder":"on","_et_pb_old_content":"","_et_gb_content_width":"","footnotes":""},"categories":[12,23,13,17,14,15,18,16,1],"tags":[],"class_list":["post-14482","post","type-post","status-publish","format-standard","hentry","category-colegio","category-covid","category-fasa","category-infantil","category-pastoral","category-portada","category-primaria","category-secundaria","category-uncategorized"],"yoast_head":"<!-- This site is optimized with the Yoast SEO plugin v28.4 - https:\/\/yoast.com\/product\/yoast-seo-wordpress\/ -->\n<title>Vigilia en honor a San Juan Bosco - Colegio Salesiano Alcal\u00e1<\/title>\n<meta name=\"description\" content=\"El pr\u00f3ximo jueves 27 de enero, se celebrar\u00e1 una recogida y entra\u00f1able vigilia en honor al padre de la juventud, San Juan Bosco.\" \/>\n<meta name=\"robots\" content=\"index, follow, max-snippet:-1, max-image-preview:large, max-video-preview:-1\" \/>\n<link rel=\"canonical\" href=\"https:\/\/alcala.salesianos.edu\/colegio\/blog\/2022\/01\/26\/vigilia-don-bosco\/\" \/>\n<meta property=\"og:locale\" content=\"es_ES\" \/>\n<meta property=\"og:type\" content=\"article\" \/>\n<meta property=\"og:title\" content=\"Vigilia en honor a San Juan Bosco - Colegio Salesiano Alcal\u00e1\" \/>\n<meta property=\"og:description\" content=\"El pr\u00f3ximo jueves 27 de enero, se celebrar\u00e1 una recogida y entra\u00f1able vigilia en honor al padre de la juventud, San Juan Bosco.\" \/>\n<meta property=\"og:url\" content=\"https:\/\/alcala.salesianos.edu\/colegio\/blog\/2022\/01\/26\/vigilia-don-bosco\/\" \/>\n<meta property=\"og:site_name\" content=\"Colegio Salesiano Alcal\u00e1\" \/>\n<meta property=\"article:published_time\" content=\"2022-01-26T12:45:30+00:00\" \/>\n<meta property=\"article:modified_time\" content=\"2025-08-27T07:49:31+00:00\" \/>\n<meta name=\"author\" content=\"Administrador Web\" \/>\n<meta name=\"twitter:card\" content=\"summary_large_image\" \/>\n<meta name=\"twitter:label1\" content=\"Escrito por\" \/>\n\t<meta name=\"twitter:data1\" content=\"Administrador Web\" \/>\n\t<meta name=\"twitter:label2\" content=\"Tiempo de lectura\" \/>\n\t<meta name=\"twitter:data2\" content=\"2 minutos\" \/>\n<script type=\"application\/ld+json\" class=\"yoast-schema-graph\">{\"@context\":\"https:\\\/\\\/schema.org\",\"@graph\":[{\"@type\":\"Article\",\"@id\":\"https:\\\/\\\/alcala.salesianos.edu\\\/colegio\\\/blog\\\/2022\\\/01\\\/26\\\/vigilia-don-bosco\\\/#article\",\"isPartOf\":{\"@id\":\"https:\\\/\\\/alcala.salesianos.edu\\\/colegio\\\/blog\\\/2022\\\/01\\\/26\\\/vigilia-don-bosco\\\/\"},\"author\":{\"name\":\"Administrador Web\",\"@id\":\"https:\\\/\\\/alcala.salesianos.edu\\\/colegio\\\/#\\\/schema\\\/person\\\/afcc24f776dc91fc2bf9afb0998fca77\"},\"headline\":\"Vigilia en honor a San Juan Bosco\",\"datePublished\":\"2022-01-26T12:45:30+00:00\",\"dateModified\":\"2025-08-27T07:49:31+00:00\",\"mainEntityOfPage\":{\"@id\":\"https:\\\/\\\/alcala.salesianos.edu\\\/colegio\\\/blog\\\/2022\\\/01\\\/26\\\/vigilia-don-bosco\\\/\"},\"wordCount\":331,\"articleSection\":[\"Colegio\",\"covid\",\"FASA\",\"Infantil\",\"Pastoral\",\"Portada\",\"Primaria\",\"Secundaria\",\"Uncategorized\"],\"inLanguage\":\"es\"},{\"@type\":\"WebPage\",\"@id\":\"https:\\\/\\\/alcala.salesianos.edu\\\/colegio\\\/blog\\\/2022\\\/01\\\/26\\\/vigilia-don-bosco\\\/\",\"url\":\"https:\\\/\\\/alcala.salesianos.edu\\\/colegio\\\/blog\\\/2022\\\/01\\\/26\\\/vigilia-don-bosco\\\/\",\"name\":\"Vigilia en honor a San Juan Bosco - Colegio Salesiano Alcal\u00e1\",\"isPartOf\":{\"@id\":\"https:\\\/\\\/alcala.salesianos.edu\\\/colegio\\\/#website\"},\"datePublished\":\"2022-01-26T12:45:30+00:00\",\"dateModified\":\"2025-08-27T07:49:31+00:00\",\"author\":{\"@id\":\"https:\\\/\\\/alcala.salesianos.edu\\\/colegio\\\/#\\\/schema\\\/person\\\/afcc24f776dc91fc2bf9afb0998fca77\"},\"description\":\"El pr\u00f3ximo jueves 27 de enero, se celebrar\u00e1 una recogida y entra\u00f1able vigilia en honor al padre de la juventud, San Juan Bosco.\",\"breadcrumb\":{\"@id\":\"https:\\\/\\\/alcala.salesianos.edu\\\/colegio\\\/blog\\\/2022\\\/01\\\/26\\\/vigilia-don-bosco\\\/#breadcrumb\"},\"inLanguage\":\"es\",\"potentialAction\":[{\"@type\":\"ReadAction\",\"target\":[\"https:\\\/\\\/alcala.salesianos.edu\\\/colegio\\\/blog\\\/2022\\\/01\\\/26\\\/vigilia-don-bosco\\\/\"]}]},{\"@type\":\"BreadcrumbList\",\"@id\":\"https:\\\/\\\/alcala.salesianos.edu\\\/colegio\\\/blog\\\/2022\\\/01\\\/26\\\/vigilia-don-bosco\\\/#breadcrumb\",\"itemListElement\":[{\"@type\":\"ListItem\",\"position\":1,\"name\":\"Portada\",\"item\":\"https:\\\/\\\/alcala.salesianos.edu\\\/colegio\\\/\"},{\"@type\":\"ListItem\",\"position\":2,\"name\":\"Vigilia en honor a San Juan Bosco\"}]},{\"@type\":\"WebSite\",\"@id\":\"https:\\\/\\\/alcala.salesianos.edu\\\/colegio\\\/#website\",\"url\":\"https:\\\/\\\/alcala.salesianos.edu\\\/colegio\\\/\",\"name\":\"Colegio Salesiano Alcal\u00e1\",\"description\":\"P\u00e1gina oficial de Salesianos Alcal\u00e1 de Guadaira\",\"potentialAction\":[{\"@type\":\"SearchAction\",\"target\":{\"@type\":\"EntryPoint\",\"urlTemplate\":\"https:\\\/\\\/alcala.salesianos.edu\\\/colegio\\\/?s={search_term_string}\"},\"query-input\":{\"@type\":\"PropertyValueSpecification\",\"valueRequired\":true,\"valueName\":\"search_term_string\"}}],\"inLanguage\":\"es\"},{\"@type\":\"Person\",\"@id\":\"https:\\\/\\\/alcala.salesianos.edu\\\/colegio\\\/#\\\/schema\\\/person\\\/afcc24f776dc91fc2bf9afb0998fca77\",\"name\":\"Administrador Web\",\"image\":{\"@type\":\"ImageObject\",\"inLanguage\":\"es\",\"@id\":\"https:\\\/\\\/secure.gravatar.com\\\/avatar\\\/bc157e994689bd6da9645c00aa3bc4d55b727915b6652642660db0aef086585f?s=96&d=mm&r=g\",\"url\":\"https:\\\/\\\/secure.gravatar.com\\\/avatar\\\/bc157e994689bd6da9645c00aa3bc4d55b727915b6652642660db0aef086585f?s=96&d=mm&r=g\",\"contentUrl\":\"https:\\\/\\\/secure.gravatar.com\\\/avatar\\\/bc157e994689bd6da9645c00aa3bc4d55b727915b6652642660db0aef086585f?s=96&d=mm&r=g\",\"caption\":\"Administrador Web\"}}]}<\/script>\n<!-- \/ Yoast SEO plugin. -->","yoast_head_json":{"title":"Vigilia en honor a San Juan Bosco - Colegio Salesiano Alcal\u00e1","description":"El pr\u00f3ximo jueves 27 de enero, se celebrar\u00e1 una recogida y entra\u00f1able vigilia en honor al padre de la juventud, San Juan Bosco.","robots":{"index":"index","follow":"follow","max-snippet":"max-snippet:-1","max-image-preview":"max-image-preview:large","max-video-preview":"max-video-preview:-1"},"canonical":"https:\/\/alcala.salesianos.edu\/colegio\/blog\/2022\/01\/26\/vigilia-don-bosco\/","og_locale":"es_ES","og_type":"article","og_title":"Vigilia en honor a San Juan Bosco - Colegio Salesiano Alcal\u00e1","og_description":"El pr\u00f3ximo jueves 27 de enero, se celebrar\u00e1 una recogida y entra\u00f1able vigilia en honor al padre de la juventud, San Juan Bosco.","og_url":"https:\/\/alcala.salesianos.edu\/colegio\/blog\/2022\/01\/26\/vigilia-don-bosco\/","og_site_name":"Colegio Salesiano Alcal\u00e1","article_published_time":"2022-01-26T12:45:30+00:00","article_modified_time":"2025-08-27T07:49:31+00:00","author":"Administrador Web","twitter_card":"summary_large_image","twitter_misc":{"Escrito por":"Administrador Web","Tiempo de lectura":"2 minutos"},"schema":{"@context":"https:\/\/schema.org","@graph":[{"@type":"Article","@id":"https:\/\/alcala.salesianos.edu\/colegio\/blog\/2022\/01\/26\/vigilia-don-bosco\/#article","isPartOf":{"@id":"https:\/\/alcala.salesianos.edu\/colegio\/blog\/2022\/01\/26\/vigilia-don-bosco\/"},"author":{"name":"Administrador Web","@id":"https:\/\/alcala.salesianos.edu\/colegio\/#\/schema\/person\/afcc24f776dc91fc2bf9afb0998fca77"},"headline":"Vigilia en honor a San Juan Bosco","datePublished":"2022-01-26T12:45:30+00:00","dateModified":"2025-08-27T07:49:31+00:00","mainEntityOfPage":{"@id":"https:\/\/alcala.salesianos.edu\/colegio\/blog\/2022\/01\/26\/vigilia-don-bosco\/"},"wordCount":331,"articleSection":["Colegio","covid","FASA","Infantil","Pastoral","Portada","Primaria","Secundaria","Uncategorized"],"inLanguage":"es"},{"@type":"WebPage","@id":"https:\/\/alcala.salesianos.edu\/colegio\/blog\/2022\/01\/26\/vigilia-don-bosco\/","url":"https:\/\/alcala.salesianos.edu\/colegio\/blog\/2022\/01\/26\/vigilia-don-bosco\/","name":"Vigilia en honor a San Juan Bosco - Colegio Salesiano Alcal\u00e1","isPartOf":{"@id":"https:\/\/alcala.salesianos.edu\/colegio\/#website"},"datePublished":"2022-01-26T12:45:30+00:00","dateModified":"2025-08-27T07:49:31+00:00","author":{"@id":"https:\/\/alcala.salesianos.edu\/colegio\/#\/schema\/person\/afcc24f776dc91fc2bf9afb0998fca77"},"description":"El pr\u00f3ximo jueves 27 de enero, se celebrar\u00e1 una recogida y entra\u00f1able vigilia en honor al padre de la juventud, San Juan Bosco.","breadcrumb":{"@id":"https:\/\/alcala.salesianos.edu\/colegio\/blog\/2022\/01\/26\/vigilia-don-bosco\/#breadcrumb"},"inLanguage":"es","potentialAction":[{"@type":"ReadAction","target":["https:\/\/alcala.salesianos.edu\/colegio\/blog\/2022\/01\/26\/vigilia-don-bosco\/"]}]},{"@type":"BreadcrumbList","@id":"https:\/\/alcala.salesianos.edu\/colegio\/blog\/2022\/01\/26\/vigilia-don-bosco\/#breadcrumb","itemListElement":[{"@type":"ListItem","position":1,"name":"Portada","item":"https:\/\/alcala.salesianos.edu\/colegio\/"},{"@type":"ListItem","position":2,"name":"Vigilia en honor a San Juan Bosco"}]},{"@type":"WebSite","@id":"https:\/\/alcala.salesianos.edu\/colegio\/#website","url":"https:\/\/alcala.salesianos.edu\/colegio\/","name":"Colegio Salesiano Alcal\u00e1","description":"P\u00e1gina oficial de Salesianos Alcal\u00e1 de Guadaira","potentialAction":[{"@type":"SearchAction","target":{"@type":"EntryPoint","urlTemplate":"https:\/\/alcala.salesianos.edu\/colegio\/?s={search_term_string}"},"query-input":{"@type":"PropertyValueSpecification","valueRequired":true,"valueName":"search_term_string"}}],"inLanguage":"es"},{"@type":"Person","@id":"https:\/\/alcala.salesianos.edu\/colegio\/#\/schema\/person\/afcc24f776dc91fc2bf9afb0998fca77","name":"Administrador Web","image":{"@type":"ImageObject","inLanguage":"es","@id":"https:\/\/secure.gravatar.com\/avatar\/bc157e994689bd6da9645c00aa3bc4d55b727915b6652642660db0aef086585f?s=96&d=mm&r=g","url":"https:\/\/secure.gravatar.com\/avatar\/bc157e994689bd6da9645c00aa3bc4d55b727915b6652642660db0aef086585f?s=96&d=mm&r=g","contentUrl":"https:\/\/secure.gravatar.com\/avatar\/bc157e994689bd6da9645c00aa3bc4d55b727915b6652642660db0aef086585f?s=96&d=mm&r=g","caption":"Administrador Web"}}]}},"_links":{"self":[{"href":"https:\/\/alcala.salesianos.edu\/colegio\/wp-json\/wp\/v2\/posts\/14482","targetHints":{"allow":["GET"]}}],"collection":[{"href":"https:\/\/alcala.salesianos.edu\/colegio\/wp-json\/wp\/v2\/posts"}],"about":[{"href":"https:\/\/alcala.salesianos.edu\/colegio\/wp-json\/wp\/v2\/types\/post"}],"author":[{"embeddable":true,"href":"https:\/\/alcala.salesianos.edu\/colegio\/wp-json\/wp\/v2\/users\/2"}],"replies":[{"embeddable":true,"href":"https:\/\/alcala.salesianos.edu\/colegio\/wp-json\/wp\/v2\/comments?post=14482"}],"version-history":[{"count":1,"href":"https:\/\/alcala.salesianos.edu\/colegio\/wp-json\/wp\/v2\/posts\/14482\/revisions"}],"predecessor-version":[{"id":14490,"href":"https:\/\/alcala.salesianos.edu\/colegio\/wp-json\/wp\/v2\/posts\/14482\/revisions\/14490"}],"wp:attachment":[{"href":"https:\/\/alcala.salesianos.edu\/colegio\/wp-json\/wp\/v2\/media?parent=14482"}],"wp:term":[{"taxonomy":"category","embeddable":true,"href":"https:\/\/alcala.salesianos.edu\/colegio\/wp-json\/wp\/v2\/categories?post=14482"},{"taxonomy":"post_tag","embeddable":true,"href":"https:\/\/alcala.salesianos.edu\/colegio\/wp-json\/wp\/v2\/tags?post=14482"}],"curies":[{"name":"wp","href":"https:\/\/api.w.org\/{rel}","templated":true}]}}