{"id":14472,"date":"2022-01-20T13:30:50","date_gmt":"2022-01-20T12:30:50","guid":{"rendered":"https:\/\/alcala.salesianos.edu\/colegio\/blog\/2022\/01\/20\/formacion-del-claustro-en-aprendizaje-cooperativo\/"},"modified":"2025-08-27T08:49:32","modified_gmt":"2025-08-27T07:49:32","slug":"formacion-del-claustro-en-aprendizaje-cooperativo","status":"publish","type":"post","link":"https:\/\/alcala.salesianos.edu\/colegio\/blog\/2022\/01\/20\/formacion-del-claustro-en-aprendizaje-cooperativo\/","title":{"rendered":"Contin\u00faa la formaci\u00f3n del claustro en Aprendizaje Cooperativo"},"content":{"rendered":"<div id=\"fb-root\"><\/div>\n<p>[et_pb_section fb_built=\u00bb1&#8243; admin_label=\u00bbsection\u00bb _builder_version=\u00bb3.22&#8243; global_colors_info=\u00bb{}\u00bb][et_pb_row admin_label=\u00bbrow\u00bb _builder_version=\u00bb3.25&#8243; background_size=\u00bbinitial\u00bb background_position=\u00bbtop_left\u00bb background_repeat=\u00bbrepeat\u00bb global_colors_info=\u00bb{}\u00bb][et_pb_column type=\u00bb4_4&#8243; _builder_version=\u00bb3.25&#8243; custom_padding=\u00bb|||\u00bb global_colors_info=\u00bb{}\u00bb custom_padding__hover=\u00bb|||\u00bb][et_pb_text _builder_version=\u00bb4.14.6&#8243; _module_preset=\u00bbdefault\u00bb hover_enabled=\u00bb0&#8243; sticky_enabled=\u00bb0&#8243;]<\/p>\n<h2 style=\"text-align: center;\"><strong>\u201cHaciendo al individuo mejor y m\u00e1s fuerte\u201d<\/strong><\/h2>\n<p>&nbsp;<\/p>\n<p>El pasado martes 18 de enero, el claustro de nuestro centro recibi\u00f3 una fruct\u00edfera formaci\u00f3n sobre aprendizaje cooperativo a cargo de Felipe Brito, reconocido miembro del Centro Internacional de Aprendizaje Cooperativo, centro asociado al CLC (Minnesota) co-dirigido por David W. Johnson y Roger T. Johnson.<\/p>\n<p>&nbsp;<\/p>\n<p>Esta formaci\u00f3n se dividir\u00e1 en tres sesiones a lo largo del curso, meses en los que se trabajar\u00e1 la innovaci\u00f3n educativa como eje transversal en las horas de trabajo, con el objetivo de alcanzar la mejora educativa y un desarrollo \u00f3ptimo del aprendizaje de nuestros alumnos.<\/p>\n<p>&nbsp;<\/p>\n<p>La funci\u00f3n del Aprendizaje Cooperativo, la investigaci\u00f3n necesaria para llevarlo a cabo, los modelos de interacci\u00f3n o el rol del profesor en el aula, son algunos de los contenidos que se han trabajado y trabajar\u00e1n a lo largo de la formaci\u00f3n.<\/p>\n<p>&nbsp;<\/p>\n<p>Desde el equipo directivo, en coordinaci\u00f3n con el equipo de innovaci\u00f3n del centro, en busca de mejorar en la pr\u00e1ctica educativa cotidiana, se propone aprender haciendo, y es que no hay mejor manera de educar que llevando a cabo pr\u00e1cticas y aprendizajes de forma vivencial, en beneficio de todos los ni\u00f1os de nuestra ciudad, haciendo al individuo mejor y m\u00e1s fuerte, porque nos mueve la esperanza, porque creemos en la uni\u00f3n de las personas.<\/p>\n<p>[\/et_pb_text][\/et_pb_column][\/et_pb_row][\/et_pb_section]<\/p>\n","protected":false},"excerpt":{"rendered":"<p>El pasado martes 18 de enero, el claustro de nuestro centro recibi\u00f3 una fruct\u00edfera formaci\u00f3n sobre aprendizaje cooperativo a cargo de Felipe Brito, miembro del Centro Internacional de Aprendizaje Cooperativo.<\/p>\n","protected":false},"author":2,"featured_media":0,"comment_status":"closed","ping_status":"open","sticky":false,"template":"","format":"standard","meta":{"_et_pb_use_builder":"on","_et_pb_old_content":"","_et_gb_content_width":"","footnotes":""},"categories":[12,23,13,17,14,15,18,16,1],"tags":[],"class_list":["post-14472","post","type-post","status-publish","format-standard","hentry","category-colegio","category-covid","category-fasa","category-infantil","category-pastoral","category-portada","category-primaria","category-secundaria","category-uncategorized"],"yoast_head":"<!-- This site is optimized with the Yoast SEO plugin v28.4 - https:\/\/yoast.com\/product\/yoast-seo-wordpress\/ -->\n<title>Contin\u00faa la formaci\u00f3n del claustro en Aprendizaje Cooperativo - Colegio Salesiano Alcal\u00e1<\/title>\n<meta name=\"description\" content=\"El pasado martes 18 de enero, el claustro recibi\u00f3 una fruct\u00edfera formaci\u00f3n sobre aprendizaje cooperativo a cargo de Felipe Brito.\" \/>\n<meta name=\"robots\" content=\"index, follow, max-snippet:-1, max-image-preview:large, max-video-preview:-1\" \/>\n<link rel=\"canonical\" href=\"https:\/\/alcala.salesianos.edu\/colegio\/blog\/2022\/01\/20\/formacion-del-claustro-en-aprendizaje-cooperativo\/\" \/>\n<meta property=\"og:locale\" content=\"es_ES\" \/>\n<meta property=\"og:type\" content=\"article\" \/>\n<meta property=\"og:title\" content=\"Contin\u00faa la formaci\u00f3n del claustro en Aprendizaje Cooperativo - Colegio Salesiano Alcal\u00e1\" \/>\n<meta property=\"og:description\" content=\"El pasado martes 18 de enero, el claustro recibi\u00f3 una fruct\u00edfera formaci\u00f3n sobre aprendizaje cooperativo a cargo de Felipe Brito.\" \/>\n<meta property=\"og:url\" content=\"https:\/\/alcala.salesianos.edu\/colegio\/blog\/2022\/01\/20\/formacion-del-claustro-en-aprendizaje-cooperativo\/\" \/>\n<meta property=\"og:site_name\" content=\"Colegio Salesiano Alcal\u00e1\" \/>\n<meta property=\"article:published_time\" content=\"2022-01-20T12:30:50+00:00\" \/>\n<meta property=\"article:modified_time\" content=\"2025-08-27T07:49:32+00:00\" \/>\n<meta name=\"author\" content=\"Administrador Web\" \/>\n<meta name=\"twitter:card\" content=\"summary_large_image\" \/>\n<meta name=\"twitter:label1\" content=\"Escrito por\" \/>\n\t<meta name=\"twitter:data1\" content=\"Administrador Web\" \/>\n\t<meta name=\"twitter:label2\" content=\"Tiempo de lectura\" \/>\n\t<meta name=\"twitter:data2\" content=\"2 minutos\" \/>\n<script type=\"application\/ld+json\" class=\"yoast-schema-graph\">{\"@context\":\"https:\\\/\\\/schema.org\",\"@graph\":[{\"@type\":\"Article\",\"@id\":\"https:\\\/\\\/alcala.salesianos.edu\\\/colegio\\\/blog\\\/2022\\\/01\\\/20\\\/formacion-del-claustro-en-aprendizaje-cooperativo\\\/#article\",\"isPartOf\":{\"@id\":\"https:\\\/\\\/alcala.salesianos.edu\\\/colegio\\\/blog\\\/2022\\\/01\\\/20\\\/formacion-del-claustro-en-aprendizaje-cooperativo\\\/\"},\"author\":{\"name\":\"Administrador Web\",\"@id\":\"https:\\\/\\\/alcala.salesianos.edu\\\/colegio\\\/#\\\/schema\\\/person\\\/afcc24f776dc91fc2bf9afb0998fca77\"},\"headline\":\"Contin\u00faa la formaci\u00f3n del claustro en Aprendizaje Cooperativo\",\"datePublished\":\"2022-01-20T12:30:50+00:00\",\"dateModified\":\"2025-08-27T07:49:32+00:00\",\"mainEntityOfPage\":{\"@id\":\"https:\\\/\\\/alcala.salesianos.edu\\\/colegio\\\/blog\\\/2022\\\/01\\\/20\\\/formacion-del-claustro-en-aprendizaje-cooperativo\\\/\"},\"wordCount\":315,\"articleSection\":[\"Colegio\",\"covid\",\"FASA\",\"Infantil\",\"Pastoral\",\"Portada\",\"Primaria\",\"Secundaria\",\"Uncategorized\"],\"inLanguage\":\"es\"},{\"@type\":\"WebPage\",\"@id\":\"https:\\\/\\\/alcala.salesianos.edu\\\/colegio\\\/blog\\\/2022\\\/01\\\/20\\\/formacion-del-claustro-en-aprendizaje-cooperativo\\\/\",\"url\":\"https:\\\/\\\/alcala.salesianos.edu\\\/colegio\\\/blog\\\/2022\\\/01\\\/20\\\/formacion-del-claustro-en-aprendizaje-cooperativo\\\/\",\"name\":\"Contin\u00faa la formaci\u00f3n del claustro en Aprendizaje Cooperativo - Colegio Salesiano Alcal\u00e1\",\"isPartOf\":{\"@id\":\"https:\\\/\\\/alcala.salesianos.edu\\\/colegio\\\/#website\"},\"datePublished\":\"2022-01-20T12:30:50+00:00\",\"dateModified\":\"2025-08-27T07:49:32+00:00\",\"author\":{\"@id\":\"https:\\\/\\\/alcala.salesianos.edu\\\/colegio\\\/#\\\/schema\\\/person\\\/afcc24f776dc91fc2bf9afb0998fca77\"},\"description\":\"El pasado martes 18 de enero, el claustro recibi\u00f3 una fruct\u00edfera formaci\u00f3n sobre aprendizaje cooperativo a cargo de Felipe Brito.\",\"breadcrumb\":{\"@id\":\"https:\\\/\\\/alcala.salesianos.edu\\\/colegio\\\/blog\\\/2022\\\/01\\\/20\\\/formacion-del-claustro-en-aprendizaje-cooperativo\\\/#breadcrumb\"},\"inLanguage\":\"es\",\"potentialAction\":[{\"@type\":\"ReadAction\",\"target\":[\"https:\\\/\\\/alcala.salesianos.edu\\\/colegio\\\/blog\\\/2022\\\/01\\\/20\\\/formacion-del-claustro-en-aprendizaje-cooperativo\\\/\"]}]},{\"@type\":\"BreadcrumbList\",\"@id\":\"https:\\\/\\\/alcala.salesianos.edu\\\/colegio\\\/blog\\\/2022\\\/01\\\/20\\\/formacion-del-claustro-en-aprendizaje-cooperativo\\\/#breadcrumb\",\"itemListElement\":[{\"@type\":\"ListItem\",\"position\":1,\"name\":\"Portada\",\"item\":\"https:\\\/\\\/alcala.salesianos.edu\\\/colegio\\\/\"},{\"@type\":\"ListItem\",\"position\":2,\"name\":\"Contin\u00faa la formaci\u00f3n del claustro en Aprendizaje Cooperativo\"}]},{\"@type\":\"WebSite\",\"@id\":\"https:\\\/\\\/alcala.salesianos.edu\\\/colegio\\\/#website\",\"url\":\"https:\\\/\\\/alcala.salesianos.edu\\\/colegio\\\/\",\"name\":\"Colegio Salesiano Alcal\u00e1\",\"description\":\"P\u00e1gina oficial de Salesianos Alcal\u00e1 de Guadaira\",\"potentialAction\":[{\"@type\":\"SearchAction\",\"target\":{\"@type\":\"EntryPoint\",\"urlTemplate\":\"https:\\\/\\\/alcala.salesianos.edu\\\/colegio\\\/?s={search_term_string}\"},\"query-input\":{\"@type\":\"PropertyValueSpecification\",\"valueRequired\":true,\"valueName\":\"search_term_string\"}}],\"inLanguage\":\"es\"},{\"@type\":\"Person\",\"@id\":\"https:\\\/\\\/alcala.salesianos.edu\\\/colegio\\\/#\\\/schema\\\/person\\\/afcc24f776dc91fc2bf9afb0998fca77\",\"name\":\"Administrador Web\",\"image\":{\"@type\":\"ImageObject\",\"inLanguage\":\"es\",\"@id\":\"https:\\\/\\\/secure.gravatar.com\\\/avatar\\\/bc157e994689bd6da9645c00aa3bc4d55b727915b6652642660db0aef086585f?s=96&d=mm&r=g\",\"url\":\"https:\\\/\\\/secure.gravatar.com\\\/avatar\\\/bc157e994689bd6da9645c00aa3bc4d55b727915b6652642660db0aef086585f?s=96&d=mm&r=g\",\"contentUrl\":\"https:\\\/\\\/secure.gravatar.com\\\/avatar\\\/bc157e994689bd6da9645c00aa3bc4d55b727915b6652642660db0aef086585f?s=96&d=mm&r=g\",\"caption\":\"Administrador Web\"}}]}<\/script>\n<!-- \/ Yoast SEO plugin. -->","yoast_head_json":{"title":"Contin\u00faa la formaci\u00f3n del claustro en Aprendizaje Cooperativo - Colegio Salesiano Alcal\u00e1","description":"El pasado martes 18 de enero, el claustro recibi\u00f3 una fruct\u00edfera formaci\u00f3n sobre aprendizaje cooperativo a cargo de Felipe Brito.","robots":{"index":"index","follow":"follow","max-snippet":"max-snippet:-1","max-image-preview":"max-image-preview:large","max-video-preview":"max-video-preview:-1"},"canonical":"https:\/\/alcala.salesianos.edu\/colegio\/blog\/2022\/01\/20\/formacion-del-claustro-en-aprendizaje-cooperativo\/","og_locale":"es_ES","og_type":"article","og_title":"Contin\u00faa la formaci\u00f3n del claustro en Aprendizaje Cooperativo - Colegio Salesiano Alcal\u00e1","og_description":"El pasado martes 18 de enero, el claustro recibi\u00f3 una fruct\u00edfera formaci\u00f3n sobre aprendizaje cooperativo a cargo de Felipe Brito.","og_url":"https:\/\/alcala.salesianos.edu\/colegio\/blog\/2022\/01\/20\/formacion-del-claustro-en-aprendizaje-cooperativo\/","og_site_name":"Colegio Salesiano Alcal\u00e1","article_published_time":"2022-01-20T12:30:50+00:00","article_modified_time":"2025-08-27T07:49:32+00:00","author":"Administrador Web","twitter_card":"summary_large_image","twitter_misc":{"Escrito por":"Administrador Web","Tiempo de lectura":"2 minutos"},"schema":{"@context":"https:\/\/schema.org","@graph":[{"@type":"Article","@id":"https:\/\/alcala.salesianos.edu\/colegio\/blog\/2022\/01\/20\/formacion-del-claustro-en-aprendizaje-cooperativo\/#article","isPartOf":{"@id":"https:\/\/alcala.salesianos.edu\/colegio\/blog\/2022\/01\/20\/formacion-del-claustro-en-aprendizaje-cooperativo\/"},"author":{"name":"Administrador Web","@id":"https:\/\/alcala.salesianos.edu\/colegio\/#\/schema\/person\/afcc24f776dc91fc2bf9afb0998fca77"},"headline":"Contin\u00faa la formaci\u00f3n del claustro en Aprendizaje Cooperativo","datePublished":"2022-01-20T12:30:50+00:00","dateModified":"2025-08-27T07:49:32+00:00","mainEntityOfPage":{"@id":"https:\/\/alcala.salesianos.edu\/colegio\/blog\/2022\/01\/20\/formacion-del-claustro-en-aprendizaje-cooperativo\/"},"wordCount":315,"articleSection":["Colegio","covid","FASA","Infantil","Pastoral","Portada","Primaria","Secundaria","Uncategorized"],"inLanguage":"es"},{"@type":"WebPage","@id":"https:\/\/alcala.salesianos.edu\/colegio\/blog\/2022\/01\/20\/formacion-del-claustro-en-aprendizaje-cooperativo\/","url":"https:\/\/alcala.salesianos.edu\/colegio\/blog\/2022\/01\/20\/formacion-del-claustro-en-aprendizaje-cooperativo\/","name":"Contin\u00faa la formaci\u00f3n del claustro en Aprendizaje Cooperativo - Colegio Salesiano Alcal\u00e1","isPartOf":{"@id":"https:\/\/alcala.salesianos.edu\/colegio\/#website"},"datePublished":"2022-01-20T12:30:50+00:00","dateModified":"2025-08-27T07:49:32+00:00","author":{"@id":"https:\/\/alcala.salesianos.edu\/colegio\/#\/schema\/person\/afcc24f776dc91fc2bf9afb0998fca77"},"description":"El pasado martes 18 de enero, el claustro recibi\u00f3 una fruct\u00edfera formaci\u00f3n sobre aprendizaje cooperativo a cargo de Felipe Brito.","breadcrumb":{"@id":"https:\/\/alcala.salesianos.edu\/colegio\/blog\/2022\/01\/20\/formacion-del-claustro-en-aprendizaje-cooperativo\/#breadcrumb"},"inLanguage":"es","potentialAction":[{"@type":"ReadAction","target":["https:\/\/alcala.salesianos.edu\/colegio\/blog\/2022\/01\/20\/formacion-del-claustro-en-aprendizaje-cooperativo\/"]}]},{"@type":"BreadcrumbList","@id":"https:\/\/alcala.salesianos.edu\/colegio\/blog\/2022\/01\/20\/formacion-del-claustro-en-aprendizaje-cooperativo\/#breadcrumb","itemListElement":[{"@type":"ListItem","position":1,"name":"Portada","item":"https:\/\/alcala.salesianos.edu\/colegio\/"},{"@type":"ListItem","position":2,"name":"Contin\u00faa la formaci\u00f3n del claustro en Aprendizaje Cooperativo"}]},{"@type":"WebSite","@id":"https:\/\/alcala.salesianos.edu\/colegio\/#website","url":"https:\/\/alcala.salesianos.edu\/colegio\/","name":"Colegio Salesiano Alcal\u00e1","description":"P\u00e1gina oficial de Salesianos Alcal\u00e1 de Guadaira","potentialAction":[{"@type":"SearchAction","target":{"@type":"EntryPoint","urlTemplate":"https:\/\/alcala.salesianos.edu\/colegio\/?s={search_term_string}"},"query-input":{"@type":"PropertyValueSpecification","valueRequired":true,"valueName":"search_term_string"}}],"inLanguage":"es"},{"@type":"Person","@id":"https:\/\/alcala.salesianos.edu\/colegio\/#\/schema\/person\/afcc24f776dc91fc2bf9afb0998fca77","name":"Administrador Web","image":{"@type":"ImageObject","inLanguage":"es","@id":"https:\/\/secure.gravatar.com\/avatar\/bc157e994689bd6da9645c00aa3bc4d55b727915b6652642660db0aef086585f?s=96&d=mm&r=g","url":"https:\/\/secure.gravatar.com\/avatar\/bc157e994689bd6da9645c00aa3bc4d55b727915b6652642660db0aef086585f?s=96&d=mm&r=g","contentUrl":"https:\/\/secure.gravatar.com\/avatar\/bc157e994689bd6da9645c00aa3bc4d55b727915b6652642660db0aef086585f?s=96&d=mm&r=g","caption":"Administrador Web"}}]}},"_links":{"self":[{"href":"https:\/\/alcala.salesianos.edu\/colegio\/wp-json\/wp\/v2\/posts\/14472","targetHints":{"allow":["GET"]}}],"collection":[{"href":"https:\/\/alcala.salesianos.edu\/colegio\/wp-json\/wp\/v2\/posts"}],"about":[{"href":"https:\/\/alcala.salesianos.edu\/colegio\/wp-json\/wp\/v2\/types\/post"}],"author":[{"embeddable":true,"href":"https:\/\/alcala.salesianos.edu\/colegio\/wp-json\/wp\/v2\/users\/2"}],"replies":[{"embeddable":true,"href":"https:\/\/alcala.salesianos.edu\/colegio\/wp-json\/wp\/v2\/comments?post=14472"}],"version-history":[{"count":1,"href":"https:\/\/alcala.salesianos.edu\/colegio\/wp-json\/wp\/v2\/posts\/14472\/revisions"}],"predecessor-version":[{"id":16675,"href":"https:\/\/alcala.salesianos.edu\/colegio\/wp-json\/wp\/v2\/posts\/14472\/revisions\/16675"}],"wp:attachment":[{"href":"https:\/\/alcala.salesianos.edu\/colegio\/wp-json\/wp\/v2\/media?parent=14472"}],"wp:term":[{"taxonomy":"category","embeddable":true,"href":"https:\/\/alcala.salesianos.edu\/colegio\/wp-json\/wp\/v2\/categories?post=14472"},{"taxonomy":"post_tag","embeddable":true,"href":"https:\/\/alcala.salesianos.edu\/colegio\/wp-json\/wp\/v2\/tags?post=14472"}],"curies":[{"name":"wp","href":"https:\/\/api.w.org\/{rel}","templated":true}]}}