{"id":14429,"date":"2021-12-13T12:51:43","date_gmt":"2021-12-13T11:51:43","guid":{"rendered":"https:\/\/alcala.salesianos.edu\/colegio\/blog\/2021\/12\/13\/gala-salesiana-2021\/"},"modified":"2025-08-27T08:49:33","modified_gmt":"2025-08-27T07:49:33","slug":"gala-salesiana-2021","status":"publish","type":"post","link":"https:\/\/alcala.salesianos.edu\/colegio\/blog\/2021\/12\/13\/gala-salesiana-2021\/","title":{"rendered":"Gala Salesiana de la Navidad 2021"},"content":{"rendered":"<div id=\"fb-root\"><\/div>\n<p>[et_pb_section fb_built=\u00bb1&#8243; admin_label=\u00bbsection\u00bb _builder_version=\u00bb3.22&#8243; global_colors_info=\u00bb{}\u00bb][et_pb_row admin_label=\u00bbrow\u00bb _builder_version=\u00bb3.25&#8243; background_size=\u00bbinitial\u00bb background_position=\u00bbtop_left\u00bb background_repeat=\u00bbrepeat\u00bb global_colors_info=\u00bb{}\u00bb][et_pb_column type=\u00bb4_4&#8243; _builder_version=\u00bb3.25&#8243; custom_padding=\u00bb|||\u00bb global_colors_info=\u00bb{}\u00bb custom_padding__hover=\u00bb|||\u00bb][et_pb_text _builder_version=\u00bb4.14.2&#8243; _module_preset=\u00bbdefault\u00bb hover_enabled=\u00bb0&#8243; sticky_enabled=\u00bb0&#8243;]<\/p>\n<p>Nos encontramos en los \u00faltimos d\u00edas lectivos del a\u00f1o 2021 cargados de <strong>ilusi\u00f3n y alegr\u00eda<\/strong>\u00a0por la pronta venida de nuestro\u00a0<strong>Salvador<\/strong>. Durante estos d\u00edas los alumnos del centro disfrutar\u00e1n de numerosas actividades que les ayudar\u00e1n a preparar y a entender el sentido de la Navidad.<\/p>\n<p>Comenzamos la semana con la actividad solidaria de la <strong>Operaci\u00f3n Kilo<\/strong><strong>\u00a0<\/strong>tratando de fomentar la <strong>colaboraci\u00f3n<\/strong>\u00a0y\u00a0<strong>concienciaci\u00f3n<\/strong>\u00a0de los j\u00f3venes hacia los m\u00e1s necesitados de nuestra localidad a trav\u00e9s de\u00a0<strong>C\u00e1ritas<\/strong><\/p>\n<p>Durante los d\u00edas <strong>lunes 13 y mi\u00e9rcoles 15<\/strong>\u00a0de diciembre, todos los alumnos del Centro participar\u00e1n en la\u00a0<strong>Gran Gala Salesiana de la Navidad.<\/strong> En ella los j\u00f3venes de las tres etapas educativas recitar\u00e1n sus villancicos que con esfuerzo, ilusi\u00f3n y gran alegr\u00eda han preparado. Adem\u00e1s, este a\u00f1o participar\u00e1 la Escolan\u00eda de Santo Domingo Savio.<\/p>\n<p>Con car\u00e1cter preventivo y para garantizar la seguridad de todos los alumnos y familiares en la XIII edici\u00f3n del Festival de Villancicos del Centro, os facilitamos algunas informaciones sobre la organizaci\u00f3n:<\/p>\n<p>&nbsp;<\/p>\n<p>\u2013 Educaci\u00f3n Infantil, lunes 13 de diciembre:<\/p>\n<p>Se realizar\u00e1 en dos turnos distintos:<\/p>\n<ul>\n<li>Primer turno a las 16:00 h: cantar\u00e1n los alumnos de la jirafa, la tortuga y el pez.<\/li>\n<li>Segundo turno a las 17:00h: cantar\u00e1n los alumnos del hipop\u00f3tamos, el le\u00f3n y el caracol.<\/li>\n<\/ul>\n<p>\u2013 Educaci\u00f3n Primaria, martes 14 de diciembre:<\/p>\n<p>Se realizar\u00e1 en tres turnos distintos:<\/p>\n<ul>\n<li>Primer turno a las 16:00 h: cantar\u00e1n los alumnos del primer ciclo.<\/li>\n<li>Segundo turno a las 16:45h: cantar\u00e1n los alumnos del segundo ciclo.<\/li>\n<li>Tercer turno a las 17:30h: cantar\u00e1n los alumnos del tercer ciclo.<\/li>\n<\/ul>\n<p>\u2013 Educaci\u00f3n Secundaria, mi\u00e9rcoles 15 de diciembre:<\/p>\n<p>Se realizar\u00e1 en dos turnos distintos:<\/p>\n<ul>\n<li>Primer turno a las 16:30 h: cantar\u00e1n los alumnos de 1\u00ba y 2\u00ba.<\/li>\n<li>Segundo turno a las 17:15h: cantar\u00e1n los alumnos de 3\u00ba y 4\u00ba.<\/li>\n<\/ul>\n<p>Os facilitamos en el bot\u00f3n inferior el programa de actos de Navidad de la Casa.<\/p>\n<p>Desde la Casa de Alcal\u00e1 deseamos que todos teng\u00e1is una Feliz Navidad y que disfrut\u00e9is de esta semana apasionante y llena de ilusi\u00f3n.<\/p>\n<p>[\/et_pb_text][et_pb_button _builder_version=\u00bb4.14.2&#8243; _module_preset=\u00bbdefault\u00bb button_text=\u00bbPrograma de Navidad 2021&#8243; button_url=\u00bbhttps:\/\/alcala.salesianos.edu\/wp-content\/uploads\/2021\/12\/Programa-Navidad-2021.pdf\u00bb url_new_window=\u00bbon\u00bb button_alignment=\u00bbcenter\u00bb custom_button=\u00bbon\u00bb button_text_color=\u00bb#FFFFFF\u00bb button_bg_color=\u00bb#dc001b\u00bb button_bg_enable_color=\u00bbon\u00bb button_border_color=\u00bb#FFFFFF\u00bb hover_enabled=\u00bb0&#8243; sticky_enabled=\u00bb0&#8243;][\/et_pb_button][\/et_pb_column][\/et_pb_row][\/et_pb_section]<\/p>\n","protected":false},"excerpt":{"rendered":"<p>Nos encontramos en los \u00faltimos d\u00edas lectivos del a\u00f1o 2021 cargados de ilusi\u00f3n y alegr\u00eda\u00a0por la pronta venida de nuestro\u00a0Salvador. Desde hoy hasta el mi\u00e9rcoles se realizar\u00e1 la Gala Salesiana de la Navidad.<\/p>\n","protected":false},"author":2,"featured_media":0,"comment_status":"closed","ping_status":"open","sticky":false,"template":"","format":"standard","meta":{"_et_pb_use_builder":"on","_et_pb_old_content":"","_et_gb_content_width":"","footnotes":""},"categories":[12,23,13,17,14,15,18,16,1],"tags":[],"class_list":["post-14429","post","type-post","status-publish","format-standard","hentry","category-colegio","category-covid","category-fasa","category-infantil","category-pastoral","category-portada","category-primaria","category-secundaria","category-uncategorized"],"yoast_head":"<!-- This site is optimized with the Yoast SEO plugin v28.4 - https:\/\/yoast.com\/product\/yoast-seo-wordpress\/ -->\n<title>Gala Salesiana de la Navidad 2021 - Colegio Salesiano Alcal\u00e1<\/title>\n<meta name=\"description\" content=\"Nos encontramos en los \u00faltimos d\u00edas lectivos del a\u00f1o 2021 cargados de ilusi\u00f3n y alegr\u00eda\u00a0por la pronta venida de nuestro\u00a0Salvador.\" \/>\n<meta name=\"robots\" content=\"index, follow, max-snippet:-1, max-image-preview:large, max-video-preview:-1\" \/>\n<link rel=\"canonical\" href=\"https:\/\/alcala.salesianos.edu\/colegio\/blog\/2021\/12\/13\/gala-salesiana-2021\/\" \/>\n<meta property=\"og:locale\" content=\"es_ES\" \/>\n<meta property=\"og:type\" content=\"article\" \/>\n<meta property=\"og:title\" content=\"Gala Salesiana de la Navidad 2021 - Colegio Salesiano Alcal\u00e1\" \/>\n<meta property=\"og:description\" content=\"Nos encontramos en los \u00faltimos d\u00edas lectivos del a\u00f1o 2021 cargados de ilusi\u00f3n y alegr\u00eda\u00a0por la pronta venida de nuestro\u00a0Salvador.\" \/>\n<meta property=\"og:url\" content=\"https:\/\/alcala.salesianos.edu\/colegio\/blog\/2021\/12\/13\/gala-salesiana-2021\/\" \/>\n<meta property=\"og:site_name\" content=\"Colegio Salesiano Alcal\u00e1\" \/>\n<meta property=\"article:published_time\" content=\"2021-12-13T11:51:43+00:00\" \/>\n<meta property=\"article:modified_time\" content=\"2025-08-27T07:49:33+00:00\" \/>\n<meta name=\"author\" content=\"Administrador Web\" \/>\n<meta name=\"twitter:card\" content=\"summary_large_image\" \/>\n<meta name=\"twitter:label1\" content=\"Escrito por\" \/>\n\t<meta name=\"twitter:data1\" content=\"Administrador Web\" \/>\n\t<meta name=\"twitter:label2\" content=\"Tiempo de lectura\" \/>\n\t<meta name=\"twitter:data2\" content=\"2 minutos\" \/>\n<script type=\"application\/ld+json\" class=\"yoast-schema-graph\">{\"@context\":\"https:\\\/\\\/schema.org\",\"@graph\":[{\"@type\":\"Article\",\"@id\":\"https:\\\/\\\/alcala.salesianos.edu\\\/colegio\\\/blog\\\/2021\\\/12\\\/13\\\/gala-salesiana-2021\\\/#article\",\"isPartOf\":{\"@id\":\"https:\\\/\\\/alcala.salesianos.edu\\\/colegio\\\/blog\\\/2021\\\/12\\\/13\\\/gala-salesiana-2021\\\/\"},\"author\":{\"name\":\"Administrador Web\",\"@id\":\"https:\\\/\\\/alcala.salesianos.edu\\\/colegio\\\/#\\\/schema\\\/person\\\/afcc24f776dc91fc2bf9afb0998fca77\"},\"headline\":\"Gala Salesiana de la Navidad 2021\",\"datePublished\":\"2021-12-13T11:51:43+00:00\",\"dateModified\":\"2025-08-27T07:49:33+00:00\",\"mainEntityOfPage\":{\"@id\":\"https:\\\/\\\/alcala.salesianos.edu\\\/colegio\\\/blog\\\/2021\\\/12\\\/13\\\/gala-salesiana-2021\\\/\"},\"wordCount\":496,\"articleSection\":[\"Colegio\",\"covid\",\"FASA\",\"Infantil\",\"Pastoral\",\"Portada\",\"Primaria\",\"Secundaria\",\"Uncategorized\"],\"inLanguage\":\"es\"},{\"@type\":\"WebPage\",\"@id\":\"https:\\\/\\\/alcala.salesianos.edu\\\/colegio\\\/blog\\\/2021\\\/12\\\/13\\\/gala-salesiana-2021\\\/\",\"url\":\"https:\\\/\\\/alcala.salesianos.edu\\\/colegio\\\/blog\\\/2021\\\/12\\\/13\\\/gala-salesiana-2021\\\/\",\"name\":\"Gala Salesiana de la Navidad 2021 - Colegio Salesiano Alcal\u00e1\",\"isPartOf\":{\"@id\":\"https:\\\/\\\/alcala.salesianos.edu\\\/colegio\\\/#website\"},\"datePublished\":\"2021-12-13T11:51:43+00:00\",\"dateModified\":\"2025-08-27T07:49:33+00:00\",\"author\":{\"@id\":\"https:\\\/\\\/alcala.salesianos.edu\\\/colegio\\\/#\\\/schema\\\/person\\\/afcc24f776dc91fc2bf9afb0998fca77\"},\"description\":\"Nos encontramos en los \u00faltimos d\u00edas lectivos del a\u00f1o 2021 cargados de ilusi\u00f3n y alegr\u00eda\u00a0por la pronta venida de nuestro\u00a0Salvador.\",\"breadcrumb\":{\"@id\":\"https:\\\/\\\/alcala.salesianos.edu\\\/colegio\\\/blog\\\/2021\\\/12\\\/13\\\/gala-salesiana-2021\\\/#breadcrumb\"},\"inLanguage\":\"es\",\"potentialAction\":[{\"@type\":\"ReadAction\",\"target\":[\"https:\\\/\\\/alcala.salesianos.edu\\\/colegio\\\/blog\\\/2021\\\/12\\\/13\\\/gala-salesiana-2021\\\/\"]}]},{\"@type\":\"BreadcrumbList\",\"@id\":\"https:\\\/\\\/alcala.salesianos.edu\\\/colegio\\\/blog\\\/2021\\\/12\\\/13\\\/gala-salesiana-2021\\\/#breadcrumb\",\"itemListElement\":[{\"@type\":\"ListItem\",\"position\":1,\"name\":\"Portada\",\"item\":\"https:\\\/\\\/alcala.salesianos.edu\\\/colegio\\\/\"},{\"@type\":\"ListItem\",\"position\":2,\"name\":\"Gala Salesiana de la Navidad 2021\"}]},{\"@type\":\"WebSite\",\"@id\":\"https:\\\/\\\/alcala.salesianos.edu\\\/colegio\\\/#website\",\"url\":\"https:\\\/\\\/alcala.salesianos.edu\\\/colegio\\\/\",\"name\":\"Colegio Salesiano Alcal\u00e1\",\"description\":\"P\u00e1gina oficial de Salesianos Alcal\u00e1 de Guadaira\",\"potentialAction\":[{\"@type\":\"SearchAction\",\"target\":{\"@type\":\"EntryPoint\",\"urlTemplate\":\"https:\\\/\\\/alcala.salesianos.edu\\\/colegio\\\/?s={search_term_string}\"},\"query-input\":{\"@type\":\"PropertyValueSpecification\",\"valueRequired\":true,\"valueName\":\"search_term_string\"}}],\"inLanguage\":\"es\"},{\"@type\":\"Person\",\"@id\":\"https:\\\/\\\/alcala.salesianos.edu\\\/colegio\\\/#\\\/schema\\\/person\\\/afcc24f776dc91fc2bf9afb0998fca77\",\"name\":\"Administrador Web\",\"image\":{\"@type\":\"ImageObject\",\"inLanguage\":\"es\",\"@id\":\"https:\\\/\\\/secure.gravatar.com\\\/avatar\\\/bc157e994689bd6da9645c00aa3bc4d55b727915b6652642660db0aef086585f?s=96&d=mm&r=g\",\"url\":\"https:\\\/\\\/secure.gravatar.com\\\/avatar\\\/bc157e994689bd6da9645c00aa3bc4d55b727915b6652642660db0aef086585f?s=96&d=mm&r=g\",\"contentUrl\":\"https:\\\/\\\/secure.gravatar.com\\\/avatar\\\/bc157e994689bd6da9645c00aa3bc4d55b727915b6652642660db0aef086585f?s=96&d=mm&r=g\",\"caption\":\"Administrador Web\"}}]}<\/script>\n<!-- \/ Yoast SEO plugin. -->","yoast_head_json":{"title":"Gala Salesiana de la Navidad 2021 - Colegio Salesiano Alcal\u00e1","description":"Nos encontramos en los \u00faltimos d\u00edas lectivos del a\u00f1o 2021 cargados de ilusi\u00f3n y alegr\u00eda\u00a0por la pronta venida de nuestro\u00a0Salvador.","robots":{"index":"index","follow":"follow","max-snippet":"max-snippet:-1","max-image-preview":"max-image-preview:large","max-video-preview":"max-video-preview:-1"},"canonical":"https:\/\/alcala.salesianos.edu\/colegio\/blog\/2021\/12\/13\/gala-salesiana-2021\/","og_locale":"es_ES","og_type":"article","og_title":"Gala Salesiana de la Navidad 2021 - Colegio Salesiano Alcal\u00e1","og_description":"Nos encontramos en los \u00faltimos d\u00edas lectivos del a\u00f1o 2021 cargados de ilusi\u00f3n y alegr\u00eda\u00a0por la pronta venida de nuestro\u00a0Salvador.","og_url":"https:\/\/alcala.salesianos.edu\/colegio\/blog\/2021\/12\/13\/gala-salesiana-2021\/","og_site_name":"Colegio Salesiano Alcal\u00e1","article_published_time":"2021-12-13T11:51:43+00:00","article_modified_time":"2025-08-27T07:49:33+00:00","author":"Administrador Web","twitter_card":"summary_large_image","twitter_misc":{"Escrito por":"Administrador Web","Tiempo de lectura":"2 minutos"},"schema":{"@context":"https:\/\/schema.org","@graph":[{"@type":"Article","@id":"https:\/\/alcala.salesianos.edu\/colegio\/blog\/2021\/12\/13\/gala-salesiana-2021\/#article","isPartOf":{"@id":"https:\/\/alcala.salesianos.edu\/colegio\/blog\/2021\/12\/13\/gala-salesiana-2021\/"},"author":{"name":"Administrador Web","@id":"https:\/\/alcala.salesianos.edu\/colegio\/#\/schema\/person\/afcc24f776dc91fc2bf9afb0998fca77"},"headline":"Gala Salesiana de la Navidad 2021","datePublished":"2021-12-13T11:51:43+00:00","dateModified":"2025-08-27T07:49:33+00:00","mainEntityOfPage":{"@id":"https:\/\/alcala.salesianos.edu\/colegio\/blog\/2021\/12\/13\/gala-salesiana-2021\/"},"wordCount":496,"articleSection":["Colegio","covid","FASA","Infantil","Pastoral","Portada","Primaria","Secundaria","Uncategorized"],"inLanguage":"es"},{"@type":"WebPage","@id":"https:\/\/alcala.salesianos.edu\/colegio\/blog\/2021\/12\/13\/gala-salesiana-2021\/","url":"https:\/\/alcala.salesianos.edu\/colegio\/blog\/2021\/12\/13\/gala-salesiana-2021\/","name":"Gala Salesiana de la Navidad 2021 - Colegio Salesiano Alcal\u00e1","isPartOf":{"@id":"https:\/\/alcala.salesianos.edu\/colegio\/#website"},"datePublished":"2021-12-13T11:51:43+00:00","dateModified":"2025-08-27T07:49:33+00:00","author":{"@id":"https:\/\/alcala.salesianos.edu\/colegio\/#\/schema\/person\/afcc24f776dc91fc2bf9afb0998fca77"},"description":"Nos encontramos en los \u00faltimos d\u00edas lectivos del a\u00f1o 2021 cargados de ilusi\u00f3n y alegr\u00eda\u00a0por la pronta venida de nuestro\u00a0Salvador.","breadcrumb":{"@id":"https:\/\/alcala.salesianos.edu\/colegio\/blog\/2021\/12\/13\/gala-salesiana-2021\/#breadcrumb"},"inLanguage":"es","potentialAction":[{"@type":"ReadAction","target":["https:\/\/alcala.salesianos.edu\/colegio\/blog\/2021\/12\/13\/gala-salesiana-2021\/"]}]},{"@type":"BreadcrumbList","@id":"https:\/\/alcala.salesianos.edu\/colegio\/blog\/2021\/12\/13\/gala-salesiana-2021\/#breadcrumb","itemListElement":[{"@type":"ListItem","position":1,"name":"Portada","item":"https:\/\/alcala.salesianos.edu\/colegio\/"},{"@type":"ListItem","position":2,"name":"Gala Salesiana de la Navidad 2021"}]},{"@type":"WebSite","@id":"https:\/\/alcala.salesianos.edu\/colegio\/#website","url":"https:\/\/alcala.salesianos.edu\/colegio\/","name":"Colegio Salesiano Alcal\u00e1","description":"P\u00e1gina oficial de Salesianos Alcal\u00e1 de Guadaira","potentialAction":[{"@type":"SearchAction","target":{"@type":"EntryPoint","urlTemplate":"https:\/\/alcala.salesianos.edu\/colegio\/?s={search_term_string}"},"query-input":{"@type":"PropertyValueSpecification","valueRequired":true,"valueName":"search_term_string"}}],"inLanguage":"es"},{"@type":"Person","@id":"https:\/\/alcala.salesianos.edu\/colegio\/#\/schema\/person\/afcc24f776dc91fc2bf9afb0998fca77","name":"Administrador Web","image":{"@type":"ImageObject","inLanguage":"es","@id":"https:\/\/secure.gravatar.com\/avatar\/bc157e994689bd6da9645c00aa3bc4d55b727915b6652642660db0aef086585f?s=96&d=mm&r=g","url":"https:\/\/secure.gravatar.com\/avatar\/bc157e994689bd6da9645c00aa3bc4d55b727915b6652642660db0aef086585f?s=96&d=mm&r=g","contentUrl":"https:\/\/secure.gravatar.com\/avatar\/bc157e994689bd6da9645c00aa3bc4d55b727915b6652642660db0aef086585f?s=96&d=mm&r=g","caption":"Administrador Web"}}]}},"_links":{"self":[{"href":"https:\/\/alcala.salesianos.edu\/colegio\/wp-json\/wp\/v2\/posts\/14429","targetHints":{"allow":["GET"]}}],"collection":[{"href":"https:\/\/alcala.salesianos.edu\/colegio\/wp-json\/wp\/v2\/posts"}],"about":[{"href":"https:\/\/alcala.salesianos.edu\/colegio\/wp-json\/wp\/v2\/types\/post"}],"author":[{"embeddable":true,"href":"https:\/\/alcala.salesianos.edu\/colegio\/wp-json\/wp\/v2\/users\/2"}],"replies":[{"embeddable":true,"href":"https:\/\/alcala.salesianos.edu\/colegio\/wp-json\/wp\/v2\/comments?post=14429"}],"version-history":[{"count":1,"href":"https:\/\/alcala.salesianos.edu\/colegio\/wp-json\/wp\/v2\/posts\/14429\/revisions"}],"predecessor-version":[{"id":16676,"href":"https:\/\/alcala.salesianos.edu\/colegio\/wp-json\/wp\/v2\/posts\/14429\/revisions\/16676"}],"wp:attachment":[{"href":"https:\/\/alcala.salesianos.edu\/colegio\/wp-json\/wp\/v2\/media?parent=14429"}],"wp:term":[{"taxonomy":"category","embeddable":true,"href":"https:\/\/alcala.salesianos.edu\/colegio\/wp-json\/wp\/v2\/categories?post=14429"},{"taxonomy":"post_tag","embeddable":true,"href":"https:\/\/alcala.salesianos.edu\/colegio\/wp-json\/wp\/v2\/tags?post=14429"}],"curies":[{"name":"wp","href":"https:\/\/api.w.org\/{rel}","templated":true}]}}