{"id":14413,"date":"2021-11-26T18:06:28","date_gmt":"2021-11-26T17:06:28","guid":{"rendered":"https:\/\/alcala.salesianos.edu\/colegio\/blog\/2021\/11\/26\/caminar-desde-el-adviento-hasta-la-navidad\/"},"modified":"2025-08-27T08:49:35","modified_gmt":"2025-08-27T07:49:35","slug":"caminar-desde-el-adviento-hasta-la-navidad","status":"publish","type":"post","link":"https:\/\/alcala.salesianos.edu\/colegio\/blog\/2021\/11\/26\/caminar-desde-el-adviento-hasta-la-navidad\/","title":{"rendered":"Caminar desde el Adviento hasta la Navidad"},"content":{"rendered":"<div id=\"fb-root\"><\/div>\n\n[et_pb_section fb_built=\u00bb1&#8243; admin_label=\u00bbsection\u00bb _builder_version=\u00bb3.22&#8243; global_colors_info=\u00bb{}\u00bb][et_pb_row admin_label=\u00bbrow\u00bb _builder_version=\u00bb3.25&#8243; background_size=\u00bbinitial\u00bb background_position=\u00bbtop_left\u00bb background_repeat=\u00bbrepeat\u00bb global_colors_info=\u00bb{}\u00bb][et_pb_column type=\u00bb4_4&#8243; _builder_version=\u00bb3.25&#8243; custom_padding=\u00bb|||\u00bb global_colors_info=\u00bb{}\u00bb custom_padding__hover=\u00bb|||\u00bb][et_pb_text _builder_version=\u00bb4.13.1&#8243; _module_preset=\u00bbdefault\u00bb hover_enabled=\u00bb0&#8243; sticky_enabled=\u00bb0&#8243;]<div class=\"et_pb_module et_pb_text et_pb_text_4  et_pb_text_align_left et_pb_bg_layout_light\">\n<div class=\"et_pb_text_inner\">\n<p>Por Comunicaci\u00f3n Inspectorial<\/p>\n<p>Este domingo se estrena un nuevo a\u00f1o lit\u00fargico con el Adviento, un tiempo fuerte con el que los cristianos nos preparamos para celebrar que Dios nace entre nosotros. Para vivir con intensidad el Adviento y celebrar la Navidad, los Salesianos en Espa\u00f1a han preparado un a\u00f1o m\u00e1s una propuesta de oraci\u00f3n y reflexi\u00f3n diarias desde este domingo, 28 de noviembre, hasta el domingo 9 de enero, d\u00eda del Bautismo del Se\u00f1or.<\/p>\n<p>Cada d\u00eda del calendario incluye el Evangelio del d\u00eda y un comentario sobre el mismo a cargo del salesiano Jos\u00e9 J. G\u00f3mez. Tambi\u00e9n se puede acceder a sugerencias para las homil\u00edas de estos d\u00edas, tanto para la Misa ordinaria como para la Misa con ni\u00f1os. Otro recurso es el de \u2018Comunidades en oraci\u00f3n\u2019, confeccionado para profundizar en la reflexi\u00f3n durante la semana. La propuesta diaria se completa con una frase destacada, un v\u00eddeo o una canci\u00f3n con valores y materiales para las celebraciones en los colegios.<\/p>\n<\/div>\n<\/div>\n<div class=\"et_pb_button_module_wrapper et_pb_button_0_wrapper et_pb_button_alignment_center et_pb_module \" style=\"text-align: center;\"><a class=\"et_pb_button et_pb_button_0 et_pb_bg_layout_light\" href=\"https:\/\/recursos.salesianos.info\/adviento-navidad\/\">Acceder al calendario de Adviento y Navidad<\/a><\/div>[\/et_pb_text][\/et_pb_column][\/et_pb_row][\/et_pb_section]\n","protected":false},"excerpt":{"rendered":"<p>los Salesianos en Espa\u00f1a han preparado un a\u00f1o m\u00e1s una propuesta de oraci\u00f3n y reflexi\u00f3n diarias desde este domingo, 28 de noviembre, hasta el domingo 9 de enero, d\u00eda del Bautismo del Se\u00f1or.<\/p>\n","protected":false},"author":2,"featured_media":0,"comment_status":"closed","ping_status":"open","sticky":false,"template":"","format":"standard","meta":{"_et_pb_use_builder":"on","_et_pb_old_content":"","_et_gb_content_width":"","footnotes":""},"categories":[1],"tags":[],"class_list":["post-14413","post","type-post","status-publish","format-standard","hentry","category-uncategorized"],"yoast_head":"<!-- This site is optimized with the Yoast SEO plugin v28.4 - https:\/\/yoast.com\/product\/yoast-seo-wordpress\/ -->\n<title>Caminar desde el Adviento hasta la Navidad - Colegio Salesiano Alcal\u00e1<\/title>\n<meta name=\"description\" content=\"Una propuesta de oraci\u00f3n y reflexi\u00f3n diarias desde este domingo, 28 de noviembre, hasta el domingo 9 de enero, d\u00eda del Bautismo del Se\u00f1or.\" \/>\n<meta name=\"robots\" content=\"index, follow, max-snippet:-1, max-image-preview:large, max-video-preview:-1\" \/>\n<link rel=\"canonical\" href=\"https:\/\/alcala.salesianos.edu\/colegio\/blog\/2021\/11\/26\/caminar-desde-el-adviento-hasta-la-navidad\/\" \/>\n<meta property=\"og:locale\" content=\"es_ES\" \/>\n<meta property=\"og:type\" content=\"article\" \/>\n<meta property=\"og:title\" content=\"Caminar desde el Adviento hasta la Navidad - Colegio Salesiano Alcal\u00e1\" \/>\n<meta property=\"og:description\" content=\"Una propuesta de oraci\u00f3n y reflexi\u00f3n diarias desde este domingo, 28 de noviembre, hasta el domingo 9 de enero, d\u00eda del Bautismo del Se\u00f1or.\" \/>\n<meta property=\"og:url\" content=\"https:\/\/alcala.salesianos.edu\/colegio\/blog\/2021\/11\/26\/caminar-desde-el-adviento-hasta-la-navidad\/\" \/>\n<meta property=\"og:site_name\" content=\"Colegio Salesiano Alcal\u00e1\" \/>\n<meta property=\"article:published_time\" content=\"2021-11-26T17:06:28+00:00\" \/>\n<meta property=\"article:modified_time\" content=\"2025-08-27T07:49:35+00:00\" \/>\n<meta name=\"author\" content=\"Administrador Web\" \/>\n<meta name=\"twitter:card\" content=\"summary_large_image\" \/>\n<meta name=\"twitter:label1\" content=\"Escrito por\" \/>\n\t<meta name=\"twitter:data1\" content=\"Administrador Web\" \/>\n\t<meta name=\"twitter:label2\" content=\"Tiempo de lectura\" \/>\n\t<meta name=\"twitter:data2\" content=\"1 minuto\" \/>\n<script type=\"application\/ld+json\" class=\"yoast-schema-graph\">{\"@context\":\"https:\\\/\\\/schema.org\",\"@graph\":[{\"@type\":\"Article\",\"@id\":\"https:\\\/\\\/alcala.salesianos.edu\\\/colegio\\\/blog\\\/2021\\\/11\\\/26\\\/caminar-desde-el-adviento-hasta-la-navidad\\\/#article\",\"isPartOf\":{\"@id\":\"https:\\\/\\\/alcala.salesianos.edu\\\/colegio\\\/blog\\\/2021\\\/11\\\/26\\\/caminar-desde-el-adviento-hasta-la-navidad\\\/\"},\"author\":{\"name\":\"Administrador Web\",\"@id\":\"https:\\\/\\\/alcala.salesianos.edu\\\/colegio\\\/#\\\/schema\\\/person\\\/afcc24f776dc91fc2bf9afb0998fca77\"},\"headline\":\"Caminar desde el Adviento hasta la Navidad\",\"datePublished\":\"2021-11-26T17:06:28+00:00\",\"dateModified\":\"2025-08-27T07:49:35+00:00\",\"mainEntityOfPage\":{\"@id\":\"https:\\\/\\\/alcala.salesianos.edu\\\/colegio\\\/blog\\\/2021\\\/11\\\/26\\\/caminar-desde-el-adviento-hasta-la-navidad\\\/\"},\"wordCount\":265,\"articleSection\":[\"Uncategorized\"],\"inLanguage\":\"es\"},{\"@type\":\"WebPage\",\"@id\":\"https:\\\/\\\/alcala.salesianos.edu\\\/colegio\\\/blog\\\/2021\\\/11\\\/26\\\/caminar-desde-el-adviento-hasta-la-navidad\\\/\",\"url\":\"https:\\\/\\\/alcala.salesianos.edu\\\/colegio\\\/blog\\\/2021\\\/11\\\/26\\\/caminar-desde-el-adviento-hasta-la-navidad\\\/\",\"name\":\"Caminar desde el Adviento hasta la Navidad - Colegio Salesiano Alcal\u00e1\",\"isPartOf\":{\"@id\":\"https:\\\/\\\/alcala.salesianos.edu\\\/colegio\\\/#website\"},\"datePublished\":\"2021-11-26T17:06:28+00:00\",\"dateModified\":\"2025-08-27T07:49:35+00:00\",\"author\":{\"@id\":\"https:\\\/\\\/alcala.salesianos.edu\\\/colegio\\\/#\\\/schema\\\/person\\\/afcc24f776dc91fc2bf9afb0998fca77\"},\"description\":\"Una propuesta de oraci\u00f3n y reflexi\u00f3n diarias desde este domingo, 28 de noviembre, hasta el domingo 9 de enero, d\u00eda del Bautismo del Se\u00f1or.\",\"breadcrumb\":{\"@id\":\"https:\\\/\\\/alcala.salesianos.edu\\\/colegio\\\/blog\\\/2021\\\/11\\\/26\\\/caminar-desde-el-adviento-hasta-la-navidad\\\/#breadcrumb\"},\"inLanguage\":\"es\",\"potentialAction\":[{\"@type\":\"ReadAction\",\"target\":[\"https:\\\/\\\/alcala.salesianos.edu\\\/colegio\\\/blog\\\/2021\\\/11\\\/26\\\/caminar-desde-el-adviento-hasta-la-navidad\\\/\"]}]},{\"@type\":\"BreadcrumbList\",\"@id\":\"https:\\\/\\\/alcala.salesianos.edu\\\/colegio\\\/blog\\\/2021\\\/11\\\/26\\\/caminar-desde-el-adviento-hasta-la-navidad\\\/#breadcrumb\",\"itemListElement\":[{\"@type\":\"ListItem\",\"position\":1,\"name\":\"Portada\",\"item\":\"https:\\\/\\\/alcala.salesianos.edu\\\/colegio\\\/\"},{\"@type\":\"ListItem\",\"position\":2,\"name\":\"Caminar desde el Adviento hasta la Navidad\"}]},{\"@type\":\"WebSite\",\"@id\":\"https:\\\/\\\/alcala.salesianos.edu\\\/colegio\\\/#website\",\"url\":\"https:\\\/\\\/alcala.salesianos.edu\\\/colegio\\\/\",\"name\":\"Colegio Salesiano Alcal\u00e1\",\"description\":\"P\u00e1gina oficial de Salesianos Alcal\u00e1 de Guadaira\",\"potentialAction\":[{\"@type\":\"SearchAction\",\"target\":{\"@type\":\"EntryPoint\",\"urlTemplate\":\"https:\\\/\\\/alcala.salesianos.edu\\\/colegio\\\/?s={search_term_string}\"},\"query-input\":{\"@type\":\"PropertyValueSpecification\",\"valueRequired\":true,\"valueName\":\"search_term_string\"}}],\"inLanguage\":\"es\"},{\"@type\":\"Person\",\"@id\":\"https:\\\/\\\/alcala.salesianos.edu\\\/colegio\\\/#\\\/schema\\\/person\\\/afcc24f776dc91fc2bf9afb0998fca77\",\"name\":\"Administrador Web\",\"image\":{\"@type\":\"ImageObject\",\"inLanguage\":\"es\",\"@id\":\"https:\\\/\\\/secure.gravatar.com\\\/avatar\\\/bc157e994689bd6da9645c00aa3bc4d55b727915b6652642660db0aef086585f?s=96&d=mm&r=g\",\"url\":\"https:\\\/\\\/secure.gravatar.com\\\/avatar\\\/bc157e994689bd6da9645c00aa3bc4d55b727915b6652642660db0aef086585f?s=96&d=mm&r=g\",\"contentUrl\":\"https:\\\/\\\/secure.gravatar.com\\\/avatar\\\/bc157e994689bd6da9645c00aa3bc4d55b727915b6652642660db0aef086585f?s=96&d=mm&r=g\",\"caption\":\"Administrador Web\"}}]}<\/script>\n<!-- \/ Yoast SEO plugin. -->","yoast_head_json":{"title":"Caminar desde el Adviento hasta la Navidad - Colegio Salesiano Alcal\u00e1","description":"Una propuesta de oraci\u00f3n y reflexi\u00f3n diarias desde este domingo, 28 de noviembre, hasta el domingo 9 de enero, d\u00eda del Bautismo del Se\u00f1or.","robots":{"index":"index","follow":"follow","max-snippet":"max-snippet:-1","max-image-preview":"max-image-preview:large","max-video-preview":"max-video-preview:-1"},"canonical":"https:\/\/alcala.salesianos.edu\/colegio\/blog\/2021\/11\/26\/caminar-desde-el-adviento-hasta-la-navidad\/","og_locale":"es_ES","og_type":"article","og_title":"Caminar desde el Adviento hasta la Navidad - Colegio Salesiano Alcal\u00e1","og_description":"Una propuesta de oraci\u00f3n y reflexi\u00f3n diarias desde este domingo, 28 de noviembre, hasta el domingo 9 de enero, d\u00eda del Bautismo del Se\u00f1or.","og_url":"https:\/\/alcala.salesianos.edu\/colegio\/blog\/2021\/11\/26\/caminar-desde-el-adviento-hasta-la-navidad\/","og_site_name":"Colegio Salesiano Alcal\u00e1","article_published_time":"2021-11-26T17:06:28+00:00","article_modified_time":"2025-08-27T07:49:35+00:00","author":"Administrador Web","twitter_card":"summary_large_image","twitter_misc":{"Escrito por":"Administrador Web","Tiempo de lectura":"1 minuto"},"schema":{"@context":"https:\/\/schema.org","@graph":[{"@type":"Article","@id":"https:\/\/alcala.salesianos.edu\/colegio\/blog\/2021\/11\/26\/caminar-desde-el-adviento-hasta-la-navidad\/#article","isPartOf":{"@id":"https:\/\/alcala.salesianos.edu\/colegio\/blog\/2021\/11\/26\/caminar-desde-el-adviento-hasta-la-navidad\/"},"author":{"name":"Administrador Web","@id":"https:\/\/alcala.salesianos.edu\/colegio\/#\/schema\/person\/afcc24f776dc91fc2bf9afb0998fca77"},"headline":"Caminar desde el Adviento hasta la Navidad","datePublished":"2021-11-26T17:06:28+00:00","dateModified":"2025-08-27T07:49:35+00:00","mainEntityOfPage":{"@id":"https:\/\/alcala.salesianos.edu\/colegio\/blog\/2021\/11\/26\/caminar-desde-el-adviento-hasta-la-navidad\/"},"wordCount":265,"articleSection":["Uncategorized"],"inLanguage":"es"},{"@type":"WebPage","@id":"https:\/\/alcala.salesianos.edu\/colegio\/blog\/2021\/11\/26\/caminar-desde-el-adviento-hasta-la-navidad\/","url":"https:\/\/alcala.salesianos.edu\/colegio\/blog\/2021\/11\/26\/caminar-desde-el-adviento-hasta-la-navidad\/","name":"Caminar desde el Adviento hasta la Navidad - Colegio Salesiano Alcal\u00e1","isPartOf":{"@id":"https:\/\/alcala.salesianos.edu\/colegio\/#website"},"datePublished":"2021-11-26T17:06:28+00:00","dateModified":"2025-08-27T07:49:35+00:00","author":{"@id":"https:\/\/alcala.salesianos.edu\/colegio\/#\/schema\/person\/afcc24f776dc91fc2bf9afb0998fca77"},"description":"Una propuesta de oraci\u00f3n y reflexi\u00f3n diarias desde este domingo, 28 de noviembre, hasta el domingo 9 de enero, d\u00eda del Bautismo del Se\u00f1or.","breadcrumb":{"@id":"https:\/\/alcala.salesianos.edu\/colegio\/blog\/2021\/11\/26\/caminar-desde-el-adviento-hasta-la-navidad\/#breadcrumb"},"inLanguage":"es","potentialAction":[{"@type":"ReadAction","target":["https:\/\/alcala.salesianos.edu\/colegio\/blog\/2021\/11\/26\/caminar-desde-el-adviento-hasta-la-navidad\/"]}]},{"@type":"BreadcrumbList","@id":"https:\/\/alcala.salesianos.edu\/colegio\/blog\/2021\/11\/26\/caminar-desde-el-adviento-hasta-la-navidad\/#breadcrumb","itemListElement":[{"@type":"ListItem","position":1,"name":"Portada","item":"https:\/\/alcala.salesianos.edu\/colegio\/"},{"@type":"ListItem","position":2,"name":"Caminar desde el Adviento hasta la Navidad"}]},{"@type":"WebSite","@id":"https:\/\/alcala.salesianos.edu\/colegio\/#website","url":"https:\/\/alcala.salesianos.edu\/colegio\/","name":"Colegio Salesiano Alcal\u00e1","description":"P\u00e1gina oficial de Salesianos Alcal\u00e1 de Guadaira","potentialAction":[{"@type":"SearchAction","target":{"@type":"EntryPoint","urlTemplate":"https:\/\/alcala.salesianos.edu\/colegio\/?s={search_term_string}"},"query-input":{"@type":"PropertyValueSpecification","valueRequired":true,"valueName":"search_term_string"}}],"inLanguage":"es"},{"@type":"Person","@id":"https:\/\/alcala.salesianos.edu\/colegio\/#\/schema\/person\/afcc24f776dc91fc2bf9afb0998fca77","name":"Administrador Web","image":{"@type":"ImageObject","inLanguage":"es","@id":"https:\/\/secure.gravatar.com\/avatar\/bc157e994689bd6da9645c00aa3bc4d55b727915b6652642660db0aef086585f?s=96&d=mm&r=g","url":"https:\/\/secure.gravatar.com\/avatar\/bc157e994689bd6da9645c00aa3bc4d55b727915b6652642660db0aef086585f?s=96&d=mm&r=g","contentUrl":"https:\/\/secure.gravatar.com\/avatar\/bc157e994689bd6da9645c00aa3bc4d55b727915b6652642660db0aef086585f?s=96&d=mm&r=g","caption":"Administrador Web"}}]}},"_links":{"self":[{"href":"https:\/\/alcala.salesianos.edu\/colegio\/wp-json\/wp\/v2\/posts\/14413","targetHints":{"allow":["GET"]}}],"collection":[{"href":"https:\/\/alcala.salesianos.edu\/colegio\/wp-json\/wp\/v2\/posts"}],"about":[{"href":"https:\/\/alcala.salesianos.edu\/colegio\/wp-json\/wp\/v2\/types\/post"}],"author":[{"embeddable":true,"href":"https:\/\/alcala.salesianos.edu\/colegio\/wp-json\/wp\/v2\/users\/2"}],"replies":[{"embeddable":true,"href":"https:\/\/alcala.salesianos.edu\/colegio\/wp-json\/wp\/v2\/comments?post=14413"}],"version-history":[{"count":1,"href":"https:\/\/alcala.salesianos.edu\/colegio\/wp-json\/wp\/v2\/posts\/14413\/revisions"}],"predecessor-version":[{"id":14415,"href":"https:\/\/alcala.salesianos.edu\/colegio\/wp-json\/wp\/v2\/posts\/14413\/revisions\/14415"}],"wp:attachment":[{"href":"https:\/\/alcala.salesianos.edu\/colegio\/wp-json\/wp\/v2\/media?parent=14413"}],"wp:term":[{"taxonomy":"category","embeddable":true,"href":"https:\/\/alcala.salesianos.edu\/colegio\/wp-json\/wp\/v2\/categories?post=14413"},{"taxonomy":"post_tag","embeddable":true,"href":"https:\/\/alcala.salesianos.edu\/colegio\/wp-json\/wp\/v2\/tags?post=14413"}],"curies":[{"name":"wp","href":"https:\/\/api.w.org\/{rel}","templated":true}]}}