{"id":14404,"date":"2021-11-20T07:05:38","date_gmt":"2021-11-20T06:05:38","guid":{"rendered":"https:\/\/alcala.salesianos.edu\/colegio\/blog\/2021\/11\/20\/los-alumnos-de-4o-e-s-o-trabajan-con-el-metodo-del-caso\/"},"modified":"2025-08-27T08:49:36","modified_gmt":"2025-08-27T07:49:36","slug":"los-alumnos-de-4o-e-s-o-trabajan-con-el-metodo-del-caso","status":"publish","type":"post","link":"https:\/\/alcala.salesianos.edu\/colegio\/blog\/2021\/11\/20\/los-alumnos-de-4o-e-s-o-trabajan-con-el-metodo-del-caso\/","title":{"rendered":"Los alumnos de 4\u00ba E.S.O. trabajan con el M\u00e9todo del Caso"},"content":{"rendered":"<div id=\"fb-root\"><\/div>\n<p>[et_pb_section fb_built=\u00bb1&#8243; admin_label=\u00bbsection\u00bb _builder_version=\u00bb3.22&#8243; global_colors_info=\u00bb{}\u00bb][et_pb_row admin_label=\u00bbrow\u00bb _builder_version=\u00bb3.25&#8243; background_size=\u00bbinitial\u00bb background_position=\u00bbtop_left\u00bb background_repeat=\u00bbrepeat\u00bb global_colors_info=\u00bb{}\u00bb][et_pb_column type=\u00bb4_4&#8243; _builder_version=\u00bb3.25&#8243; custom_padding=\u00bb|||\u00bb global_colors_info=\u00bb{}\u00bb custom_padding__hover=\u00bb|||\u00bb][et_pb_text _builder_version=\u00bb4.13.1&#8243; _module_preset=\u00bbdefault\u00bb hover_enabled=\u00bb0&#8243; sticky_enabled=\u00bb0&#8243;]<\/p>\n<p>Los alumnos de 4\u00ba de Educaci\u00f3n Secundaria trabajan el M\u00e9todo del Caso en el \u00e1rea de Iniciaci\u00f3n a la Actividad Empresarial. En esta ocasi\u00f3n, les ha acompa\u00f1ado D. Carlos Garc\u00eda Gandul, presidente de la Federaci\u00f3n de Industriales y Comerciantes de la Ciudad.<\/p>\n<p>&nbsp;<\/p>\n<p>A trav\u00e9s esta metodolog\u00eda de trabajo,\u00a0 los j\u00f3venes cuentan con\u00a0 la oportunidad de enfrentarse a casos de la vida real, para poder ser analizados, plantear acciones y discutirlas en equipo, permitiendo poner en pr\u00e1ctica la teor\u00eda aprendida y evaluar posibles soluciones.<\/p>\n<p>&nbsp;<\/p>\n<p>El origen de esta metodolog\u00eda se remonta al a\u00f1o 1914, en la Escuela de Derecho de la Universidad de Harvard, con la finalidad de que los estudiantes aprendieran leyes a trav\u00e9s de situaciones de la vida real\u2026 Y dio resultado.<\/p>\n<p>&nbsp;<\/p>\n<p>Este m\u00e9todo se considera efectivo para el aprendizaje ya que complementa la teor\u00eda, fomenta el desarrollo del juicio cr\u00edtico y la toma de decisiones, ampl\u00eda la visi\u00f3n ante el estudio de una situaci\u00f3n, promueve el trabajo en equipo, permite el desarrollo de una metodolog\u00eda propia para la resoluci\u00f3n de problemas y las clases son muy participativas.<\/p>\n<p>&nbsp;<\/p>\n<p>Por todo esto, numerosas escuelas de negocios del mundo desarrollan este m\u00e9todo que incluso se estudia en titulaciones post universitarias y consideramos que es bueno que nuestros alumnos vayan comenzando a trabajar con este m\u00e9todo. Adem\u00e1s conocer\u00e1n m\u00e1s de cerca la econom\u00eda Andaluza a trav\u00e9s de empresarios que nos ayudar\u00e1n a contemplar esta metodolog\u00eda desde diferentes puntos de vista, sirviendo de apoyo y de gu\u00eda en el proceso.<\/p>\n<p>&nbsp;<\/p>\n<p>Adem\u00e1s, en nuestro Centro le imprimiremos nuestro car\u00e1cter y estilo propio, fomentando la empat\u00eda y el trabajo en valores como medio de comunicaci\u00f3n, conexi\u00f3n e integraci\u00f3n en el mundo labora.<\/p>\n<p>[\/et_pb_text][\/et_pb_column][\/et_pb_row][\/et_pb_section]<\/p>\n","protected":false},"excerpt":{"rendered":"<p>En esta ocasi\u00f3n han podido trabajar junto a D. Carlos Garc\u00eda, presidente de la Federaci\u00f3n de Industriales y Comerciantes de la ciudad dentro del \u00e1rea de Iniciaci\u00f3n a la Actividad Empresarial.<\/p>\n","protected":false},"author":2,"featured_media":0,"comment_status":"closed","ping_status":"open","sticky":false,"template":"","format":"standard","meta":{"_et_pb_use_builder":"on","_et_pb_old_content":"","_et_gb_content_width":"","footnotes":""},"categories":[12,23,15,16,1],"tags":[],"class_list":["post-14404","post","type-post","status-publish","format-standard","hentry","category-colegio","category-covid","category-portada","category-secundaria","category-uncategorized"],"yoast_head":"<!-- This site is optimized with the Yoast SEO plugin v28.4 - https:\/\/yoast.com\/product\/yoast-seo-wordpress\/ -->\n<title>Los alumnos de 4\u00ba E.S.O. trabajan con el M\u00e9todo del Caso - Colegio Salesiano Alcal\u00e1<\/title>\n<meta name=\"description\" content=\"En esta ocasi\u00f3n han podido trabajar junto a D. Carlos Garc\u00eda, presidente de la Federaci\u00f3n de Industriales y Comerciantes de la ciudad.\" \/>\n<meta name=\"robots\" content=\"index, follow, max-snippet:-1, max-image-preview:large, max-video-preview:-1\" \/>\n<link rel=\"canonical\" href=\"https:\/\/alcala.salesianos.edu\/colegio\/blog\/2021\/11\/20\/los-alumnos-de-4o-e-s-o-trabajan-con-el-metodo-del-caso\/\" \/>\n<meta property=\"og:locale\" content=\"es_ES\" \/>\n<meta property=\"og:type\" content=\"article\" \/>\n<meta property=\"og:title\" content=\"Los alumnos de 4\u00ba E.S.O. trabajan con el M\u00e9todo del Caso - Colegio Salesiano Alcal\u00e1\" \/>\n<meta property=\"og:description\" content=\"En esta ocasi\u00f3n han podido trabajar junto a D. Carlos Garc\u00eda, presidente de la Federaci\u00f3n de Industriales y Comerciantes de la ciudad.\" \/>\n<meta property=\"og:url\" content=\"https:\/\/alcala.salesianos.edu\/colegio\/blog\/2021\/11\/20\/los-alumnos-de-4o-e-s-o-trabajan-con-el-metodo-del-caso\/\" \/>\n<meta property=\"og:site_name\" content=\"Colegio Salesiano Alcal\u00e1\" \/>\n<meta property=\"article:published_time\" content=\"2021-11-20T06:05:38+00:00\" \/>\n<meta property=\"article:modified_time\" content=\"2025-08-27T07:49:36+00:00\" \/>\n<meta name=\"author\" content=\"Administrador Web\" \/>\n<meta name=\"twitter:card\" content=\"summary_large_image\" \/>\n<meta name=\"twitter:label1\" content=\"Escrito por\" \/>\n\t<meta name=\"twitter:data1\" content=\"Administrador Web\" \/>\n\t<meta name=\"twitter:label2\" content=\"Tiempo de lectura\" \/>\n\t<meta name=\"twitter:data2\" content=\"2 minutos\" \/>\n<script type=\"application\/ld+json\" class=\"yoast-schema-graph\">{\"@context\":\"https:\\\/\\\/schema.org\",\"@graph\":[{\"@type\":\"Article\",\"@id\":\"https:\\\/\\\/alcala.salesianos.edu\\\/colegio\\\/blog\\\/2021\\\/11\\\/20\\\/los-alumnos-de-4o-e-s-o-trabajan-con-el-metodo-del-caso\\\/#article\",\"isPartOf\":{\"@id\":\"https:\\\/\\\/alcala.salesianos.edu\\\/colegio\\\/blog\\\/2021\\\/11\\\/20\\\/los-alumnos-de-4o-e-s-o-trabajan-con-el-metodo-del-caso\\\/\"},\"author\":{\"name\":\"Administrador Web\",\"@id\":\"https:\\\/\\\/alcala.salesianos.edu\\\/colegio\\\/#\\\/schema\\\/person\\\/afcc24f776dc91fc2bf9afb0998fca77\"},\"headline\":\"Los alumnos de 4\u00ba E.S.O. trabajan con el M\u00e9todo del Caso\",\"datePublished\":\"2021-11-20T06:05:38+00:00\",\"dateModified\":\"2025-08-27T07:49:36+00:00\",\"mainEntityOfPage\":{\"@id\":\"https:\\\/\\\/alcala.salesianos.edu\\\/colegio\\\/blog\\\/2021\\\/11\\\/20\\\/los-alumnos-de-4o-e-s-o-trabajan-con-el-metodo-del-caso\\\/\"},\"wordCount\":404,\"articleSection\":[\"Colegio\",\"covid\",\"Portada\",\"Secundaria\",\"Uncategorized\"],\"inLanguage\":\"es\"},{\"@type\":\"WebPage\",\"@id\":\"https:\\\/\\\/alcala.salesianos.edu\\\/colegio\\\/blog\\\/2021\\\/11\\\/20\\\/los-alumnos-de-4o-e-s-o-trabajan-con-el-metodo-del-caso\\\/\",\"url\":\"https:\\\/\\\/alcala.salesianos.edu\\\/colegio\\\/blog\\\/2021\\\/11\\\/20\\\/los-alumnos-de-4o-e-s-o-trabajan-con-el-metodo-del-caso\\\/\",\"name\":\"Los alumnos de 4\u00ba E.S.O. trabajan con el M\u00e9todo del Caso - Colegio Salesiano Alcal\u00e1\",\"isPartOf\":{\"@id\":\"https:\\\/\\\/alcala.salesianos.edu\\\/colegio\\\/#website\"},\"datePublished\":\"2021-11-20T06:05:38+00:00\",\"dateModified\":\"2025-08-27T07:49:36+00:00\",\"author\":{\"@id\":\"https:\\\/\\\/alcala.salesianos.edu\\\/colegio\\\/#\\\/schema\\\/person\\\/afcc24f776dc91fc2bf9afb0998fca77\"},\"description\":\"En esta ocasi\u00f3n han podido trabajar junto a D. Carlos Garc\u00eda, presidente de la Federaci\u00f3n de Industriales y Comerciantes de la ciudad.\",\"breadcrumb\":{\"@id\":\"https:\\\/\\\/alcala.salesianos.edu\\\/colegio\\\/blog\\\/2021\\\/11\\\/20\\\/los-alumnos-de-4o-e-s-o-trabajan-con-el-metodo-del-caso\\\/#breadcrumb\"},\"inLanguage\":\"es\",\"potentialAction\":[{\"@type\":\"ReadAction\",\"target\":[\"https:\\\/\\\/alcala.salesianos.edu\\\/colegio\\\/blog\\\/2021\\\/11\\\/20\\\/los-alumnos-de-4o-e-s-o-trabajan-con-el-metodo-del-caso\\\/\"]}]},{\"@type\":\"BreadcrumbList\",\"@id\":\"https:\\\/\\\/alcala.salesianos.edu\\\/colegio\\\/blog\\\/2021\\\/11\\\/20\\\/los-alumnos-de-4o-e-s-o-trabajan-con-el-metodo-del-caso\\\/#breadcrumb\",\"itemListElement\":[{\"@type\":\"ListItem\",\"position\":1,\"name\":\"Portada\",\"item\":\"https:\\\/\\\/alcala.salesianos.edu\\\/colegio\\\/\"},{\"@type\":\"ListItem\",\"position\":2,\"name\":\"Los alumnos de 4\u00ba E.S.O. trabajan con el M\u00e9todo del Caso\"}]},{\"@type\":\"WebSite\",\"@id\":\"https:\\\/\\\/alcala.salesianos.edu\\\/colegio\\\/#website\",\"url\":\"https:\\\/\\\/alcala.salesianos.edu\\\/colegio\\\/\",\"name\":\"Colegio Salesiano Alcal\u00e1\",\"description\":\"P\u00e1gina oficial de Salesianos Alcal\u00e1 de Guadaira\",\"potentialAction\":[{\"@type\":\"SearchAction\",\"target\":{\"@type\":\"EntryPoint\",\"urlTemplate\":\"https:\\\/\\\/alcala.salesianos.edu\\\/colegio\\\/?s={search_term_string}\"},\"query-input\":{\"@type\":\"PropertyValueSpecification\",\"valueRequired\":true,\"valueName\":\"search_term_string\"}}],\"inLanguage\":\"es\"},{\"@type\":\"Person\",\"@id\":\"https:\\\/\\\/alcala.salesianos.edu\\\/colegio\\\/#\\\/schema\\\/person\\\/afcc24f776dc91fc2bf9afb0998fca77\",\"name\":\"Administrador Web\",\"image\":{\"@type\":\"ImageObject\",\"inLanguage\":\"es\",\"@id\":\"https:\\\/\\\/secure.gravatar.com\\\/avatar\\\/bc157e994689bd6da9645c00aa3bc4d55b727915b6652642660db0aef086585f?s=96&d=mm&r=g\",\"url\":\"https:\\\/\\\/secure.gravatar.com\\\/avatar\\\/bc157e994689bd6da9645c00aa3bc4d55b727915b6652642660db0aef086585f?s=96&d=mm&r=g\",\"contentUrl\":\"https:\\\/\\\/secure.gravatar.com\\\/avatar\\\/bc157e994689bd6da9645c00aa3bc4d55b727915b6652642660db0aef086585f?s=96&d=mm&r=g\",\"caption\":\"Administrador Web\"}}]}<\/script>\n<!-- \/ Yoast SEO plugin. -->","yoast_head_json":{"title":"Los alumnos de 4\u00ba E.S.O. trabajan con el M\u00e9todo del Caso - Colegio Salesiano Alcal\u00e1","description":"En esta ocasi\u00f3n han podido trabajar junto a D. Carlos Garc\u00eda, presidente de la Federaci\u00f3n de Industriales y Comerciantes de la ciudad.","robots":{"index":"index","follow":"follow","max-snippet":"max-snippet:-1","max-image-preview":"max-image-preview:large","max-video-preview":"max-video-preview:-1"},"canonical":"https:\/\/alcala.salesianos.edu\/colegio\/blog\/2021\/11\/20\/los-alumnos-de-4o-e-s-o-trabajan-con-el-metodo-del-caso\/","og_locale":"es_ES","og_type":"article","og_title":"Los alumnos de 4\u00ba E.S.O. trabajan con el M\u00e9todo del Caso - Colegio Salesiano Alcal\u00e1","og_description":"En esta ocasi\u00f3n han podido trabajar junto a D. Carlos Garc\u00eda, presidente de la Federaci\u00f3n de Industriales y Comerciantes de la ciudad.","og_url":"https:\/\/alcala.salesianos.edu\/colegio\/blog\/2021\/11\/20\/los-alumnos-de-4o-e-s-o-trabajan-con-el-metodo-del-caso\/","og_site_name":"Colegio Salesiano Alcal\u00e1","article_published_time":"2021-11-20T06:05:38+00:00","article_modified_time":"2025-08-27T07:49:36+00:00","author":"Administrador Web","twitter_card":"summary_large_image","twitter_misc":{"Escrito por":"Administrador Web","Tiempo de lectura":"2 minutos"},"schema":{"@context":"https:\/\/schema.org","@graph":[{"@type":"Article","@id":"https:\/\/alcala.salesianos.edu\/colegio\/blog\/2021\/11\/20\/los-alumnos-de-4o-e-s-o-trabajan-con-el-metodo-del-caso\/#article","isPartOf":{"@id":"https:\/\/alcala.salesianos.edu\/colegio\/blog\/2021\/11\/20\/los-alumnos-de-4o-e-s-o-trabajan-con-el-metodo-del-caso\/"},"author":{"name":"Administrador Web","@id":"https:\/\/alcala.salesianos.edu\/colegio\/#\/schema\/person\/afcc24f776dc91fc2bf9afb0998fca77"},"headline":"Los alumnos de 4\u00ba E.S.O. trabajan con el M\u00e9todo del Caso","datePublished":"2021-11-20T06:05:38+00:00","dateModified":"2025-08-27T07:49:36+00:00","mainEntityOfPage":{"@id":"https:\/\/alcala.salesianos.edu\/colegio\/blog\/2021\/11\/20\/los-alumnos-de-4o-e-s-o-trabajan-con-el-metodo-del-caso\/"},"wordCount":404,"articleSection":["Colegio","covid","Portada","Secundaria","Uncategorized"],"inLanguage":"es"},{"@type":"WebPage","@id":"https:\/\/alcala.salesianos.edu\/colegio\/blog\/2021\/11\/20\/los-alumnos-de-4o-e-s-o-trabajan-con-el-metodo-del-caso\/","url":"https:\/\/alcala.salesianos.edu\/colegio\/blog\/2021\/11\/20\/los-alumnos-de-4o-e-s-o-trabajan-con-el-metodo-del-caso\/","name":"Los alumnos de 4\u00ba E.S.O. trabajan con el M\u00e9todo del Caso - Colegio Salesiano Alcal\u00e1","isPartOf":{"@id":"https:\/\/alcala.salesianos.edu\/colegio\/#website"},"datePublished":"2021-11-20T06:05:38+00:00","dateModified":"2025-08-27T07:49:36+00:00","author":{"@id":"https:\/\/alcala.salesianos.edu\/colegio\/#\/schema\/person\/afcc24f776dc91fc2bf9afb0998fca77"},"description":"En esta ocasi\u00f3n han podido trabajar junto a D. Carlos Garc\u00eda, presidente de la Federaci\u00f3n de Industriales y Comerciantes de la ciudad.","breadcrumb":{"@id":"https:\/\/alcala.salesianos.edu\/colegio\/blog\/2021\/11\/20\/los-alumnos-de-4o-e-s-o-trabajan-con-el-metodo-del-caso\/#breadcrumb"},"inLanguage":"es","potentialAction":[{"@type":"ReadAction","target":["https:\/\/alcala.salesianos.edu\/colegio\/blog\/2021\/11\/20\/los-alumnos-de-4o-e-s-o-trabajan-con-el-metodo-del-caso\/"]}]},{"@type":"BreadcrumbList","@id":"https:\/\/alcala.salesianos.edu\/colegio\/blog\/2021\/11\/20\/los-alumnos-de-4o-e-s-o-trabajan-con-el-metodo-del-caso\/#breadcrumb","itemListElement":[{"@type":"ListItem","position":1,"name":"Portada","item":"https:\/\/alcala.salesianos.edu\/colegio\/"},{"@type":"ListItem","position":2,"name":"Los alumnos de 4\u00ba E.S.O. trabajan con el M\u00e9todo del Caso"}]},{"@type":"WebSite","@id":"https:\/\/alcala.salesianos.edu\/colegio\/#website","url":"https:\/\/alcala.salesianos.edu\/colegio\/","name":"Colegio Salesiano Alcal\u00e1","description":"P\u00e1gina oficial de Salesianos Alcal\u00e1 de Guadaira","potentialAction":[{"@type":"SearchAction","target":{"@type":"EntryPoint","urlTemplate":"https:\/\/alcala.salesianos.edu\/colegio\/?s={search_term_string}"},"query-input":{"@type":"PropertyValueSpecification","valueRequired":true,"valueName":"search_term_string"}}],"inLanguage":"es"},{"@type":"Person","@id":"https:\/\/alcala.salesianos.edu\/colegio\/#\/schema\/person\/afcc24f776dc91fc2bf9afb0998fca77","name":"Administrador Web","image":{"@type":"ImageObject","inLanguage":"es","@id":"https:\/\/secure.gravatar.com\/avatar\/bc157e994689bd6da9645c00aa3bc4d55b727915b6652642660db0aef086585f?s=96&d=mm&r=g","url":"https:\/\/secure.gravatar.com\/avatar\/bc157e994689bd6da9645c00aa3bc4d55b727915b6652642660db0aef086585f?s=96&d=mm&r=g","contentUrl":"https:\/\/secure.gravatar.com\/avatar\/bc157e994689bd6da9645c00aa3bc4d55b727915b6652642660db0aef086585f?s=96&d=mm&r=g","caption":"Administrador Web"}}]}},"_links":{"self":[{"href":"https:\/\/alcala.salesianos.edu\/colegio\/wp-json\/wp\/v2\/posts\/14404","targetHints":{"allow":["GET"]}}],"collection":[{"href":"https:\/\/alcala.salesianos.edu\/colegio\/wp-json\/wp\/v2\/posts"}],"about":[{"href":"https:\/\/alcala.salesianos.edu\/colegio\/wp-json\/wp\/v2\/types\/post"}],"author":[{"embeddable":true,"href":"https:\/\/alcala.salesianos.edu\/colegio\/wp-json\/wp\/v2\/users\/2"}],"replies":[{"embeddable":true,"href":"https:\/\/alcala.salesianos.edu\/colegio\/wp-json\/wp\/v2\/comments?post=14404"}],"version-history":[{"count":1,"href":"https:\/\/alcala.salesianos.edu\/colegio\/wp-json\/wp\/v2\/posts\/14404\/revisions"}],"predecessor-version":[{"id":16678,"href":"https:\/\/alcala.salesianos.edu\/colegio\/wp-json\/wp\/v2\/posts\/14404\/revisions\/16678"}],"wp:attachment":[{"href":"https:\/\/alcala.salesianos.edu\/colegio\/wp-json\/wp\/v2\/media?parent=14404"}],"wp:term":[{"taxonomy":"category","embeddable":true,"href":"https:\/\/alcala.salesianos.edu\/colegio\/wp-json\/wp\/v2\/categories?post=14404"},{"taxonomy":"post_tag","embeddable":true,"href":"https:\/\/alcala.salesianos.edu\/colegio\/wp-json\/wp\/v2\/tags?post=14404"}],"curies":[{"name":"wp","href":"https:\/\/api.w.org\/{rel}","templated":true}]}}