{"id":14402,"date":"2021-11-12T13:18:26","date_gmt":"2021-11-12T12:18:26","guid":{"rendered":"https:\/\/alcala.salesianos.edu\/colegio\/blog\/2021\/11\/12\/las-escuelas-salesianas-avanzan-en-el-proceso-de-profundizacion-y-actualizacion-del-sistema-preventivo\/"},"modified":"2025-08-27T08:49:37","modified_gmt":"2025-08-27T07:49:37","slug":"las-escuelas-salesianas-avanzan-en-el-proceso-de-profundizacion-y-actualizacion-del-sistema-preventivo","status":"publish","type":"post","link":"https:\/\/alcala.salesianos.edu\/colegio\/blog\/2021\/11\/12\/las-escuelas-salesianas-avanzan-en-el-proceso-de-profundizacion-y-actualizacion-del-sistema-preventivo\/","title":{"rendered":"Las escuelas salesianas avanzan en el proceso de profundizaci\u00f3n y actualizaci\u00f3n del Sistema Preventivo"},"content":{"rendered":"<div id=\"fb-root\"><\/div>\n<p>[et_pb_section fb_built=\u00bb1&#8243; admin_label=\u00bbsection\u00bb _builder_version=\u00bb3.22&#8243; global_colors_info=\u00bb{}\u00bb][et_pb_row admin_label=\u00bbrow\u00bb _builder_version=\u00bb3.25&#8243; background_size=\u00bbinitial\u00bb background_position=\u00bbtop_left\u00bb background_repeat=\u00bbrepeat\u00bb global_colors_info=\u00bb{}\u00bb][et_pb_column type=\u00bb4_4&#8243; _builder_version=\u00bb3.25&#8243; custom_padding=\u00bb|||\u00bb global_colors_info=\u00bb{}\u00bb custom_padding__hover=\u00bb|||\u00bb][et_pb_text _builder_version=\u00bb4.13.0&#8243; _module_preset=\u00bbdefault\u00bb hover_enabled=\u00bb0&#8243; sticky_enabled=\u00bb0&#8243;]<\/p>\n<p>Estas jornadas de trabajo, que contaron con la presencia de don Marcelo Farf\u00e1n, visitador extraordinario de la Congregaci\u00f3n en nombre del Rector Mayor, y \u00d3scar Bartolom\u00e9, coordinador Nacional de Escuelas, reunieron a m\u00e1s de un centenar de participantes de las diferentes escuelas salesianas de Catalu\u00f1a, Arag\u00f3n, Comunidad Valenciana, Regi\u00f3n de Murcia, Baleares, Andaluc\u00eda, Extremadura y Canarias para trabajar en un proceso de profundizaci\u00f3n y actualizaci\u00f3n del Sistema Preventivo.<\/p>\n<p>\u201cEntendemos que tocamos un n\u00facleo fundamental de la experiencia vital de Don Bosco, algo que no puede ser transmitido s\u00f3lo \u2018intelectualmente\u2019, sino contagiado desde la propia vivencia. En ese sentido, todos somos testigos en nuestras casas de la actualidad de la propuesta salesiana\u201d, compart\u00eda Miguel Canino, coordinador inspectorial de Escuelas sobre el sentido del encuentro en el que se representa la red salesiana formada por 59 escuelas, integradas por m\u00e1s de 50000 alumnos, 3000 profesores y 600 miembros del personal de administraci\u00f3n y servicios.<\/p>\n<p>Entre los diferentes momentos de trabajo destacaron la presentaci\u00f3n de la realidad y el posterior recorrido de los participantes por un itinerario que les llev\u00f3 a a preparar la mochila y orientar la br\u00fajula sobre los j\u00f3venes y educadores. El sentido de este encuentro estuvo motivado bajo el lema \u201cCreciendo Juntos\u201d que quiso ser el hilo conductor de todo el camino. Tambi\u00e9n hubo ocasi\u00f3n para profundizar en los mapas esenciales para las escuelas salesianas, adem\u00e1s de tejer redes desde el \u00e1rea de personas o establecer conexiones como el nuevo portal de direcci\u00f3n.<\/p>\n<p>\u201cEste proceso de renovaci\u00f3n pedag\u00f3gica y pastoral tiene por finalidad actualizar nuestra propuesta educativa reforzando as\u00ed el compromiso como educadores con el Car\u00e1cter Propio de las Escuelas Salesianas, las dimensiones del Proyecto Educativo Pastoral Salesiano y el Modelo de Persona a educar. Con ello, pretendemos que nuestros j\u00f3venes tengan m\u00e1s y mejores oportunidades para llegar a ser buenos cristianos, ciudadanos comprometidos, aprendices potentes y trabajadores competentes\u201d, compart\u00edan sobre el trabajo realizado.<\/p>\n<p>\u201cHace ya algunos a\u00f1os, que las escuelas de la Inspector\u00eda Salesiana Mar\u00eda Auxiliadora est\u00e1n inmersas en un proceso de actualizaci\u00f3n pedag\u00f3gico y pastoral, para dar respuesta a los nuevos retos y necesidades del contexto actual: avances tecnol\u00f3gicos, cambios hacia econom\u00edas basadas en el conocimiento y el aumento de la necesidad de nuevas competencias para adaptarse a un mundo globalizado en r\u00e1pido y continuo cambio\u201d, a\u00f1ad\u00edan sobre algunos de los retos presentes en el contexto actual.<\/p>\n<p>El encuentro finaliz\u00f3 con la celebraci\u00f3n de la Eucarist\u00eda en Atocha para poner el trabajo y el futuro que queda por recorrer en manos de Mar\u00eda Auxiliadora.<\/p>\n<p>[\/et_pb_text][\/et_pb_column][\/et_pb_row][\/et_pb_section]<\/p>\n","protected":false},"excerpt":{"rendered":"<p>Estas jornadas de trabajo, que contaron con la presencia de don Marcelo Farf\u00e1n, visitador extraordinario de la Congregaci\u00f3n en nombre del Rector Mayor, y \u00d3scar Bartolom\u00e9, coordinador Nacional de Escuelas.<\/p>\n","protected":false},"author":2,"featured_media":0,"comment_status":"closed","ping_status":"open","sticky":false,"template":"","format":"standard","meta":{"_et_pb_use_builder":"on","_et_pb_old_content":"","_et_gb_content_width":"","footnotes":""},"categories":[12,23,13,17,14,15,18,16,1],"tags":[],"class_list":["post-14402","post","type-post","status-publish","format-standard","hentry","category-colegio","category-covid","category-fasa","category-infantil","category-pastoral","category-portada","category-primaria","category-secundaria","category-uncategorized"],"yoast_head":"<!-- This site is optimized with the Yoast SEO plugin v28.4 - https:\/\/yoast.com\/product\/yoast-seo-wordpress\/ -->\n<title>Las escuelas salesianas avanzan en el proceso de profundizaci\u00f3n y actualizaci\u00f3n del Sistema Preventivo - Colegio Salesiano Alcal\u00e1<\/title>\n<meta name=\"description\" content=\"Estas jornadas de trabajo, que contaron con la presencia de don Marcelo Farf\u00e1n, visitador extraordinario de la Congregaci\u00f3n.\" \/>\n<meta name=\"robots\" content=\"index, follow, max-snippet:-1, max-image-preview:large, max-video-preview:-1\" \/>\n<link rel=\"canonical\" href=\"https:\/\/alcala.salesianos.edu\/colegio\/blog\/2021\/11\/12\/las-escuelas-salesianas-avanzan-en-el-proceso-de-profundizacion-y-actualizacion-del-sistema-preventivo\/\" \/>\n<meta property=\"og:locale\" content=\"es_ES\" \/>\n<meta property=\"og:type\" content=\"article\" \/>\n<meta property=\"og:title\" content=\"Las escuelas salesianas avanzan en el proceso de profundizaci\u00f3n y actualizaci\u00f3n del Sistema Preventivo - Colegio Salesiano Alcal\u00e1\" \/>\n<meta property=\"og:description\" content=\"Estas jornadas de trabajo, que contaron con la presencia de don Marcelo Farf\u00e1n, visitador extraordinario de la Congregaci\u00f3n.\" \/>\n<meta property=\"og:url\" content=\"https:\/\/alcala.salesianos.edu\/colegio\/blog\/2021\/11\/12\/las-escuelas-salesianas-avanzan-en-el-proceso-de-profundizacion-y-actualizacion-del-sistema-preventivo\/\" \/>\n<meta property=\"og:site_name\" content=\"Colegio Salesiano Alcal\u00e1\" \/>\n<meta property=\"article:published_time\" content=\"2021-11-12T12:18:26+00:00\" \/>\n<meta property=\"article:modified_time\" content=\"2025-08-27T07:49:37+00:00\" \/>\n<meta name=\"author\" content=\"Administrador Web\" \/>\n<meta name=\"twitter:card\" content=\"summary_large_image\" \/>\n<meta name=\"twitter:label1\" content=\"Escrito por\" \/>\n\t<meta name=\"twitter:data1\" content=\"Administrador Web\" \/>\n\t<meta name=\"twitter:label2\" content=\"Tiempo de lectura\" \/>\n\t<meta name=\"twitter:data2\" content=\"3 minutos\" \/>\n<script type=\"application\/ld+json\" class=\"yoast-schema-graph\">{\"@context\":\"https:\\\/\\\/schema.org\",\"@graph\":[{\"@type\":\"Article\",\"@id\":\"https:\\\/\\\/alcala.salesianos.edu\\\/colegio\\\/blog\\\/2021\\\/11\\\/12\\\/las-escuelas-salesianas-avanzan-en-el-proceso-de-profundizacion-y-actualizacion-del-sistema-preventivo\\\/#article\",\"isPartOf\":{\"@id\":\"https:\\\/\\\/alcala.salesianos.edu\\\/colegio\\\/blog\\\/2021\\\/11\\\/12\\\/las-escuelas-salesianas-avanzan-en-el-proceso-de-profundizacion-y-actualizacion-del-sistema-preventivo\\\/\"},\"author\":{\"name\":\"Administrador Web\",\"@id\":\"https:\\\/\\\/alcala.salesianos.edu\\\/colegio\\\/#\\\/schema\\\/person\\\/afcc24f776dc91fc2bf9afb0998fca77\"},\"headline\":\"Las escuelas salesianas avanzan en el proceso de profundizaci\u00f3n y actualizaci\u00f3n del Sistema Preventivo\",\"datePublished\":\"2021-11-12T12:18:26+00:00\",\"dateModified\":\"2025-08-27T07:49:37+00:00\",\"mainEntityOfPage\":{\"@id\":\"https:\\\/\\\/alcala.salesianos.edu\\\/colegio\\\/blog\\\/2021\\\/11\\\/12\\\/las-escuelas-salesianas-avanzan-en-el-proceso-de-profundizacion-y-actualizacion-del-sistema-preventivo\\\/\"},\"wordCount\":542,\"articleSection\":[\"Colegio\",\"covid\",\"FASA\",\"Infantil\",\"Pastoral\",\"Portada\",\"Primaria\",\"Secundaria\",\"Uncategorized\"],\"inLanguage\":\"es\"},{\"@type\":\"WebPage\",\"@id\":\"https:\\\/\\\/alcala.salesianos.edu\\\/colegio\\\/blog\\\/2021\\\/11\\\/12\\\/las-escuelas-salesianas-avanzan-en-el-proceso-de-profundizacion-y-actualizacion-del-sistema-preventivo\\\/\",\"url\":\"https:\\\/\\\/alcala.salesianos.edu\\\/colegio\\\/blog\\\/2021\\\/11\\\/12\\\/las-escuelas-salesianas-avanzan-en-el-proceso-de-profundizacion-y-actualizacion-del-sistema-preventivo\\\/\",\"name\":\"Las escuelas salesianas avanzan en el proceso de profundizaci\u00f3n y actualizaci\u00f3n del Sistema Preventivo - Colegio Salesiano Alcal\u00e1\",\"isPartOf\":{\"@id\":\"https:\\\/\\\/alcala.salesianos.edu\\\/colegio\\\/#website\"},\"datePublished\":\"2021-11-12T12:18:26+00:00\",\"dateModified\":\"2025-08-27T07:49:37+00:00\",\"author\":{\"@id\":\"https:\\\/\\\/alcala.salesianos.edu\\\/colegio\\\/#\\\/schema\\\/person\\\/afcc24f776dc91fc2bf9afb0998fca77\"},\"description\":\"Estas jornadas de trabajo, que contaron con la presencia de don Marcelo Farf\u00e1n, visitador extraordinario de la Congregaci\u00f3n.\",\"breadcrumb\":{\"@id\":\"https:\\\/\\\/alcala.salesianos.edu\\\/colegio\\\/blog\\\/2021\\\/11\\\/12\\\/las-escuelas-salesianas-avanzan-en-el-proceso-de-profundizacion-y-actualizacion-del-sistema-preventivo\\\/#breadcrumb\"},\"inLanguage\":\"es\",\"potentialAction\":[{\"@type\":\"ReadAction\",\"target\":[\"https:\\\/\\\/alcala.salesianos.edu\\\/colegio\\\/blog\\\/2021\\\/11\\\/12\\\/las-escuelas-salesianas-avanzan-en-el-proceso-de-profundizacion-y-actualizacion-del-sistema-preventivo\\\/\"]}]},{\"@type\":\"BreadcrumbList\",\"@id\":\"https:\\\/\\\/alcala.salesianos.edu\\\/colegio\\\/blog\\\/2021\\\/11\\\/12\\\/las-escuelas-salesianas-avanzan-en-el-proceso-de-profundizacion-y-actualizacion-del-sistema-preventivo\\\/#breadcrumb\",\"itemListElement\":[{\"@type\":\"ListItem\",\"position\":1,\"name\":\"Portada\",\"item\":\"https:\\\/\\\/alcala.salesianos.edu\\\/colegio\\\/\"},{\"@type\":\"ListItem\",\"position\":2,\"name\":\"Las escuelas salesianas avanzan en el proceso de profundizaci\u00f3n y actualizaci\u00f3n del Sistema Preventivo\"}]},{\"@type\":\"WebSite\",\"@id\":\"https:\\\/\\\/alcala.salesianos.edu\\\/colegio\\\/#website\",\"url\":\"https:\\\/\\\/alcala.salesianos.edu\\\/colegio\\\/\",\"name\":\"Colegio Salesiano Alcal\u00e1\",\"description\":\"P\u00e1gina oficial de Salesianos Alcal\u00e1 de Guadaira\",\"potentialAction\":[{\"@type\":\"SearchAction\",\"target\":{\"@type\":\"EntryPoint\",\"urlTemplate\":\"https:\\\/\\\/alcala.salesianos.edu\\\/colegio\\\/?s={search_term_string}\"},\"query-input\":{\"@type\":\"PropertyValueSpecification\",\"valueRequired\":true,\"valueName\":\"search_term_string\"}}],\"inLanguage\":\"es\"},{\"@type\":\"Person\",\"@id\":\"https:\\\/\\\/alcala.salesianos.edu\\\/colegio\\\/#\\\/schema\\\/person\\\/afcc24f776dc91fc2bf9afb0998fca77\",\"name\":\"Administrador Web\",\"image\":{\"@type\":\"ImageObject\",\"inLanguage\":\"es\",\"@id\":\"https:\\\/\\\/secure.gravatar.com\\\/avatar\\\/bc157e994689bd6da9645c00aa3bc4d55b727915b6652642660db0aef086585f?s=96&d=mm&r=g\",\"url\":\"https:\\\/\\\/secure.gravatar.com\\\/avatar\\\/bc157e994689bd6da9645c00aa3bc4d55b727915b6652642660db0aef086585f?s=96&d=mm&r=g\",\"contentUrl\":\"https:\\\/\\\/secure.gravatar.com\\\/avatar\\\/bc157e994689bd6da9645c00aa3bc4d55b727915b6652642660db0aef086585f?s=96&d=mm&r=g\",\"caption\":\"Administrador Web\"}}]}<\/script>\n<!-- \/ Yoast SEO plugin. -->","yoast_head_json":{"title":"Las escuelas salesianas avanzan en el proceso de profundizaci\u00f3n y actualizaci\u00f3n del Sistema Preventivo - Colegio Salesiano Alcal\u00e1","description":"Estas jornadas de trabajo, que contaron con la presencia de don Marcelo Farf\u00e1n, visitador extraordinario de la Congregaci\u00f3n.","robots":{"index":"index","follow":"follow","max-snippet":"max-snippet:-1","max-image-preview":"max-image-preview:large","max-video-preview":"max-video-preview:-1"},"canonical":"https:\/\/alcala.salesianos.edu\/colegio\/blog\/2021\/11\/12\/las-escuelas-salesianas-avanzan-en-el-proceso-de-profundizacion-y-actualizacion-del-sistema-preventivo\/","og_locale":"es_ES","og_type":"article","og_title":"Las escuelas salesianas avanzan en el proceso de profundizaci\u00f3n y actualizaci\u00f3n del Sistema Preventivo - Colegio Salesiano Alcal\u00e1","og_description":"Estas jornadas de trabajo, que contaron con la presencia de don Marcelo Farf\u00e1n, visitador extraordinario de la Congregaci\u00f3n.","og_url":"https:\/\/alcala.salesianos.edu\/colegio\/blog\/2021\/11\/12\/las-escuelas-salesianas-avanzan-en-el-proceso-de-profundizacion-y-actualizacion-del-sistema-preventivo\/","og_site_name":"Colegio Salesiano Alcal\u00e1","article_published_time":"2021-11-12T12:18:26+00:00","article_modified_time":"2025-08-27T07:49:37+00:00","author":"Administrador Web","twitter_card":"summary_large_image","twitter_misc":{"Escrito por":"Administrador Web","Tiempo de lectura":"3 minutos"},"schema":{"@context":"https:\/\/schema.org","@graph":[{"@type":"Article","@id":"https:\/\/alcala.salesianos.edu\/colegio\/blog\/2021\/11\/12\/las-escuelas-salesianas-avanzan-en-el-proceso-de-profundizacion-y-actualizacion-del-sistema-preventivo\/#article","isPartOf":{"@id":"https:\/\/alcala.salesianos.edu\/colegio\/blog\/2021\/11\/12\/las-escuelas-salesianas-avanzan-en-el-proceso-de-profundizacion-y-actualizacion-del-sistema-preventivo\/"},"author":{"name":"Administrador Web","@id":"https:\/\/alcala.salesianos.edu\/colegio\/#\/schema\/person\/afcc24f776dc91fc2bf9afb0998fca77"},"headline":"Las escuelas salesianas avanzan en el proceso de profundizaci\u00f3n y actualizaci\u00f3n del Sistema Preventivo","datePublished":"2021-11-12T12:18:26+00:00","dateModified":"2025-08-27T07:49:37+00:00","mainEntityOfPage":{"@id":"https:\/\/alcala.salesianos.edu\/colegio\/blog\/2021\/11\/12\/las-escuelas-salesianas-avanzan-en-el-proceso-de-profundizacion-y-actualizacion-del-sistema-preventivo\/"},"wordCount":542,"articleSection":["Colegio","covid","FASA","Infantil","Pastoral","Portada","Primaria","Secundaria","Uncategorized"],"inLanguage":"es"},{"@type":"WebPage","@id":"https:\/\/alcala.salesianos.edu\/colegio\/blog\/2021\/11\/12\/las-escuelas-salesianas-avanzan-en-el-proceso-de-profundizacion-y-actualizacion-del-sistema-preventivo\/","url":"https:\/\/alcala.salesianos.edu\/colegio\/blog\/2021\/11\/12\/las-escuelas-salesianas-avanzan-en-el-proceso-de-profundizacion-y-actualizacion-del-sistema-preventivo\/","name":"Las escuelas salesianas avanzan en el proceso de profundizaci\u00f3n y actualizaci\u00f3n del Sistema Preventivo - Colegio Salesiano Alcal\u00e1","isPartOf":{"@id":"https:\/\/alcala.salesianos.edu\/colegio\/#website"},"datePublished":"2021-11-12T12:18:26+00:00","dateModified":"2025-08-27T07:49:37+00:00","author":{"@id":"https:\/\/alcala.salesianos.edu\/colegio\/#\/schema\/person\/afcc24f776dc91fc2bf9afb0998fca77"},"description":"Estas jornadas de trabajo, que contaron con la presencia de don Marcelo Farf\u00e1n, visitador extraordinario de la Congregaci\u00f3n.","breadcrumb":{"@id":"https:\/\/alcala.salesianos.edu\/colegio\/blog\/2021\/11\/12\/las-escuelas-salesianas-avanzan-en-el-proceso-de-profundizacion-y-actualizacion-del-sistema-preventivo\/#breadcrumb"},"inLanguage":"es","potentialAction":[{"@type":"ReadAction","target":["https:\/\/alcala.salesianos.edu\/colegio\/blog\/2021\/11\/12\/las-escuelas-salesianas-avanzan-en-el-proceso-de-profundizacion-y-actualizacion-del-sistema-preventivo\/"]}]},{"@type":"BreadcrumbList","@id":"https:\/\/alcala.salesianos.edu\/colegio\/blog\/2021\/11\/12\/las-escuelas-salesianas-avanzan-en-el-proceso-de-profundizacion-y-actualizacion-del-sistema-preventivo\/#breadcrumb","itemListElement":[{"@type":"ListItem","position":1,"name":"Portada","item":"https:\/\/alcala.salesianos.edu\/colegio\/"},{"@type":"ListItem","position":2,"name":"Las escuelas salesianas avanzan en el proceso de profundizaci\u00f3n y actualizaci\u00f3n del Sistema Preventivo"}]},{"@type":"WebSite","@id":"https:\/\/alcala.salesianos.edu\/colegio\/#website","url":"https:\/\/alcala.salesianos.edu\/colegio\/","name":"Colegio Salesiano Alcal\u00e1","description":"P\u00e1gina oficial de Salesianos Alcal\u00e1 de Guadaira","potentialAction":[{"@type":"SearchAction","target":{"@type":"EntryPoint","urlTemplate":"https:\/\/alcala.salesianos.edu\/colegio\/?s={search_term_string}"},"query-input":{"@type":"PropertyValueSpecification","valueRequired":true,"valueName":"search_term_string"}}],"inLanguage":"es"},{"@type":"Person","@id":"https:\/\/alcala.salesianos.edu\/colegio\/#\/schema\/person\/afcc24f776dc91fc2bf9afb0998fca77","name":"Administrador Web","image":{"@type":"ImageObject","inLanguage":"es","@id":"https:\/\/secure.gravatar.com\/avatar\/bc157e994689bd6da9645c00aa3bc4d55b727915b6652642660db0aef086585f?s=96&d=mm&r=g","url":"https:\/\/secure.gravatar.com\/avatar\/bc157e994689bd6da9645c00aa3bc4d55b727915b6652642660db0aef086585f?s=96&d=mm&r=g","contentUrl":"https:\/\/secure.gravatar.com\/avatar\/bc157e994689bd6da9645c00aa3bc4d55b727915b6652642660db0aef086585f?s=96&d=mm&r=g","caption":"Administrador Web"}}]}},"_links":{"self":[{"href":"https:\/\/alcala.salesianos.edu\/colegio\/wp-json\/wp\/v2\/posts\/14402","targetHints":{"allow":["GET"]}}],"collection":[{"href":"https:\/\/alcala.salesianos.edu\/colegio\/wp-json\/wp\/v2\/posts"}],"about":[{"href":"https:\/\/alcala.salesianos.edu\/colegio\/wp-json\/wp\/v2\/types\/post"}],"author":[{"embeddable":true,"href":"https:\/\/alcala.salesianos.edu\/colegio\/wp-json\/wp\/v2\/users\/2"}],"replies":[{"embeddable":true,"href":"https:\/\/alcala.salesianos.edu\/colegio\/wp-json\/wp\/v2\/comments?post=14402"}],"version-history":[{"count":1,"href":"https:\/\/alcala.salesianos.edu\/colegio\/wp-json\/wp\/v2\/posts\/14402\/revisions"}],"predecessor-version":[{"id":16679,"href":"https:\/\/alcala.salesianos.edu\/colegio\/wp-json\/wp\/v2\/posts\/14402\/revisions\/16679"}],"wp:attachment":[{"href":"https:\/\/alcala.salesianos.edu\/colegio\/wp-json\/wp\/v2\/media?parent=14402"}],"wp:term":[{"taxonomy":"category","embeddable":true,"href":"https:\/\/alcala.salesianos.edu\/colegio\/wp-json\/wp\/v2\/categories?post=14402"},{"taxonomy":"post_tag","embeddable":true,"href":"https:\/\/alcala.salesianos.edu\/colegio\/wp-json\/wp\/v2\/tags?post=14402"}],"curies":[{"name":"wp","href":"https:\/\/api.w.org\/{rel}","templated":true}]}}