{"id":14371,"date":"2021-10-14T10:40:10","date_gmt":"2021-10-14T09:40:10","guid":{"rendered":"https:\/\/alcala.salesianos.edu\/colegio\/blog\/2021\/10\/14\/convocatoria-de-elecciones-al-consejo-escolar-2\/"},"modified":"2025-08-27T08:49:43","modified_gmt":"2025-08-27T07:49:43","slug":"convocatoria-de-elecciones-al-consejo-escolar-2","status":"publish","type":"post","link":"https:\/\/alcala.salesianos.edu\/colegio\/blog\/2021\/10\/14\/convocatoria-de-elecciones-al-consejo-escolar-2\/","title":{"rendered":"Convocatoria de elecciones al Consejo Escolar"},"content":{"rendered":"<div id=\"fb-root\"><\/div>\n<p>[et_pb_section fb_built=\u00bb1&#8243; _builder_version=\u00bb4.10.8&#8243; _module_preset=\u00bbdefault\u00bb][et_pb_row _builder_version=\u00bb4.10.8&#8243; _module_preset=\u00bbdefault\u00bb][et_pb_column _builder_version=\u00bb4.10.8&#8243; _module_preset=\u00bbdefault\u00bb type=\u00bb4_4&#8243;][et_pb_text _builder_version=\u00bb4.10.8&#8243; _module_preset=\u00bbdefault\u00bb hover_enabled=\u00bb0&#8243; sticky_enabled=\u00bb0&#8243;]<\/p>\n<p>Fernando Carrasco Mart\u00edn, Director de Centro y Presidente de la\u00a0 Junta Electoral del mismo, en virtud del art\u00edculo 2 de la Orden de 7 de octubre de 2010 por la que se regula el desarrollo de los procesos electorales para la renovaci\u00f3n y constituci\u00f3n de los Consejos Escolares de los centros docentes sostenidos con fondos p\u00fablicos de la Comunidad Aut\u00f3noma de Andaluc\u00eda, <strong><em>DISPONE<\/em><\/strong>, en nombre de la Junta Electoral, la <strong><em>CONVOCATORIA<\/em><\/strong> de elecciones al\u00a0 <strong><em>CONSEJO ESCOLAR<\/em><\/strong> de este Centro, de acuerdo con las siguientes precisiones:\u00a0<\/p>\n<p>&nbsp;<\/p>\n<ol>\n<li>El <strong><em>CENSO ELECTORAL<\/em><\/strong> de todos los padres y madres de alumnos\/as estar\u00e1 a disposici\u00f3n de todo aquel que lo desee en la secretar\u00eda del Centro, desde el d\u00eda de la fecha.<\/li>\n<\/ol>\n<p>&nbsp;<\/p>\n<ol start=\"2\">\n<li>Las <strong><em>CANDIDATURAS<\/em><\/strong> podr\u00e1n ser presentadas en Secretar\u00eda, a trav\u00e9s de un escrito dirigido a la persona titular de la Direcci\u00f3n del Centro, entre el <strong><em>15 y el 28 de octubre<\/em><\/strong>, ambos inclusive. El horario de presentaci\u00f3n de candidaturas coincidir\u00e1 con el horario escolar.<br \/>Cuando la candidatura fuera presentada por un miembro de la Junta Directiva de AMPA deber\u00e1 hacerse constar.<\/li>\n<\/ol>\n<p>&nbsp;<\/p>\n<ol start=\"3\">\n<li><em>3<strong>. RECLAMACIONES<\/strong><\/em>. Contra las decisiones de la Junta Electoral sobre aprobaci\u00f3n de los censos electorales, admisi\u00f3n y proclamaci\u00f3n de candidaturas y proclamaci\u00f3n de miembros electos, se podr\u00e1 interponer reclamaci\u00f3n ante la persona titular de la correspondiente Delegaci\u00f3n Provincial de la Consejer\u00eda competente en materia de educaci\u00f3n, cuya resoluci\u00f3n pondr\u00e1 fin a la v\u00eda administrativa.<\/li>\n<\/ol>\n<p>Ante las decisiones de las Mesas electorales se podr\u00e1 presentar reclamaci\u00f3n en el plazo de tres d\u00edas h\u00e1biles ante la Junta Electoral, la cual deber\u00e1 responder en un plazo de cinco d\u00edas, poniendo fin a la v\u00eda administrativa.<\/p>\n<p>&nbsp;<\/p>\n<ol start=\"4\">\n<li>Las <strong><em>CANDIDATURAS<\/em><\/strong> ser\u00e1n proclamadas y publicadas en los tablones de anuncios del Centro en las siguientes fechas: <strong><em>29 de octubre<\/em><\/strong> candidaturas provisionales, <strong><em>3 de noviembre<\/em><\/strong> las candidaturas definitivas.<\/li>\n<\/ol>\n<p>&nbsp;<\/p>\n<ol start=\"5\">\n<li>Las <strong><em>VOTACIONES, <\/em><\/strong>para el sector de padres, madres y\/o persona que ejerza la tutela legal del alumno, se realizar\u00e1n en el Centro el d\u00eda 17 de noviembre desde las <strong><em>13,00 horas a las 19,00 horas.<\/em><\/strong><\/li>\n<\/ol>\n<p>&nbsp;<\/p>\n<ol start=\"6\">\n<li>La <strong><em>MESA ELECTORAL<\/em><\/strong> ser\u00e1 constituida inmediatamente antes del inicio de las votaciones.<\/li>\n<\/ol>\n<p>&nbsp;<\/p>\n<ol start=\"7\">\n<li>Finalizadas las votaciones, se proceder\u00e1 al escrutinio de los votos, el cual ser\u00e1 p\u00fablico, y una vez realizado, se levantar\u00e1 acta de los resultados indicando n\u00famero de votos por candidato. Dicha acta, ser\u00e1 firmada por todos los componentes de la Mesa y enviada a la Junta Electoral a efectos de proclamaci\u00f3n de los distintos candidatos elegidos.<\/li>\n<\/ol>\n<p>&nbsp;<\/p>\n<ol start=\"8\">\n<li>La Junta Electoral del Centro resolver\u00e1 cualquier duda, consulta o reclamaci\u00f3n que pudiera surgir.<\/li>\n<\/ol>\n<p>&nbsp;<\/p>\n<p>Alcal\u00e1 de Guada\u00edra a 14 de octubre de 2021<\/p>\n<p>&nbsp;<\/p>\n<p>[\/et_pb_text][\/et_pb_column][\/et_pb_row][\/et_pb_section]<\/p>\n","protected":false},"excerpt":{"rendered":"<p>Las candidaturas podr\u00e1n ser presentadas en Secretar\u00eda, a trav\u00e9s de un escrito dirigido a la persona titular de la Direcci\u00f3n del Centro, entre el 15 y el 28 de octubre, ambos inclusive.<\/p>\n","protected":false},"author":2,"featured_media":12878,"comment_status":"closed","ping_status":"open","sticky":false,"template":"","format":"standard","meta":{"_et_pb_use_builder":"on","_et_pb_old_content":"","_et_gb_content_width":"","footnotes":""},"categories":[12,23,19,13,17,15,18,16,1],"tags":[],"class_list":["post-14371","post","type-post","status-publish","format-standard","has-post-thumbnail","hentry","category-colegio","category-covid","category-escuela-abierta","category-fasa","category-infantil","category-portada","category-primaria","category-secundaria","category-uncategorized"],"yoast_head":"<!-- This site is optimized with the Yoast SEO plugin v28.4 - https:\/\/yoast.com\/product\/yoast-seo-wordpress\/ -->\n<title>Convocatoria de elecciones al Consejo Escolar - Colegio Salesiano Alcal\u00e1<\/title>\n<meta name=\"description\" content=\"Las candidaturas podr\u00e1n ser presentadas en Secretar\u00eda, a trav\u00e9s de un escrito dirigido a la persona titular de la Direcci\u00f3n del Centro, entre el 15 y el 28 de octubre, ambos inclusive. El horario de presentaci\u00f3n de candidaturas coincidir\u00e1 con el horario escolar.\" \/>\n<meta name=\"robots\" content=\"index, follow, max-snippet:-1, max-image-preview:large, max-video-preview:-1\" \/>\n<link rel=\"canonical\" href=\"https:\/\/alcala.salesianos.edu\/colegio\/blog\/2021\/10\/14\/convocatoria-de-elecciones-al-consejo-escolar-2\/\" \/>\n<meta property=\"og:locale\" content=\"es_ES\" \/>\n<meta property=\"og:type\" content=\"article\" \/>\n<meta property=\"og:title\" content=\"Convocatoria de elecciones al Consejo Escolar - Colegio Salesiano Alcal\u00e1\" \/>\n<meta property=\"og:description\" content=\"Las candidaturas podr\u00e1n ser presentadas en Secretar\u00eda, a trav\u00e9s de un escrito dirigido a la persona titular de la Direcci\u00f3n del Centro, entre el 15 y el 28 de octubre, ambos inclusive. El horario de presentaci\u00f3n de candidaturas coincidir\u00e1 con el horario escolar.\" \/>\n<meta property=\"og:url\" content=\"https:\/\/alcala.salesianos.edu\/colegio\/blog\/2021\/10\/14\/convocatoria-de-elecciones-al-consejo-escolar-2\/\" \/>\n<meta property=\"og:site_name\" content=\"Colegio Salesiano Alcal\u00e1\" \/>\n<meta property=\"article:published_time\" content=\"2021-10-14T09:40:10+00:00\" \/>\n<meta property=\"article:modified_time\" content=\"2025-08-27T07:49:43+00:00\" \/>\n<meta property=\"og:image\" content=\"https:\/\/alcala.salesianos.edu\/colegio\/wp-content\/uploads\/sites\/2\/2020\/10\/SalesianosAlcala.jpg\" \/>\n\t<meta property=\"og:image:width\" content=\"1\" \/>\n\t<meta property=\"og:image:height\" content=\"1\" \/>\n\t<meta property=\"og:image:type\" content=\"image\/jpeg\" \/>\n<meta name=\"author\" content=\"Administrador Web\" \/>\n<meta name=\"twitter:card\" content=\"summary_large_image\" \/>\n<meta name=\"twitter:label1\" content=\"Escrito por\" \/>\n\t<meta name=\"twitter:data1\" content=\"Administrador Web\" \/>\n\t<meta name=\"twitter:label2\" content=\"Tiempo de lectura\" \/>\n\t<meta name=\"twitter:data2\" content=\"2 minutos\" \/>\n<script type=\"application\/ld+json\" class=\"yoast-schema-graph\">{\"@context\":\"https:\\\/\\\/schema.org\",\"@graph\":[{\"@type\":\"Article\",\"@id\":\"https:\\\/\\\/alcala.salesianos.edu\\\/colegio\\\/blog\\\/2021\\\/10\\\/14\\\/convocatoria-de-elecciones-al-consejo-escolar-2\\\/#article\",\"isPartOf\":{\"@id\":\"https:\\\/\\\/alcala.salesianos.edu\\\/colegio\\\/blog\\\/2021\\\/10\\\/14\\\/convocatoria-de-elecciones-al-consejo-escolar-2\\\/\"},\"author\":{\"name\":\"Administrador Web\",\"@id\":\"https:\\\/\\\/alcala.salesianos.edu\\\/colegio\\\/#\\\/schema\\\/person\\\/afcc24f776dc91fc2bf9afb0998fca77\"},\"headline\":\"Convocatoria de elecciones al Consejo Escolar\",\"datePublished\":\"2021-10-14T09:40:10+00:00\",\"dateModified\":\"2025-08-27T07:49:43+00:00\",\"mainEntityOfPage\":{\"@id\":\"https:\\\/\\\/alcala.salesianos.edu\\\/colegio\\\/blog\\\/2021\\\/10\\\/14\\\/convocatoria-de-elecciones-al-consejo-escolar-2\\\/\"},\"wordCount\":516,\"image\":{\"@id\":\"https:\\\/\\\/alcala.salesianos.edu\\\/colegio\\\/blog\\\/2021\\\/10\\\/14\\\/convocatoria-de-elecciones-al-consejo-escolar-2\\\/#primaryimage\"},\"thumbnailUrl\":\"https:\\\/\\\/alcala.salesianos.edu\\\/colegio\\\/wp-content\\\/uploads\\\/sites\\\/2\\\/2020\\\/10\\\/SalesianosAlcala.jpg\",\"articleSection\":[\"Colegio\",\"covid\",\"Escuela abierta\",\"FASA\",\"Infantil\",\"Portada\",\"Primaria\",\"Secundaria\",\"Uncategorized\"],\"inLanguage\":\"es\"},{\"@type\":\"WebPage\",\"@id\":\"https:\\\/\\\/alcala.salesianos.edu\\\/colegio\\\/blog\\\/2021\\\/10\\\/14\\\/convocatoria-de-elecciones-al-consejo-escolar-2\\\/\",\"url\":\"https:\\\/\\\/alcala.salesianos.edu\\\/colegio\\\/blog\\\/2021\\\/10\\\/14\\\/convocatoria-de-elecciones-al-consejo-escolar-2\\\/\",\"name\":\"Convocatoria de elecciones al Consejo Escolar - Colegio Salesiano Alcal\u00e1\",\"isPartOf\":{\"@id\":\"https:\\\/\\\/alcala.salesianos.edu\\\/colegio\\\/#website\"},\"primaryImageOfPage\":{\"@id\":\"https:\\\/\\\/alcala.salesianos.edu\\\/colegio\\\/blog\\\/2021\\\/10\\\/14\\\/convocatoria-de-elecciones-al-consejo-escolar-2\\\/#primaryimage\"},\"image\":{\"@id\":\"https:\\\/\\\/alcala.salesianos.edu\\\/colegio\\\/blog\\\/2021\\\/10\\\/14\\\/convocatoria-de-elecciones-al-consejo-escolar-2\\\/#primaryimage\"},\"thumbnailUrl\":\"https:\\\/\\\/alcala.salesianos.edu\\\/colegio\\\/wp-content\\\/uploads\\\/sites\\\/2\\\/2020\\\/10\\\/SalesianosAlcala.jpg\",\"datePublished\":\"2021-10-14T09:40:10+00:00\",\"dateModified\":\"2025-08-27T07:49:43+00:00\",\"author\":{\"@id\":\"https:\\\/\\\/alcala.salesianos.edu\\\/colegio\\\/#\\\/schema\\\/person\\\/afcc24f776dc91fc2bf9afb0998fca77\"},\"description\":\"Las candidaturas podr\u00e1n ser presentadas en Secretar\u00eda, a trav\u00e9s de un escrito dirigido a la persona titular de la Direcci\u00f3n del Centro, entre el 15 y el 28 de octubre, ambos inclusive. El horario de presentaci\u00f3n de candidaturas coincidir\u00e1 con el horario escolar.\",\"breadcrumb\":{\"@id\":\"https:\\\/\\\/alcala.salesianos.edu\\\/colegio\\\/blog\\\/2021\\\/10\\\/14\\\/convocatoria-de-elecciones-al-consejo-escolar-2\\\/#breadcrumb\"},\"inLanguage\":\"es\",\"potentialAction\":[{\"@type\":\"ReadAction\",\"target\":[\"https:\\\/\\\/alcala.salesianos.edu\\\/colegio\\\/blog\\\/2021\\\/10\\\/14\\\/convocatoria-de-elecciones-al-consejo-escolar-2\\\/\"]}]},{\"@type\":\"ImageObject\",\"inLanguage\":\"es\",\"@id\":\"https:\\\/\\\/alcala.salesianos.edu\\\/colegio\\\/blog\\\/2021\\\/10\\\/14\\\/convocatoria-de-elecciones-al-consejo-escolar-2\\\/#primaryimage\",\"url\":\"https:\\\/\\\/alcala.salesianos.edu\\\/colegio\\\/wp-content\\\/uploads\\\/sites\\\/2\\\/2020\\\/10\\\/SalesianosAlcala.jpg\",\"contentUrl\":\"https:\\\/\\\/alcala.salesianos.edu\\\/colegio\\\/wp-content\\\/uploads\\\/sites\\\/2\\\/2020\\\/10\\\/SalesianosAlcala.jpg\"},{\"@type\":\"BreadcrumbList\",\"@id\":\"https:\\\/\\\/alcala.salesianos.edu\\\/colegio\\\/blog\\\/2021\\\/10\\\/14\\\/convocatoria-de-elecciones-al-consejo-escolar-2\\\/#breadcrumb\",\"itemListElement\":[{\"@type\":\"ListItem\",\"position\":1,\"name\":\"Portada\",\"item\":\"https:\\\/\\\/alcala.salesianos.edu\\\/colegio\\\/\"},{\"@type\":\"ListItem\",\"position\":2,\"name\":\"Convocatoria de elecciones al Consejo Escolar\"}]},{\"@type\":\"WebSite\",\"@id\":\"https:\\\/\\\/alcala.salesianos.edu\\\/colegio\\\/#website\",\"url\":\"https:\\\/\\\/alcala.salesianos.edu\\\/colegio\\\/\",\"name\":\"Colegio Salesiano Alcal\u00e1\",\"description\":\"P\u00e1gina oficial de Salesianos Alcal\u00e1 de Guadaira\",\"potentialAction\":[{\"@type\":\"SearchAction\",\"target\":{\"@type\":\"EntryPoint\",\"urlTemplate\":\"https:\\\/\\\/alcala.salesianos.edu\\\/colegio\\\/?s={search_term_string}\"},\"query-input\":{\"@type\":\"PropertyValueSpecification\",\"valueRequired\":true,\"valueName\":\"search_term_string\"}}],\"inLanguage\":\"es\"},{\"@type\":\"Person\",\"@id\":\"https:\\\/\\\/alcala.salesianos.edu\\\/colegio\\\/#\\\/schema\\\/person\\\/afcc24f776dc91fc2bf9afb0998fca77\",\"name\":\"Administrador Web\",\"image\":{\"@type\":\"ImageObject\",\"inLanguage\":\"es\",\"@id\":\"https:\\\/\\\/secure.gravatar.com\\\/avatar\\\/bc157e994689bd6da9645c00aa3bc4d55b727915b6652642660db0aef086585f?s=96&d=mm&r=g\",\"url\":\"https:\\\/\\\/secure.gravatar.com\\\/avatar\\\/bc157e994689bd6da9645c00aa3bc4d55b727915b6652642660db0aef086585f?s=96&d=mm&r=g\",\"contentUrl\":\"https:\\\/\\\/secure.gravatar.com\\\/avatar\\\/bc157e994689bd6da9645c00aa3bc4d55b727915b6652642660db0aef086585f?s=96&d=mm&r=g\",\"caption\":\"Administrador Web\"}}]}<\/script>\n<!-- \/ Yoast SEO plugin. -->","yoast_head_json":{"title":"Convocatoria de elecciones al Consejo Escolar - Colegio Salesiano Alcal\u00e1","description":"Las candidaturas podr\u00e1n ser presentadas en Secretar\u00eda, a trav\u00e9s de un escrito dirigido a la persona titular de la Direcci\u00f3n del Centro, entre el 15 y el 28 de octubre, ambos inclusive. El horario de presentaci\u00f3n de candidaturas coincidir\u00e1 con el horario escolar.","robots":{"index":"index","follow":"follow","max-snippet":"max-snippet:-1","max-image-preview":"max-image-preview:large","max-video-preview":"max-video-preview:-1"},"canonical":"https:\/\/alcala.salesianos.edu\/colegio\/blog\/2021\/10\/14\/convocatoria-de-elecciones-al-consejo-escolar-2\/","og_locale":"es_ES","og_type":"article","og_title":"Convocatoria de elecciones al Consejo Escolar - Colegio Salesiano Alcal\u00e1","og_description":"Las candidaturas podr\u00e1n ser presentadas en Secretar\u00eda, a trav\u00e9s de un escrito dirigido a la persona titular de la Direcci\u00f3n del Centro, entre el 15 y el 28 de octubre, ambos inclusive. El horario de presentaci\u00f3n de candidaturas coincidir\u00e1 con el horario escolar.","og_url":"https:\/\/alcala.salesianos.edu\/colegio\/blog\/2021\/10\/14\/convocatoria-de-elecciones-al-consejo-escolar-2\/","og_site_name":"Colegio Salesiano Alcal\u00e1","article_published_time":"2021-10-14T09:40:10+00:00","article_modified_time":"2025-08-27T07:49:43+00:00","og_image":[{"url":"https:\/\/alcala.salesianos.edu\/colegio\/wp-content\/uploads\/sites\/2\/2020\/10\/SalesianosAlcala.jpg","width":1,"height":1,"type":"image\/jpeg"}],"author":"Administrador Web","twitter_card":"summary_large_image","twitter_misc":{"Escrito por":"Administrador Web","Tiempo de lectura":"2 minutos"},"schema":{"@context":"https:\/\/schema.org","@graph":[{"@type":"Article","@id":"https:\/\/alcala.salesianos.edu\/colegio\/blog\/2021\/10\/14\/convocatoria-de-elecciones-al-consejo-escolar-2\/#article","isPartOf":{"@id":"https:\/\/alcala.salesianos.edu\/colegio\/blog\/2021\/10\/14\/convocatoria-de-elecciones-al-consejo-escolar-2\/"},"author":{"name":"Administrador Web","@id":"https:\/\/alcala.salesianos.edu\/colegio\/#\/schema\/person\/afcc24f776dc91fc2bf9afb0998fca77"},"headline":"Convocatoria de elecciones al Consejo Escolar","datePublished":"2021-10-14T09:40:10+00:00","dateModified":"2025-08-27T07:49:43+00:00","mainEntityOfPage":{"@id":"https:\/\/alcala.salesianos.edu\/colegio\/blog\/2021\/10\/14\/convocatoria-de-elecciones-al-consejo-escolar-2\/"},"wordCount":516,"image":{"@id":"https:\/\/alcala.salesianos.edu\/colegio\/blog\/2021\/10\/14\/convocatoria-de-elecciones-al-consejo-escolar-2\/#primaryimage"},"thumbnailUrl":"https:\/\/alcala.salesianos.edu\/colegio\/wp-content\/uploads\/sites\/2\/2020\/10\/SalesianosAlcala.jpg","articleSection":["Colegio","covid","Escuela abierta","FASA","Infantil","Portada","Primaria","Secundaria","Uncategorized"],"inLanguage":"es"},{"@type":"WebPage","@id":"https:\/\/alcala.salesianos.edu\/colegio\/blog\/2021\/10\/14\/convocatoria-de-elecciones-al-consejo-escolar-2\/","url":"https:\/\/alcala.salesianos.edu\/colegio\/blog\/2021\/10\/14\/convocatoria-de-elecciones-al-consejo-escolar-2\/","name":"Convocatoria de elecciones al Consejo Escolar - Colegio Salesiano Alcal\u00e1","isPartOf":{"@id":"https:\/\/alcala.salesianos.edu\/colegio\/#website"},"primaryImageOfPage":{"@id":"https:\/\/alcala.salesianos.edu\/colegio\/blog\/2021\/10\/14\/convocatoria-de-elecciones-al-consejo-escolar-2\/#primaryimage"},"image":{"@id":"https:\/\/alcala.salesianos.edu\/colegio\/blog\/2021\/10\/14\/convocatoria-de-elecciones-al-consejo-escolar-2\/#primaryimage"},"thumbnailUrl":"https:\/\/alcala.salesianos.edu\/colegio\/wp-content\/uploads\/sites\/2\/2020\/10\/SalesianosAlcala.jpg","datePublished":"2021-10-14T09:40:10+00:00","dateModified":"2025-08-27T07:49:43+00:00","author":{"@id":"https:\/\/alcala.salesianos.edu\/colegio\/#\/schema\/person\/afcc24f776dc91fc2bf9afb0998fca77"},"description":"Las candidaturas podr\u00e1n ser presentadas en Secretar\u00eda, a trav\u00e9s de un escrito dirigido a la persona titular de la Direcci\u00f3n del Centro, entre el 15 y el 28 de octubre, ambos inclusive. El horario de presentaci\u00f3n de candidaturas coincidir\u00e1 con el horario escolar.","breadcrumb":{"@id":"https:\/\/alcala.salesianos.edu\/colegio\/blog\/2021\/10\/14\/convocatoria-de-elecciones-al-consejo-escolar-2\/#breadcrumb"},"inLanguage":"es","potentialAction":[{"@type":"ReadAction","target":["https:\/\/alcala.salesianos.edu\/colegio\/blog\/2021\/10\/14\/convocatoria-de-elecciones-al-consejo-escolar-2\/"]}]},{"@type":"ImageObject","inLanguage":"es","@id":"https:\/\/alcala.salesianos.edu\/colegio\/blog\/2021\/10\/14\/convocatoria-de-elecciones-al-consejo-escolar-2\/#primaryimage","url":"https:\/\/alcala.salesianos.edu\/colegio\/wp-content\/uploads\/sites\/2\/2020\/10\/SalesianosAlcala.jpg","contentUrl":"https:\/\/alcala.salesianos.edu\/colegio\/wp-content\/uploads\/sites\/2\/2020\/10\/SalesianosAlcala.jpg"},{"@type":"BreadcrumbList","@id":"https:\/\/alcala.salesianos.edu\/colegio\/blog\/2021\/10\/14\/convocatoria-de-elecciones-al-consejo-escolar-2\/#breadcrumb","itemListElement":[{"@type":"ListItem","position":1,"name":"Portada","item":"https:\/\/alcala.salesianos.edu\/colegio\/"},{"@type":"ListItem","position":2,"name":"Convocatoria de elecciones al Consejo Escolar"}]},{"@type":"WebSite","@id":"https:\/\/alcala.salesianos.edu\/colegio\/#website","url":"https:\/\/alcala.salesianos.edu\/colegio\/","name":"Colegio Salesiano Alcal\u00e1","description":"P\u00e1gina oficial de Salesianos Alcal\u00e1 de Guadaira","potentialAction":[{"@type":"SearchAction","target":{"@type":"EntryPoint","urlTemplate":"https:\/\/alcala.salesianos.edu\/colegio\/?s={search_term_string}"},"query-input":{"@type":"PropertyValueSpecification","valueRequired":true,"valueName":"search_term_string"}}],"inLanguage":"es"},{"@type":"Person","@id":"https:\/\/alcala.salesianos.edu\/colegio\/#\/schema\/person\/afcc24f776dc91fc2bf9afb0998fca77","name":"Administrador Web","image":{"@type":"ImageObject","inLanguage":"es","@id":"https:\/\/secure.gravatar.com\/avatar\/bc157e994689bd6da9645c00aa3bc4d55b727915b6652642660db0aef086585f?s=96&d=mm&r=g","url":"https:\/\/secure.gravatar.com\/avatar\/bc157e994689bd6da9645c00aa3bc4d55b727915b6652642660db0aef086585f?s=96&d=mm&r=g","contentUrl":"https:\/\/secure.gravatar.com\/avatar\/bc157e994689bd6da9645c00aa3bc4d55b727915b6652642660db0aef086585f?s=96&d=mm&r=g","caption":"Administrador Web"}}]}},"_links":{"self":[{"href":"https:\/\/alcala.salesianos.edu\/colegio\/wp-json\/wp\/v2\/posts\/14371","targetHints":{"allow":["GET"]}}],"collection":[{"href":"https:\/\/alcala.salesianos.edu\/colegio\/wp-json\/wp\/v2\/posts"}],"about":[{"href":"https:\/\/alcala.salesianos.edu\/colegio\/wp-json\/wp\/v2\/types\/post"}],"author":[{"embeddable":true,"href":"https:\/\/alcala.salesianos.edu\/colegio\/wp-json\/wp\/v2\/users\/2"}],"replies":[{"embeddable":true,"href":"https:\/\/alcala.salesianos.edu\/colegio\/wp-json\/wp\/v2\/comments?post=14371"}],"version-history":[{"count":1,"href":"https:\/\/alcala.salesianos.edu\/colegio\/wp-json\/wp\/v2\/posts\/14371\/revisions"}],"predecessor-version":[{"id":16685,"href":"https:\/\/alcala.salesianos.edu\/colegio\/wp-json\/wp\/v2\/posts\/14371\/revisions\/16685"}],"wp:featuredmedia":[{"embeddable":true,"href":"https:\/\/alcala.salesianos.edu\/colegio\/wp-json\/wp\/v2\/media\/12878"}],"wp:attachment":[{"href":"https:\/\/alcala.salesianos.edu\/colegio\/wp-json\/wp\/v2\/media?parent=14371"}],"wp:term":[{"taxonomy":"category","embeddable":true,"href":"https:\/\/alcala.salesianos.edu\/colegio\/wp-json\/wp\/v2\/categories?post=14371"},{"taxonomy":"post_tag","embeddable":true,"href":"https:\/\/alcala.salesianos.edu\/colegio\/wp-json\/wp\/v2\/tags?post=14371"}],"curies":[{"name":"wp","href":"https:\/\/api.w.org\/{rel}","templated":true}]}}