{"id":14356,"date":"2021-10-01T09:08:12","date_gmt":"2021-10-01T08:08:12","guid":{"rendered":"https:\/\/alcala.salesianos.edu\/colegio\/blog\/2021\/10\/01\/leccion-inaugural-del-curso-2021-2022\/"},"modified":"2025-08-27T08:49:44","modified_gmt":"2025-08-27T07:49:44","slug":"leccion-inaugural-del-curso-2021-2022","status":"publish","type":"post","link":"https:\/\/alcala.salesianos.edu\/colegio\/blog\/2021\/10\/01\/leccion-inaugural-del-curso-2021-2022\/","title":{"rendered":"Lecci\u00f3n inaugural del curso 2021\/2022"},"content":{"rendered":"<div id=\"fb-root\"><\/div>\n<p>[et_pb_section fb_built=\u00bb1&#8243; _builder_version=\u00bb4.10.8&#8243; _module_preset=\u00bbdefault\u00bb][et_pb_row _builder_version=\u00bb4.10.8&#8243; _module_preset=\u00bbdefault\u00bb][et_pb_column _builder_version=\u00bb4.10.8&#8243; _module_preset=\u00bbdefault\u00bb type=\u00bb4_4&#8243;][et_pb_text _builder_version=\u00bb4.10.8&#8243; _module_preset=\u00bbdefault\u00bb hover_enabled=\u00bb0&#8243; sticky_enabled=\u00bb0&#8243;]<\/p>\n<p>Como viene siendo tradicional, la Asociaci\u00f3n de Antiguos Alumnos de nuestra Casa organiza la Lecci\u00f3n Inaugural del presente curso. Dicha disertaci\u00f3n ser\u00e1 realizada por la doctora \u00a0Mar\u00eda del Trigo, cardiocirujana y antigua alumna del Centro dirigido al alumnado de Educaci\u00f3n Secundaria.<\/p>\n<div>La Asociaci\u00f3n de Antiguos Alumnos\u00a0 ha decidido aprovechar uno de sus grandes activos, el de la experiencia \u00a0de cientos de antiguos alumnos que han pasado por el centro, que han triunfado en sus carreras profesionales y que llevan consigo la estampa de Mar\u00eda Auxiliadora en la cartera y el bagaje de unas ense\u00f1anzas que van m\u00e1s all\u00e1 de lo que dicen los libros de texto.<\/div>\n<div><\/div>\n<p>&nbsp;<\/p>\n<p>[\/et_pb_text][et_pb_image _builder_version=\u00bb4.10.8&#8243; _module_preset=\u00bbdefault\u00bb title_text=\u00bbCopia de Purple and Yellow General Daily Planner (1)\u00bb src=\u00bbhttps:\/\/alcala.salesianos.edu\/wp-content\/uploads\/2021\/10\/Copia-de-Purple-and-Yellow-General-Daily-Planner-1.png\u00bb box_shadow_style=\u00bbpreset6&#8243; hover_enabled=\u00bb0&#8243; sticky_enabled=\u00bb0&#8243;][\/et_pb_image][\/et_pb_column][\/et_pb_row][\/et_pb_section]<\/p>\n","protected":false},"excerpt":{"rendered":"<p>Dicha disertaci\u00f3n ser\u00e1 realizada por la doctora \u00a0Mar\u00eda del Trigo, cardiocirujana y antigua alumna del Centro dirigido al alumnado de Educaci\u00f3n Secundaria.<\/p>\n","protected":false},"author":2,"featured_media":0,"comment_status":"closed","ping_status":"open","sticky":false,"template":"","format":"standard","meta":{"_et_pb_use_builder":"on","_et_pb_old_content":"","_et_gb_content_width":"","footnotes":""},"categories":[12,23,13,14,15,16,1],"tags":[],"class_list":["post-14356","post","type-post","status-publish","format-standard","hentry","category-colegio","category-covid","category-fasa","category-pastoral","category-portada","category-secundaria","category-uncategorized"],"yoast_head":"<!-- This site is optimized with the Yoast SEO plugin v28.4 - https:\/\/yoast.com\/product\/yoast-seo-wordpress\/ -->\n<title>Lecci\u00f3n inaugural del curso 2021\/2022 - Colegio Salesiano Alcal\u00e1<\/title>\n<meta name=\"description\" content=\"Dicha disertaci\u00f3n ser\u00e1 realizada por la doctora \u00a0Mar\u00eda del Trigo, cardiocirujana y antigua alumna del Centro dirigido al alumnado de Educaci\u00f3n Secundaria.\" \/>\n<meta name=\"robots\" content=\"index, follow, max-snippet:-1, max-image-preview:large, max-video-preview:-1\" \/>\n<link rel=\"canonical\" href=\"https:\/\/alcala.salesianos.edu\/colegio\/blog\/2021\/10\/01\/leccion-inaugural-del-curso-2021-2022\/\" \/>\n<meta property=\"og:locale\" content=\"es_ES\" \/>\n<meta property=\"og:type\" content=\"article\" \/>\n<meta property=\"og:title\" content=\"Lecci\u00f3n inaugural del curso 2021\/2022 - Colegio Salesiano Alcal\u00e1\" \/>\n<meta property=\"og:description\" content=\"Dicha disertaci\u00f3n ser\u00e1 realizada por la doctora \u00a0Mar\u00eda del Trigo, cardiocirujana y antigua alumna del Centro dirigido al alumnado de Educaci\u00f3n Secundaria.\" \/>\n<meta property=\"og:url\" content=\"https:\/\/alcala.salesianos.edu\/colegio\/blog\/2021\/10\/01\/leccion-inaugural-del-curso-2021-2022\/\" \/>\n<meta property=\"og:site_name\" content=\"Colegio Salesiano Alcal\u00e1\" \/>\n<meta property=\"article:published_time\" content=\"2021-10-01T08:08:12+00:00\" \/>\n<meta property=\"article:modified_time\" content=\"2025-08-27T07:49:44+00:00\" \/>\n<meta name=\"author\" content=\"Administrador Web\" \/>\n<meta name=\"twitter:card\" content=\"summary_large_image\" \/>\n<meta name=\"twitter:label1\" content=\"Escrito por\" \/>\n\t<meta name=\"twitter:data1\" content=\"Administrador Web\" \/>\n\t<meta name=\"twitter:label2\" content=\"Tiempo de lectura\" \/>\n\t<meta name=\"twitter:data2\" content=\"1 minuto\" \/>\n<script type=\"application\/ld+json\" class=\"yoast-schema-graph\">{\"@context\":\"https:\\\/\\\/schema.org\",\"@graph\":[{\"@type\":\"Article\",\"@id\":\"https:\\\/\\\/alcala.salesianos.edu\\\/colegio\\\/blog\\\/2021\\\/10\\\/01\\\/leccion-inaugural-del-curso-2021-2022\\\/#article\",\"isPartOf\":{\"@id\":\"https:\\\/\\\/alcala.salesianos.edu\\\/colegio\\\/blog\\\/2021\\\/10\\\/01\\\/leccion-inaugural-del-curso-2021-2022\\\/\"},\"author\":{\"name\":\"Administrador Web\",\"@id\":\"https:\\\/\\\/alcala.salesianos.edu\\\/colegio\\\/#\\\/schema\\\/person\\\/afcc24f776dc91fc2bf9afb0998fca77\"},\"headline\":\"Lecci\u00f3n inaugural del curso 2021\\\/2022\",\"datePublished\":\"2021-10-01T08:08:12+00:00\",\"dateModified\":\"2025-08-27T07:49:44+00:00\",\"mainEntityOfPage\":{\"@id\":\"https:\\\/\\\/alcala.salesianos.edu\\\/colegio\\\/blog\\\/2021\\\/10\\\/01\\\/leccion-inaugural-del-curso-2021-2022\\\/\"},\"wordCount\":210,\"articleSection\":[\"Colegio\",\"covid\",\"FASA\",\"Pastoral\",\"Portada\",\"Secundaria\",\"Uncategorized\"],\"inLanguage\":\"es\"},{\"@type\":\"WebPage\",\"@id\":\"https:\\\/\\\/alcala.salesianos.edu\\\/colegio\\\/blog\\\/2021\\\/10\\\/01\\\/leccion-inaugural-del-curso-2021-2022\\\/\",\"url\":\"https:\\\/\\\/alcala.salesianos.edu\\\/colegio\\\/blog\\\/2021\\\/10\\\/01\\\/leccion-inaugural-del-curso-2021-2022\\\/\",\"name\":\"Lecci\u00f3n inaugural del curso 2021\\\/2022 - Colegio Salesiano Alcal\u00e1\",\"isPartOf\":{\"@id\":\"https:\\\/\\\/alcala.salesianos.edu\\\/colegio\\\/#website\"},\"datePublished\":\"2021-10-01T08:08:12+00:00\",\"dateModified\":\"2025-08-27T07:49:44+00:00\",\"author\":{\"@id\":\"https:\\\/\\\/alcala.salesianos.edu\\\/colegio\\\/#\\\/schema\\\/person\\\/afcc24f776dc91fc2bf9afb0998fca77\"},\"description\":\"Dicha disertaci\u00f3n ser\u00e1 realizada por la doctora \u00a0Mar\u00eda del Trigo, cardiocirujana y antigua alumna del Centro dirigido al alumnado de Educaci\u00f3n Secundaria.\",\"breadcrumb\":{\"@id\":\"https:\\\/\\\/alcala.salesianos.edu\\\/colegio\\\/blog\\\/2021\\\/10\\\/01\\\/leccion-inaugural-del-curso-2021-2022\\\/#breadcrumb\"},\"inLanguage\":\"es\",\"potentialAction\":[{\"@type\":\"ReadAction\",\"target\":[\"https:\\\/\\\/alcala.salesianos.edu\\\/colegio\\\/blog\\\/2021\\\/10\\\/01\\\/leccion-inaugural-del-curso-2021-2022\\\/\"]}]},{\"@type\":\"BreadcrumbList\",\"@id\":\"https:\\\/\\\/alcala.salesianos.edu\\\/colegio\\\/blog\\\/2021\\\/10\\\/01\\\/leccion-inaugural-del-curso-2021-2022\\\/#breadcrumb\",\"itemListElement\":[{\"@type\":\"ListItem\",\"position\":1,\"name\":\"Portada\",\"item\":\"https:\\\/\\\/alcala.salesianos.edu\\\/colegio\\\/\"},{\"@type\":\"ListItem\",\"position\":2,\"name\":\"Lecci\u00f3n inaugural del curso 2021\\\/2022\"}]},{\"@type\":\"WebSite\",\"@id\":\"https:\\\/\\\/alcala.salesianos.edu\\\/colegio\\\/#website\",\"url\":\"https:\\\/\\\/alcala.salesianos.edu\\\/colegio\\\/\",\"name\":\"Colegio Salesiano Alcal\u00e1\",\"description\":\"P\u00e1gina oficial de Salesianos Alcal\u00e1 de Guadaira\",\"potentialAction\":[{\"@type\":\"SearchAction\",\"target\":{\"@type\":\"EntryPoint\",\"urlTemplate\":\"https:\\\/\\\/alcala.salesianos.edu\\\/colegio\\\/?s={search_term_string}\"},\"query-input\":{\"@type\":\"PropertyValueSpecification\",\"valueRequired\":true,\"valueName\":\"search_term_string\"}}],\"inLanguage\":\"es\"},{\"@type\":\"Person\",\"@id\":\"https:\\\/\\\/alcala.salesianos.edu\\\/colegio\\\/#\\\/schema\\\/person\\\/afcc24f776dc91fc2bf9afb0998fca77\",\"name\":\"Administrador Web\",\"image\":{\"@type\":\"ImageObject\",\"inLanguage\":\"es\",\"@id\":\"https:\\\/\\\/secure.gravatar.com\\\/avatar\\\/bc157e994689bd6da9645c00aa3bc4d55b727915b6652642660db0aef086585f?s=96&d=mm&r=g\",\"url\":\"https:\\\/\\\/secure.gravatar.com\\\/avatar\\\/bc157e994689bd6da9645c00aa3bc4d55b727915b6652642660db0aef086585f?s=96&d=mm&r=g\",\"contentUrl\":\"https:\\\/\\\/secure.gravatar.com\\\/avatar\\\/bc157e994689bd6da9645c00aa3bc4d55b727915b6652642660db0aef086585f?s=96&d=mm&r=g\",\"caption\":\"Administrador Web\"}}]}<\/script>\n<!-- \/ Yoast SEO plugin. -->","yoast_head_json":{"title":"Lecci\u00f3n inaugural del curso 2021\/2022 - Colegio Salesiano Alcal\u00e1","description":"Dicha disertaci\u00f3n ser\u00e1 realizada por la doctora \u00a0Mar\u00eda del Trigo, cardiocirujana y antigua alumna del Centro dirigido al alumnado de Educaci\u00f3n Secundaria.","robots":{"index":"index","follow":"follow","max-snippet":"max-snippet:-1","max-image-preview":"max-image-preview:large","max-video-preview":"max-video-preview:-1"},"canonical":"https:\/\/alcala.salesianos.edu\/colegio\/blog\/2021\/10\/01\/leccion-inaugural-del-curso-2021-2022\/","og_locale":"es_ES","og_type":"article","og_title":"Lecci\u00f3n inaugural del curso 2021\/2022 - Colegio Salesiano Alcal\u00e1","og_description":"Dicha disertaci\u00f3n ser\u00e1 realizada por la doctora \u00a0Mar\u00eda del Trigo, cardiocirujana y antigua alumna del Centro dirigido al alumnado de Educaci\u00f3n Secundaria.","og_url":"https:\/\/alcala.salesianos.edu\/colegio\/blog\/2021\/10\/01\/leccion-inaugural-del-curso-2021-2022\/","og_site_name":"Colegio Salesiano Alcal\u00e1","article_published_time":"2021-10-01T08:08:12+00:00","article_modified_time":"2025-08-27T07:49:44+00:00","author":"Administrador Web","twitter_card":"summary_large_image","twitter_misc":{"Escrito por":"Administrador Web","Tiempo de lectura":"1 minuto"},"schema":{"@context":"https:\/\/schema.org","@graph":[{"@type":"Article","@id":"https:\/\/alcala.salesianos.edu\/colegio\/blog\/2021\/10\/01\/leccion-inaugural-del-curso-2021-2022\/#article","isPartOf":{"@id":"https:\/\/alcala.salesianos.edu\/colegio\/blog\/2021\/10\/01\/leccion-inaugural-del-curso-2021-2022\/"},"author":{"name":"Administrador Web","@id":"https:\/\/alcala.salesianos.edu\/colegio\/#\/schema\/person\/afcc24f776dc91fc2bf9afb0998fca77"},"headline":"Lecci\u00f3n inaugural del curso 2021\/2022","datePublished":"2021-10-01T08:08:12+00:00","dateModified":"2025-08-27T07:49:44+00:00","mainEntityOfPage":{"@id":"https:\/\/alcala.salesianos.edu\/colegio\/blog\/2021\/10\/01\/leccion-inaugural-del-curso-2021-2022\/"},"wordCount":210,"articleSection":["Colegio","covid","FASA","Pastoral","Portada","Secundaria","Uncategorized"],"inLanguage":"es"},{"@type":"WebPage","@id":"https:\/\/alcala.salesianos.edu\/colegio\/blog\/2021\/10\/01\/leccion-inaugural-del-curso-2021-2022\/","url":"https:\/\/alcala.salesianos.edu\/colegio\/blog\/2021\/10\/01\/leccion-inaugural-del-curso-2021-2022\/","name":"Lecci\u00f3n inaugural del curso 2021\/2022 - Colegio Salesiano Alcal\u00e1","isPartOf":{"@id":"https:\/\/alcala.salesianos.edu\/colegio\/#website"},"datePublished":"2021-10-01T08:08:12+00:00","dateModified":"2025-08-27T07:49:44+00:00","author":{"@id":"https:\/\/alcala.salesianos.edu\/colegio\/#\/schema\/person\/afcc24f776dc91fc2bf9afb0998fca77"},"description":"Dicha disertaci\u00f3n ser\u00e1 realizada por la doctora \u00a0Mar\u00eda del Trigo, cardiocirujana y antigua alumna del Centro dirigido al alumnado de Educaci\u00f3n Secundaria.","breadcrumb":{"@id":"https:\/\/alcala.salesianos.edu\/colegio\/blog\/2021\/10\/01\/leccion-inaugural-del-curso-2021-2022\/#breadcrumb"},"inLanguage":"es","potentialAction":[{"@type":"ReadAction","target":["https:\/\/alcala.salesianos.edu\/colegio\/blog\/2021\/10\/01\/leccion-inaugural-del-curso-2021-2022\/"]}]},{"@type":"BreadcrumbList","@id":"https:\/\/alcala.salesianos.edu\/colegio\/blog\/2021\/10\/01\/leccion-inaugural-del-curso-2021-2022\/#breadcrumb","itemListElement":[{"@type":"ListItem","position":1,"name":"Portada","item":"https:\/\/alcala.salesianos.edu\/colegio\/"},{"@type":"ListItem","position":2,"name":"Lecci\u00f3n inaugural del curso 2021\/2022"}]},{"@type":"WebSite","@id":"https:\/\/alcala.salesianos.edu\/colegio\/#website","url":"https:\/\/alcala.salesianos.edu\/colegio\/","name":"Colegio Salesiano Alcal\u00e1","description":"P\u00e1gina oficial de Salesianos Alcal\u00e1 de Guadaira","potentialAction":[{"@type":"SearchAction","target":{"@type":"EntryPoint","urlTemplate":"https:\/\/alcala.salesianos.edu\/colegio\/?s={search_term_string}"},"query-input":{"@type":"PropertyValueSpecification","valueRequired":true,"valueName":"search_term_string"}}],"inLanguage":"es"},{"@type":"Person","@id":"https:\/\/alcala.salesianos.edu\/colegio\/#\/schema\/person\/afcc24f776dc91fc2bf9afb0998fca77","name":"Administrador Web","image":{"@type":"ImageObject","inLanguage":"es","@id":"https:\/\/secure.gravatar.com\/avatar\/bc157e994689bd6da9645c00aa3bc4d55b727915b6652642660db0aef086585f?s=96&d=mm&r=g","url":"https:\/\/secure.gravatar.com\/avatar\/bc157e994689bd6da9645c00aa3bc4d55b727915b6652642660db0aef086585f?s=96&d=mm&r=g","contentUrl":"https:\/\/secure.gravatar.com\/avatar\/bc157e994689bd6da9645c00aa3bc4d55b727915b6652642660db0aef086585f?s=96&d=mm&r=g","caption":"Administrador Web"}}]}},"_links":{"self":[{"href":"https:\/\/alcala.salesianos.edu\/colegio\/wp-json\/wp\/v2\/posts\/14356","targetHints":{"allow":["GET"]}}],"collection":[{"href":"https:\/\/alcala.salesianos.edu\/colegio\/wp-json\/wp\/v2\/posts"}],"about":[{"href":"https:\/\/alcala.salesianos.edu\/colegio\/wp-json\/wp\/v2\/types\/post"}],"author":[{"embeddable":true,"href":"https:\/\/alcala.salesianos.edu\/colegio\/wp-json\/wp\/v2\/users\/2"}],"replies":[{"embeddable":true,"href":"https:\/\/alcala.salesianos.edu\/colegio\/wp-json\/wp\/v2\/comments?post=14356"}],"version-history":[{"count":1,"href":"https:\/\/alcala.salesianos.edu\/colegio\/wp-json\/wp\/v2\/posts\/14356\/revisions"}],"predecessor-version":[{"id":16686,"href":"https:\/\/alcala.salesianos.edu\/colegio\/wp-json\/wp\/v2\/posts\/14356\/revisions\/16686"}],"wp:attachment":[{"href":"https:\/\/alcala.salesianos.edu\/colegio\/wp-json\/wp\/v2\/media?parent=14356"}],"wp:term":[{"taxonomy":"category","embeddable":true,"href":"https:\/\/alcala.salesianos.edu\/colegio\/wp-json\/wp\/v2\/categories?post=14356"},{"taxonomy":"post_tag","embeddable":true,"href":"https:\/\/alcala.salesianos.edu\/colegio\/wp-json\/wp\/v2\/tags?post=14356"}],"curies":[{"name":"wp","href":"https:\/\/api.w.org\/{rel}","templated":true}]}}