{"id":14307,"date":"2021-09-07T11:09:52","date_gmt":"2021-09-07T10:09:52","guid":{"rendered":"https:\/\/alcala.salesianos.edu\/colegio\/blog\/2021\/09\/07\/becas-para-el-alumnado-con-neae-2\/"},"modified":"2025-08-27T08:49:45","modified_gmt":"2025-08-27T07:49:45","slug":"becas-para-el-alumnado-con-neae-2","status":"publish","type":"post","link":"https:\/\/alcala.salesianos.edu\/colegio\/blog\/2021\/09\/07\/becas-para-el-alumnado-con-neae-2\/","title":{"rendered":"Becas para el alumnado con NEAE"},"content":{"rendered":"<div id=\"fb-root\"><\/div>\n<p>[et_pb_section fb_built=\u00bb1&#8243; _builder_version=\u00bb4.10.6&#8243; _module_preset=\u00bbdefault\u00bb][et_pb_row _builder_version=\u00bb4.10.6&#8243; _module_preset=\u00bbdefault\u00bb][et_pb_column _builder_version=\u00bb4.10.6&#8243; _module_preset=\u00bbdefault\u00bb type=\u00bb4_4&#8243;][et_pb_text _builder_version=\u00bb4.10.6&#8243; _module_preset=\u00bbdefault\u00bb hover_enabled=\u00bb0&#8243; sticky_enabled=\u00bb0&#8243;]<\/p>\n<p style=\"font-weight: 400;\">Como cada a\u00f1o se ha publicado la convocatoria de Becas para alumnado NEAE del Ministerio de Educaci\u00f3n. La fecha de presentaci\u00f3n es del 03 de agosto al 30 de\u00a0septiembre de 2021.<\/p>\n<p style=\"font-weight: 400;\">\u00a0La solicitud se rellena en la sede electr\u00f3nica del Ministerio de Educaci\u00f3n, es decir,\u00a0\u00a0<a href=\"https:\/\/sede.educacion.gob.es\/sede\/login\/inicio.jjsp?idConvocatoria=1554\" data-saferedirecturl=\"https:\/\/www.google.com\/url?q=https:\/\/sede.educacion.gob.es\/sede\/login\/inicio.jjsp?idConvocatoria%3D1554&amp;source=gmail&amp;ust=1631095419112000&amp;usg=AFQjCNGIEi44zwIzMB_HlIFIOnudM2AyKQ\">https:\/\/sede.educacion.gob.es\/sede\/login\/inicio.jjsp?idConvocatoria=1554<\/a><\/p>\n<p style=\"font-weight: 400;\">Pueden encontrar toda la informaci\u00f3n sobre requisitos y documentaci\u00f3n a presentar en el siguiente enlace del Ministerio de Educaci\u00f3n\u00a0<a href=\"https:\/\/www.educacionyfp.gob.es\/servicios-al-ciudadano\/catalogo\/estudiantes\/becas-ayudas\/para-estudiar\/deportivas\/necesidad-especifica-apoyo-educativo.html\" data-saferedirecturl=\"https:\/\/www.google.com\/url?q=https:\/\/www.educacionyfp.gob.es\/servicios-al-ciudadano\/catalogo\/estudiantes\/becas-ayudas\/para-estudiar\/deportivas\/necesidad-especifica-apoyo-educativo.html&amp;source=gmail&amp;ust=1631095419112000&amp;usg=AFQjCNHWPEWK_eI-HRMwuFf85CEeVMGOGg\">https:\/\/www.educacionyfp.gob.es\/servicios-al-ciudadano\/catalogo\/estudiantes\/becas-ayudas\/para-estudiar\/deportivas\/necesidad-especifica-apoyo-educativo.html<\/a><\/p>\n<p>[\/et_pb_text][\/et_pb_column][\/et_pb_row][\/et_pb_section]<\/p>\n","protected":false},"excerpt":{"rendered":"<p>Como cada a\u00f1o se ha publicado la convocatoria de Becas para alumnado NEAE del Ministerio de Educaci\u00f3n. La fecha de presentaci\u00f3n es del 03 de agosto al 30 de\u00a0septiembre de 2021.<\/p>\n","protected":false},"author":2,"featured_media":0,"comment_status":"closed","ping_status":"open","sticky":false,"template":"","format":"standard","meta":{"_et_pb_use_builder":"on","_et_pb_old_content":"","_et_gb_content_width":"","footnotes":""},"categories":[12,23,17,14,15,18,16,1],"tags":[],"class_list":["post-14307","post","type-post","status-publish","format-standard","hentry","category-colegio","category-covid","category-infantil","category-pastoral","category-portada","category-primaria","category-secundaria","category-uncategorized"],"yoast_head":"<!-- This site is optimized with the Yoast SEO plugin v28.4 - https:\/\/yoast.com\/product\/yoast-seo-wordpress\/ -->\n<title>Becas para el alumnado con NEAE - Colegio Salesiano Alcal\u00e1<\/title>\n<meta name=\"description\" content=\"Como cada a\u00f1o se ha publicado la convocatoria de Becas para alumnado NEAE del Ministerio de Educaci\u00f3n. La fecha de presentaci\u00f3n es del 03 de agosto al 30 de\u00a0septiembre de 2021.\" \/>\n<meta name=\"robots\" content=\"index, follow, max-snippet:-1, max-image-preview:large, max-video-preview:-1\" \/>\n<link rel=\"canonical\" href=\"https:\/\/alcala.salesianos.edu\/colegio\/blog\/2021\/09\/07\/becas-para-el-alumnado-con-neae-2\/\" \/>\n<meta property=\"og:locale\" content=\"es_ES\" \/>\n<meta property=\"og:type\" content=\"article\" \/>\n<meta property=\"og:title\" content=\"Becas para el alumnado con NEAE - Colegio Salesiano Alcal\u00e1\" \/>\n<meta property=\"og:description\" content=\"Como cada a\u00f1o se ha publicado la convocatoria de Becas para alumnado NEAE del Ministerio de Educaci\u00f3n. La fecha de presentaci\u00f3n es del 03 de agosto al 30 de\u00a0septiembre de 2021.\" \/>\n<meta property=\"og:url\" content=\"https:\/\/alcala.salesianos.edu\/colegio\/blog\/2021\/09\/07\/becas-para-el-alumnado-con-neae-2\/\" \/>\n<meta property=\"og:site_name\" content=\"Colegio Salesiano Alcal\u00e1\" \/>\n<meta property=\"article:published_time\" content=\"2021-09-07T10:09:52+00:00\" \/>\n<meta property=\"article:modified_time\" content=\"2025-08-27T07:49:45+00:00\" \/>\n<meta name=\"author\" content=\"Administrador Web\" \/>\n<meta name=\"twitter:card\" content=\"summary_large_image\" \/>\n<meta name=\"twitter:label1\" content=\"Escrito por\" \/>\n\t<meta name=\"twitter:data1\" content=\"Administrador Web\" \/>\n\t<meta name=\"twitter:label2\" content=\"Tiempo de lectura\" \/>\n\t<meta name=\"twitter:data2\" content=\"1 minuto\" \/>\n<script type=\"application\/ld+json\" class=\"yoast-schema-graph\">{\"@context\":\"https:\\\/\\\/schema.org\",\"@graph\":[{\"@type\":\"Article\",\"@id\":\"https:\\\/\\\/alcala.salesianos.edu\\\/colegio\\\/blog\\\/2021\\\/09\\\/07\\\/becas-para-el-alumnado-con-neae-2\\\/#article\",\"isPartOf\":{\"@id\":\"https:\\\/\\\/alcala.salesianos.edu\\\/colegio\\\/blog\\\/2021\\\/09\\\/07\\\/becas-para-el-alumnado-con-neae-2\\\/\"},\"author\":{\"name\":\"Administrador Web\",\"@id\":\"https:\\\/\\\/alcala.salesianos.edu\\\/colegio\\\/#\\\/schema\\\/person\\\/afcc24f776dc91fc2bf9afb0998fca77\"},\"headline\":\"Becas para el alumnado con NEAE\",\"datePublished\":\"2021-09-07T10:09:52+00:00\",\"dateModified\":\"2025-08-27T07:49:45+00:00\",\"mainEntityOfPage\":{\"@id\":\"https:\\\/\\\/alcala.salesianos.edu\\\/colegio\\\/blog\\\/2021\\\/09\\\/07\\\/becas-para-el-alumnado-con-neae-2\\\/\"},\"wordCount\":150,\"articleSection\":[\"Colegio\",\"covid\",\"Infantil\",\"Pastoral\",\"Portada\",\"Primaria\",\"Secundaria\",\"Uncategorized\"],\"inLanguage\":\"es\"},{\"@type\":\"WebPage\",\"@id\":\"https:\\\/\\\/alcala.salesianos.edu\\\/colegio\\\/blog\\\/2021\\\/09\\\/07\\\/becas-para-el-alumnado-con-neae-2\\\/\",\"url\":\"https:\\\/\\\/alcala.salesianos.edu\\\/colegio\\\/blog\\\/2021\\\/09\\\/07\\\/becas-para-el-alumnado-con-neae-2\\\/\",\"name\":\"Becas para el alumnado con NEAE - Colegio Salesiano Alcal\u00e1\",\"isPartOf\":{\"@id\":\"https:\\\/\\\/alcala.salesianos.edu\\\/colegio\\\/#website\"},\"datePublished\":\"2021-09-07T10:09:52+00:00\",\"dateModified\":\"2025-08-27T07:49:45+00:00\",\"author\":{\"@id\":\"https:\\\/\\\/alcala.salesianos.edu\\\/colegio\\\/#\\\/schema\\\/person\\\/afcc24f776dc91fc2bf9afb0998fca77\"},\"description\":\"Como cada a\u00f1o se ha publicado la convocatoria de Becas para alumnado NEAE del Ministerio de Educaci\u00f3n. La fecha de presentaci\u00f3n es del 03 de agosto al 30 de\u00a0septiembre de 2021.\",\"breadcrumb\":{\"@id\":\"https:\\\/\\\/alcala.salesianos.edu\\\/colegio\\\/blog\\\/2021\\\/09\\\/07\\\/becas-para-el-alumnado-con-neae-2\\\/#breadcrumb\"},\"inLanguage\":\"es\",\"potentialAction\":[{\"@type\":\"ReadAction\",\"target\":[\"https:\\\/\\\/alcala.salesianos.edu\\\/colegio\\\/blog\\\/2021\\\/09\\\/07\\\/becas-para-el-alumnado-con-neae-2\\\/\"]}]},{\"@type\":\"BreadcrumbList\",\"@id\":\"https:\\\/\\\/alcala.salesianos.edu\\\/colegio\\\/blog\\\/2021\\\/09\\\/07\\\/becas-para-el-alumnado-con-neae-2\\\/#breadcrumb\",\"itemListElement\":[{\"@type\":\"ListItem\",\"position\":1,\"name\":\"Portada\",\"item\":\"https:\\\/\\\/alcala.salesianos.edu\\\/colegio\\\/\"},{\"@type\":\"ListItem\",\"position\":2,\"name\":\"Becas para el alumnado con NEAE\"}]},{\"@type\":\"WebSite\",\"@id\":\"https:\\\/\\\/alcala.salesianos.edu\\\/colegio\\\/#website\",\"url\":\"https:\\\/\\\/alcala.salesianos.edu\\\/colegio\\\/\",\"name\":\"Colegio Salesiano Alcal\u00e1\",\"description\":\"P\u00e1gina oficial de Salesianos Alcal\u00e1 de Guadaira\",\"potentialAction\":[{\"@type\":\"SearchAction\",\"target\":{\"@type\":\"EntryPoint\",\"urlTemplate\":\"https:\\\/\\\/alcala.salesianos.edu\\\/colegio\\\/?s={search_term_string}\"},\"query-input\":{\"@type\":\"PropertyValueSpecification\",\"valueRequired\":true,\"valueName\":\"search_term_string\"}}],\"inLanguage\":\"es\"},{\"@type\":\"Person\",\"@id\":\"https:\\\/\\\/alcala.salesianos.edu\\\/colegio\\\/#\\\/schema\\\/person\\\/afcc24f776dc91fc2bf9afb0998fca77\",\"name\":\"Administrador Web\",\"image\":{\"@type\":\"ImageObject\",\"inLanguage\":\"es\",\"@id\":\"https:\\\/\\\/secure.gravatar.com\\\/avatar\\\/bc157e994689bd6da9645c00aa3bc4d55b727915b6652642660db0aef086585f?s=96&d=mm&r=g\",\"url\":\"https:\\\/\\\/secure.gravatar.com\\\/avatar\\\/bc157e994689bd6da9645c00aa3bc4d55b727915b6652642660db0aef086585f?s=96&d=mm&r=g\",\"contentUrl\":\"https:\\\/\\\/secure.gravatar.com\\\/avatar\\\/bc157e994689bd6da9645c00aa3bc4d55b727915b6652642660db0aef086585f?s=96&d=mm&r=g\",\"caption\":\"Administrador Web\"}}]}<\/script>\n<!-- \/ Yoast SEO plugin. -->","yoast_head_json":{"title":"Becas para el alumnado con NEAE - Colegio Salesiano Alcal\u00e1","description":"Como cada a\u00f1o se ha publicado la convocatoria de Becas para alumnado NEAE del Ministerio de Educaci\u00f3n. La fecha de presentaci\u00f3n es del 03 de agosto al 30 de\u00a0septiembre de 2021.","robots":{"index":"index","follow":"follow","max-snippet":"max-snippet:-1","max-image-preview":"max-image-preview:large","max-video-preview":"max-video-preview:-1"},"canonical":"https:\/\/alcala.salesianos.edu\/colegio\/blog\/2021\/09\/07\/becas-para-el-alumnado-con-neae-2\/","og_locale":"es_ES","og_type":"article","og_title":"Becas para el alumnado con NEAE - Colegio Salesiano Alcal\u00e1","og_description":"Como cada a\u00f1o se ha publicado la convocatoria de Becas para alumnado NEAE del Ministerio de Educaci\u00f3n. La fecha de presentaci\u00f3n es del 03 de agosto al 30 de\u00a0septiembre de 2021.","og_url":"https:\/\/alcala.salesianos.edu\/colegio\/blog\/2021\/09\/07\/becas-para-el-alumnado-con-neae-2\/","og_site_name":"Colegio Salesiano Alcal\u00e1","article_published_time":"2021-09-07T10:09:52+00:00","article_modified_time":"2025-08-27T07:49:45+00:00","author":"Administrador Web","twitter_card":"summary_large_image","twitter_misc":{"Escrito por":"Administrador Web","Tiempo de lectura":"1 minuto"},"schema":{"@context":"https:\/\/schema.org","@graph":[{"@type":"Article","@id":"https:\/\/alcala.salesianos.edu\/colegio\/blog\/2021\/09\/07\/becas-para-el-alumnado-con-neae-2\/#article","isPartOf":{"@id":"https:\/\/alcala.salesianos.edu\/colegio\/blog\/2021\/09\/07\/becas-para-el-alumnado-con-neae-2\/"},"author":{"name":"Administrador Web","@id":"https:\/\/alcala.salesianos.edu\/colegio\/#\/schema\/person\/afcc24f776dc91fc2bf9afb0998fca77"},"headline":"Becas para el alumnado con NEAE","datePublished":"2021-09-07T10:09:52+00:00","dateModified":"2025-08-27T07:49:45+00:00","mainEntityOfPage":{"@id":"https:\/\/alcala.salesianos.edu\/colegio\/blog\/2021\/09\/07\/becas-para-el-alumnado-con-neae-2\/"},"wordCount":150,"articleSection":["Colegio","covid","Infantil","Pastoral","Portada","Primaria","Secundaria","Uncategorized"],"inLanguage":"es"},{"@type":"WebPage","@id":"https:\/\/alcala.salesianos.edu\/colegio\/blog\/2021\/09\/07\/becas-para-el-alumnado-con-neae-2\/","url":"https:\/\/alcala.salesianos.edu\/colegio\/blog\/2021\/09\/07\/becas-para-el-alumnado-con-neae-2\/","name":"Becas para el alumnado con NEAE - Colegio Salesiano Alcal\u00e1","isPartOf":{"@id":"https:\/\/alcala.salesianos.edu\/colegio\/#website"},"datePublished":"2021-09-07T10:09:52+00:00","dateModified":"2025-08-27T07:49:45+00:00","author":{"@id":"https:\/\/alcala.salesianos.edu\/colegio\/#\/schema\/person\/afcc24f776dc91fc2bf9afb0998fca77"},"description":"Como cada a\u00f1o se ha publicado la convocatoria de Becas para alumnado NEAE del Ministerio de Educaci\u00f3n. La fecha de presentaci\u00f3n es del 03 de agosto al 30 de\u00a0septiembre de 2021.","breadcrumb":{"@id":"https:\/\/alcala.salesianos.edu\/colegio\/blog\/2021\/09\/07\/becas-para-el-alumnado-con-neae-2\/#breadcrumb"},"inLanguage":"es","potentialAction":[{"@type":"ReadAction","target":["https:\/\/alcala.salesianos.edu\/colegio\/blog\/2021\/09\/07\/becas-para-el-alumnado-con-neae-2\/"]}]},{"@type":"BreadcrumbList","@id":"https:\/\/alcala.salesianos.edu\/colegio\/blog\/2021\/09\/07\/becas-para-el-alumnado-con-neae-2\/#breadcrumb","itemListElement":[{"@type":"ListItem","position":1,"name":"Portada","item":"https:\/\/alcala.salesianos.edu\/colegio\/"},{"@type":"ListItem","position":2,"name":"Becas para el alumnado con NEAE"}]},{"@type":"WebSite","@id":"https:\/\/alcala.salesianos.edu\/colegio\/#website","url":"https:\/\/alcala.salesianos.edu\/colegio\/","name":"Colegio Salesiano Alcal\u00e1","description":"P\u00e1gina oficial de Salesianos Alcal\u00e1 de Guadaira","potentialAction":[{"@type":"SearchAction","target":{"@type":"EntryPoint","urlTemplate":"https:\/\/alcala.salesianos.edu\/colegio\/?s={search_term_string}"},"query-input":{"@type":"PropertyValueSpecification","valueRequired":true,"valueName":"search_term_string"}}],"inLanguage":"es"},{"@type":"Person","@id":"https:\/\/alcala.salesianos.edu\/colegio\/#\/schema\/person\/afcc24f776dc91fc2bf9afb0998fca77","name":"Administrador Web","image":{"@type":"ImageObject","inLanguage":"es","@id":"https:\/\/secure.gravatar.com\/avatar\/bc157e994689bd6da9645c00aa3bc4d55b727915b6652642660db0aef086585f?s=96&d=mm&r=g","url":"https:\/\/secure.gravatar.com\/avatar\/bc157e994689bd6da9645c00aa3bc4d55b727915b6652642660db0aef086585f?s=96&d=mm&r=g","contentUrl":"https:\/\/secure.gravatar.com\/avatar\/bc157e994689bd6da9645c00aa3bc4d55b727915b6652642660db0aef086585f?s=96&d=mm&r=g","caption":"Administrador Web"}}]}},"_links":{"self":[{"href":"https:\/\/alcala.salesianos.edu\/colegio\/wp-json\/wp\/v2\/posts\/14307","targetHints":{"allow":["GET"]}}],"collection":[{"href":"https:\/\/alcala.salesianos.edu\/colegio\/wp-json\/wp\/v2\/posts"}],"about":[{"href":"https:\/\/alcala.salesianos.edu\/colegio\/wp-json\/wp\/v2\/types\/post"}],"author":[{"embeddable":true,"href":"https:\/\/alcala.salesianos.edu\/colegio\/wp-json\/wp\/v2\/users\/2"}],"replies":[{"embeddable":true,"href":"https:\/\/alcala.salesianos.edu\/colegio\/wp-json\/wp\/v2\/comments?post=14307"}],"version-history":[{"count":1,"href":"https:\/\/alcala.salesianos.edu\/colegio\/wp-json\/wp\/v2\/posts\/14307\/revisions"}],"predecessor-version":[{"id":16687,"href":"https:\/\/alcala.salesianos.edu\/colegio\/wp-json\/wp\/v2\/posts\/14307\/revisions\/16687"}],"wp:attachment":[{"href":"https:\/\/alcala.salesianos.edu\/colegio\/wp-json\/wp\/v2\/media?parent=14307"}],"wp:term":[{"taxonomy":"category","embeddable":true,"href":"https:\/\/alcala.salesianos.edu\/colegio\/wp-json\/wp\/v2\/categories?post=14307"},{"taxonomy":"post_tag","embeddable":true,"href":"https:\/\/alcala.salesianos.edu\/colegio\/wp-json\/wp\/v2\/tags?post=14307"}],"curies":[{"name":"wp","href":"https:\/\/api.w.org\/{rel}","templated":true}]}}