{"id":14262,"date":"2021-07-29T16:07:44","date_gmt":"2021-07-29T15:07:44","guid":{"rendered":"https:\/\/alcala.salesianos.edu\/colegio\/blog\/2021\/07\/29\/protagonismo-juvenil-en-el-verano-salesiano\/"},"modified":"2025-08-27T08:49:46","modified_gmt":"2025-08-27T07:49:46","slug":"protagonismo-juvenil-en-el-verano-salesiano","status":"publish","type":"post","link":"https:\/\/alcala.salesianos.edu\/colegio\/blog\/2021\/07\/29\/protagonismo-juvenil-en-el-verano-salesiano\/","title":{"rendered":"Protagonismo juvenil en el verano salesiano"},"content":{"rendered":"<div id=\"fb-root\"><\/div>\n<p>[et_pb_section fb_built=\u00bb1&#8243; _builder_version=\u00bb4.9.10&#8243; _module_preset=\u00bbdefault\u00bb][et_pb_row _builder_version=\u00bb4.9.10&#8243; _module_preset=\u00bbdefault\u00bb][et_pb_column _builder_version=\u00bb4.9.10&#8243; _module_preset=\u00bbdefault\u00bb type=\u00bb4_4&#8243;][et_pb_text _builder_version=\u00bb4.9.10&#8243; _module_preset=\u00bbdefault\u00bb hover_enabled=\u00bb0&#8243; sticky_enabled=\u00bb0&#8243;]<\/p>\n<div class=\"et_pb_module et_pb_text et_pb_text_4  et_pb_text_align_left et_pb_bg_layout_light\">\n<div class=\"et_pb_text_inner\">\n<div>\n<div>\n<p>M\u00e1s de medio millar de j\u00f3venes asumen el protagonismo durante el verano salesiano y, con la mirada en el pr\u00f3ximo curso, se suman a estas iniciativas dise\u00f1adas con el objetivo de promover el uso educativo del tiempo libre, conjugando actividades de ocio con otras de formaci\u00f3n humana y espiritual. Una experiencia formativa integral donde, adem\u00e1s del contenido\u00a0propio del t\u00edtulo, se encuentra un ambiente l\u00fadico y educativo desde el encuentro personal, buscando ir m\u00e1s all\u00e1 de las materias que se\u00a0trabajan.<\/p>\n<\/div>\n<div>\n<p>\u201cSer monitor es mucho m\u00e1s que tener un t\u00edtulo. Es una forma de vida en la que se apuesta por embellecer el mundo que nos rodea. Nosotros te vamos a dar las herramientas para conseguirlo\u201d, compart\u00edan desde la coordinaci\u00f3n de la Escuela Don Bosco sobre esta experiencia enmarcada en un primer bloque entre los meses de julio y septiembre con el ejemplo cercano desarrollado en diferentes localidades como Palma del R\u00edo, Pozoblanco, Sevilla, Sanl\u00facar la Mayor, C\u00f3rdoba o M\u00e1laga.<\/p>\n<p>\u201cYa que no podemos celebrar nuestro Oratorio de verano, desde el Centro Juvenil Magone, vemos la oportunidad de poder formarnos bien y as\u00ed asegurar un mejor servicio a los j\u00f3venes y a las familias que durante el curso y en verano comparten con nosotros su vida. Una puerta para la formaci\u00f3n de calidad y la preparaci\u00f3n m\u00e1s adecuada para los animadores y animadoras, siempre dispuestos a darlo todo por los ni\u00f1os y j\u00f3venes\u201d, explican desde Pozoblanco sobre una experiencia intensa desarrollada del 5 al 14 de julio. \u201cHemos impartido todos los m\u00f3dulos de formaci\u00f3n presencial y online en las fechas indicadas, de modo que, a lo largo del curso y en el Oratorio de verano pr\u00f3ximo, los j\u00f3venes que est\u00e1n en formaci\u00f3n puedan realizar sus pr\u00e1cticas y culminar en un a\u00f1o su titulaci\u00f3n oficial\u201d, a\u00f1aden.<\/p>\n<p>Una muestra del esfuerzo compartido en el apostar por la formaci\u00f3n. Siempre buscando las oportunidades para mejor servir a los j\u00f3venes.<\/p>\n<\/div>\n<div>\u00a0<\/div>\n<div>\n<p><b>M\u00e1s de tres d\u00e9cadas al servicio de los j\u00f3venes<\/b><\/p>\n<p>&nbsp;<\/p>\n<\/div>\n<\/div>\n<div>\u00a0<\/div>\n<div>\n<p>La\u00a0<a href=\"http:\/\/escueladbandalucia.salesianos.edu\/\">Escuela Don Bosco de Tiempo Libre y Animaci\u00f3n Sociocultural<\/a>\u00a0naci\u00f3 en el a\u00f1o 1990 con el objetivo de formar animadores, educadores, monitores, maestros y todos aquellos profesionales dedicados a la educaci\u00f3n no formal, siendo pionera en Andaluc\u00eda de las Escuelas de Tiempo Libre. Hasta la actualidad han pasado por sus aulas m\u00e1s de 15000 alumnos y a\u00fan sigue teniendo la energ\u00eda para recibir a otros tantos que buscan en ellas el enriquecimiento de la sabidur\u00eda de aquellos que son o fueron animadores, monitores y educadores antes que ellos.<\/p>\n<p>Esta dedicaci\u00f3n por la formaci\u00f3n, no s\u00f3lo en sus conocimientos te\u00f3ricos y pr\u00e1cticos de la educaci\u00f3n del ocio y la animaci\u00f3n sociocultural, sino tambi\u00e9n de aquellas aptitudes y actitudes inherentes a las cualidades humanas de cada una de las personas, han sido el sentido de este trabajo a lo largo de tres d\u00e9cadas.<\/p>\n<\/div>\n<\/div>\n<\/div>\n<div class=\"et_pb_button_module_wrapper et_pb_button_0_wrapper  et_pb_module \" style=\"text-align: center;\"><a class=\"et_pb_button et_pb_custom_button_icon et_pb_button_0 et_pb_bg_layout_light\" href=\"http:\/\/escueladbandalucia.salesianos.edu\/\" target=\"_blank\" rel=\"noopener\" data-icon=\"$\">IR A LA OFERTA DE LA ESCUELA DON BOSCO DE TIEMPO LIBRE<\/a><\/div>\n<div>\u00a0<\/div>\n<div>De <a href=\"http:\/\/salesianos.edu\" target=\"_blank\" rel=\"noopener\">salesianos.edu<\/a><\/div>\n<p>[\/et_pb_text][\/et_pb_column][\/et_pb_row][\/et_pb_section]<\/p>\n","protected":false},"excerpt":{"rendered":"<p>M\u00e1s de medio millar de j\u00f3venes asumen el protagonismo durante el verano salesiano y, con la mirada en el pr\u00f3ximo curso, se suman a estas iniciativas dise\u00f1adas con el objetivo de promover el uso educativo del tiempo libre.<\/p>\n","protected":false},"author":2,"featured_media":0,"comment_status":"closed","ping_status":"open","sticky":false,"template":"","format":"standard","meta":{"_et_pb_use_builder":"on","_et_pb_old_content":"","_et_gb_content_width":"","footnotes":""},"categories":[12,23,13,14,15,1],"tags":[],"class_list":["post-14262","post","type-post","status-publish","format-standard","hentry","category-colegio","category-covid","category-fasa","category-pastoral","category-portada","category-uncategorized"],"yoast_head":"<!-- This site is optimized with the Yoast SEO plugin v28.4 - https:\/\/yoast.com\/product\/yoast-seo-wordpress\/ -->\n<title>Protagonismo juvenil en el verano salesiano - Colegio Salesiano Alcal\u00e1<\/title>\n<meta name=\"description\" content=\"M\u00e1s de medio millar de j\u00f3venes asumen el protagonismo durante el verano salesiano y, con la mirada en el pr\u00f3ximo curso, se suman a estas iniciativas dise\u00f1adas con el objetivo de promover el uso educativo del tiempo libre.\" \/>\n<meta name=\"robots\" content=\"index, follow, max-snippet:-1, max-image-preview:large, max-video-preview:-1\" \/>\n<link rel=\"canonical\" href=\"https:\/\/alcala.salesianos.edu\/colegio\/blog\/2021\/07\/29\/protagonismo-juvenil-en-el-verano-salesiano\/\" \/>\n<meta property=\"og:locale\" content=\"es_ES\" \/>\n<meta property=\"og:type\" content=\"article\" \/>\n<meta property=\"og:title\" content=\"Protagonismo juvenil en el verano salesiano - Colegio Salesiano Alcal\u00e1\" \/>\n<meta property=\"og:description\" content=\"M\u00e1s de medio millar de j\u00f3venes asumen el protagonismo durante el verano salesiano y, con la mirada en el pr\u00f3ximo curso, se suman a estas iniciativas dise\u00f1adas con el objetivo de promover el uso educativo del tiempo libre.\" \/>\n<meta property=\"og:url\" content=\"https:\/\/alcala.salesianos.edu\/colegio\/blog\/2021\/07\/29\/protagonismo-juvenil-en-el-verano-salesiano\/\" \/>\n<meta property=\"og:site_name\" content=\"Colegio Salesiano Alcal\u00e1\" \/>\n<meta property=\"article:published_time\" content=\"2021-07-29T15:07:44+00:00\" \/>\n<meta property=\"article:modified_time\" content=\"2025-08-27T07:49:46+00:00\" \/>\n<meta name=\"author\" content=\"Administrador Web\" \/>\n<meta name=\"twitter:card\" content=\"summary_large_image\" \/>\n<meta name=\"twitter:label1\" content=\"Escrito por\" \/>\n\t<meta name=\"twitter:data1\" content=\"Administrador Web\" \/>\n\t<meta name=\"twitter:label2\" content=\"Tiempo de lectura\" \/>\n\t<meta name=\"twitter:data2\" content=\"3 minutos\" \/>\n<script type=\"application\/ld+json\" class=\"yoast-schema-graph\">{\"@context\":\"https:\\\/\\\/schema.org\",\"@graph\":[{\"@type\":\"Article\",\"@id\":\"https:\\\/\\\/alcala.salesianos.edu\\\/colegio\\\/blog\\\/2021\\\/07\\\/29\\\/protagonismo-juvenil-en-el-verano-salesiano\\\/#article\",\"isPartOf\":{\"@id\":\"https:\\\/\\\/alcala.salesianos.edu\\\/colegio\\\/blog\\\/2021\\\/07\\\/29\\\/protagonismo-juvenil-en-el-verano-salesiano\\\/\"},\"author\":{\"name\":\"Administrador Web\",\"@id\":\"https:\\\/\\\/alcala.salesianos.edu\\\/colegio\\\/#\\\/schema\\\/person\\\/afcc24f776dc91fc2bf9afb0998fca77\"},\"headline\":\"Protagonismo juvenil en el verano salesiano\",\"datePublished\":\"2021-07-29T15:07:44+00:00\",\"dateModified\":\"2025-08-27T07:49:46+00:00\",\"mainEntityOfPage\":{\"@id\":\"https:\\\/\\\/alcala.salesianos.edu\\\/colegio\\\/blog\\\/2021\\\/07\\\/29\\\/protagonismo-juvenil-en-el-verano-salesiano\\\/\"},\"wordCount\":591,\"articleSection\":[\"Colegio\",\"covid\",\"FASA\",\"Pastoral\",\"Portada\",\"Uncategorized\"],\"inLanguage\":\"es\"},{\"@type\":\"WebPage\",\"@id\":\"https:\\\/\\\/alcala.salesianos.edu\\\/colegio\\\/blog\\\/2021\\\/07\\\/29\\\/protagonismo-juvenil-en-el-verano-salesiano\\\/\",\"url\":\"https:\\\/\\\/alcala.salesianos.edu\\\/colegio\\\/blog\\\/2021\\\/07\\\/29\\\/protagonismo-juvenil-en-el-verano-salesiano\\\/\",\"name\":\"Protagonismo juvenil en el verano salesiano - Colegio Salesiano Alcal\u00e1\",\"isPartOf\":{\"@id\":\"https:\\\/\\\/alcala.salesianos.edu\\\/colegio\\\/#website\"},\"datePublished\":\"2021-07-29T15:07:44+00:00\",\"dateModified\":\"2025-08-27T07:49:46+00:00\",\"author\":{\"@id\":\"https:\\\/\\\/alcala.salesianos.edu\\\/colegio\\\/#\\\/schema\\\/person\\\/afcc24f776dc91fc2bf9afb0998fca77\"},\"description\":\"M\u00e1s de medio millar de j\u00f3venes asumen el protagonismo durante el verano salesiano y, con la mirada en el pr\u00f3ximo curso, se suman a estas iniciativas dise\u00f1adas con el objetivo de promover el uso educativo del tiempo libre.\",\"breadcrumb\":{\"@id\":\"https:\\\/\\\/alcala.salesianos.edu\\\/colegio\\\/blog\\\/2021\\\/07\\\/29\\\/protagonismo-juvenil-en-el-verano-salesiano\\\/#breadcrumb\"},\"inLanguage\":\"es\",\"potentialAction\":[{\"@type\":\"ReadAction\",\"target\":[\"https:\\\/\\\/alcala.salesianos.edu\\\/colegio\\\/blog\\\/2021\\\/07\\\/29\\\/protagonismo-juvenil-en-el-verano-salesiano\\\/\"]}]},{\"@type\":\"BreadcrumbList\",\"@id\":\"https:\\\/\\\/alcala.salesianos.edu\\\/colegio\\\/blog\\\/2021\\\/07\\\/29\\\/protagonismo-juvenil-en-el-verano-salesiano\\\/#breadcrumb\",\"itemListElement\":[{\"@type\":\"ListItem\",\"position\":1,\"name\":\"Portada\",\"item\":\"https:\\\/\\\/alcala.salesianos.edu\\\/colegio\\\/\"},{\"@type\":\"ListItem\",\"position\":2,\"name\":\"Protagonismo juvenil en el verano salesiano\"}]},{\"@type\":\"WebSite\",\"@id\":\"https:\\\/\\\/alcala.salesianos.edu\\\/colegio\\\/#website\",\"url\":\"https:\\\/\\\/alcala.salesianos.edu\\\/colegio\\\/\",\"name\":\"Colegio Salesiano Alcal\u00e1\",\"description\":\"P\u00e1gina oficial de Salesianos Alcal\u00e1 de Guadaira\",\"potentialAction\":[{\"@type\":\"SearchAction\",\"target\":{\"@type\":\"EntryPoint\",\"urlTemplate\":\"https:\\\/\\\/alcala.salesianos.edu\\\/colegio\\\/?s={search_term_string}\"},\"query-input\":{\"@type\":\"PropertyValueSpecification\",\"valueRequired\":true,\"valueName\":\"search_term_string\"}}],\"inLanguage\":\"es\"},{\"@type\":\"Person\",\"@id\":\"https:\\\/\\\/alcala.salesianos.edu\\\/colegio\\\/#\\\/schema\\\/person\\\/afcc24f776dc91fc2bf9afb0998fca77\",\"name\":\"Administrador Web\",\"image\":{\"@type\":\"ImageObject\",\"inLanguage\":\"es\",\"@id\":\"https:\\\/\\\/secure.gravatar.com\\\/avatar\\\/bc157e994689bd6da9645c00aa3bc4d55b727915b6652642660db0aef086585f?s=96&d=mm&r=g\",\"url\":\"https:\\\/\\\/secure.gravatar.com\\\/avatar\\\/bc157e994689bd6da9645c00aa3bc4d55b727915b6652642660db0aef086585f?s=96&d=mm&r=g\",\"contentUrl\":\"https:\\\/\\\/secure.gravatar.com\\\/avatar\\\/bc157e994689bd6da9645c00aa3bc4d55b727915b6652642660db0aef086585f?s=96&d=mm&r=g\",\"caption\":\"Administrador Web\"}}]}<\/script>\n<!-- \/ Yoast SEO plugin. -->","yoast_head_json":{"title":"Protagonismo juvenil en el verano salesiano - Colegio Salesiano Alcal\u00e1","description":"M\u00e1s de medio millar de j\u00f3venes asumen el protagonismo durante el verano salesiano y, con la mirada en el pr\u00f3ximo curso, se suman a estas iniciativas dise\u00f1adas con el objetivo de promover el uso educativo del tiempo libre.","robots":{"index":"index","follow":"follow","max-snippet":"max-snippet:-1","max-image-preview":"max-image-preview:large","max-video-preview":"max-video-preview:-1"},"canonical":"https:\/\/alcala.salesianos.edu\/colegio\/blog\/2021\/07\/29\/protagonismo-juvenil-en-el-verano-salesiano\/","og_locale":"es_ES","og_type":"article","og_title":"Protagonismo juvenil en el verano salesiano - Colegio Salesiano Alcal\u00e1","og_description":"M\u00e1s de medio millar de j\u00f3venes asumen el protagonismo durante el verano salesiano y, con la mirada en el pr\u00f3ximo curso, se suman a estas iniciativas dise\u00f1adas con el objetivo de promover el uso educativo del tiempo libre.","og_url":"https:\/\/alcala.salesianos.edu\/colegio\/blog\/2021\/07\/29\/protagonismo-juvenil-en-el-verano-salesiano\/","og_site_name":"Colegio Salesiano Alcal\u00e1","article_published_time":"2021-07-29T15:07:44+00:00","article_modified_time":"2025-08-27T07:49:46+00:00","author":"Administrador Web","twitter_card":"summary_large_image","twitter_misc":{"Escrito por":"Administrador Web","Tiempo de lectura":"3 minutos"},"schema":{"@context":"https:\/\/schema.org","@graph":[{"@type":"Article","@id":"https:\/\/alcala.salesianos.edu\/colegio\/blog\/2021\/07\/29\/protagonismo-juvenil-en-el-verano-salesiano\/#article","isPartOf":{"@id":"https:\/\/alcala.salesianos.edu\/colegio\/blog\/2021\/07\/29\/protagonismo-juvenil-en-el-verano-salesiano\/"},"author":{"name":"Administrador Web","@id":"https:\/\/alcala.salesianos.edu\/colegio\/#\/schema\/person\/afcc24f776dc91fc2bf9afb0998fca77"},"headline":"Protagonismo juvenil en el verano salesiano","datePublished":"2021-07-29T15:07:44+00:00","dateModified":"2025-08-27T07:49:46+00:00","mainEntityOfPage":{"@id":"https:\/\/alcala.salesianos.edu\/colegio\/blog\/2021\/07\/29\/protagonismo-juvenil-en-el-verano-salesiano\/"},"wordCount":591,"articleSection":["Colegio","covid","FASA","Pastoral","Portada","Uncategorized"],"inLanguage":"es"},{"@type":"WebPage","@id":"https:\/\/alcala.salesianos.edu\/colegio\/blog\/2021\/07\/29\/protagonismo-juvenil-en-el-verano-salesiano\/","url":"https:\/\/alcala.salesianos.edu\/colegio\/blog\/2021\/07\/29\/protagonismo-juvenil-en-el-verano-salesiano\/","name":"Protagonismo juvenil en el verano salesiano - Colegio Salesiano Alcal\u00e1","isPartOf":{"@id":"https:\/\/alcala.salesianos.edu\/colegio\/#website"},"datePublished":"2021-07-29T15:07:44+00:00","dateModified":"2025-08-27T07:49:46+00:00","author":{"@id":"https:\/\/alcala.salesianos.edu\/colegio\/#\/schema\/person\/afcc24f776dc91fc2bf9afb0998fca77"},"description":"M\u00e1s de medio millar de j\u00f3venes asumen el protagonismo durante el verano salesiano y, con la mirada en el pr\u00f3ximo curso, se suman a estas iniciativas dise\u00f1adas con el objetivo de promover el uso educativo del tiempo libre.","breadcrumb":{"@id":"https:\/\/alcala.salesianos.edu\/colegio\/blog\/2021\/07\/29\/protagonismo-juvenil-en-el-verano-salesiano\/#breadcrumb"},"inLanguage":"es","potentialAction":[{"@type":"ReadAction","target":["https:\/\/alcala.salesianos.edu\/colegio\/blog\/2021\/07\/29\/protagonismo-juvenil-en-el-verano-salesiano\/"]}]},{"@type":"BreadcrumbList","@id":"https:\/\/alcala.salesianos.edu\/colegio\/blog\/2021\/07\/29\/protagonismo-juvenil-en-el-verano-salesiano\/#breadcrumb","itemListElement":[{"@type":"ListItem","position":1,"name":"Portada","item":"https:\/\/alcala.salesianos.edu\/colegio\/"},{"@type":"ListItem","position":2,"name":"Protagonismo juvenil en el verano salesiano"}]},{"@type":"WebSite","@id":"https:\/\/alcala.salesianos.edu\/colegio\/#website","url":"https:\/\/alcala.salesianos.edu\/colegio\/","name":"Colegio Salesiano Alcal\u00e1","description":"P\u00e1gina oficial de Salesianos Alcal\u00e1 de Guadaira","potentialAction":[{"@type":"SearchAction","target":{"@type":"EntryPoint","urlTemplate":"https:\/\/alcala.salesianos.edu\/colegio\/?s={search_term_string}"},"query-input":{"@type":"PropertyValueSpecification","valueRequired":true,"valueName":"search_term_string"}}],"inLanguage":"es"},{"@type":"Person","@id":"https:\/\/alcala.salesianos.edu\/colegio\/#\/schema\/person\/afcc24f776dc91fc2bf9afb0998fca77","name":"Administrador Web","image":{"@type":"ImageObject","inLanguage":"es","@id":"https:\/\/secure.gravatar.com\/avatar\/bc157e994689bd6da9645c00aa3bc4d55b727915b6652642660db0aef086585f?s=96&d=mm&r=g","url":"https:\/\/secure.gravatar.com\/avatar\/bc157e994689bd6da9645c00aa3bc4d55b727915b6652642660db0aef086585f?s=96&d=mm&r=g","contentUrl":"https:\/\/secure.gravatar.com\/avatar\/bc157e994689bd6da9645c00aa3bc4d55b727915b6652642660db0aef086585f?s=96&d=mm&r=g","caption":"Administrador Web"}}]}},"_links":{"self":[{"href":"https:\/\/alcala.salesianos.edu\/colegio\/wp-json\/wp\/v2\/posts\/14262","targetHints":{"allow":["GET"]}}],"collection":[{"href":"https:\/\/alcala.salesianos.edu\/colegio\/wp-json\/wp\/v2\/posts"}],"about":[{"href":"https:\/\/alcala.salesianos.edu\/colegio\/wp-json\/wp\/v2\/types\/post"}],"author":[{"embeddable":true,"href":"https:\/\/alcala.salesianos.edu\/colegio\/wp-json\/wp\/v2\/users\/2"}],"replies":[{"embeddable":true,"href":"https:\/\/alcala.salesianos.edu\/colegio\/wp-json\/wp\/v2\/comments?post=14262"}],"version-history":[{"count":1,"href":"https:\/\/alcala.salesianos.edu\/colegio\/wp-json\/wp\/v2\/posts\/14262\/revisions"}],"predecessor-version":[{"id":16688,"href":"https:\/\/alcala.salesianos.edu\/colegio\/wp-json\/wp\/v2\/posts\/14262\/revisions\/16688"}],"wp:attachment":[{"href":"https:\/\/alcala.salesianos.edu\/colegio\/wp-json\/wp\/v2\/media?parent=14262"}],"wp:term":[{"taxonomy":"category","embeddable":true,"href":"https:\/\/alcala.salesianos.edu\/colegio\/wp-json\/wp\/v2\/categories?post=14262"},{"taxonomy":"post_tag","embeddable":true,"href":"https:\/\/alcala.salesianos.edu\/colegio\/wp-json\/wp\/v2\/tags?post=14262"}],"curies":[{"name":"wp","href":"https:\/\/api.w.org\/{rel}","templated":true}]}}