{"id":14243,"date":"2021-07-23T09:18:49","date_gmt":"2021-07-23T08:18:49","guid":{"rendered":"https:\/\/alcala.salesianos.edu\/colegio\/blog\/2021\/07\/23\/examenes-de-septiembre-4\/"},"modified":"2025-08-27T08:49:48","modified_gmt":"2025-08-27T07:49:48","slug":"examenes-de-septiembre-4","status":"publish","type":"post","link":"https:\/\/alcala.salesianos.edu\/colegio\/blog\/2021\/07\/23\/examenes-de-septiembre-4\/","title":{"rendered":"Ex\u00e1menes de septiembre"},"content":{"rendered":"<div id=\"fb-root\"><\/div>\n\n[et_pb_section fb_built=\u00bb1&#8243; _builder_version=\u00bb4.9.10&#8243; _module_preset=\u00bbdefault\u00bb][et_pb_row _builder_version=\u00bb4.9.10&#8243; _module_preset=\u00bbdefault\u00bb][et_pb_column _builder_version=\u00bb4.9.10&#8243; _module_preset=\u00bbdefault\u00bb type=\u00bb4_4&#8243;][et_pb_text _builder_version=\u00bb4.9.10&#8243; _module_preset=\u00bbdefault\u00bb hover_enabled=\u00bb0&#8243; sticky_enabled=\u00bb0&#8243;]\r\n\r\n<span style=\"font-weight: 400;\">Los <\/span><b>ex\u00e1menes de septiembre de la Educaci\u00f3n Secundaria Obligatoria<\/b><span style=\"font-weight: 400;\"> tendr\u00e1n lugar los d\u00edas mi\u00e9rcoles d\u00eda 1, jueves d\u00eda 2 y viernes d\u00eda 3 de septiembre, con la siguiente distribuci\u00f3n:<\/span>\r\n<table style=\"height: 1147px; width: 874px; border-style: solid; border-color: #dc001b; background-color: #ededed;\">\r\n<tbody>\r\n<tr style=\"height: 55px;\">\r\n<td style=\"width: 237.484px; height: 55px; text-align: center;\"><span style=\"color: #dc001b;\"><b><i>MATERIA<\/i><\/b><\/span><\/td>\r\n<td style=\"width: 174.062px; height: 55px; text-align: center;\"><span style=\"color: #dc001b;\"><b><i>FECHA<\/i><\/b><\/span><\/td>\r\n<td style=\"width: 143.125px; height: 55px; text-align: center;\"><span style=\"color: #dc001b;\"><b><i>HORA<\/i><\/b><\/span><\/td>\r\n<td style=\"width: 291.328px; height: 55px; text-align: center;\"><span style=\"color: #dc001b;\"><b><i>LUGAR DE CELEBRACI\u00d3N PRUEBA<\/i><\/b><\/span><\/td>\r\n<\/tr>\r\n<tr style=\"height: 55px;\">\r\n<td style=\"width: 237.484px; height: 55px; text-align: center;\"><b>LENGUA CAST. Y LIT<\/b><\/td>\r\n<td style=\"width: 174.062px; height: 55px; text-align: center;\"><span style=\"font-weight: 400;\">MI\u00c9RCOLES 1<\/span><\/td>\r\n<td style=\"width: 143.125px; height: 55px; text-align: center;\"><span style=\"font-weight: 400;\">09.00-11.00 h<\/span><\/td>\r\n<td style=\"width: 291.328px; height: 55px; text-align: center;\"><span style=\"font-weight: 400;\">4\u00ba A\/B<\/span><\/td>\r\n<\/tr>\r\n<tr style=\"height: 55px;\">\r\n<td style=\"width: 237.484px; height: 55px; text-align: center;\"><b>TECNOLOG\u00cdA 1\u00ba, 2\u00ba, 3\u00ba<\/b><\/td>\r\n<td style=\"width: 174.062px; height: 55px; text-align: center;\"><span style=\"font-weight: 400;\">MI\u00c9RCOLES 1<\/span><\/td>\r\n<td style=\"width: 143.125px; height: 55px; text-align: center;\"><span style=\"font-weight: 400;\">09.00-09.30 h<\/span><\/td>\r\n<td style=\"width: 291.328px; height: 55px; text-align: center;\"><span style=\"font-weight: 400;\">4\u00ba A\/B<\/span><\/td>\r\n<\/tr>\r\n<tr style=\"height: 55px;\">\r\n<td style=\"width: 237.484px; height: 55px; text-align: center;\"><b>BIOLOG\u00cdA Y GEOLOG\u00cdA 1\u00ba<\/b><\/td>\r\n<td style=\"width: 174.062px; height: 55px; text-align: center;\"><span style=\"font-weight: 400;\">MI\u00c9RCOLES 1<\/span><\/td>\r\n<td style=\"width: 143.125px; height: 55px; text-align: center;\"><span style=\"font-weight: 400;\">09.30-10.00 h<\/span><\/td>\r\n<td style=\"width: 291.328px; height: 55px; text-align: center;\"><span style=\"font-weight: 400;\">4\u00ba A\/B<\/span><\/td>\r\n<\/tr>\r\n<tr style=\"height: 55px;\">\r\n<td style=\"width: 237.484px; height: 55px; text-align: center;\"><b>F\u00cdSICA Y QU\u00cdMICA 3\u00ba<\/b><\/td>\r\n<td style=\"width: 174.062px; height: 55px; text-align: center;\"><span style=\"font-weight: 400;\">MI\u00c9RCOLES 1<\/span><\/td>\r\n<td style=\"width: 143.125px; height: 55px; text-align: center;\"><span style=\"font-weight: 400;\">11.00-12.30 h<\/span><\/td>\r\n<td style=\"width: 291.328px; height: 55px; text-align: center;\"><span style=\"font-weight: 400;\">4\u00ba A\/B<\/span><\/td>\r\n<\/tr>\r\n<tr style=\"height: 55px;\">\r\n<td style=\"width: 237.484px; height: 55px; text-align: center;\"><b>PL\u00c1STICA Y V. 1\u00ba, 2\u00ba<\/b><\/td>\r\n<td style=\"width: 174.062px; height: 55px; text-align: center;\"><span style=\"font-weight: 400;\">MI\u00c9RCOLES 1<\/span><\/td>\r\n<td style=\"width: 143.125px; height: 55px; text-align: center;\"><span style=\"font-weight: 400;\">11.00-11.30 h<\/span><\/td>\r\n<td style=\"width: 291.328px; height: 55px; text-align: center;\"><span style=\"font-weight: 400;\">4\u00ba A\/B<\/span><\/td>\r\n<\/tr>\r\n<tr style=\"height: 55px;\">\r\n<td style=\"width: 237.484px; height: 55px; text-align: center;\"><b>GEOGRAF\u00cdA E HISTORIA<\/b><\/td>\r\n<td style=\"width: 174.062px; height: 55px; text-align: center;\"><span style=\"font-weight: 400;\">MI\u00c9RCOLES 1<\/span><\/td>\r\n<td style=\"width: 143.125px; height: 55px; text-align: center;\"><span style=\"font-weight: 400;\">12.30-13.30 h<\/span><\/td>\r\n<td style=\"width: 291.328px; height: 55px; text-align: center;\"><span style=\"font-weight: 400;\">4\u00ba A\/B<\/span><\/td>\r\n<\/tr>\r\n<tr style=\"height: 55px;\">\r\n<td style=\"width: 237.484px; height: 55px; text-align: center;\"><\/td>\r\n<td style=\"width: 174.062px; height: 55px; text-align: center;\"><\/td>\r\n<td style=\"width: 143.125px; height: 55px; text-align: center;\"><\/td>\r\n<td style=\"width: 291.328px; height: 55px; text-align: center;\"><\/td>\r\n<\/tr>\r\n<tr style=\"height: 55px;\">\r\n<td style=\"width: 237.484px; height: 55px; text-align: center;\"><b>MATEM\u00c1TICAS<\/b><\/td>\r\n<td style=\"width: 174.062px; height: 55px; text-align: center;\"><span style=\"font-weight: 400;\">JUEVES 2<\/span><\/td>\r\n<td style=\"width: 143.125px; height: 55px; text-align: center;\"><span style=\"font-weight: 400;\">09.00-10.30 h<\/span><\/td>\r\n<td style=\"width: 291.328px; height: 55px; text-align: center;\"><span style=\"font-weight: 400;\">4\u00ba A\/B<\/span><\/td>\r\n<\/tr>\r\n<tr style=\"height: 111px;\">\r\n<td style=\"width: 237.484px; height: 111px; text-align: center;\"><b>REFUERZO LENG \/ MAT<\/b>\r\n\r\n<b>1\u00ba, 2\u00ba, 3\u00ba<\/b><\/td>\r\n<td style=\"width: 174.062px; height: 111px; text-align: center;\"><span style=\"font-weight: 400;\">JUEVES 2<\/span><\/td>\r\n<td style=\"width: 143.125px; height: 111px; text-align: center;\"><span style=\"font-weight: 400;\"> 09.00-09.30 h<\/span><\/td>\r\n<td style=\"width: 291.328px; height: 111px; text-align: center;\"><span style=\"font-weight: 400;\">4\u00ba A\/B<\/span><\/td>\r\n<\/tr>\r\n<tr style=\"height: 55px;\">\r\n<td style=\"width: 237.484px; height: 55px; text-align: center;\"><b>EDUCACI\u00d3N F\u00cdSICA<\/b><\/td>\r\n<td style=\"width: 174.062px; height: 55px; text-align: center;\"><span style=\"font-weight: 400;\">JUEVES 2<\/span><\/td>\r\n<td style=\"width: 143.125px; height: 55px; text-align: center;\"><span style=\"font-weight: 400;\">10.30-11.30 h<\/span><\/td>\r\n<td style=\"width: 291.328px; height: 55px; text-align: center;\"><span style=\"font-weight: 400;\">4\u00ba A\/B<\/span><\/td>\r\n<\/tr>\r\n<tr style=\"height: 55px;\">\r\n<td style=\"width: 237.484px; height: 55px; text-align: center;\"><b>FRANC\u00c9S 1\u00ba, 2\u00ba, 3\u00ba<\/b><\/td>\r\n<td style=\"width: 174.062px; height: 55px; text-align: center;\"><span style=\"font-weight: 400;\">JUEVES 2<\/span><\/td>\r\n<td style=\"width: 143.125px; height: 55px; text-align: center;\"><span style=\"font-weight: 400;\"> 10.30-12.00 h<\/span><\/td>\r\n<td style=\"width: 291.328px; height: 55px; text-align: center;\"><span style=\"font-weight: 400;\">4\u00ba A\/B<\/span><\/td>\r\n<\/tr>\r\n<tr style=\"height: 55px;\">\r\n<td style=\"width: 237.484px; height: 55px; text-align: center;\"><b>EDUC. CIUDAD. 3\u00ba<\/b><\/td>\r\n<td style=\"width: 174.062px; height: 55px; text-align: center;\"><span style=\"font-weight: 400;\">JUEVES 2<\/span><\/td>\r\n<td style=\"width: 143.125px; height: 55px; text-align: center;\"><span style=\"font-weight: 400;\"> 11.30-12.00 h<\/span><\/td>\r\n<td style=\"width: 291.328px; height: 55px; text-align: center;\"><span style=\"font-weight: 400;\">4\u00ba A\/B<\/span><\/td>\r\n<\/tr>\r\n<tr style=\"height: 55px;\">\r\n<td style=\"width: 237.484px; height: 55px; text-align: center;\"><b>BIOLOG\u00cdA Y GEOLOG\u00cdA 3\u00ba<\/b><\/td>\r\n<td style=\"width: 174.062px; height: 55px; text-align: center;\"><span style=\"font-weight: 400;\">JUEVES 2<\/span><\/td>\r\n<td style=\"width: 143.125px; height: 55px; text-align: center;\"><span style=\"font-weight: 400;\">12.00-13.30 h<\/span><\/td>\r\n<td style=\"width: 291.328px; height: 55px; text-align: center;\"><span style=\"font-weight: 400;\">4\u00baA\/B<\/span><\/td>\r\n<\/tr>\r\n<tr style=\"height: 55px;\">\r\n<td style=\"width: 237.484px; height: 55px; text-align: center;\"><b>INGL\u00c9S<\/b><\/td>\r\n<td style=\"width: 174.062px; height: 55px; text-align: center;\"><span style=\"font-weight: 400;\">VIERNES 3<\/span><\/td>\r\n<td style=\"width: 143.125px; height: 55px; text-align: center;\"><span style=\"font-weight: 400;\"> 09.00-10.30 h<\/span><\/td>\r\n<td style=\"width: 291.328px; height: 55px; text-align: center;\"><span style=\"font-weight: 400;\">4\u00ba A\/B<\/span><\/td>\r\n<\/tr>\r\n<tr style=\"height: 55px;\">\r\n<td style=\"width: 237.484px; height: 55px; text-align: center;\"><b>M\u00daSICA 1\u00ba, 2\u00ba<\/b><\/td>\r\n<td style=\"width: 174.062px; height: 55px; text-align: center;\"><span style=\"font-weight: 400;\">VIERNES 3<\/span><\/td>\r\n<td style=\"width: 143.125px; height: 55px; text-align: center;\"><span style=\"font-weight: 400;\">09.00-09.30 h<\/span><\/td>\r\n<td style=\"width: 291.328px; height: 55px; text-align: center;\"><span style=\"font-weight: 400;\">4\u00ba A\/B<\/span><\/td>\r\n<\/tr>\r\n<tr style=\"height: 55px;\">\r\n<td style=\"width: 237.484px; height: 55px; text-align: center;\"><b>RELIGI\u00d3N<\/b><\/td>\r\n<td style=\"width: 174.062px; height: 55px; text-align: center;\"><span style=\"font-weight: 400;\">VIERNES 3<\/span><\/td>\r\n<td style=\"width: 143.125px; height: 55px; text-align: center;\"><span style=\"font-weight: 400;\"> 10.30-11.30 h<\/span><\/td>\r\n<td style=\"width: 291.328px; height: 55px; text-align: center;\"><span style=\"font-weight: 400;\">4\u00ba A\/B<\/span><\/td>\r\n<\/tr>\r\n<tr style=\"height: 55px;\">\r\n<td style=\"width: 237.484px; height: 55px; text-align: center;\"><b>F\u00cdSICA Y QU\u00cdMICA 2\u00ba<\/b><\/td>\r\n<td style=\"width: 174.062px; height: 55px; text-align: center;\"><span style=\"font-weight: 400;\">VIERNES 3<\/span><\/td>\r\n<td style=\"width: 143.125px; height: 55px; text-align: center;\"><span style=\"font-weight: 400;\">10.30-12.00 h<\/span><\/td>\r\n<td style=\"width: 291.328px; height: 55px; text-align: center;\"><span style=\"font-weight: 400;\">4\u00ba A\/B<\/span><\/td>\r\n<\/tr>\r\n<\/tbody>\r\n<\/table>\r\n[\/et_pb_text][\/et_pb_column][\/et_pb_row][\/et_pb_section]\n","protected":false},"excerpt":{"rendered":"<p>Los ex\u00e1menes de septiembre de la Educaci\u00f3n Secundaria Obligatoria tendr\u00e1n lugar los d\u00edas mi\u00e9rcoles d\u00eda 1, jueves d\u00eda 2 y viernes d\u00eda 3 de septiembre. A continuaci\u00f3n puede ver la distribuci\u00f3n de los mismos.<\/p>\n","protected":false},"author":2,"featured_media":10164,"comment_status":"closed","ping_status":"open","sticky":false,"template":"","format":"standard","meta":{"_et_pb_use_builder":"on","_et_pb_old_content":"","_et_gb_content_width":"","footnotes":""},"categories":[23,15,16,1],"tags":[],"class_list":["post-14243","post","type-post","status-publish","format-standard","has-post-thumbnail","hentry","category-covid","category-portada","category-secundaria","category-uncategorized"],"yoast_head":"<!-- This site is optimized with the Yoast SEO plugin v28.4 - https:\/\/yoast.com\/product\/yoast-seo-wordpress\/ -->\n<title>Ex\u00e1menes de septiembre - Colegio Salesiano Alcal\u00e1<\/title>\n<meta name=\"description\" content=\"Los ex\u00e1menes de septiembre de la Educaci\u00f3n Secundaria Obligatoria tendr\u00e1n lugar los d\u00edas mi\u00e9rcoles d\u00eda 1, jueves d\u00eda 2 y viernes d\u00eda 3 de septiembre.\" \/>\n<meta name=\"robots\" content=\"index, follow, max-snippet:-1, max-image-preview:large, max-video-preview:-1\" \/>\n<link rel=\"canonical\" href=\"https:\/\/alcala.salesianos.edu\/colegio\/blog\/2021\/07\/23\/examenes-de-septiembre-4\/\" \/>\n<meta property=\"og:locale\" content=\"es_ES\" \/>\n<meta property=\"og:type\" content=\"article\" \/>\n<meta property=\"og:title\" content=\"Ex\u00e1menes de septiembre - Colegio Salesiano Alcal\u00e1\" \/>\n<meta property=\"og:description\" content=\"Los ex\u00e1menes de septiembre de la Educaci\u00f3n Secundaria Obligatoria tendr\u00e1n lugar los d\u00edas mi\u00e9rcoles d\u00eda 1, jueves d\u00eda 2 y viernes d\u00eda 3 de septiembre.\" \/>\n<meta property=\"og:url\" content=\"https:\/\/alcala.salesianos.edu\/colegio\/blog\/2021\/07\/23\/examenes-de-septiembre-4\/\" \/>\n<meta property=\"og:site_name\" content=\"Colegio Salesiano Alcal\u00e1\" \/>\n<meta property=\"article:published_time\" content=\"2021-07-23T08:18:49+00:00\" \/>\n<meta property=\"article:modified_time\" content=\"2025-08-27T07:49:48+00:00\" \/>\n<meta property=\"og:image\" content=\"https:\/\/alcala.salesianos.edu\/colegio\/wp-content\/uploads\/sites\/2\/2018\/08\/logo-trans.png\" \/>\n\t<meta property=\"og:image:width\" content=\"2758\" \/>\n\t<meta property=\"og:image:height\" content=\"1613\" \/>\n\t<meta property=\"og:image:type\" content=\"image\/png\" \/>\n<meta name=\"author\" content=\"Administrador Web\" \/>\n<meta name=\"twitter:card\" content=\"summary_large_image\" \/>\n<meta name=\"twitter:label1\" content=\"Escrito por\" \/>\n\t<meta name=\"twitter:data1\" content=\"Administrador Web\" \/>\n\t<meta name=\"twitter:label2\" content=\"Tiempo de lectura\" \/>\n\t<meta name=\"twitter:data2\" content=\"1 minuto\" \/>\n<script type=\"application\/ld+json\" class=\"yoast-schema-graph\">{\"@context\":\"https:\\\/\\\/schema.org\",\"@graph\":[{\"@type\":\"Article\",\"@id\":\"https:\\\/\\\/alcala.salesianos.edu\\\/colegio\\\/blog\\\/2021\\\/07\\\/23\\\/examenes-de-septiembre-4\\\/#article\",\"isPartOf\":{\"@id\":\"https:\\\/\\\/alcala.salesianos.edu\\\/colegio\\\/blog\\\/2021\\\/07\\\/23\\\/examenes-de-septiembre-4\\\/\"},\"author\":{\"name\":\"Administrador Web\",\"@id\":\"https:\\\/\\\/alcala.salesianos.edu\\\/colegio\\\/#\\\/schema\\\/person\\\/afcc24f776dc91fc2bf9afb0998fca77\"},\"headline\":\"Ex\u00e1menes de septiembre\",\"datePublished\":\"2021-07-23T08:18:49+00:00\",\"dateModified\":\"2025-08-27T07:49:48+00:00\",\"mainEntityOfPage\":{\"@id\":\"https:\\\/\\\/alcala.salesianos.edu\\\/colegio\\\/blog\\\/2021\\\/07\\\/23\\\/examenes-de-septiembre-4\\\/\"},\"wordCount\":237,\"image\":{\"@id\":\"https:\\\/\\\/alcala.salesianos.edu\\\/colegio\\\/blog\\\/2021\\\/07\\\/23\\\/examenes-de-septiembre-4\\\/#primaryimage\"},\"thumbnailUrl\":\"https:\\\/\\\/alcala.salesianos.edu\\\/colegio\\\/wp-content\\\/uploads\\\/sites\\\/2\\\/2018\\\/08\\\/logo-trans.png\",\"articleSection\":[\"covid\",\"Portada\",\"Secundaria\",\"Uncategorized\"],\"inLanguage\":\"es\"},{\"@type\":\"WebPage\",\"@id\":\"https:\\\/\\\/alcala.salesianos.edu\\\/colegio\\\/blog\\\/2021\\\/07\\\/23\\\/examenes-de-septiembre-4\\\/\",\"url\":\"https:\\\/\\\/alcala.salesianos.edu\\\/colegio\\\/blog\\\/2021\\\/07\\\/23\\\/examenes-de-septiembre-4\\\/\",\"name\":\"Ex\u00e1menes de septiembre - Colegio Salesiano Alcal\u00e1\",\"isPartOf\":{\"@id\":\"https:\\\/\\\/alcala.salesianos.edu\\\/colegio\\\/#website\"},\"primaryImageOfPage\":{\"@id\":\"https:\\\/\\\/alcala.salesianos.edu\\\/colegio\\\/blog\\\/2021\\\/07\\\/23\\\/examenes-de-septiembre-4\\\/#primaryimage\"},\"image\":{\"@id\":\"https:\\\/\\\/alcala.salesianos.edu\\\/colegio\\\/blog\\\/2021\\\/07\\\/23\\\/examenes-de-septiembre-4\\\/#primaryimage\"},\"thumbnailUrl\":\"https:\\\/\\\/alcala.salesianos.edu\\\/colegio\\\/wp-content\\\/uploads\\\/sites\\\/2\\\/2018\\\/08\\\/logo-trans.png\",\"datePublished\":\"2021-07-23T08:18:49+00:00\",\"dateModified\":\"2025-08-27T07:49:48+00:00\",\"author\":{\"@id\":\"https:\\\/\\\/alcala.salesianos.edu\\\/colegio\\\/#\\\/schema\\\/person\\\/afcc24f776dc91fc2bf9afb0998fca77\"},\"description\":\"Los ex\u00e1menes de septiembre de la Educaci\u00f3n Secundaria Obligatoria tendr\u00e1n lugar los d\u00edas mi\u00e9rcoles d\u00eda 1, jueves d\u00eda 2 y viernes d\u00eda 3 de septiembre.\",\"breadcrumb\":{\"@id\":\"https:\\\/\\\/alcala.salesianos.edu\\\/colegio\\\/blog\\\/2021\\\/07\\\/23\\\/examenes-de-septiembre-4\\\/#breadcrumb\"},\"inLanguage\":\"es\",\"potentialAction\":[{\"@type\":\"ReadAction\",\"target\":[\"https:\\\/\\\/alcala.salesianos.edu\\\/colegio\\\/blog\\\/2021\\\/07\\\/23\\\/examenes-de-septiembre-4\\\/\"]}]},{\"@type\":\"ImageObject\",\"inLanguage\":\"es\",\"@id\":\"https:\\\/\\\/alcala.salesianos.edu\\\/colegio\\\/blog\\\/2021\\\/07\\\/23\\\/examenes-de-septiembre-4\\\/#primaryimage\",\"url\":\"https:\\\/\\\/alcala.salesianos.edu\\\/colegio\\\/wp-content\\\/uploads\\\/sites\\\/2\\\/2018\\\/08\\\/logo-trans.png\",\"contentUrl\":\"https:\\\/\\\/alcala.salesianos.edu\\\/colegio\\\/wp-content\\\/uploads\\\/sites\\\/2\\\/2018\\\/08\\\/logo-trans.png\",\"width\":2758,\"height\":1613},{\"@type\":\"BreadcrumbList\",\"@id\":\"https:\\\/\\\/alcala.salesianos.edu\\\/colegio\\\/blog\\\/2021\\\/07\\\/23\\\/examenes-de-septiembre-4\\\/#breadcrumb\",\"itemListElement\":[{\"@type\":\"ListItem\",\"position\":1,\"name\":\"Portada\",\"item\":\"https:\\\/\\\/alcala.salesianos.edu\\\/colegio\\\/\"},{\"@type\":\"ListItem\",\"position\":2,\"name\":\"Ex\u00e1menes de septiembre\"}]},{\"@type\":\"WebSite\",\"@id\":\"https:\\\/\\\/alcala.salesianos.edu\\\/colegio\\\/#website\",\"url\":\"https:\\\/\\\/alcala.salesianos.edu\\\/colegio\\\/\",\"name\":\"Colegio Salesiano Alcal\u00e1\",\"description\":\"P\u00e1gina oficial de Salesianos Alcal\u00e1 de Guadaira\",\"potentialAction\":[{\"@type\":\"SearchAction\",\"target\":{\"@type\":\"EntryPoint\",\"urlTemplate\":\"https:\\\/\\\/alcala.salesianos.edu\\\/colegio\\\/?s={search_term_string}\"},\"query-input\":{\"@type\":\"PropertyValueSpecification\",\"valueRequired\":true,\"valueName\":\"search_term_string\"}}],\"inLanguage\":\"es\"},{\"@type\":\"Person\",\"@id\":\"https:\\\/\\\/alcala.salesianos.edu\\\/colegio\\\/#\\\/schema\\\/person\\\/afcc24f776dc91fc2bf9afb0998fca77\",\"name\":\"Administrador Web\",\"image\":{\"@type\":\"ImageObject\",\"inLanguage\":\"es\",\"@id\":\"https:\\\/\\\/secure.gravatar.com\\\/avatar\\\/bc157e994689bd6da9645c00aa3bc4d55b727915b6652642660db0aef086585f?s=96&d=mm&r=g\",\"url\":\"https:\\\/\\\/secure.gravatar.com\\\/avatar\\\/bc157e994689bd6da9645c00aa3bc4d55b727915b6652642660db0aef086585f?s=96&d=mm&r=g\",\"contentUrl\":\"https:\\\/\\\/secure.gravatar.com\\\/avatar\\\/bc157e994689bd6da9645c00aa3bc4d55b727915b6652642660db0aef086585f?s=96&d=mm&r=g\",\"caption\":\"Administrador Web\"}}]}<\/script>\n<!-- \/ Yoast SEO plugin. -->","yoast_head_json":{"title":"Ex\u00e1menes de septiembre - Colegio Salesiano Alcal\u00e1","description":"Los ex\u00e1menes de septiembre de la Educaci\u00f3n Secundaria Obligatoria tendr\u00e1n lugar los d\u00edas mi\u00e9rcoles d\u00eda 1, jueves d\u00eda 2 y viernes d\u00eda 3 de septiembre.","robots":{"index":"index","follow":"follow","max-snippet":"max-snippet:-1","max-image-preview":"max-image-preview:large","max-video-preview":"max-video-preview:-1"},"canonical":"https:\/\/alcala.salesianos.edu\/colegio\/blog\/2021\/07\/23\/examenes-de-septiembre-4\/","og_locale":"es_ES","og_type":"article","og_title":"Ex\u00e1menes de septiembre - Colegio Salesiano Alcal\u00e1","og_description":"Los ex\u00e1menes de septiembre de la Educaci\u00f3n Secundaria Obligatoria tendr\u00e1n lugar los d\u00edas mi\u00e9rcoles d\u00eda 1, jueves d\u00eda 2 y viernes d\u00eda 3 de septiembre.","og_url":"https:\/\/alcala.salesianos.edu\/colegio\/blog\/2021\/07\/23\/examenes-de-septiembre-4\/","og_site_name":"Colegio Salesiano Alcal\u00e1","article_published_time":"2021-07-23T08:18:49+00:00","article_modified_time":"2025-08-27T07:49:48+00:00","og_image":[{"width":2758,"height":1613,"url":"https:\/\/alcala.salesianos.edu\/colegio\/wp-content\/uploads\/sites\/2\/2018\/08\/logo-trans.png","type":"image\/png"}],"author":"Administrador Web","twitter_card":"summary_large_image","twitter_misc":{"Escrito por":"Administrador Web","Tiempo de lectura":"1 minuto"},"schema":{"@context":"https:\/\/schema.org","@graph":[{"@type":"Article","@id":"https:\/\/alcala.salesianos.edu\/colegio\/blog\/2021\/07\/23\/examenes-de-septiembre-4\/#article","isPartOf":{"@id":"https:\/\/alcala.salesianos.edu\/colegio\/blog\/2021\/07\/23\/examenes-de-septiembre-4\/"},"author":{"name":"Administrador Web","@id":"https:\/\/alcala.salesianos.edu\/colegio\/#\/schema\/person\/afcc24f776dc91fc2bf9afb0998fca77"},"headline":"Ex\u00e1menes de septiembre","datePublished":"2021-07-23T08:18:49+00:00","dateModified":"2025-08-27T07:49:48+00:00","mainEntityOfPage":{"@id":"https:\/\/alcala.salesianos.edu\/colegio\/blog\/2021\/07\/23\/examenes-de-septiembre-4\/"},"wordCount":237,"image":{"@id":"https:\/\/alcala.salesianos.edu\/colegio\/blog\/2021\/07\/23\/examenes-de-septiembre-4\/#primaryimage"},"thumbnailUrl":"https:\/\/alcala.salesianos.edu\/colegio\/wp-content\/uploads\/sites\/2\/2018\/08\/logo-trans.png","articleSection":["covid","Portada","Secundaria","Uncategorized"],"inLanguage":"es"},{"@type":"WebPage","@id":"https:\/\/alcala.salesianos.edu\/colegio\/blog\/2021\/07\/23\/examenes-de-septiembre-4\/","url":"https:\/\/alcala.salesianos.edu\/colegio\/blog\/2021\/07\/23\/examenes-de-septiembre-4\/","name":"Ex\u00e1menes de septiembre - Colegio Salesiano Alcal\u00e1","isPartOf":{"@id":"https:\/\/alcala.salesianos.edu\/colegio\/#website"},"primaryImageOfPage":{"@id":"https:\/\/alcala.salesianos.edu\/colegio\/blog\/2021\/07\/23\/examenes-de-septiembre-4\/#primaryimage"},"image":{"@id":"https:\/\/alcala.salesianos.edu\/colegio\/blog\/2021\/07\/23\/examenes-de-septiembre-4\/#primaryimage"},"thumbnailUrl":"https:\/\/alcala.salesianos.edu\/colegio\/wp-content\/uploads\/sites\/2\/2018\/08\/logo-trans.png","datePublished":"2021-07-23T08:18:49+00:00","dateModified":"2025-08-27T07:49:48+00:00","author":{"@id":"https:\/\/alcala.salesianos.edu\/colegio\/#\/schema\/person\/afcc24f776dc91fc2bf9afb0998fca77"},"description":"Los ex\u00e1menes de septiembre de la Educaci\u00f3n Secundaria Obligatoria tendr\u00e1n lugar los d\u00edas mi\u00e9rcoles d\u00eda 1, jueves d\u00eda 2 y viernes d\u00eda 3 de septiembre.","breadcrumb":{"@id":"https:\/\/alcala.salesianos.edu\/colegio\/blog\/2021\/07\/23\/examenes-de-septiembre-4\/#breadcrumb"},"inLanguage":"es","potentialAction":[{"@type":"ReadAction","target":["https:\/\/alcala.salesianos.edu\/colegio\/blog\/2021\/07\/23\/examenes-de-septiembre-4\/"]}]},{"@type":"ImageObject","inLanguage":"es","@id":"https:\/\/alcala.salesianos.edu\/colegio\/blog\/2021\/07\/23\/examenes-de-septiembre-4\/#primaryimage","url":"https:\/\/alcala.salesianos.edu\/colegio\/wp-content\/uploads\/sites\/2\/2018\/08\/logo-trans.png","contentUrl":"https:\/\/alcala.salesianos.edu\/colegio\/wp-content\/uploads\/sites\/2\/2018\/08\/logo-trans.png","width":2758,"height":1613},{"@type":"BreadcrumbList","@id":"https:\/\/alcala.salesianos.edu\/colegio\/blog\/2021\/07\/23\/examenes-de-septiembre-4\/#breadcrumb","itemListElement":[{"@type":"ListItem","position":1,"name":"Portada","item":"https:\/\/alcala.salesianos.edu\/colegio\/"},{"@type":"ListItem","position":2,"name":"Ex\u00e1menes de septiembre"}]},{"@type":"WebSite","@id":"https:\/\/alcala.salesianos.edu\/colegio\/#website","url":"https:\/\/alcala.salesianos.edu\/colegio\/","name":"Colegio Salesiano Alcal\u00e1","description":"P\u00e1gina oficial de Salesianos Alcal\u00e1 de Guadaira","potentialAction":[{"@type":"SearchAction","target":{"@type":"EntryPoint","urlTemplate":"https:\/\/alcala.salesianos.edu\/colegio\/?s={search_term_string}"},"query-input":{"@type":"PropertyValueSpecification","valueRequired":true,"valueName":"search_term_string"}}],"inLanguage":"es"},{"@type":"Person","@id":"https:\/\/alcala.salesianos.edu\/colegio\/#\/schema\/person\/afcc24f776dc91fc2bf9afb0998fca77","name":"Administrador Web","image":{"@type":"ImageObject","inLanguage":"es","@id":"https:\/\/secure.gravatar.com\/avatar\/bc157e994689bd6da9645c00aa3bc4d55b727915b6652642660db0aef086585f?s=96&d=mm&r=g","url":"https:\/\/secure.gravatar.com\/avatar\/bc157e994689bd6da9645c00aa3bc4d55b727915b6652642660db0aef086585f?s=96&d=mm&r=g","contentUrl":"https:\/\/secure.gravatar.com\/avatar\/bc157e994689bd6da9645c00aa3bc4d55b727915b6652642660db0aef086585f?s=96&d=mm&r=g","caption":"Administrador Web"}}]}},"_links":{"self":[{"href":"https:\/\/alcala.salesianos.edu\/colegio\/wp-json\/wp\/v2\/posts\/14243","targetHints":{"allow":["GET"]}}],"collection":[{"href":"https:\/\/alcala.salesianos.edu\/colegio\/wp-json\/wp\/v2\/posts"}],"about":[{"href":"https:\/\/alcala.salesianos.edu\/colegio\/wp-json\/wp\/v2\/types\/post"}],"author":[{"embeddable":true,"href":"https:\/\/alcala.salesianos.edu\/colegio\/wp-json\/wp\/v2\/users\/2"}],"replies":[{"embeddable":true,"href":"https:\/\/alcala.salesianos.edu\/colegio\/wp-json\/wp\/v2\/comments?post=14243"}],"version-history":[{"count":1,"href":"https:\/\/alcala.salesianos.edu\/colegio\/wp-json\/wp\/v2\/posts\/14243\/revisions"}],"predecessor-version":[{"id":14258,"href":"https:\/\/alcala.salesianos.edu\/colegio\/wp-json\/wp\/v2\/posts\/14243\/revisions\/14258"}],"wp:featuredmedia":[{"embeddable":true,"href":"https:\/\/alcala.salesianos.edu\/colegio\/wp-json\/wp\/v2\/media\/10164"}],"wp:attachment":[{"href":"https:\/\/alcala.salesianos.edu\/colegio\/wp-json\/wp\/v2\/media?parent=14243"}],"wp:term":[{"taxonomy":"category","embeddable":true,"href":"https:\/\/alcala.salesianos.edu\/colegio\/wp-json\/wp\/v2\/categories?post=14243"},{"taxonomy":"post_tag","embeddable":true,"href":"https:\/\/alcala.salesianos.edu\/colegio\/wp-json\/wp\/v2\/tags?post=14243"}],"curies":[{"name":"wp","href":"https:\/\/api.w.org\/{rel}","templated":true}]}}