{"id":14236,"date":"2021-07-12T11:35:57","date_gmt":"2021-07-12T10:35:57","guid":{"rendered":"https:\/\/alcala.salesianos.edu\/colegio\/blog\/2021\/07\/12\/solemne-acto-de-graduacion-del-alumnado-de-4o-de-educacion-secundaria\/"},"modified":"2025-08-27T08:49:49","modified_gmt":"2025-08-27T07:49:49","slug":"solemne-acto-de-graduacion-del-alumnado-de-4o-de-educacion-secundaria","status":"publish","type":"post","link":"https:\/\/alcala.salesianos.edu\/colegio\/blog\/2021\/07\/12\/solemne-acto-de-graduacion-del-alumnado-de-4o-de-educacion-secundaria\/","title":{"rendered":"Solemne acto de graduaci\u00f3n del alumnado de 4\u00ba de Educaci\u00f3n Secundaria"},"content":{"rendered":"<div id=\"fb-root\"><\/div>\n\n[et_pb_section][et_pb_row][et_pb_column type=\u00bb4_4&#8243;][et_pb_text]\r\n\r\nDurante el mes de junio, tuvo lugar el Solemne Acto Acad\u00e9mico de Graduaci\u00f3n de los j\u00f3venes de 4\u00ba de Educaci\u00f3n Secundaria. Un acto repleto de alegr\u00eda a la vez que de nostalgia. Cada vez que una promoci\u00f3n se grad\u00faa el sentimiento es encontrado. Por un lado, el orgullo de ver en lo que se han convertido tras su paso por el Colegio, y por otro una cierta nostalgia al verlos dejar el Centro.\r\n\r\nPara muchos, 13 a\u00f1os en el Colegio, que se dice pronto. A buen seguro que todos guardar\u00e1n gratos recuerdos de sus d\u00edas con nosotros, ya que, todos ellos han cumplido un sue\u00f1o: ser \u00abBuenos Cristianos y Honrados Ciudadanos\u00bb. Con esto, han cumplido el sue\u00f1o de formarse como personas \u00edntegras, repletas de valores.\r\n\r\nA todos ellos les deseamos todo el \u00e9xito del mundo. Y les recordamos que \u00e9sta ser\u00e1, siempre, su casa. Desde este momento todos compartir\u00e1n una condici\u00f3n identificativa importante: son, desde ahora mismo, antiguos alumnos Salesianos.\r\n\r\n[\/et_pb_text][\/et_pb_column][\/et_pb_row][\/et_pb_section]\n","protected":false},"excerpt":{"rendered":"<p>Durante el mes de junio, tuvo lugar el Solemne Acto Acad\u00e9mico de Graduaci\u00f3n de los j\u00f3venes de 4\u00ba de Educaci\u00f3n Secundaria. Un acto repleto de alegr\u00eda a la vez que de nostalgia. Cada vez que una promoci\u00f3n se grad\u00faa el sentimiento es encontrado. Por un lado, el orgullo de ver en lo que se han convertido tras su paso por el Colegio, y por otro una cierta nostalgia al verlos dejar el Centro.<\/p>\n","protected":false},"author":2,"featured_media":0,"comment_status":"closed","ping_status":"open","sticky":false,"template":"","format":"standard","meta":{"_et_pb_use_builder":"on","_et_pb_old_content":"<p>Durante el mes de junio, tuvo lugar el Solemne Acto Acad\u00e9mico de Graduaci\u00f3n de los j\u00f3venes de 4\u00ba de Educaci\u00f3n Secundaria. Un acto repleto de alegr\u00eda a la vez que de nostalgia. Cada vez que una promoci\u00f3n se grad\u00faa el sentimiento es encontrado. Por un lado, el orgullo de ver en lo que se han convertido tras su paso por el Colegio, y por otro una cierta nostalgia al verlos dejar el Centro.<\/p><p>Para muchos, 13 a\u00f1os en el Colegio, que se dice pronto. A buen seguro que todos guardar\u00e1n gratos recuerdos de sus d\u00edas con nosotros, ya que, todos ellos han cumplido un sue\u00f1o: ser \"Buenos Cristianos y Honrados Ciudadanos\". Con esto, han cumplido el sue\u00f1o de formarse como personas \u00edntegras, repletas de valores.<\/p><p>A todos ellos les deseamos todo el \u00e9xito del mundo. Y les recordamos que \u00e9sta ser\u00e1, siempre, su casa. Desde este momento todos compartir\u00e1n una condici\u00f3n identificativa importante: son, desde ahora mismo, antiguos alumnos Salesianos.<\/p>","_et_gb_content_width":"","footnotes":""},"categories":[1],"tags":[],"class_list":["post-14236","post","type-post","status-publish","format-standard","hentry","category-uncategorized"],"yoast_head":"<!-- This site is optimized with the Yoast SEO plugin v28.4 - https:\/\/yoast.com\/product\/yoast-seo-wordpress\/ -->\n<title>Solemne acto de graduaci\u00f3n del alumnado de 4\u00ba de Educaci\u00f3n Secundaria - Colegio Salesiano Alcal\u00e1<\/title>\n<meta name=\"robots\" content=\"index, follow, max-snippet:-1, max-image-preview:large, max-video-preview:-1\" \/>\n<link rel=\"canonical\" href=\"https:\/\/alcala.salesianos.edu\/colegio\/blog\/2021\/07\/12\/solemne-acto-de-graduacion-del-alumnado-de-4o-de-educacion-secundaria\/\" \/>\n<meta property=\"og:locale\" content=\"es_ES\" \/>\n<meta property=\"og:type\" content=\"article\" \/>\n<meta property=\"og:title\" content=\"Solemne acto de graduaci\u00f3n del alumnado de 4\u00ba de Educaci\u00f3n Secundaria - Colegio Salesiano Alcal\u00e1\" \/>\n<meta property=\"og:description\" content=\"Durante el mes de junio, tuvo lugar el Solemne Acto Acad\u00e9mico de Graduaci\u00f3n de los j\u00f3venes de 4\u00ba de Educaci\u00f3n Secundaria. Un acto repleto de alegr\u00eda a la vez que de nostalgia. Cada vez que una promoci\u00f3n se grad\u00faa el sentimiento es encontrado. Por un lado, el orgullo de ver en lo que se han convertido tras su paso por el Colegio, y por otro una cierta nostalgia al verlos dejar el Centro.\" \/>\n<meta property=\"og:url\" content=\"https:\/\/alcala.salesianos.edu\/colegio\/blog\/2021\/07\/12\/solemne-acto-de-graduacion-del-alumnado-de-4o-de-educacion-secundaria\/\" \/>\n<meta property=\"og:site_name\" content=\"Colegio Salesiano Alcal\u00e1\" \/>\n<meta property=\"article:published_time\" content=\"2021-07-12T10:35:57+00:00\" \/>\n<meta property=\"article:modified_time\" content=\"2025-08-27T07:49:49+00:00\" \/>\n<meta name=\"author\" content=\"Administrador Web\" \/>\n<meta name=\"twitter:card\" content=\"summary_large_image\" \/>\n<meta name=\"twitter:label1\" content=\"Escrito por\" \/>\n\t<meta name=\"twitter:data1\" content=\"Administrador Web\" \/>\n\t<meta name=\"twitter:label2\" content=\"Tiempo de lectura\" \/>\n\t<meta name=\"twitter:data2\" content=\"1 minuto\" \/>\n<script type=\"application\/ld+json\" class=\"yoast-schema-graph\">{\"@context\":\"https:\\\/\\\/schema.org\",\"@graph\":[{\"@type\":\"Article\",\"@id\":\"https:\\\/\\\/alcala.salesianos.edu\\\/colegio\\\/blog\\\/2021\\\/07\\\/12\\\/solemne-acto-de-graduacion-del-alumnado-de-4o-de-educacion-secundaria\\\/#article\",\"isPartOf\":{\"@id\":\"https:\\\/\\\/alcala.salesianos.edu\\\/colegio\\\/blog\\\/2021\\\/07\\\/12\\\/solemne-acto-de-graduacion-del-alumnado-de-4o-de-educacion-secundaria\\\/\"},\"author\":{\"name\":\"Administrador Web\",\"@id\":\"https:\\\/\\\/alcala.salesianos.edu\\\/colegio\\\/#\\\/schema\\\/person\\\/afcc24f776dc91fc2bf9afb0998fca77\"},\"headline\":\"Solemne acto de graduaci\u00f3n del alumnado de 4\u00ba de Educaci\u00f3n Secundaria\",\"datePublished\":\"2021-07-12T10:35:57+00:00\",\"dateModified\":\"2025-08-27T07:49:49+00:00\",\"mainEntityOfPage\":{\"@id\":\"https:\\\/\\\/alcala.salesianos.edu\\\/colegio\\\/blog\\\/2021\\\/07\\\/12\\\/solemne-acto-de-graduacion-del-alumnado-de-4o-de-educacion-secundaria\\\/\"},\"wordCount\":209,\"articleSection\":[\"Uncategorized\"],\"inLanguage\":\"es\"},{\"@type\":\"WebPage\",\"@id\":\"https:\\\/\\\/alcala.salesianos.edu\\\/colegio\\\/blog\\\/2021\\\/07\\\/12\\\/solemne-acto-de-graduacion-del-alumnado-de-4o-de-educacion-secundaria\\\/\",\"url\":\"https:\\\/\\\/alcala.salesianos.edu\\\/colegio\\\/blog\\\/2021\\\/07\\\/12\\\/solemne-acto-de-graduacion-del-alumnado-de-4o-de-educacion-secundaria\\\/\",\"name\":\"Solemne acto de graduaci\u00f3n del alumnado de 4\u00ba de Educaci\u00f3n Secundaria - Colegio Salesiano Alcal\u00e1\",\"isPartOf\":{\"@id\":\"https:\\\/\\\/alcala.salesianos.edu\\\/colegio\\\/#website\"},\"datePublished\":\"2021-07-12T10:35:57+00:00\",\"dateModified\":\"2025-08-27T07:49:49+00:00\",\"author\":{\"@id\":\"https:\\\/\\\/alcala.salesianos.edu\\\/colegio\\\/#\\\/schema\\\/person\\\/afcc24f776dc91fc2bf9afb0998fca77\"},\"breadcrumb\":{\"@id\":\"https:\\\/\\\/alcala.salesianos.edu\\\/colegio\\\/blog\\\/2021\\\/07\\\/12\\\/solemne-acto-de-graduacion-del-alumnado-de-4o-de-educacion-secundaria\\\/#breadcrumb\"},\"inLanguage\":\"es\",\"potentialAction\":[{\"@type\":\"ReadAction\",\"target\":[\"https:\\\/\\\/alcala.salesianos.edu\\\/colegio\\\/blog\\\/2021\\\/07\\\/12\\\/solemne-acto-de-graduacion-del-alumnado-de-4o-de-educacion-secundaria\\\/\"]}]},{\"@type\":\"BreadcrumbList\",\"@id\":\"https:\\\/\\\/alcala.salesianos.edu\\\/colegio\\\/blog\\\/2021\\\/07\\\/12\\\/solemne-acto-de-graduacion-del-alumnado-de-4o-de-educacion-secundaria\\\/#breadcrumb\",\"itemListElement\":[{\"@type\":\"ListItem\",\"position\":1,\"name\":\"Portada\",\"item\":\"https:\\\/\\\/alcala.salesianos.edu\\\/colegio\\\/\"},{\"@type\":\"ListItem\",\"position\":2,\"name\":\"Solemne acto de graduaci\u00f3n del alumnado de 4\u00ba de Educaci\u00f3n Secundaria\"}]},{\"@type\":\"WebSite\",\"@id\":\"https:\\\/\\\/alcala.salesianos.edu\\\/colegio\\\/#website\",\"url\":\"https:\\\/\\\/alcala.salesianos.edu\\\/colegio\\\/\",\"name\":\"Colegio Salesiano Alcal\u00e1\",\"description\":\"P\u00e1gina oficial de Salesianos Alcal\u00e1 de Guadaira\",\"potentialAction\":[{\"@type\":\"SearchAction\",\"target\":{\"@type\":\"EntryPoint\",\"urlTemplate\":\"https:\\\/\\\/alcala.salesianos.edu\\\/colegio\\\/?s={search_term_string}\"},\"query-input\":{\"@type\":\"PropertyValueSpecification\",\"valueRequired\":true,\"valueName\":\"search_term_string\"}}],\"inLanguage\":\"es\"},{\"@type\":\"Person\",\"@id\":\"https:\\\/\\\/alcala.salesianos.edu\\\/colegio\\\/#\\\/schema\\\/person\\\/afcc24f776dc91fc2bf9afb0998fca77\",\"name\":\"Administrador Web\",\"image\":{\"@type\":\"ImageObject\",\"inLanguage\":\"es\",\"@id\":\"https:\\\/\\\/secure.gravatar.com\\\/avatar\\\/bc157e994689bd6da9645c00aa3bc4d55b727915b6652642660db0aef086585f?s=96&d=mm&r=g\",\"url\":\"https:\\\/\\\/secure.gravatar.com\\\/avatar\\\/bc157e994689bd6da9645c00aa3bc4d55b727915b6652642660db0aef086585f?s=96&d=mm&r=g\",\"contentUrl\":\"https:\\\/\\\/secure.gravatar.com\\\/avatar\\\/bc157e994689bd6da9645c00aa3bc4d55b727915b6652642660db0aef086585f?s=96&d=mm&r=g\",\"caption\":\"Administrador Web\"}}]}<\/script>\n<!-- \/ Yoast SEO plugin. -->","yoast_head_json":{"title":"Solemne acto de graduaci\u00f3n del alumnado de 4\u00ba de Educaci\u00f3n Secundaria - Colegio Salesiano Alcal\u00e1","robots":{"index":"index","follow":"follow","max-snippet":"max-snippet:-1","max-image-preview":"max-image-preview:large","max-video-preview":"max-video-preview:-1"},"canonical":"https:\/\/alcala.salesianos.edu\/colegio\/blog\/2021\/07\/12\/solemne-acto-de-graduacion-del-alumnado-de-4o-de-educacion-secundaria\/","og_locale":"es_ES","og_type":"article","og_title":"Solemne acto de graduaci\u00f3n del alumnado de 4\u00ba de Educaci\u00f3n Secundaria - Colegio Salesiano Alcal\u00e1","og_description":"Durante el mes de junio, tuvo lugar el Solemne Acto Acad\u00e9mico de Graduaci\u00f3n de los j\u00f3venes de 4\u00ba de Educaci\u00f3n Secundaria. Un acto repleto de alegr\u00eda a la vez que de nostalgia. Cada vez que una promoci\u00f3n se grad\u00faa el sentimiento es encontrado. Por un lado, el orgullo de ver en lo que se han convertido tras su paso por el Colegio, y por otro una cierta nostalgia al verlos dejar el Centro.","og_url":"https:\/\/alcala.salesianos.edu\/colegio\/blog\/2021\/07\/12\/solemne-acto-de-graduacion-del-alumnado-de-4o-de-educacion-secundaria\/","og_site_name":"Colegio Salesiano Alcal\u00e1","article_published_time":"2021-07-12T10:35:57+00:00","article_modified_time":"2025-08-27T07:49:49+00:00","author":"Administrador Web","twitter_card":"summary_large_image","twitter_misc":{"Escrito por":"Administrador Web","Tiempo de lectura":"1 minuto"},"schema":{"@context":"https:\/\/schema.org","@graph":[{"@type":"Article","@id":"https:\/\/alcala.salesianos.edu\/colegio\/blog\/2021\/07\/12\/solemne-acto-de-graduacion-del-alumnado-de-4o-de-educacion-secundaria\/#article","isPartOf":{"@id":"https:\/\/alcala.salesianos.edu\/colegio\/blog\/2021\/07\/12\/solemne-acto-de-graduacion-del-alumnado-de-4o-de-educacion-secundaria\/"},"author":{"name":"Administrador Web","@id":"https:\/\/alcala.salesianos.edu\/colegio\/#\/schema\/person\/afcc24f776dc91fc2bf9afb0998fca77"},"headline":"Solemne acto de graduaci\u00f3n del alumnado de 4\u00ba de Educaci\u00f3n Secundaria","datePublished":"2021-07-12T10:35:57+00:00","dateModified":"2025-08-27T07:49:49+00:00","mainEntityOfPage":{"@id":"https:\/\/alcala.salesianos.edu\/colegio\/blog\/2021\/07\/12\/solemne-acto-de-graduacion-del-alumnado-de-4o-de-educacion-secundaria\/"},"wordCount":209,"articleSection":["Uncategorized"],"inLanguage":"es"},{"@type":"WebPage","@id":"https:\/\/alcala.salesianos.edu\/colegio\/blog\/2021\/07\/12\/solemne-acto-de-graduacion-del-alumnado-de-4o-de-educacion-secundaria\/","url":"https:\/\/alcala.salesianos.edu\/colegio\/blog\/2021\/07\/12\/solemne-acto-de-graduacion-del-alumnado-de-4o-de-educacion-secundaria\/","name":"Solemne acto de graduaci\u00f3n del alumnado de 4\u00ba de Educaci\u00f3n Secundaria - Colegio Salesiano Alcal\u00e1","isPartOf":{"@id":"https:\/\/alcala.salesianos.edu\/colegio\/#website"},"datePublished":"2021-07-12T10:35:57+00:00","dateModified":"2025-08-27T07:49:49+00:00","author":{"@id":"https:\/\/alcala.salesianos.edu\/colegio\/#\/schema\/person\/afcc24f776dc91fc2bf9afb0998fca77"},"breadcrumb":{"@id":"https:\/\/alcala.salesianos.edu\/colegio\/blog\/2021\/07\/12\/solemne-acto-de-graduacion-del-alumnado-de-4o-de-educacion-secundaria\/#breadcrumb"},"inLanguage":"es","potentialAction":[{"@type":"ReadAction","target":["https:\/\/alcala.salesianos.edu\/colegio\/blog\/2021\/07\/12\/solemne-acto-de-graduacion-del-alumnado-de-4o-de-educacion-secundaria\/"]}]},{"@type":"BreadcrumbList","@id":"https:\/\/alcala.salesianos.edu\/colegio\/blog\/2021\/07\/12\/solemne-acto-de-graduacion-del-alumnado-de-4o-de-educacion-secundaria\/#breadcrumb","itemListElement":[{"@type":"ListItem","position":1,"name":"Portada","item":"https:\/\/alcala.salesianos.edu\/colegio\/"},{"@type":"ListItem","position":2,"name":"Solemne acto de graduaci\u00f3n del alumnado de 4\u00ba de Educaci\u00f3n Secundaria"}]},{"@type":"WebSite","@id":"https:\/\/alcala.salesianos.edu\/colegio\/#website","url":"https:\/\/alcala.salesianos.edu\/colegio\/","name":"Colegio Salesiano Alcal\u00e1","description":"P\u00e1gina oficial de Salesianos Alcal\u00e1 de Guadaira","potentialAction":[{"@type":"SearchAction","target":{"@type":"EntryPoint","urlTemplate":"https:\/\/alcala.salesianos.edu\/colegio\/?s={search_term_string}"},"query-input":{"@type":"PropertyValueSpecification","valueRequired":true,"valueName":"search_term_string"}}],"inLanguage":"es"},{"@type":"Person","@id":"https:\/\/alcala.salesianos.edu\/colegio\/#\/schema\/person\/afcc24f776dc91fc2bf9afb0998fca77","name":"Administrador Web","image":{"@type":"ImageObject","inLanguage":"es","@id":"https:\/\/secure.gravatar.com\/avatar\/bc157e994689bd6da9645c00aa3bc4d55b727915b6652642660db0aef086585f?s=96&d=mm&r=g","url":"https:\/\/secure.gravatar.com\/avatar\/bc157e994689bd6da9645c00aa3bc4d55b727915b6652642660db0aef086585f?s=96&d=mm&r=g","contentUrl":"https:\/\/secure.gravatar.com\/avatar\/bc157e994689bd6da9645c00aa3bc4d55b727915b6652642660db0aef086585f?s=96&d=mm&r=g","caption":"Administrador Web"}}]}},"_links":{"self":[{"href":"https:\/\/alcala.salesianos.edu\/colegio\/wp-json\/wp\/v2\/posts\/14236","targetHints":{"allow":["GET"]}}],"collection":[{"href":"https:\/\/alcala.salesianos.edu\/colegio\/wp-json\/wp\/v2\/posts"}],"about":[{"href":"https:\/\/alcala.salesianos.edu\/colegio\/wp-json\/wp\/v2\/types\/post"}],"author":[{"embeddable":true,"href":"https:\/\/alcala.salesianos.edu\/colegio\/wp-json\/wp\/v2\/users\/2"}],"replies":[{"embeddable":true,"href":"https:\/\/alcala.salesianos.edu\/colegio\/wp-json\/wp\/v2\/comments?post=14236"}],"version-history":[{"count":1,"href":"https:\/\/alcala.salesianos.edu\/colegio\/wp-json\/wp\/v2\/posts\/14236\/revisions"}],"predecessor-version":[{"id":16690,"href":"https:\/\/alcala.salesianos.edu\/colegio\/wp-json\/wp\/v2\/posts\/14236\/revisions\/16690"}],"wp:attachment":[{"href":"https:\/\/alcala.salesianos.edu\/colegio\/wp-json\/wp\/v2\/media?parent=14236"}],"wp:term":[{"taxonomy":"category","embeddable":true,"href":"https:\/\/alcala.salesianos.edu\/colegio\/wp-json\/wp\/v2\/categories?post=14236"},{"taxonomy":"post_tag","embeddable":true,"href":"https:\/\/alcala.salesianos.edu\/colegio\/wp-json\/wp\/v2\/tags?post=14236"}],"curies":[{"name":"wp","href":"https:\/\/api.w.org\/{rel}","templated":true}]}}